{"id":38821,"date":"2013-02-16T23:45:07","date_gmt":"2013-02-16T23:45:07","guid":{"rendered":"http:\/\/www.pressenza.com\/?p=38821"},"modified":"2013-02-16T23:45:07","modified_gmt":"2013-02-16T23:45:07","slug":"ada-colau-llama-a-seguir-movilizandose","status":"publish","type":"post","link":"https:\/\/www.pressenza.com\/es\/2013\/02\/ada-colau-llama-a-seguir-movilizandose\/","title":{"rendered":"Ada Colau llama a seguir moviliz\u00e1ndose"},"content":{"rendered":"<p>[media-credit name=\u00bbFoto de PAH\u00bb align=\u00bbaligncenter\u00bb width=\u00bb300&#8243;][\/media-credit]Despu\u00e9s del \u00e9xito de las manifestaciones por la vivienda que han tenido lugar hace unas horas en toda Espa\u00f1a, la portavoz de la Plataforma de Afectados por las Hipotecas,<strong> Ada Colau<\/strong>,\u00a0 hace un llamamiento en este <strong>video<\/strong> a seguir presionando de cara a que\u00a0 la Iniciativa Legislativa Popular presentada d\u00edas atr\u00e1s ante el Congreso de los Diputados salga adelante. Recordamos que esta Plataforma present\u00f3 1.400.000 firmas para avalar esta Iniciativa Popular.<\/p>\n<p><iframe loading=\"lazy\" title=\"#16F \u00e9xito de convocatoria: pr\u00f3ximos pasos\" width=\"500\" height=\"281\" src=\"https:\/\/www.youtube.com\/embed\/wLspiwkeIx8?feature=oembed\" frameborder=\"0\" allow=\"accelerometer; autoplay; clipboard-write; encrypted-media; gyroscope; picture-in-picture; web-share\" referrerpolicy=\"strict-origin-when-cross-origin\" allowfullscreen><\/iframe><\/p>\n","protected":false},"excerpt":{"rendered":"<p>[media-credit name=\u00bbFoto de PAH\u00bb align=\u00bbaligncenter\u00bb width=\u00bb300&#8243;][\/media-credit]Despu\u00e9s del \u00e9xito de las manifestaciones por la vivienda que han tenido lugar hace unas horas en toda Espa\u00f1a, la portavoz de la Plataforma de Afectados por las Hipotecas, Ada Colau,\u00a0 hace un llamamiento en&hellip;<\/p>\n","protected":false},"author":94,"featured_media":38824,"comment_status":"closed","ping_status":"open","sticky":false,"template":"","format":"standard","meta":{"footnotes":""},"categories":[149,79,66],"tags":[1161,1398,984,526,394,631],"class_list":["post-38821","post","type-post","status-publish","format-standard","has-post-thumbnail","hentry","category-comunicados-de-prensa","category-derechos-humanos","category-europa-es","tag-desahucios","tag-estado-espanol","tag-indignados-es","tag-manifestacion","tag-protestas-sociales","tag-violencia-economica"],"yoast_head":"<!-- This site is optimized with the Yoast SEO plugin v27.1.1 - https:\/\/yoast.com\/product\/yoast-seo-wordpress\/ -->\n<title>Ada Colau llama a seguir moviliz\u00e1ndose<\/title>\n<meta name=\"description\" content=\"Despu\u00e9s del \u00e9xito de las manifestaciones por la vivienda que han tenido lugar hace unas horas en toda Espa\u00f1a, la portavoz de la Plataforma de Afectados\" \/>\n<meta name=\"robots\" content=\"index, follow, max-snippet:-1, max-image-preview:large, max-video-preview:-1\" \/>\n<link rel=\"canonical\" href=\"https:\/\/www.pressenza.com\/es\/2013\/02\/ada-colau-llama-a-seguir-movilizandose\/\" \/>\n<meta property=\"og:locale\" content=\"es_ES\" \/>\n<meta property=\"og:type\" content=\"article\" \/>\n<meta property=\"og:title\" content=\"Ada Colau llama a seguir moviliz\u00e1ndose\" \/>\n<meta property=\"og:description\" content=\"Despu\u00e9s del \u00e9xito de las manifestaciones por la vivienda que han tenido lugar hace unas horas en toda Espa\u00f1a, la portavoz de la Plataforma de Afectados\" \/>\n<meta property=\"og:url\" content=\"https:\/\/www.pressenza.com\/es\/2013\/02\/ada-colau-llama-a-seguir-movilizandose\/\" \/>\n<meta property=\"og:site_name\" content=\"Pressenza\" \/>\n<meta property=\"article:publisher\" content=\"https:\/\/www.facebook.com\/PressenzaItalia\" \/>\n<meta property=\"article:author\" content=\"https:\/\/www.facebook.com\/pressenza\" \/>\n<meta property=\"article:published_time\" content=\"2013-02-16T23:45:07+00:00\" \/>\n<meta property=\"og:image\" content=\"https:\/\/www.pressenza.com\/wp-content\/uploads\/2013\/02\/Manifestacion-desahucios-Madrid-Foto-PAH_EDIIMA20130216_0224_13.jpg\" \/>\n\t<meta property=\"og:image:width\" content=\"643\" \/>\n\t<meta property=\"og:image:height\" content=\"298\" \/>\n\t<meta property=\"og:image:type\" content=\"image\/jpeg\" \/>\n<meta name=\"author\" content=\"Redacci\u00f3n Madrid\" \/>\n<meta name=\"twitter:card\" content=\"summary_large_image\" \/>\n<meta name=\"twitter:creator\" content=\"@pressenza\" \/>\n<meta name=\"twitter:site\" content=\"@PressenzaIPA\" \/>\n<meta name=\"twitter:label1\" content=\"Escrito por\" \/>\n\t<meta name=\"twitter:data1\" content=\"Redacci\u00f3n Madrid\" \/>\n<script type=\"application\/ld+json\" class=\"yoast-schema-graph\">{\"@context\":\"https:\/\/schema.org\",\"@graph\":[{\"@type\":\"Article\",\"@id\":\"https:\/\/www.pressenza.com\/es\/2013\/02\/ada-colau-llama-a-seguir-movilizandose\/#article\",\"isPartOf\":{\"@id\":\"https:\/\/www.pressenza.com\/es\/2013\/02\/ada-colau-llama-a-seguir-movilizandose\/\"},\"author\":{\"name\":\"Redacci\u00f3n Madrid\",\"@id\":\"https:\/\/www.pressenza.com\/es\/#\/schema\/person\/828fc40eeca2ad7be3630e5a46adba94\"},\"headline\":\"Ada Colau llama a seguir moviliz\u00e1ndose\",\"datePublished\":\"2013-02-16T23:45:07+00:00\",\"mainEntityOfPage\":{\"@id\":\"https:\/\/www.pressenza.com\/es\/2013\/02\/ada-colau-llama-a-seguir-movilizandose\/\"},\"wordCount\":101,\"publisher\":{\"@id\":\"https:\/\/www.pressenza.com\/es\/#organization\"},\"image\":{\"@id\":\"https:\/\/www.pressenza.com\/es\/2013\/02\/ada-colau-llama-a-seguir-movilizandose\/#primaryimage\"},\"thumbnailUrl\":\"https:\/\/www.pressenza.com\/wp-content\/uploads\/2013\/02\/Manifestacion-desahucios-Madrid-Foto-PAH_EDIIMA20130216_0224_13.jpg\",\"keywords\":[\"desahucios\",\"Estado espa\u00f1ol\",\"indignados\",\"manifestaci\u00f3n\",\"protestas sociales\",\"Violencia econ\u00f3mica\"],\"articleSection\":[\"Comunicados de Prensa\",\"Derechos Humanos\",\"Europa\"],\"inLanguage\":\"es\"},{\"@type\":\"WebPage\",\"@id\":\"https:\/\/www.pressenza.com\/es\/2013\/02\/ada-colau-llama-a-seguir-movilizandose\/\",\"url\":\"https:\/\/www.pressenza.com\/es\/2013\/02\/ada-colau-llama-a-seguir-movilizandose\/\",\"name\":\"Ada Colau llama a seguir moviliz\u00e1ndose\",\"isPartOf\":{\"@id\":\"https:\/\/www.pressenza.com\/es\/#website\"},\"primaryImageOfPage\":{\"@id\":\"https:\/\/www.pressenza.com\/es\/2013\/02\/ada-colau-llama-a-seguir-movilizandose\/#primaryimage\"},\"image\":{\"@id\":\"https:\/\/www.pressenza.com\/es\/2013\/02\/ada-colau-llama-a-seguir-movilizandose\/#primaryimage\"},\"thumbnailUrl\":\"https:\/\/www.pressenza.com\/wp-content\/uploads\/2013\/02\/Manifestacion-desahucios-Madrid-Foto-PAH_EDIIMA20130216_0224_13.jpg\",\"datePublished\":\"2013-02-16T23:45:07+00:00\",\"description\":\"Despu\u00e9s del \u00e9xito de las manifestaciones por la vivienda que han tenido lugar hace unas horas en toda Espa\u00f1a, la portavoz de la Plataforma de Afectados\",\"breadcrumb\":{\"@id\":\"https:\/\/www.pressenza.com\/es\/2013\/02\/ada-colau-llama-a-seguir-movilizandose\/#breadcrumb\"},\"inLanguage\":\"es\",\"potentialAction\":[{\"@type\":\"ReadAction\",\"target\":[\"https:\/\/www.pressenza.com\/es\/2013\/02\/ada-colau-llama-a-seguir-movilizandose\/\"]}]},{\"@type\":\"ImageObject\",\"inLanguage\":\"es\",\"@id\":\"https:\/\/www.pressenza.com\/es\/2013\/02\/ada-colau-llama-a-seguir-movilizandose\/#primaryimage\",\"url\":\"https:\/\/www.pressenza.com\/wp-content\/uploads\/2013\/02\/Manifestacion-desahucios-Madrid-Foto-PAH_EDIIMA20130216_0224_13.jpg\",\"contentUrl\":\"https:\/\/www.pressenza.com\/wp-content\/uploads\/2013\/02\/Manifestacion-desahucios-Madrid-Foto-PAH_EDIIMA20130216_0224_13.jpg\",\"width\":643,\"height\":298},{\"@type\":\"BreadcrumbList\",\"@id\":\"https:\/\/www.pressenza.com\/es\/2013\/02\/ada-colau-llama-a-seguir-movilizandose\/#breadcrumb\",\"itemListElement\":[{\"@type\":\"ListItem\",\"position\":1,\"name\":\"Accueil\",\"item\":\"https:\/\/www.pressenza.com\/es\/\"},{\"@type\":\"ListItem\",\"position\":2,\"name\":\"Ada Colau llama a seguir moviliz\u00e1ndose\"}]},{\"@type\":\"WebSite\",\"@id\":\"https:\/\/www.pressenza.com\/es\/#website\",\"url\":\"https:\/\/www.pressenza.com\/es\/\",\"name\":\"Pressenza\",\"description\":\"International Press Agency\",\"publisher\":{\"@id\":\"https:\/\/www.pressenza.com\/es\/#organization\"},\"potentialAction\":[{\"@type\":\"SearchAction\",\"target\":{\"@type\":\"EntryPoint\",\"urlTemplate\":\"https:\/\/www.pressenza.com\/es\/?s={search_term_string}\"},\"query-input\":{\"@type\":\"PropertyValueSpecification\",\"valueRequired\":true,\"valueName\":\"search_term_string\"}}],\"inLanguage\":\"es\"},{\"@type\":\"Organization\",\"@id\":\"https:\/\/www.pressenza.com\/es\/#organization\",\"name\":\"Pressenza\",\"url\":\"https:\/\/www.pressenza.com\/es\/\",\"logo\":{\"@type\":\"ImageObject\",\"inLanguage\":\"es\",\"@id\":\"https:\/\/www.pressenza.com\/es\/#\/schema\/logo\/image\/\",\"url\":\"https:\/\/www.pressenza.com\/wp-content\/uploads\/2022\/10\/pressenza_logo_200x200.jpg\",\"contentUrl\":\"https:\/\/www.pressenza.com\/wp-content\/uploads\/2022\/10\/pressenza_logo_200x200.jpg\",\"width\":200,\"height\":200,\"caption\":\"Pressenza\"},\"image\":{\"@id\":\"https:\/\/www.pressenza.com\/es\/#\/schema\/logo\/image\/\"},\"sameAs\":[\"https:\/\/www.facebook.com\/PressenzaItalia\",\"https:\/\/x.com\/PressenzaIPA\"]},{\"@type\":\"Person\",\"@id\":\"https:\/\/www.pressenza.com\/es\/#\/schema\/person\/828fc40eeca2ad7be3630e5a46adba94\",\"name\":\"Redacci\u00f3n Madrid\",\"description\":\"News from the Pressenza Bureau in Madrid, Spain\",\"sameAs\":[\"https:\/\/www.facebook.com\/pressenza\",\"https:\/\/x.com\/pressenza\"],\"url\":\"https:\/\/www.pressenza.com\/es\/author\/redaccion-madrid\/\"}]}<\/script>\n<!-- \/ Yoast SEO plugin. -->","yoast_head_json":{"title":"Ada Colau llama a seguir moviliz\u00e1ndose","description":"Despu\u00e9s del \u00e9xito de las manifestaciones por la vivienda que han tenido lugar hace unas horas en toda Espa\u00f1a, la portavoz de la Plataforma de Afectados","robots":{"index":"index","follow":"follow","max-snippet":"max-snippet:-1","max-image-preview":"max-image-preview:large","max-video-preview":"max-video-preview:-1"},"canonical":"https:\/\/www.pressenza.com\/es\/2013\/02\/ada-colau-llama-a-seguir-movilizandose\/","og_locale":"es_ES","og_type":"article","og_title":"Ada Colau llama a seguir moviliz\u00e1ndose","og_description":"Despu\u00e9s del \u00e9xito de las manifestaciones por la vivienda que han tenido lugar hace unas horas en toda Espa\u00f1a, la portavoz de la Plataforma de Afectados","og_url":"https:\/\/www.pressenza.com\/es\/2013\/02\/ada-colau-llama-a-seguir-movilizandose\/","og_site_name":"Pressenza","article_publisher":"https:\/\/www.facebook.com\/PressenzaItalia","article_author":"https:\/\/www.facebook.com\/pressenza","article_published_time":"2013-02-16T23:45:07+00:00","og_image":[{"width":643,"height":298,"url":"https:\/\/www.pressenza.com\/wp-content\/uploads\/2013\/02\/Manifestacion-desahucios-Madrid-Foto-PAH_EDIIMA20130216_0224_13.jpg","type":"image\/jpeg"}],"author":"Redacci\u00f3n Madrid","twitter_card":"summary_large_image","twitter_creator":"@pressenza","twitter_site":"@PressenzaIPA","twitter_misc":{"Escrito por":"Redacci\u00f3n Madrid"},"schema":{"@context":"https:\/\/schema.org","@graph":[{"@type":"Article","@id":"https:\/\/www.pressenza.com\/es\/2013\/02\/ada-colau-llama-a-seguir-movilizandose\/#article","isPartOf":{"@id":"https:\/\/www.pressenza.com\/es\/2013\/02\/ada-colau-llama-a-seguir-movilizandose\/"},"author":{"name":"Redacci\u00f3n Madrid","@id":"https:\/\/www.pressenza.com\/es\/#\/schema\/person\/828fc40eeca2ad7be3630e5a46adba94"},"headline":"Ada Colau llama a seguir moviliz\u00e1ndose","datePublished":"2013-02-16T23:45:07+00:00","mainEntityOfPage":{"@id":"https:\/\/www.pressenza.com\/es\/2013\/02\/ada-colau-llama-a-seguir-movilizandose\/"},"wordCount":101,"publisher":{"@id":"https:\/\/www.pressenza.com\/es\/#organization"},"image":{"@id":"https:\/\/www.pressenza.com\/es\/2013\/02\/ada-colau-llama-a-seguir-movilizandose\/#primaryimage"},"thumbnailUrl":"https:\/\/www.pressenza.com\/wp-content\/uploads\/2013\/02\/Manifestacion-desahucios-Madrid-Foto-PAH_EDIIMA20130216_0224_13.jpg","keywords":["desahucios","Estado espa\u00f1ol","indignados","manifestaci\u00f3n","protestas sociales","Violencia econ\u00f3mica"],"articleSection":["Comunicados de Prensa","Derechos Humanos","Europa"],"inLanguage":"es"},{"@type":"WebPage","@id":"https:\/\/www.pressenza.com\/es\/2013\/02\/ada-colau-llama-a-seguir-movilizandose\/","url":"https:\/\/www.pressenza.com\/es\/2013\/02\/ada-colau-llama-a-seguir-movilizandose\/","name":"Ada Colau llama a seguir moviliz\u00e1ndose","isPartOf":{"@id":"https:\/\/www.pressenza.com\/es\/#website"},"primaryImageOfPage":{"@id":"https:\/\/www.pressenza.com\/es\/2013\/02\/ada-colau-llama-a-seguir-movilizandose\/#primaryimage"},"image":{"@id":"https:\/\/www.pressenza.com\/es\/2013\/02\/ada-colau-llama-a-seguir-movilizandose\/#primaryimage"},"thumbnailUrl":"https:\/\/www.pressenza.com\/wp-content\/uploads\/2013\/02\/Manifestacion-desahucios-Madrid-Foto-PAH_EDIIMA20130216_0224_13.jpg","datePublished":"2013-02-16T23:45:07+00:00","description":"Despu\u00e9s del \u00e9xito de las manifestaciones por la vivienda que han tenido lugar hace unas horas en toda Espa\u00f1a, la portavoz de la Plataforma de Afectados","breadcrumb":{"@id":"https:\/\/www.pressenza.com\/es\/2013\/02\/ada-colau-llama-a-seguir-movilizandose\/#breadcrumb"},"inLanguage":"es","potentialAction":[{"@type":"ReadAction","target":["https:\/\/www.pressenza.com\/es\/2013\/02\/ada-colau-llama-a-seguir-movilizandose\/"]}]},{"@type":"ImageObject","inLanguage":"es","@id":"https:\/\/www.pressenza.com\/es\/2013\/02\/ada-colau-llama-a-seguir-movilizandose\/#primaryimage","url":"https:\/\/www.pressenza.com\/wp-content\/uploads\/2013\/02\/Manifestacion-desahucios-Madrid-Foto-PAH_EDIIMA20130216_0224_13.jpg","contentUrl":"https:\/\/www.pressenza.com\/wp-content\/uploads\/2013\/02\/Manifestacion-desahucios-Madrid-Foto-PAH_EDIIMA20130216_0224_13.jpg","width":643,"height":298},{"@type":"BreadcrumbList","@id":"https:\/\/www.pressenza.com\/es\/2013\/02\/ada-colau-llama-a-seguir-movilizandose\/#breadcrumb","itemListElement":[{"@type":"ListItem","position":1,"name":"Accueil","item":"https:\/\/www.pressenza.com\/es\/"},{"@type":"ListItem","position":2,"name":"Ada Colau llama a seguir moviliz\u00e1ndose"}]},{"@type":"WebSite","@id":"https:\/\/www.pressenza.com\/es\/#website","url":"https:\/\/www.pressenza.com\/es\/","name":"Pressenza","description":"International Press Agency","publisher":{"@id":"https:\/\/www.pressenza.com\/es\/#organization"},"potentialAction":[{"@type":"SearchAction","target":{"@type":"EntryPoint","urlTemplate":"https:\/\/www.pressenza.com\/es\/?s={search_term_string}"},"query-input":{"@type":"PropertyValueSpecification","valueRequired":true,"valueName":"search_term_string"}}],"inLanguage":"es"},{"@type":"Organization","@id":"https:\/\/www.pressenza.com\/es\/#organization","name":"Pressenza","url":"https:\/\/www.pressenza.com\/es\/","logo":{"@type":"ImageObject","inLanguage":"es","@id":"https:\/\/www.pressenza.com\/es\/#\/schema\/logo\/image\/","url":"https:\/\/www.pressenza.com\/wp-content\/uploads\/2022\/10\/pressenza_logo_200x200.jpg","contentUrl":"https:\/\/www.pressenza.com\/wp-content\/uploads\/2022\/10\/pressenza_logo_200x200.jpg","width":200,"height":200,"caption":"Pressenza"},"image":{"@id":"https:\/\/www.pressenza.com\/es\/#\/schema\/logo\/image\/"},"sameAs":["https:\/\/www.facebook.com\/PressenzaItalia","https:\/\/x.com\/PressenzaIPA"]},{"@type":"Person","@id":"https:\/\/www.pressenza.com\/es\/#\/schema\/person\/828fc40eeca2ad7be3630e5a46adba94","name":"Redacci\u00f3n Madrid","description":"News from the Pressenza Bureau in Madrid, Spain","sameAs":["https:\/\/www.facebook.com\/pressenza","https:\/\/x.com\/pressenza"],"url":"https:\/\/www.pressenza.com\/es\/author\/redaccion-madrid\/"}]}},"place":"","original_article_url":"","_links":{"self":[{"href":"https:\/\/www.pressenza.com\/es\/wp-json\/wp\/v2\/posts\/38821","targetHints":{"allow":["GET"]}}],"collection":[{"href":"https:\/\/www.pressenza.com\/es\/wp-json\/wp\/v2\/posts"}],"about":[{"href":"https:\/\/www.pressenza.com\/es\/wp-json\/wp\/v2\/types\/post"}],"author":[{"embeddable":true,"href":"https:\/\/www.pressenza.com\/es\/wp-json\/wp\/v2\/users\/94"}],"replies":[{"embeddable":true,"href":"https:\/\/www.pressenza.com\/es\/wp-json\/wp\/v2\/comments?post=38821"}],"version-history":[{"count":0,"href":"https:\/\/www.pressenza.com\/es\/wp-json\/wp\/v2\/posts\/38821\/revisions"}],"wp:featuredmedia":[{"embeddable":true,"href":"https:\/\/www.pressenza.com\/es\/wp-json\/wp\/v2\/media\/38824"}],"wp:attachment":[{"href":"https:\/\/www.pressenza.com\/es\/wp-json\/wp\/v2\/media?parent=38821"}],"wp:term":[{"taxonomy":"category","embeddable":true,"href":"https:\/\/www.pressenza.com\/es\/wp-json\/wp\/v2\/categories?post=38821"},{"taxonomy":"post_tag","embeddable":true,"href":"https:\/\/www.pressenza.com\/es\/wp-json\/wp\/v2\/tags?post=38821"}],"curies":[{"name":"wp","href":"https:\/\/api.w.org\/{rel}","templated":true}]}}