{"id":38768,"date":"2013-02-16T21:37:48","date_gmt":"2013-02-16T21:37:48","guid":{"rendered":"http:\/\/www.pressenza.com\/?p=38768"},"modified":"2013-02-18T23:42:58","modified_gmt":"2013-02-18T23:42:58","slug":"uno-de-tantos-llamamientos-cotidianos-en-espana","status":"publish","type":"post","link":"https:\/\/www.pressenza.com\/es\/2013\/02\/uno-de-tantos-llamamientos-cotidianos-en-espana\/","title":{"rendered":"Uno de tantos llamamientos cotidianos en Espa\u00f1a"},"content":{"rendered":"<p>Reproducimos uno de tantos llamamientos que circulan a trav\u00e9s de las redes y que permiten, en no pocas ocasiones, que un desahucio pueda paralizarse dentro del estado espa\u00f1ol. En este caso, se trata de un desalojo de una madre y sus dos hijos por imposici\u00f3n de un juez. Lo tomamos directamente de la <a href=\"http:\/\/www.facebook.com\/ciclomundomati\">red social facebook<\/a>.<\/p>\n<p>Est\u00e1 el silencio oficial y la complicidad de los grandes medios de comunicaci\u00f3n, en los cuales apenas ahora &#8211; y poco- se ocupan de los \u00abda\u00f1os colaterales\u00bb que est\u00e1 dejando esta crisis y tanto recorte que el gobierno de Rajoy ha decidido poner en pr\u00e1ctica para ayudar a sus amigos banqueros nacionales e internacionales. Ni qu\u00e9 decir tiene el n\u00famero de suicidios, de los cuales no hay forma de contar por falta de cifras oficiales.<\/p>\n<p>Pero, en paralelo, hay un hervidero de protestas y acciones solidarias, de las cuales poco se cuenta en aquellos medios, que son voz de sus amos. En este caso, hablamos de un desalojo de una vivienda previsto en Madrid para el d\u00eda 22 de este mes de febrero y que, como tantas veces, unos cuantos voluntarios van a intentar parar. Hay otra Espa\u00f1a que la que muestran los medios, la que se levanta ante tanta injusticia y que est\u00e1 tratando de organizarse en paralelo.<\/p>\n<p>As\u00ed reza la convocatoria: \u00ab<em>van a desahuciar de su vivienda a 2 ni\u00f1os de 6 y 9 a\u00f1os<\/em>. <em>Estos ni\u00f1os viven con su madre en una vivienda, propiedad de sus abuelos paternos y que hace 4 a\u00f1os, cuando se divorciaron los padres, el juez asigno como residencia habitual de los ni\u00f1os<\/em>.<em> <\/em><\/p>\n<p><em>El padre de los ni\u00f1os esta obligado, por sentencia de divorcio, a pasar una pension mensual de 150 euros a cada uno; nunca ha pasado la pension establecida, limit\u00e1ndose a ingresar 50 euros en el juzgado, muy de vez en cuando, para hacer ver al juez sus \u00abbuenas intenciones\u00bb<\/em>;<br \/>\n<em> al mismo tiempo el padre esta condenado por \u00abviolencia de genero\u00bb contra la madre de estos chavales, con una orden de alejamiento<\/em><br \/>\n<em> los abuelos paternos reclaman via judicial, dicha vivienda para que sea ocupada por el hijo (el padre de estos ni\u00f1os) quien a su vez se ha vuelto a casar y tiene otro hijo<\/em>.<\/p>\n<p>S<em>egun parece, salvo venta reciente, los abuelos disponen de mas propiedades<\/em>. <em>Nieves, la madre de los ni\u00f1os, ha parado ya el primer intento de desahucio, pero ha recibido una segunda notificacion para abandonar la vivienda el proximo dia 22 de febrero y, aunque ha presentado escritos de alegaciones con solidos argumentos para que el juzgado pueda parar este segundo lanzamiento, el juzgado ha desestimado su recurso<\/em>.<br \/>\n<em> Ella tiene en la actualidad una situacion verdaderamente dramatica ya que no tiene ingresos de ningun tipo, incluso acude a comedores sociales, y aunque se ha movido con los servicios sociales no ha conseguido hasta la fecha la ayuda que necesita<\/em>.<\/p>\n<p><em>Auque no es un caso hipotecario, en la asamblea del 15M de Arganzuela hemos decidido echar una mano ya que se trata de un caso muy llamativo de DESPROTECCION JUDICIAL Y PROVOCARIA LA EXCLUSION SOCIAL TANTO DE LOS NI\u00d1OS COMO DE LA MADRE<\/em>. L<em>a vivienda esta situada en Paseo Doctor Vallejo Najera n\u00ba43 C-1B<\/em><br \/>\n<em> EL LANZAMIENTO ESTA FIJADO PARA EL 22-02-2013 A LAS 13:00<\/em><br \/>\n<em> OS PEDIMOS VUESTRO APOYO Y DIFUSION PARA INTENTAR PARAR ESTE PROXIMO DESAHUCIO.<\/em><\/p>\n<p><em> HORA DE QUEDADA 11:30.\u00a0 SALIDA RENFE CERCANIAS PIRAMIDES<\/em><br \/>\n<em> gracias<\/em><\/p>\n<p>&nbsp;<\/p>\n","protected":false},"excerpt":{"rendered":"<p>Reproducimos uno de tantos llamamientos que circulan a trav\u00e9s de las redes y que permiten, en no pocas ocasiones, que un desahucio pueda paralizarse dentro del estado espa\u00f1ol. En este caso, se trata de un desalojo de una madre y&hellip;<\/p>\n","protected":false},"author":188,"featured_media":38839,"comment_status":"closed","ping_status":"open","sticky":false,"template":"","format":"standard","meta":{"footnotes":""},"categories":[79,66],"tags":[704,355,441,1161,1398,503,984,398],"class_list":["post-38768","post","type-post","status-publish","format-standard","has-post-thumbnail","hentry","category-derechos-humanos","category-europa-es","tag-15m-es","tag-crisis-es","tag-derechos-humanos","tag-desahucios","tag-estado-espanol","tag-genero","tag-indignados-es","tag-justicia"],"yoast_head":"<!-- This site is optimized with the Yoast SEO plugin v27.1.1 - https:\/\/yoast.com\/product\/yoast-seo-wordpress\/ -->\n<title>Uno de tantos llamamientos cotidianos en Espa\u00f1a<\/title>\n<meta name=\"description\" content=\"Reproducimos uno de tantos llamamientos que circulan a trav\u00e9s de las redes y que permiten, en no pocas ocasiones, que un desahucio pueda paralizarse\" \/>\n<meta name=\"robots\" content=\"index, follow, max-snippet:-1, max-image-preview:large, max-video-preview:-1\" \/>\n<link rel=\"canonical\" href=\"https:\/\/www.pressenza.com\/es\/2013\/02\/uno-de-tantos-llamamientos-cotidianos-en-espana\/\" \/>\n<meta property=\"og:locale\" content=\"es_ES\" \/>\n<meta property=\"og:type\" content=\"article\" \/>\n<meta property=\"og:title\" content=\"Uno de tantos llamamientos cotidianos en Espa\u00f1a\" \/>\n<meta property=\"og:description\" content=\"Reproducimos uno de tantos llamamientos que circulan a trav\u00e9s de las redes y que permiten, en no pocas ocasiones, que un desahucio pueda paralizarse\" \/>\n<meta property=\"og:url\" content=\"https:\/\/www.pressenza.com\/es\/2013\/02\/uno-de-tantos-llamamientos-cotidianos-en-espana\/\" \/>\n<meta property=\"og:site_name\" content=\"Pressenza\" \/>\n<meta property=\"article:publisher\" content=\"https:\/\/www.facebook.com\/PressenzaItalia\" \/>\n<meta property=\"article:published_time\" content=\"2013-02-16T21:37:48+00:00\" \/>\n<meta property=\"article:modified_time\" content=\"2013-02-18T23:42:58+00:00\" \/>\n<meta property=\"og:image\" content=\"https:\/\/www.pressenza.com\/wp-content\/uploads\/2013\/02\/Stop_desahucios.jpg\" \/>\n\t<meta property=\"og:image:width\" content=\"800\" \/>\n\t<meta property=\"og:image:height\" content=\"466\" \/>\n\t<meta property=\"og:image:type\" content=\"image\/jpeg\" \/>\n<meta name=\"author\" content=\"Gabriela Amaya\" \/>\n<meta name=\"twitter:card\" content=\"summary_large_image\" \/>\n<meta name=\"twitter:creator\" content=\"@PressenzaIPA\" \/>\n<meta name=\"twitter:site\" content=\"@PressenzaIPA\" \/>\n<meta name=\"twitter:label1\" content=\"Escrito por\" \/>\n\t<meta name=\"twitter:data1\" content=\"Gabriela Amaya\" \/>\n\t<meta name=\"twitter:label2\" content=\"Tiempo de lectura\" \/>\n\t<meta name=\"twitter:data2\" content=\"3 minutos\" \/>\n<script type=\"application\/ld+json\" class=\"yoast-schema-graph\">{\"@context\":\"https:\/\/schema.org\",\"@graph\":[{\"@type\":\"Article\",\"@id\":\"https:\/\/www.pressenza.com\/es\/2013\/02\/uno-de-tantos-llamamientos-cotidianos-en-espana\/#article\",\"isPartOf\":{\"@id\":\"https:\/\/www.pressenza.com\/es\/2013\/02\/uno-de-tantos-llamamientos-cotidianos-en-espana\/\"},\"author\":{\"name\":\"Gabriela Amaya\",\"@id\":\"https:\/\/www.pressenza.com\/es\/#\/schema\/person\/725d47ccbea4c7854f7dd4011b6670b9\"},\"headline\":\"Uno de tantos llamamientos cotidianos en Espa\u00f1a\",\"datePublished\":\"2013-02-16T21:37:48+00:00\",\"dateModified\":\"2013-02-18T23:42:58+00:00\",\"mainEntityOfPage\":{\"@id\":\"https:\/\/www.pressenza.com\/es\/2013\/02\/uno-de-tantos-llamamientos-cotidianos-en-espana\/\"},\"wordCount\":582,\"publisher\":{\"@id\":\"https:\/\/www.pressenza.com\/es\/#organization\"},\"image\":{\"@id\":\"https:\/\/www.pressenza.com\/es\/2013\/02\/uno-de-tantos-llamamientos-cotidianos-en-espana\/#primaryimage\"},\"thumbnailUrl\":\"https:\/\/www.pressenza.com\/wp-content\/uploads\/2013\/02\/Stop_desahucios.jpg\",\"keywords\":[\"15M\",\"crisis\",\"Derechos humanos\",\"desahucios\",\"Estado espa\u00f1ol\",\"G\u00e9nero\",\"indignados\",\"justicia\"],\"articleSection\":[\"Derechos Humanos\",\"Europa\"],\"inLanguage\":\"es\"},{\"@type\":\"WebPage\",\"@id\":\"https:\/\/www.pressenza.com\/es\/2013\/02\/uno-de-tantos-llamamientos-cotidianos-en-espana\/\",\"url\":\"https:\/\/www.pressenza.com\/es\/2013\/02\/uno-de-tantos-llamamientos-cotidianos-en-espana\/\",\"name\":\"Uno de tantos llamamientos cotidianos en Espa\u00f1a\",\"isPartOf\":{\"@id\":\"https:\/\/www.pressenza.com\/es\/#website\"},\"primaryImageOfPage\":{\"@id\":\"https:\/\/www.pressenza.com\/es\/2013\/02\/uno-de-tantos-llamamientos-cotidianos-en-espana\/#primaryimage\"},\"image\":{\"@id\":\"https:\/\/www.pressenza.com\/es\/2013\/02\/uno-de-tantos-llamamientos-cotidianos-en-espana\/#primaryimage\"},\"thumbnailUrl\":\"https:\/\/www.pressenza.com\/wp-content\/uploads\/2013\/02\/Stop_desahucios.jpg\",\"datePublished\":\"2013-02-16T21:37:48+00:00\",\"dateModified\":\"2013-02-18T23:42:58+00:00\",\"description\":\"Reproducimos uno de tantos llamamientos que circulan a trav\u00e9s de las redes y que permiten, en no pocas ocasiones, que un desahucio pueda paralizarse\",\"breadcrumb\":{\"@id\":\"https:\/\/www.pressenza.com\/es\/2013\/02\/uno-de-tantos-llamamientos-cotidianos-en-espana\/#breadcrumb\"},\"inLanguage\":\"es\",\"potentialAction\":[{\"@type\":\"ReadAction\",\"target\":[\"https:\/\/www.pressenza.com\/es\/2013\/02\/uno-de-tantos-llamamientos-cotidianos-en-espana\/\"]}]},{\"@type\":\"ImageObject\",\"inLanguage\":\"es\",\"@id\":\"https:\/\/www.pressenza.com\/es\/2013\/02\/uno-de-tantos-llamamientos-cotidianos-en-espana\/#primaryimage\",\"url\":\"https:\/\/www.pressenza.com\/wp-content\/uploads\/2013\/02\/Stop_desahucios.jpg\",\"contentUrl\":\"https:\/\/www.pressenza.com\/wp-content\/uploads\/2013\/02\/Stop_desahucios.jpg\",\"width\":800,\"height\":466},{\"@type\":\"BreadcrumbList\",\"@id\":\"https:\/\/www.pressenza.com\/es\/2013\/02\/uno-de-tantos-llamamientos-cotidianos-en-espana\/#breadcrumb\",\"itemListElement\":[{\"@type\":\"ListItem\",\"position\":1,\"name\":\"Accueil\",\"item\":\"https:\/\/www.pressenza.com\/es\/\"},{\"@type\":\"ListItem\",\"position\":2,\"name\":\"Uno de tantos llamamientos cotidianos en Espa\u00f1a\"}]},{\"@type\":\"WebSite\",\"@id\":\"https:\/\/www.pressenza.com\/es\/#website\",\"url\":\"https:\/\/www.pressenza.com\/es\/\",\"name\":\"Pressenza\",\"description\":\"International Press Agency\",\"publisher\":{\"@id\":\"https:\/\/www.pressenza.com\/es\/#organization\"},\"potentialAction\":[{\"@type\":\"SearchAction\",\"target\":{\"@type\":\"EntryPoint\",\"urlTemplate\":\"https:\/\/www.pressenza.com\/es\/?s={search_term_string}\"},\"query-input\":{\"@type\":\"PropertyValueSpecification\",\"valueRequired\":true,\"valueName\":\"search_term_string\"}}],\"inLanguage\":\"es\"},{\"@type\":\"Organization\",\"@id\":\"https:\/\/www.pressenza.com\/es\/#organization\",\"name\":\"Pressenza\",\"url\":\"https:\/\/www.pressenza.com\/es\/\",\"logo\":{\"@type\":\"ImageObject\",\"inLanguage\":\"es\",\"@id\":\"https:\/\/www.pressenza.com\/es\/#\/schema\/logo\/image\/\",\"url\":\"https:\/\/www.pressenza.com\/wp-content\/uploads\/2022\/10\/pressenza_logo_200x200.jpg\",\"contentUrl\":\"https:\/\/www.pressenza.com\/wp-content\/uploads\/2022\/10\/pressenza_logo_200x200.jpg\",\"width\":200,\"height\":200,\"caption\":\"Pressenza\"},\"image\":{\"@id\":\"https:\/\/www.pressenza.com\/es\/#\/schema\/logo\/image\/\"},\"sameAs\":[\"https:\/\/www.facebook.com\/PressenzaItalia\",\"https:\/\/x.com\/PressenzaIPA\"]},{\"@type\":\"Person\",\"@id\":\"https:\/\/www.pressenza.com\/es\/#\/schema\/person\/725d47ccbea4c7854f7dd4011b6670b9\",\"name\":\"Gabriela Amaya\",\"description\":\"Editor in Spanish, Gabriel Amaya has worked in radio and written press and years ago decided to develop her journalistic work as a professional volunteer at the service of peace and nonviolence. She is also involved with different collectives and platforms which she supports with her journalism.\",\"url\":\"https:\/\/www.pressenza.com\/es\/author\/gabriela-amaya\/\"}]}<\/script>\n<!-- \/ Yoast SEO plugin. -->","yoast_head_json":{"title":"Uno de tantos llamamientos cotidianos en Espa\u00f1a","description":"Reproducimos uno de tantos llamamientos que circulan a trav\u00e9s de las redes y que permiten, en no pocas ocasiones, que un desahucio pueda paralizarse","robots":{"index":"index","follow":"follow","max-snippet":"max-snippet:-1","max-image-preview":"max-image-preview:large","max-video-preview":"max-video-preview:-1"},"canonical":"https:\/\/www.pressenza.com\/es\/2013\/02\/uno-de-tantos-llamamientos-cotidianos-en-espana\/","og_locale":"es_ES","og_type":"article","og_title":"Uno de tantos llamamientos cotidianos en Espa\u00f1a","og_description":"Reproducimos uno de tantos llamamientos que circulan a trav\u00e9s de las redes y que permiten, en no pocas ocasiones, que un desahucio pueda paralizarse","og_url":"https:\/\/www.pressenza.com\/es\/2013\/02\/uno-de-tantos-llamamientos-cotidianos-en-espana\/","og_site_name":"Pressenza","article_publisher":"https:\/\/www.facebook.com\/PressenzaItalia","article_published_time":"2013-02-16T21:37:48+00:00","article_modified_time":"2013-02-18T23:42:58+00:00","og_image":[{"width":800,"height":466,"url":"https:\/\/www.pressenza.com\/wp-content\/uploads\/2013\/02\/Stop_desahucios.jpg","type":"image\/jpeg"}],"author":"Gabriela Amaya","twitter_card":"summary_large_image","twitter_creator":"@PressenzaIPA","twitter_site":"@PressenzaIPA","twitter_misc":{"Escrito por":"Gabriela Amaya","Tiempo de lectura":"3 minutos"},"schema":{"@context":"https:\/\/schema.org","@graph":[{"@type":"Article","@id":"https:\/\/www.pressenza.com\/es\/2013\/02\/uno-de-tantos-llamamientos-cotidianos-en-espana\/#article","isPartOf":{"@id":"https:\/\/www.pressenza.com\/es\/2013\/02\/uno-de-tantos-llamamientos-cotidianos-en-espana\/"},"author":{"name":"Gabriela Amaya","@id":"https:\/\/www.pressenza.com\/es\/#\/schema\/person\/725d47ccbea4c7854f7dd4011b6670b9"},"headline":"Uno de tantos llamamientos cotidianos en Espa\u00f1a","datePublished":"2013-02-16T21:37:48+00:00","dateModified":"2013-02-18T23:42:58+00:00","mainEntityOfPage":{"@id":"https:\/\/www.pressenza.com\/es\/2013\/02\/uno-de-tantos-llamamientos-cotidianos-en-espana\/"},"wordCount":582,"publisher":{"@id":"https:\/\/www.pressenza.com\/es\/#organization"},"image":{"@id":"https:\/\/www.pressenza.com\/es\/2013\/02\/uno-de-tantos-llamamientos-cotidianos-en-espana\/#primaryimage"},"thumbnailUrl":"https:\/\/www.pressenza.com\/wp-content\/uploads\/2013\/02\/Stop_desahucios.jpg","keywords":["15M","crisis","Derechos humanos","desahucios","Estado espa\u00f1ol","G\u00e9nero","indignados","justicia"],"articleSection":["Derechos Humanos","Europa"],"inLanguage":"es"},{"@type":"WebPage","@id":"https:\/\/www.pressenza.com\/es\/2013\/02\/uno-de-tantos-llamamientos-cotidianos-en-espana\/","url":"https:\/\/www.pressenza.com\/es\/2013\/02\/uno-de-tantos-llamamientos-cotidianos-en-espana\/","name":"Uno de tantos llamamientos cotidianos en Espa\u00f1a","isPartOf":{"@id":"https:\/\/www.pressenza.com\/es\/#website"},"primaryImageOfPage":{"@id":"https:\/\/www.pressenza.com\/es\/2013\/02\/uno-de-tantos-llamamientos-cotidianos-en-espana\/#primaryimage"},"image":{"@id":"https:\/\/www.pressenza.com\/es\/2013\/02\/uno-de-tantos-llamamientos-cotidianos-en-espana\/#primaryimage"},"thumbnailUrl":"https:\/\/www.pressenza.com\/wp-content\/uploads\/2013\/02\/Stop_desahucios.jpg","datePublished":"2013-02-16T21:37:48+00:00","dateModified":"2013-02-18T23:42:58+00:00","description":"Reproducimos uno de tantos llamamientos que circulan a trav\u00e9s de las redes y que permiten, en no pocas ocasiones, que un desahucio pueda paralizarse","breadcrumb":{"@id":"https:\/\/www.pressenza.com\/es\/2013\/02\/uno-de-tantos-llamamientos-cotidianos-en-espana\/#breadcrumb"},"inLanguage":"es","potentialAction":[{"@type":"ReadAction","target":["https:\/\/www.pressenza.com\/es\/2013\/02\/uno-de-tantos-llamamientos-cotidianos-en-espana\/"]}]},{"@type":"ImageObject","inLanguage":"es","@id":"https:\/\/www.pressenza.com\/es\/2013\/02\/uno-de-tantos-llamamientos-cotidianos-en-espana\/#primaryimage","url":"https:\/\/www.pressenza.com\/wp-content\/uploads\/2013\/02\/Stop_desahucios.jpg","contentUrl":"https:\/\/www.pressenza.com\/wp-content\/uploads\/2013\/02\/Stop_desahucios.jpg","width":800,"height":466},{"@type":"BreadcrumbList","@id":"https:\/\/www.pressenza.com\/es\/2013\/02\/uno-de-tantos-llamamientos-cotidianos-en-espana\/#breadcrumb","itemListElement":[{"@type":"ListItem","position":1,"name":"Accueil","item":"https:\/\/www.pressenza.com\/es\/"},{"@type":"ListItem","position":2,"name":"Uno de tantos llamamientos cotidianos en Espa\u00f1a"}]},{"@type":"WebSite","@id":"https:\/\/www.pressenza.com\/es\/#website","url":"https:\/\/www.pressenza.com\/es\/","name":"Pressenza","description":"International Press Agency","publisher":{"@id":"https:\/\/www.pressenza.com\/es\/#organization"},"potentialAction":[{"@type":"SearchAction","target":{"@type":"EntryPoint","urlTemplate":"https:\/\/www.pressenza.com\/es\/?s={search_term_string}"},"query-input":{"@type":"PropertyValueSpecification","valueRequired":true,"valueName":"search_term_string"}}],"inLanguage":"es"},{"@type":"Organization","@id":"https:\/\/www.pressenza.com\/es\/#organization","name":"Pressenza","url":"https:\/\/www.pressenza.com\/es\/","logo":{"@type":"ImageObject","inLanguage":"es","@id":"https:\/\/www.pressenza.com\/es\/#\/schema\/logo\/image\/","url":"https:\/\/www.pressenza.com\/wp-content\/uploads\/2022\/10\/pressenza_logo_200x200.jpg","contentUrl":"https:\/\/www.pressenza.com\/wp-content\/uploads\/2022\/10\/pressenza_logo_200x200.jpg","width":200,"height":200,"caption":"Pressenza"},"image":{"@id":"https:\/\/www.pressenza.com\/es\/#\/schema\/logo\/image\/"},"sameAs":["https:\/\/www.facebook.com\/PressenzaItalia","https:\/\/x.com\/PressenzaIPA"]},{"@type":"Person","@id":"https:\/\/www.pressenza.com\/es\/#\/schema\/person\/725d47ccbea4c7854f7dd4011b6670b9","name":"Gabriela Amaya","description":"Editor in Spanish, Gabriel Amaya has worked in radio and written press and years ago decided to develop her journalistic work as a professional volunteer at the service of peace and nonviolence. She is also involved with different collectives and platforms which she supports with her journalism.","url":"https:\/\/www.pressenza.com\/es\/author\/gabriela-amaya\/"}]}},"place":"Madrid","original_article_url":"","_links":{"self":[{"href":"https:\/\/www.pressenza.com\/es\/wp-json\/wp\/v2\/posts\/38768","targetHints":{"allow":["GET"]}}],"collection":[{"href":"https:\/\/www.pressenza.com\/es\/wp-json\/wp\/v2\/posts"}],"about":[{"href":"https:\/\/www.pressenza.com\/es\/wp-json\/wp\/v2\/types\/post"}],"author":[{"embeddable":true,"href":"https:\/\/www.pressenza.com\/es\/wp-json\/wp\/v2\/users\/188"}],"replies":[{"embeddable":true,"href":"https:\/\/www.pressenza.com\/es\/wp-json\/wp\/v2\/comments?post=38768"}],"version-history":[{"count":0,"href":"https:\/\/www.pressenza.com\/es\/wp-json\/wp\/v2\/posts\/38768\/revisions"}],"wp:featuredmedia":[{"embeddable":true,"href":"https:\/\/www.pressenza.com\/es\/wp-json\/wp\/v2\/media\/38839"}],"wp:attachment":[{"href":"https:\/\/www.pressenza.com\/es\/wp-json\/wp\/v2\/media?parent=38768"}],"wp:term":[{"taxonomy":"category","embeddable":true,"href":"https:\/\/www.pressenza.com\/es\/wp-json\/wp\/v2\/categories?post=38768"},{"taxonomy":"post_tag","embeddable":true,"href":"https:\/\/www.pressenza.com\/es\/wp-json\/wp\/v2\/tags?post=38768"}],"curies":[{"name":"wp","href":"https:\/\/api.w.org\/{rel}","templated":true}]}}