{"id":380775,"date":"2016-10-10T00:05:20","date_gmt":"2016-10-09T23:05:20","guid":{"rendered":"http:\/\/www.pressenza.com\/es\/?p=380775"},"modified":"2016-10-10T00:05:20","modified_gmt":"2016-10-09T23:05:20","slug":"hasta-cuando-el-terrorismo","status":"publish","type":"post","link":"https:\/\/www.pressenza.com\/es\/2016\/10\/hasta-cuando-el-terrorismo\/","title":{"rendered":"\u00bfHasta cu\u00e1ndo el terrorismo?"},"content":{"rendered":"<p class=\"western\" lang=\"es-MX\" align=\"justify\"><span style=\"font-family: Times New Roman,serif;\"><span style=\"font-size: medium;\"><i>Por Juan G\u00f3mez Valdebenito<\/i><\/span><\/span><\/p>\n<p class=\"western\" lang=\"es-MX\" align=\"justify\"><span style=\"font-family: Times New Roman,serif;\"><span style=\"font-size: medium;\">Se suceden, uno tras otro, los atentados terroristas en el mundo, principalmente en Europa y Estados Unidos, sin que sepamos a ciencia cierta si esta pesadilla va a acabar alg\u00fan d\u00eda. Nos hemos tratado de responder esta pregunta tantas veces y cada vez m\u00e1s nos hemos ido resignando a la idea de que no va a terminar. Es m\u00e1s, ya estamos temiendo que en cualquiera de nuestros viajes los atentados nos pueden tocar a nosotros mismos o a nuestros seres queridos. O tal vez nos alcance aqu\u00ed mismo, en nuestro propio suelo.<\/span><\/span><\/p>\n<p class=\"western\" lang=\"es-MX\" align=\"justify\"><span style=\"font-family: Times New Roman,serif;\"><span style=\"font-size: medium;\">\u00bfQu\u00e9 se est\u00e1 haciendo mal? \u00bfPorqu\u00e9 atacan a personas, mujeres y ni\u00f1os inocentes, cuando son los militares los que est\u00e1n para la guerra, entrenados para entrar en ese juego? \u00bfCu\u00e1ndo nos van a dejar en paz, si nosotros no queremos violencia ni odiamos a nadie? Es que el terrorismo consiste precisamente en eso: en atemorizar a todo el mundo sin distinci\u00f3n alguna, para que nadie se sienta seguro.<\/span><\/span><\/p>\n<p class=\"western\" lang=\"es-MX\" align=\"justify\"><span style=\"font-family: Times New Roman,serif;\"><span style=\"font-size: medium;\">\u00bfCon qu\u00e9 objeto &#8211; nos seguimos preguntando &#8211; qu\u00e9 pretenden los terroristas con este juego diab\u00f3lico, tomar venganza por las invasiones que han sufrido sus territorios, castigarnos por tener un estilo de vida que les repugna? La verdad es que al parecer se trata de todo un poco, es una guerra contra la cultura occidental y su expansionismo intervencionista.<\/span><\/span><\/p>\n<p class=\"western\" lang=\"es-MX\" align=\"justify\"><span style=\"font-family: Times New Roman,serif;\"><span style=\"font-size: medium;\">El terrorismo yihadista est\u00e1 conformado por militantes con profundas convicciones religiosas, que ven las injusticias e iniquidades de este mundo como un sacrilegio, como un atentado perverso en contra de los designios divinos, como una burla monstruosa a las m\u00e1s sagradas ense\u00f1anzas del Cor\u00e1n. Sostienen que producto de una civilizaci\u00f3n construida sobre lo m\u00e1s profano e infiel de los pensamientos y sentimientos humanos, no se ha podido construir el Califato Universal que tanto a\u00f1oran, de acuerdo a los dictados de su Dios. Han decidido por tanto defender con su vida el derecho a hacerlo posible. El morir por una causa santa, al servicio de su Dios, tiene una recompensa gloriosa en el Cielo. Han decidido dar muerte a los infieles que han coartado el derecho a una vida santa y pura.<\/span><\/span><\/p>\n<p class=\"western\" lang=\"es-MX\" align=\"justify\"><span style=\"font-family: Times New Roman,serif;\"><span style=\"font-size: medium;\">Siempre que ocurre un atentado, ya sea en Francia, Estados Unidos o Alemania los gobernantes se conduelen con las v\u00edctimas, les expresan sus m\u00e1s profundos sentimientos de pesar y toman las mismas in\u00fatiles medidas de seguridad, prometen acabar con los terroristas dondequiera que se encuentren. Despliegan soldados como perros de presa, hasta que luego de darles muerte a tiros, todo vuelve a una tensa normalidad. Hasta el pr\u00f3ximo atentado.<\/span><\/span><\/p>\n<p class=\"western\" lang=\"es-MX\" align=\"justify\"><span style=\"font-family: Times New Roman,serif;\"><span style=\"font-size: medium;\">No hay una pol\u00edtica seria y honesta de tratar el tema del terrorismo, los especialistas y expertos no son considerados y se sigue irresponsablemente con las mismas medidas de seguridad y combate al terrorismo que han fracasado estrepitosamente desde siempre y que no ofrecen ninguna perspectiva esperanzadora en el presente y hacia el futuro. Si se sigue con la misma forma de combate militarizada violenta, los atentados terroristas lejos de disminuir cobrar\u00e1n inusitada fuerza. El terrorismo necesita de esa din\u00e1mica de guerra para justificar sus propios actos y les sirve como propaganda proselitista para reclutar nuevos miembros si son duramente golpeados.<\/span><\/span><\/p>\n<p class=\"western\" lang=\"es-MX\" align=\"justify\"><span style=\"font-family: Times New Roman,serif;\"><span style=\"font-size: medium;\">No se vislumbra un examen de conciencia sincero en las autoridades occidentales que permita establecer las <\/span><\/span><span style=\"font-family: Times New Roman,serif;\"><span style=\"font-size: medium;\"><b>verdaderas <\/b><\/span><\/span><span style=\"font-family: Times New Roman,serif;\"><span style=\"font-size: medium;\">causas por las que est\u00e1n siendo atacados. Se reafirma el modo de vida occidental y su relaci\u00f3n con las otras culturas, sin preguntarse en ning\u00fan momento si se est\u00e1n haciendo bien las cosas en t\u00e9rminos de sus relaciones exteriores. Se persiste en que las otras culturas, las otras civilizaciones son las causantes de todos los males y se les estigmatiza y etiqueta como fundamentalistas, fan\u00e1ticos e intolerantes que conforman lo oscuro, lo malo, lo siniestro, lo perverso. Es el eje del mal, como lo llamara George W. Bush.<\/span><\/span><\/p>\n<p class=\"western\" lang=\"es-MX\" align=\"justify\"><span style=\"font-family: Times New Roman,serif;\"><span style=\"font-size: medium;\">Ha llegado la hora de sincerarse, de mirarse hacia adentro y establecer qu\u00e9 es lo que se est\u00e1 haciendo mal. Analizar si el modelo de vida occidental y las pol\u00edticas p\u00fablicas que de \u00e9l se desprenden, est\u00e1n alimentando odiosidades en las otras culturas, en particular las orientales, que determinen que grupos radicalizados y con ansias de venganza opten por tomar las armas para infligir duros castigos a esa sociedad occidental consumista, hedonista, orgullosa y atropelladora.<\/span><\/span><\/p>\n<p class=\"western\" lang=\"es-MX\" align=\"justify\"><span style=\"font-family: Times New Roman,serif;\"><span style=\"font-size: medium;\">Occidente, y en particular Europa y Norteam\u00e9rica, han elegido desde siempre el expansionismo y el intervencionismo en sus afanes imperialistas, han sojuzgado a otros pueblos estableciendo sus propias normas e imponiendo sus propios modelos. Han expoliado a los pa\u00edses m\u00e1s d\u00e9biles provocando desigualdades econ\u00f3micas abismantes que causan una profunda irritaci\u00f3n en esos pueblos. Por \u00faltimo los han discriminado por su raza, su cultura, su religi\u00f3n, mir\u00e1ndolos con desd\u00e9n y por encima del hombro en una actitud abiertamente xen\u00f3foba.<\/span><\/span><\/p>\n<p class=\"western\" lang=\"es-MX\" align=\"justify\"><span style=\"font-family: Times New Roman,serif;\"><span style=\"font-size: medium;\">Los gobernantes occidentales no han comprendido que el terrorismo no se combate con armas, con violencia, sino que por el contrario con integraci\u00f3n, con alianzas con las otras culturas, en un esp\u00edritu de respeto y tolerancia, favoreciendo la simetr\u00eda en las relaciones exteriores. M\u00e1s a\u00fan, desarrollando un programa de <\/span><\/span><span style=\"font-family: Times New Roman,serif;\"><span style=\"font-size: medium;\"><b>ayuda real y verdadera<\/b><\/span><\/span><span style=\"font-family: Times New Roman,serif;\"><span style=\"font-size: medium;\"> hacia los pa\u00edses m\u00e1s postergados, fortaleciendo proyectos de desarrollo conjuntos para sacarlos de la pobreza y la postergaci\u00f3n.<\/span><\/span><\/p>\n<p class=\"western\" lang=\"es-MX\" align=\"justify\"><span style=\"font-family: Times New Roman,serif;\"><span style=\"font-size: medium;\">Los l\u00edderes de las naciones occidentales han repetido sostenidamente que ellos no negocian con terroristas, que jam\u00e1s se sentar\u00edan a conversar con ellos, que eso ser\u00eda mostrar debilidad y derrota. Y los terroristas tal vez tampoco quieran nada con los l\u00edderes occidentales en su violencia feroz.<\/span><\/span><\/p>\n<p class=\"western\" lang=\"es-MX\" align=\"justify\"><span style=\"font-family: Times New Roman,serif;\"><span style=\"font-size: medium;\">Al no querer cambiar sus pol\u00edticas exteriores, los gobernantes est\u00e1n condenando a sus propios ciudadanos a ser v\u00edctimas del terror. Al no reconocer sus atropellos a los derechos humanos y su propio terrorismo en los pa\u00edses intervenidos, est\u00e1n condenando a sus propios hijos a morir a manos de una bomba o un tiroteo asesino. Al imponer el armamentismo y el militarismo como pol\u00edtica de Estado por intereses exclusivamente econ\u00f3micos, por encima de la seguridad humana, los pa\u00edses de la OTAN est\u00e1n condenando a sus pueblos a estar en permanente estr\u00e9s, sin poder disfrutar de una vida en paz junto a sus familias. <\/span><\/span><\/p>\n<p class=\"western\" lang=\"es-MX\" align=\"justify\"><span style=\"font-family: Times New Roman,serif;\"><span style=\"font-size: medium;\">Si se quiere terminar con el terrorismo y su secuela de muerte y desolaci\u00f3n, hay que buscar los puntos de conciliaci\u00f3n de las civilizaciones y, a trav\u00e9s de mediadores neutrales, buscar las condiciones m\u00ednimas para un acercamiento y una integraci\u00f3n entre culturas tan distintas, pero con un componente com\u00fan: un ser humano con las mismas necesidades, tal vez con los mismos sentimientos y aspiraciones. Lo m\u00e1s probable es que ambas culturas tengan que renunciar a algo que les es muy propio, pero el fruto de una conciliaci\u00f3n, de una integraci\u00f3n verdadera, vale m\u00e1s que mil sacrificios. Es la posibilidad cierta de vivir en paz, junto a la propia gente querida, y a las familias de la otra civilizaci\u00f3n, de la otra cultura<\/span><\/span><\/p>\n<p class=\"western\" lang=\"es-MX\" align=\"justify\">\n<p class=\"western\" lang=\"es-MX\" align=\"justify\">\n<p class=\"western\" lang=\"es-MX\" align=\"justify\">\n<p class=\"western\" lang=\"es-MX\" align=\"justify\">\n","protected":false},"excerpt":{"rendered":"<p>Por Juan G\u00f3mez Valdebenito Se suceden, uno tras otro, los atentados terroristas en el mundo, principalmente en Europa y Estados Unidos, sin que sepamos a ciencia cierta si esta pesadilla va a acabar alg\u00fan d\u00eda. Nos hemos tratado de responder&hellip;<\/p>\n","protected":false},"author":43,"featured_media":380778,"comment_status":"closed","ping_status":"closed","sticky":false,"template":"","format":"standard","meta":{"footnotes":""},"categories":[11389,1242,161,67],"tags":[31404,21836,31403,31402],"class_list":["post-380775","post","type-post","status-publish","format-standard","has-post-thumbnail","hentry","category-contenido-original","category-noviolencia-tema","category-opiniones","category-sudamerica","tag-intervencionismo","tag-occidente","tag-politicas-de-seguridad","tag-terrorismo-yihadista"],"yoast_head":"<!-- This site is optimized with the Yoast SEO plugin v27.1.1 - https:\/\/yoast.com\/product\/yoast-seo-wordpress\/ -->\n<title>\u00bfHasta cu\u00e1ndo el terrorismo?<\/title>\n<meta name=\"description\" content=\"Por Juan G\u00f3mez Valdebenito Se suceden, uno tras otro, los atentados terroristas en el mundo, principalmente en Europa y Estados Unidos, sin que sepamos a\" \/>\n<meta name=\"robots\" content=\"index, follow, max-snippet:-1, max-image-preview:large, max-video-preview:-1\" \/>\n<link rel=\"canonical\" href=\"https:\/\/www.pressenza.com\/es\/2016\/10\/hasta-cuando-el-terrorismo\/\" \/>\n<meta property=\"og:locale\" content=\"es_ES\" \/>\n<meta property=\"og:type\" content=\"article\" \/>\n<meta property=\"og:title\" content=\"\u00bfHasta cu\u00e1ndo el terrorismo?\" \/>\n<meta property=\"og:description\" content=\"Por Juan G\u00f3mez Valdebenito Se suceden, uno tras otro, los atentados terroristas en el mundo, principalmente en Europa y Estados Unidos, sin que sepamos a\" \/>\n<meta property=\"og:url\" content=\"https:\/\/www.pressenza.com\/es\/2016\/10\/hasta-cuando-el-terrorismo\/\" \/>\n<meta property=\"og:site_name\" content=\"Pressenza\" \/>\n<meta property=\"article:publisher\" content=\"https:\/\/www.facebook.com\/PressenzaItalia\" \/>\n<meta property=\"article:author\" content=\"https:\/\/www.facebook.com\/pressenza\" \/>\n<meta property=\"article:published_time\" content=\"2016-10-09T23:05:20+00:00\" \/>\n<meta property=\"og:image\" content=\"https:\/\/www.pressenza.com\/wp-content\/uploads\/2016\/10\/TERRORISMO.jpg\" \/>\n\t<meta property=\"og:image:width\" content=\"700\" \/>\n\t<meta property=\"og:image:height\" content=\"360\" \/>\n\t<meta property=\"og:image:type\" content=\"image\/jpeg\" \/>\n<meta name=\"author\" content=\"Redacci\u00f3n Chile\" \/>\n<meta name=\"twitter:card\" content=\"summary_large_image\" \/>\n<meta name=\"twitter:creator\" content=\"@pressenza\" \/>\n<meta name=\"twitter:site\" content=\"@PressenzaIPA\" \/>\n<meta name=\"twitter:label1\" content=\"Escrito por\" \/>\n\t<meta name=\"twitter:data1\" content=\"Redacci\u00f3n Chile\" \/>\n\t<meta name=\"twitter:label2\" content=\"Tiempo de lectura\" \/>\n\t<meta name=\"twitter:data2\" content=\"6 minutos\" \/>\n<script type=\"application\/ld+json\" class=\"yoast-schema-graph\">{\"@context\":\"https:\/\/schema.org\",\"@graph\":[{\"@type\":\"Article\",\"@id\":\"https:\/\/www.pressenza.com\/es\/2016\/10\/hasta-cuando-el-terrorismo\/#article\",\"isPartOf\":{\"@id\":\"https:\/\/www.pressenza.com\/es\/2016\/10\/hasta-cuando-el-terrorismo\/\"},\"author\":{\"name\":\"Redacci\u00f3n Chile\",\"@id\":\"https:\/\/www.pressenza.com\/es\/#\/schema\/person\/d7db40df35d6698ba69ba9ee260944ed\"},\"headline\":\"\u00bfHasta cu\u00e1ndo el terrorismo?\",\"datePublished\":\"2016-10-09T23:05:20+00:00\",\"mainEntityOfPage\":{\"@id\":\"https:\/\/www.pressenza.com\/es\/2016\/10\/hasta-cuando-el-terrorismo\/\"},\"wordCount\":1204,\"publisher\":{\"@id\":\"https:\/\/www.pressenza.com\/es\/#organization\"},\"image\":{\"@id\":\"https:\/\/www.pressenza.com\/es\/2016\/10\/hasta-cuando-el-terrorismo\/#primaryimage\"},\"thumbnailUrl\":\"https:\/\/www.pressenza.com\/wp-content\/uploads\/2016\/10\/TERRORISMO.jpg\",\"keywords\":[\"intervencionismo\",\"Occidente\",\"pol\u00edticas de seguridad\",\"terrorismo yihadista\"],\"articleSection\":[\"Contenido Original\",\"Noviolencia\",\"Opiniones\",\"Sudam\u00e9rica\"],\"inLanguage\":\"es\"},{\"@type\":\"WebPage\",\"@id\":\"https:\/\/www.pressenza.com\/es\/2016\/10\/hasta-cuando-el-terrorismo\/\",\"url\":\"https:\/\/www.pressenza.com\/es\/2016\/10\/hasta-cuando-el-terrorismo\/\",\"name\":\"\u00bfHasta cu\u00e1ndo el terrorismo?\",\"isPartOf\":{\"@id\":\"https:\/\/www.pressenza.com\/es\/#website\"},\"primaryImageOfPage\":{\"@id\":\"https:\/\/www.pressenza.com\/es\/2016\/10\/hasta-cuando-el-terrorismo\/#primaryimage\"},\"image\":{\"@id\":\"https:\/\/www.pressenza.com\/es\/2016\/10\/hasta-cuando-el-terrorismo\/#primaryimage\"},\"thumbnailUrl\":\"https:\/\/www.pressenza.com\/wp-content\/uploads\/2016\/10\/TERRORISMO.jpg\",\"datePublished\":\"2016-10-09T23:05:20+00:00\",\"description\":\"Por Juan G\u00f3mez Valdebenito Se suceden, uno tras otro, los atentados terroristas en el mundo, principalmente en Europa y Estados Unidos, sin que sepamos a\",\"breadcrumb\":{\"@id\":\"https:\/\/www.pressenza.com\/es\/2016\/10\/hasta-cuando-el-terrorismo\/#breadcrumb\"},\"inLanguage\":\"es\",\"potentialAction\":[{\"@type\":\"ReadAction\",\"target\":[\"https:\/\/www.pressenza.com\/es\/2016\/10\/hasta-cuando-el-terrorismo\/\"]}]},{\"@type\":\"ImageObject\",\"inLanguage\":\"es\",\"@id\":\"https:\/\/www.pressenza.com\/es\/2016\/10\/hasta-cuando-el-terrorismo\/#primaryimage\",\"url\":\"https:\/\/www.pressenza.com\/wp-content\/uploads\/2016\/10\/TERRORISMO.jpg\",\"contentUrl\":\"https:\/\/www.pressenza.com\/wp-content\/uploads\/2016\/10\/TERRORISMO.jpg\",\"width\":700,\"height\":360},{\"@type\":\"BreadcrumbList\",\"@id\":\"https:\/\/www.pressenza.com\/es\/2016\/10\/hasta-cuando-el-terrorismo\/#breadcrumb\",\"itemListElement\":[{\"@type\":\"ListItem\",\"position\":1,\"name\":\"Accueil\",\"item\":\"https:\/\/www.pressenza.com\/es\/\"},{\"@type\":\"ListItem\",\"position\":2,\"name\":\"\u00bfHasta cu\u00e1ndo el terrorismo?\"}]},{\"@type\":\"WebSite\",\"@id\":\"https:\/\/www.pressenza.com\/es\/#website\",\"url\":\"https:\/\/www.pressenza.com\/es\/\",\"name\":\"Pressenza\",\"description\":\"International Press Agency\",\"publisher\":{\"@id\":\"https:\/\/www.pressenza.com\/es\/#organization\"},\"potentialAction\":[{\"@type\":\"SearchAction\",\"target\":{\"@type\":\"EntryPoint\",\"urlTemplate\":\"https:\/\/www.pressenza.com\/es\/?s={search_term_string}\"},\"query-input\":{\"@type\":\"PropertyValueSpecification\",\"valueRequired\":true,\"valueName\":\"search_term_string\"}}],\"inLanguage\":\"es\"},{\"@type\":\"Organization\",\"@id\":\"https:\/\/www.pressenza.com\/es\/#organization\",\"name\":\"Pressenza\",\"url\":\"https:\/\/www.pressenza.com\/es\/\",\"logo\":{\"@type\":\"ImageObject\",\"inLanguage\":\"es\",\"@id\":\"https:\/\/www.pressenza.com\/es\/#\/schema\/logo\/image\/\",\"url\":\"https:\/\/www.pressenza.com\/wp-content\/uploads\/2022\/10\/pressenza_logo_200x200.jpg\",\"contentUrl\":\"https:\/\/www.pressenza.com\/wp-content\/uploads\/2022\/10\/pressenza_logo_200x200.jpg\",\"width\":200,\"height\":200,\"caption\":\"Pressenza\"},\"image\":{\"@id\":\"https:\/\/www.pressenza.com\/es\/#\/schema\/logo\/image\/\"},\"sameAs\":[\"https:\/\/www.facebook.com\/PressenzaItalia\",\"https:\/\/x.com\/PressenzaIPA\"]},{\"@type\":\"Person\",\"@id\":\"https:\/\/www.pressenza.com\/es\/#\/schema\/person\/d7db40df35d6698ba69ba9ee260944ed\",\"name\":\"Redacci\u00f3n Chile\",\"description\":\"News from the Pressenza Bureau in Chile\",\"sameAs\":[\"https:\/\/www.facebook.com\/pressenza\",\"https:\/\/x.com\/pressenza\"],\"url\":\"https:\/\/www.pressenza.com\/es\/author\/redaccion-chile\/\"}]}<\/script>\n<!-- \/ Yoast SEO plugin. -->","yoast_head_json":{"title":"\u00bfHasta cu\u00e1ndo el terrorismo?","description":"Por Juan G\u00f3mez Valdebenito Se suceden, uno tras otro, los atentados terroristas en el mundo, principalmente en Europa y Estados Unidos, sin que sepamos a","robots":{"index":"index","follow":"follow","max-snippet":"max-snippet:-1","max-image-preview":"max-image-preview:large","max-video-preview":"max-video-preview:-1"},"canonical":"https:\/\/www.pressenza.com\/es\/2016\/10\/hasta-cuando-el-terrorismo\/","og_locale":"es_ES","og_type":"article","og_title":"\u00bfHasta cu\u00e1ndo el terrorismo?","og_description":"Por Juan G\u00f3mez Valdebenito Se suceden, uno tras otro, los atentados terroristas en el mundo, principalmente en Europa y Estados Unidos, sin que sepamos a","og_url":"https:\/\/www.pressenza.com\/es\/2016\/10\/hasta-cuando-el-terrorismo\/","og_site_name":"Pressenza","article_publisher":"https:\/\/www.facebook.com\/PressenzaItalia","article_author":"https:\/\/www.facebook.com\/pressenza","article_published_time":"2016-10-09T23:05:20+00:00","og_image":[{"width":700,"height":360,"url":"https:\/\/www.pressenza.com\/wp-content\/uploads\/2016\/10\/TERRORISMO.jpg","type":"image\/jpeg"}],"author":"Redacci\u00f3n Chile","twitter_card":"summary_large_image","twitter_creator":"@pressenza","twitter_site":"@PressenzaIPA","twitter_misc":{"Escrito por":"Redacci\u00f3n Chile","Tiempo de lectura":"6 minutos"},"schema":{"@context":"https:\/\/schema.org","@graph":[{"@type":"Article","@id":"https:\/\/www.pressenza.com\/es\/2016\/10\/hasta-cuando-el-terrorismo\/#article","isPartOf":{"@id":"https:\/\/www.pressenza.com\/es\/2016\/10\/hasta-cuando-el-terrorismo\/"},"author":{"name":"Redacci\u00f3n Chile","@id":"https:\/\/www.pressenza.com\/es\/#\/schema\/person\/d7db40df35d6698ba69ba9ee260944ed"},"headline":"\u00bfHasta cu\u00e1ndo el terrorismo?","datePublished":"2016-10-09T23:05:20+00:00","mainEntityOfPage":{"@id":"https:\/\/www.pressenza.com\/es\/2016\/10\/hasta-cuando-el-terrorismo\/"},"wordCount":1204,"publisher":{"@id":"https:\/\/www.pressenza.com\/es\/#organization"},"image":{"@id":"https:\/\/www.pressenza.com\/es\/2016\/10\/hasta-cuando-el-terrorismo\/#primaryimage"},"thumbnailUrl":"https:\/\/www.pressenza.com\/wp-content\/uploads\/2016\/10\/TERRORISMO.jpg","keywords":["intervencionismo","Occidente","pol\u00edticas de seguridad","terrorismo yihadista"],"articleSection":["Contenido Original","Noviolencia","Opiniones","Sudam\u00e9rica"],"inLanguage":"es"},{"@type":"WebPage","@id":"https:\/\/www.pressenza.com\/es\/2016\/10\/hasta-cuando-el-terrorismo\/","url":"https:\/\/www.pressenza.com\/es\/2016\/10\/hasta-cuando-el-terrorismo\/","name":"\u00bfHasta cu\u00e1ndo el terrorismo?","isPartOf":{"@id":"https:\/\/www.pressenza.com\/es\/#website"},"primaryImageOfPage":{"@id":"https:\/\/www.pressenza.com\/es\/2016\/10\/hasta-cuando-el-terrorismo\/#primaryimage"},"image":{"@id":"https:\/\/www.pressenza.com\/es\/2016\/10\/hasta-cuando-el-terrorismo\/#primaryimage"},"thumbnailUrl":"https:\/\/www.pressenza.com\/wp-content\/uploads\/2016\/10\/TERRORISMO.jpg","datePublished":"2016-10-09T23:05:20+00:00","description":"Por Juan G\u00f3mez Valdebenito Se suceden, uno tras otro, los atentados terroristas en el mundo, principalmente en Europa y Estados Unidos, sin que sepamos a","breadcrumb":{"@id":"https:\/\/www.pressenza.com\/es\/2016\/10\/hasta-cuando-el-terrorismo\/#breadcrumb"},"inLanguage":"es","potentialAction":[{"@type":"ReadAction","target":["https:\/\/www.pressenza.com\/es\/2016\/10\/hasta-cuando-el-terrorismo\/"]}]},{"@type":"ImageObject","inLanguage":"es","@id":"https:\/\/www.pressenza.com\/es\/2016\/10\/hasta-cuando-el-terrorismo\/#primaryimage","url":"https:\/\/www.pressenza.com\/wp-content\/uploads\/2016\/10\/TERRORISMO.jpg","contentUrl":"https:\/\/www.pressenza.com\/wp-content\/uploads\/2016\/10\/TERRORISMO.jpg","width":700,"height":360},{"@type":"BreadcrumbList","@id":"https:\/\/www.pressenza.com\/es\/2016\/10\/hasta-cuando-el-terrorismo\/#breadcrumb","itemListElement":[{"@type":"ListItem","position":1,"name":"Accueil","item":"https:\/\/www.pressenza.com\/es\/"},{"@type":"ListItem","position":2,"name":"\u00bfHasta cu\u00e1ndo el terrorismo?"}]},{"@type":"WebSite","@id":"https:\/\/www.pressenza.com\/es\/#website","url":"https:\/\/www.pressenza.com\/es\/","name":"Pressenza","description":"International Press Agency","publisher":{"@id":"https:\/\/www.pressenza.com\/es\/#organization"},"potentialAction":[{"@type":"SearchAction","target":{"@type":"EntryPoint","urlTemplate":"https:\/\/www.pressenza.com\/es\/?s={search_term_string}"},"query-input":{"@type":"PropertyValueSpecification","valueRequired":true,"valueName":"search_term_string"}}],"inLanguage":"es"},{"@type":"Organization","@id":"https:\/\/www.pressenza.com\/es\/#organization","name":"Pressenza","url":"https:\/\/www.pressenza.com\/es\/","logo":{"@type":"ImageObject","inLanguage":"es","@id":"https:\/\/www.pressenza.com\/es\/#\/schema\/logo\/image\/","url":"https:\/\/www.pressenza.com\/wp-content\/uploads\/2022\/10\/pressenza_logo_200x200.jpg","contentUrl":"https:\/\/www.pressenza.com\/wp-content\/uploads\/2022\/10\/pressenza_logo_200x200.jpg","width":200,"height":200,"caption":"Pressenza"},"image":{"@id":"https:\/\/www.pressenza.com\/es\/#\/schema\/logo\/image\/"},"sameAs":["https:\/\/www.facebook.com\/PressenzaItalia","https:\/\/x.com\/PressenzaIPA"]},{"@type":"Person","@id":"https:\/\/www.pressenza.com\/es\/#\/schema\/person\/d7db40df35d6698ba69ba9ee260944ed","name":"Redacci\u00f3n Chile","description":"News from the Pressenza Bureau in Chile","sameAs":["https:\/\/www.facebook.com\/pressenza","https:\/\/x.com\/pressenza"],"url":"https:\/\/www.pressenza.com\/es\/author\/redaccion-chile\/"}]}},"place":"Santiago de Chile","original_article_url":"","_links":{"self":[{"href":"https:\/\/www.pressenza.com\/es\/wp-json\/wp\/v2\/posts\/380775","targetHints":{"allow":["GET"]}}],"collection":[{"href":"https:\/\/www.pressenza.com\/es\/wp-json\/wp\/v2\/posts"}],"about":[{"href":"https:\/\/www.pressenza.com\/es\/wp-json\/wp\/v2\/types\/post"}],"author":[{"embeddable":true,"href":"https:\/\/www.pressenza.com\/es\/wp-json\/wp\/v2\/users\/43"}],"replies":[{"embeddable":true,"href":"https:\/\/www.pressenza.com\/es\/wp-json\/wp\/v2\/comments?post=380775"}],"version-history":[{"count":0,"href":"https:\/\/www.pressenza.com\/es\/wp-json\/wp\/v2\/posts\/380775\/revisions"}],"wp:featuredmedia":[{"embeddable":true,"href":"https:\/\/www.pressenza.com\/es\/wp-json\/wp\/v2\/media\/380778"}],"wp:attachment":[{"href":"https:\/\/www.pressenza.com\/es\/wp-json\/wp\/v2\/media?parent=380775"}],"wp:term":[{"taxonomy":"category","embeddable":true,"href":"https:\/\/www.pressenza.com\/es\/wp-json\/wp\/v2\/categories?post=380775"},{"taxonomy":"post_tag","embeddable":true,"href":"https:\/\/www.pressenza.com\/es\/wp-json\/wp\/v2\/tags?post=380775"}],"curies":[{"name":"wp","href":"https:\/\/api.w.org\/{rel}","templated":true}]}}