{"id":37893,"date":"2013-02-12T18:41:37","date_gmt":"2013-02-12T18:41:37","guid":{"rendered":"http:\/\/www.pressenza.com\/?p=37893"},"modified":"2013-02-14T23:41:28","modified_gmt":"2013-02-14T23:41:28","slug":"el-pp-apoya-la-tramitacion-de-la-iniciativa-ciudadana-sobre-desahucios-y-dacion-en-pago","status":"publish","type":"post","link":"https:\/\/www.pressenza.com\/es\/2013\/02\/el-pp-apoya-la-tramitacion-de-la-iniciativa-ciudadana-sobre-desahucios-y-dacion-en-pago\/","title":{"rendered":"El PP apoya la tramitaci\u00f3n de la iniciativa ciudadana sobre desahucios y daci\u00f3n en pago"},"content":{"rendered":"<div>\n<ul>\n<li>La ILP ha logrado casi mill\u00f3n y medio de firmas de apoyo.<\/li>\n<li>Que haya sido admitida a tr\u00e1mite no implica que sea aprobada.<\/li>\n<li>El PP cambia de idea horas despu\u00e9s de\u00a0<a title=\"Un matrimonio que iba a ser desahuciado de su piso se suicida en Mallorca\" href=\"http:\/\/www.20minutos.es\/noticia\/1728890\/0\/matromonio-jubilados\/suicidio\/desahucio\/\">dos suicidios de Mallorca<\/a>.<\/li>\n<\/ul>\n<\/div>\n<ul>\n<li>20MINUTOS.ES\/AGENCIAS<\/li>\n<\/ul>\n<p>El portavoz del Grupo Popular en el Congreso, Alfonso Alonso, ha anunciado que su formaci\u00f3n finalmente\u00a0<strong>votar\u00e1 a favor en el Congreso<\/strong>\u00a0de la toma en consideraci\u00f3n de la iniciativa legislativa popular para\u00a0<strong>regular la daci\u00f3n en pago y paralizar los desahucios<\/strong>.<\/p>\n<p>Seg\u00fan ha explicado, el presidente del Congreso, Jes\u00fas Posada, se ha comprometido a agilizar lo m\u00e1s posible la tramitaci\u00f3n de esta iniciativa que, una vez ha recabado el apoyo del PP, podr\u00e1 iniciar su recorrido en la C\u00e1mara Baja.\u00a0La Iniciativa Legislativa Popular (ILP) que pide que se paralicen los desahucios por impago de hipotecas se vota este martes en el Congreso. Logr\u00f3\u00a0<strong>la firma y el apoyo de casi mill\u00f3n y medio de espa\u00f1oles<\/strong>.<\/p>\n\n<p>La ILP para la daci\u00f3n en pago retroactiva, la paralizaci\u00f3n de los desahucios y el fomento del alquiler social ha conseguido un total de 1.402.854 firmas de apoyo \u2013<strong>casi el triple del m\u00ednimo exigido para este tipo de iniciativas populares<\/strong>\u2013, seg\u00fan los datos hechos p\u00fablicos por la\u00a0<a title=\"Plataforma Afectados por la Hipoteca\" href=\"http:\/\/afectadosporlahipoteca.wordpress.com\/\" target=\"_blank\">Plataforma de Afectados por las Hipotecas<\/a>\u00a0(PAH).<\/p>\n<p>La plataforma present\u00f3 la iniciativa legislativa el pasado 24 de enero, abogando por la daci\u00f3n en pago retroactivo, la paralizaci\u00f3n de todos los\u00a0<a title=\"M\u00e1s informaci\u00f3n sobre los desahucios\" href=\"http:\/\/www.20minutos.es\/minuteca\/desahucios\/\">desahucios<\/a>\u00a0y la promoci\u00f3n de\u00a0<strong>alquileres sociales de todas las viviendas vac\u00edas<\/strong>\u00a0en manos de los bancos.Izquierda Plural y PNV apoyan el texto, y el PSOE ha anunciado que votar\u00e1 a favor de su tramitaci\u00f3n (aunque discrepa en algunos puntos y en su momento presentar\u00eda enmiendas parciales).Qu\u00e9 propone esta ILPLa Iniciativa Legislativa Popular est\u00e1 promovida por la Plataforma de Afectados por la Hipoteca, CC OO, UGT, la Confederaci\u00f3n de Asociaciones de Vecinos de Catalu\u00f1a, el Observatorio DESC y la Mesa del Tercer Sector Social de Catalu\u00f1a. Su ILP propugna que la entrega de la vivienda \u2014solo en caso de que sea residencia habitual\u2014 a la entidad bancaria sea suficiente para saldar la hipoteca cuando\u00a0<strong>el propietario no pueda pagar por motivos ajenos a su voluntad<\/strong>.<\/p>\n<p>Asimismo, pide la paralizaci\u00f3n de los desahucios forzosos y que las personas\u00a0<strong>afectadas tengan derecho a seguir residiendo en su casa por un periodo de cinco a\u00f1os<\/strong>, pagando como m\u00e1ximo el 30% de sus ingresos mensuales. La iniciativa solicita tambi\u00e9n que la<a title=\"M\u00e1s informaci\u00f3n sobre la daci\u00f3n en pago\" href=\"http:\/\/www.20minutos.es\/minuteca\/dacion-en-pago\/\">daci\u00f3n en pago<\/a>\u00a0tenga efectos retroactivos, de forma que se condone la deuda a las miles de familias que ya se han visto obligadas a entregar su piso a los bancos por impago de sus hipotecas.<\/p>\n<p>En total, el\u00a0<strong>casi mill\u00f3n y medio de firmas a favor de la daci\u00f3n en pago ha llegado desde todas las comunidades aut\u00f3nomas<\/strong>. En Catalu\u00f1a es donde m\u00e1s firmas se han conseguido, con 393.135, seguida por Madrid (246.932), Comunidad Valenciana (180.541), Andaluc\u00eda (160.929), Pa\u00eds Vasco (73.786), Murcia (48.268), Castilla y Le\u00f3n (47.234), Asturias (41.254), Arag\u00f3n (35.140), Galicia (30.283), Castilla-La Mancha (26.739), Canarias (25.034), Islas Baleares (24.220), Navarra (21.159), La Rioja (19.099), Extremadura (17.032), Cantabria (10.304) y Ceuta y Melilla (884). 882 r\u00fabricas m\u00e1s han llegando \u2018on line\u2019.<\/p>\n<p><a href=\"http:\/\/www.luzdelevante.com\/?p=46031\"><strong><em>Publicado originalmente en Luz de Levante<\/em><\/strong><\/a><\/p>\n","protected":false},"excerpt":{"rendered":"<p>La ILP ha logrado casi mill\u00f3n y medio de firmas de apoyo. Que haya sido admitida a tr\u00e1mite no implica que sea aprobada. El PP cambia de idea horas despu\u00e9s de\u00a0dos suicidios de Mallorca. 20MINUTOS.ES\/AGENCIAS El portavoz del Grupo Popular&hellip;<\/p>\n","protected":false},"author":19,"featured_media":38082,"comment_status":"closed","ping_status":"open","sticky":false,"template":"","format":"standard","meta":{"footnotes":""},"categories":[66,74],"tags":[355,696,1161,1398,631],"class_list":["post-37893","post","type-post","status-publish","format-standard","has-post-thumbnail","hentry","category-europa-es","category-politica-es","tag-crisis-es","tag-democracia","tag-desahucios","tag-estado-espanol","tag-violencia-economica"],"yoast_head":"<!-- This site is optimized with the Yoast SEO plugin v27.1.1 - https:\/\/yoast.com\/product\/yoast-seo-wordpress\/ -->\n<title>El PP apoya la tramitaci\u00f3n de la iniciativa ciudadana sobre desahucios y daci\u00f3n en pago<\/title>\n<meta name=\"description\" content=\"La ILP ha logrado casi mill\u00f3n y medio de firmas de apoyo. Que haya sido admitida a tr\u00e1mite no implica que sea aprobada. El PP cambia de idea horas despu\u00e9s\" \/>\n<meta name=\"robots\" content=\"index, follow, max-snippet:-1, max-image-preview:large, max-video-preview:-1\" \/>\n<link rel=\"canonical\" href=\"https:\/\/www.pressenza.com\/es\/2013\/02\/el-pp-apoya-la-tramitacion-de-la-iniciativa-ciudadana-sobre-desahucios-y-dacion-en-pago\/\" \/>\n<meta property=\"og:locale\" content=\"es_ES\" \/>\n<meta property=\"og:type\" content=\"article\" \/>\n<meta property=\"og:title\" content=\"El PP apoya la tramitaci\u00f3n de la iniciativa ciudadana sobre desahucios y daci\u00f3n en pago\" \/>\n<meta property=\"og:description\" content=\"La ILP ha logrado casi mill\u00f3n y medio de firmas de apoyo. Que haya sido admitida a tr\u00e1mite no implica que sea aprobada. El PP cambia de idea horas despu\u00e9s\" \/>\n<meta property=\"og:url\" content=\"https:\/\/www.pressenza.com\/es\/2013\/02\/el-pp-apoya-la-tramitacion-de-la-iniciativa-ciudadana-sobre-desahucios-y-dacion-en-pago\/\" \/>\n<meta property=\"og:site_name\" content=\"Pressenza\" \/>\n<meta property=\"article:publisher\" content=\"https:\/\/www.facebook.com\/PressenzaItalia\" \/>\n<meta property=\"article:author\" content=\"https:\/\/www.facebook.com\/pressenza\" \/>\n<meta property=\"article:published_time\" content=\"2013-02-12T18:41:37+00:00\" \/>\n<meta property=\"article:modified_time\" content=\"2013-02-14T23:41:28+00:00\" \/>\n<meta property=\"og:image\" content=\"https:\/\/www.pressenza.com\/wp-content\/uploads\/2013\/02\/PP-ESPA\u00d1OL.jpg\" \/>\n\t<meta property=\"og:image:width\" content=\"600\" \/>\n\t<meta property=\"og:image:height\" content=\"338\" \/>\n\t<meta property=\"og:image:type\" content=\"image\/jpeg\" \/>\n<meta name=\"author\" content=\"Pressenza IPA\" \/>\n<meta name=\"twitter:card\" content=\"summary_large_image\" \/>\n<meta name=\"twitter:creator\" content=\"@PressenzaIPA\" \/>\n<meta name=\"twitter:site\" content=\"@PressenzaIPA\" \/>\n<meta name=\"twitter:label1\" content=\"Escrito por\" \/>\n\t<meta name=\"twitter:data1\" content=\"Pressenza IPA\" \/>\n\t<meta name=\"twitter:label2\" content=\"Tiempo de lectura\" \/>\n\t<meta name=\"twitter:data2\" content=\"3 minutos\" \/>\n<script type=\"application\/ld+json\" class=\"yoast-schema-graph\">{\"@context\":\"https:\/\/schema.org\",\"@graph\":[{\"@type\":\"Article\",\"@id\":\"https:\/\/www.pressenza.com\/es\/2013\/02\/el-pp-apoya-la-tramitacion-de-la-iniciativa-ciudadana-sobre-desahucios-y-dacion-en-pago\/#article\",\"isPartOf\":{\"@id\":\"https:\/\/www.pressenza.com\/es\/2013\/02\/el-pp-apoya-la-tramitacion-de-la-iniciativa-ciudadana-sobre-desahucios-y-dacion-en-pago\/\"},\"author\":{\"name\":\"Pressenza IPA\",\"@id\":\"https:\/\/www.pressenza.com\/es\/#\/schema\/person\/010e5d02bcf40965427a1289a4cc8d75\"},\"headline\":\"El PP apoya la tramitaci\u00f3n de la iniciativa ciudadana sobre desahucios y daci\u00f3n en pago\",\"datePublished\":\"2013-02-12T18:41:37+00:00\",\"dateModified\":\"2013-02-14T23:41:28+00:00\",\"mainEntityOfPage\":{\"@id\":\"https:\/\/www.pressenza.com\/es\/2013\/02\/el-pp-apoya-la-tramitacion-de-la-iniciativa-ciudadana-sobre-desahucios-y-dacion-en-pago\/\"},\"wordCount\":574,\"publisher\":{\"@id\":\"https:\/\/www.pressenza.com\/es\/#organization\"},\"image\":{\"@id\":\"https:\/\/www.pressenza.com\/es\/2013\/02\/el-pp-apoya-la-tramitacion-de-la-iniciativa-ciudadana-sobre-desahucios-y-dacion-en-pago\/#primaryimage\"},\"thumbnailUrl\":\"https:\/\/www.pressenza.com\/wp-content\/uploads\/2013\/02\/PP-ESPA\u00d1OL.jpg\",\"keywords\":[\"crisis\",\"Democracia\",\"desahucios\",\"Estado espa\u00f1ol\",\"Violencia econ\u00f3mica\"],\"articleSection\":[\"Europa\",\"Pol\u00edtica\"],\"inLanguage\":\"es\"},{\"@type\":\"WebPage\",\"@id\":\"https:\/\/www.pressenza.com\/es\/2013\/02\/el-pp-apoya-la-tramitacion-de-la-iniciativa-ciudadana-sobre-desahucios-y-dacion-en-pago\/\",\"url\":\"https:\/\/www.pressenza.com\/es\/2013\/02\/el-pp-apoya-la-tramitacion-de-la-iniciativa-ciudadana-sobre-desahucios-y-dacion-en-pago\/\",\"name\":\"El PP apoya la tramitaci\u00f3n de la iniciativa ciudadana sobre desahucios y daci\u00f3n en pago\",\"isPartOf\":{\"@id\":\"https:\/\/www.pressenza.com\/es\/#website\"},\"primaryImageOfPage\":{\"@id\":\"https:\/\/www.pressenza.com\/es\/2013\/02\/el-pp-apoya-la-tramitacion-de-la-iniciativa-ciudadana-sobre-desahucios-y-dacion-en-pago\/#primaryimage\"},\"image\":{\"@id\":\"https:\/\/www.pressenza.com\/es\/2013\/02\/el-pp-apoya-la-tramitacion-de-la-iniciativa-ciudadana-sobre-desahucios-y-dacion-en-pago\/#primaryimage\"},\"thumbnailUrl\":\"https:\/\/www.pressenza.com\/wp-content\/uploads\/2013\/02\/PP-ESPA\u00d1OL.jpg\",\"datePublished\":\"2013-02-12T18:41:37+00:00\",\"dateModified\":\"2013-02-14T23:41:28+00:00\",\"description\":\"La ILP ha logrado casi mill\u00f3n y medio de firmas de apoyo. Que haya sido admitida a tr\u00e1mite no implica que sea aprobada. El PP cambia de idea horas despu\u00e9s\",\"breadcrumb\":{\"@id\":\"https:\/\/www.pressenza.com\/es\/2013\/02\/el-pp-apoya-la-tramitacion-de-la-iniciativa-ciudadana-sobre-desahucios-y-dacion-en-pago\/#breadcrumb\"},\"inLanguage\":\"es\",\"potentialAction\":[{\"@type\":\"ReadAction\",\"target\":[\"https:\/\/www.pressenza.com\/es\/2013\/02\/el-pp-apoya-la-tramitacion-de-la-iniciativa-ciudadana-sobre-desahucios-y-dacion-en-pago\/\"]}]},{\"@type\":\"ImageObject\",\"inLanguage\":\"es\",\"@id\":\"https:\/\/www.pressenza.com\/es\/2013\/02\/el-pp-apoya-la-tramitacion-de-la-iniciativa-ciudadana-sobre-desahucios-y-dacion-en-pago\/#primaryimage\",\"url\":\"https:\/\/www.pressenza.com\/wp-content\/uploads\/2013\/02\/PP-ESPA\u00d1OL.jpg\",\"contentUrl\":\"https:\/\/www.pressenza.com\/wp-content\/uploads\/2013\/02\/PP-ESPA\u00d1OL.jpg\",\"width\":\"600\",\"height\":\"338\"},{\"@type\":\"BreadcrumbList\",\"@id\":\"https:\/\/www.pressenza.com\/es\/2013\/02\/el-pp-apoya-la-tramitacion-de-la-iniciativa-ciudadana-sobre-desahucios-y-dacion-en-pago\/#breadcrumb\",\"itemListElement\":[{\"@type\":\"ListItem\",\"position\":1,\"name\":\"Accueil\",\"item\":\"https:\/\/www.pressenza.com\/es\/\"},{\"@type\":\"ListItem\",\"position\":2,\"name\":\"El PP apoya la tramitaci\u00f3n de la iniciativa ciudadana sobre desahucios y daci\u00f3n en pago\"}]},{\"@type\":\"WebSite\",\"@id\":\"https:\/\/www.pressenza.com\/es\/#website\",\"url\":\"https:\/\/www.pressenza.com\/es\/\",\"name\":\"Pressenza\",\"description\":\"International Press Agency\",\"publisher\":{\"@id\":\"https:\/\/www.pressenza.com\/es\/#organization\"},\"potentialAction\":[{\"@type\":\"SearchAction\",\"target\":{\"@type\":\"EntryPoint\",\"urlTemplate\":\"https:\/\/www.pressenza.com\/es\/?s={search_term_string}\"},\"query-input\":{\"@type\":\"PropertyValueSpecification\",\"valueRequired\":true,\"valueName\":\"search_term_string\"}}],\"inLanguage\":\"es\"},{\"@type\":\"Organization\",\"@id\":\"https:\/\/www.pressenza.com\/es\/#organization\",\"name\":\"Pressenza\",\"url\":\"https:\/\/www.pressenza.com\/es\/\",\"logo\":{\"@type\":\"ImageObject\",\"inLanguage\":\"es\",\"@id\":\"https:\/\/www.pressenza.com\/es\/#\/schema\/logo\/image\/\",\"url\":\"https:\/\/www.pressenza.com\/wp-content\/uploads\/2022\/10\/pressenza_logo_200x200.jpg\",\"contentUrl\":\"https:\/\/www.pressenza.com\/wp-content\/uploads\/2022\/10\/pressenza_logo_200x200.jpg\",\"width\":200,\"height\":200,\"caption\":\"Pressenza\"},\"image\":{\"@id\":\"https:\/\/www.pressenza.com\/es\/#\/schema\/logo\/image\/\"},\"sameAs\":[\"https:\/\/www.facebook.com\/PressenzaItalia\",\"https:\/\/x.com\/PressenzaIPA\"]},{\"@type\":\"Person\",\"@id\":\"https:\/\/www.pressenza.com\/es\/#\/schema\/person\/010e5d02bcf40965427a1289a4cc8d75\",\"name\":\"Pressenza IPA\",\"description\":\"News from Pressenza IPA correspondents\",\"sameAs\":[\"https:\/\/www.facebook.com\/pressenza\",\"https:\/\/x.com\/PressenzaIPA\"],\"url\":\"https:\/\/www.pressenza.com\/es\/author\/pressenza-ipa\/\"}]}<\/script>\n<!-- \/ Yoast SEO plugin. -->","yoast_head_json":{"title":"El PP apoya la tramitaci\u00f3n de la iniciativa ciudadana sobre desahucios y daci\u00f3n en pago","description":"La ILP ha logrado casi mill\u00f3n y medio de firmas de apoyo. Que haya sido admitida a tr\u00e1mite no implica que sea aprobada. El PP cambia de idea horas despu\u00e9s","robots":{"index":"index","follow":"follow","max-snippet":"max-snippet:-1","max-image-preview":"max-image-preview:large","max-video-preview":"max-video-preview:-1"},"canonical":"https:\/\/www.pressenza.com\/es\/2013\/02\/el-pp-apoya-la-tramitacion-de-la-iniciativa-ciudadana-sobre-desahucios-y-dacion-en-pago\/","og_locale":"es_ES","og_type":"article","og_title":"El PP apoya la tramitaci\u00f3n de la iniciativa ciudadana sobre desahucios y daci\u00f3n en pago","og_description":"La ILP ha logrado casi mill\u00f3n y medio de firmas de apoyo. Que haya sido admitida a tr\u00e1mite no implica que sea aprobada. El PP cambia de idea horas despu\u00e9s","og_url":"https:\/\/www.pressenza.com\/es\/2013\/02\/el-pp-apoya-la-tramitacion-de-la-iniciativa-ciudadana-sobre-desahucios-y-dacion-en-pago\/","og_site_name":"Pressenza","article_publisher":"https:\/\/www.facebook.com\/PressenzaItalia","article_author":"https:\/\/www.facebook.com\/pressenza","article_published_time":"2013-02-12T18:41:37+00:00","article_modified_time":"2013-02-14T23:41:28+00:00","og_image":[{"width":600,"height":338,"url":"https:\/\/www.pressenza.com\/wp-content\/uploads\/2013\/02\/PP-ESPA\u00d1OL.jpg","type":"image\/jpeg"}],"author":"Pressenza IPA","twitter_card":"summary_large_image","twitter_creator":"@PressenzaIPA","twitter_site":"@PressenzaIPA","twitter_misc":{"Escrito por":"Pressenza IPA","Tiempo de lectura":"3 minutos"},"schema":{"@context":"https:\/\/schema.org","@graph":[{"@type":"Article","@id":"https:\/\/www.pressenza.com\/es\/2013\/02\/el-pp-apoya-la-tramitacion-de-la-iniciativa-ciudadana-sobre-desahucios-y-dacion-en-pago\/#article","isPartOf":{"@id":"https:\/\/www.pressenza.com\/es\/2013\/02\/el-pp-apoya-la-tramitacion-de-la-iniciativa-ciudadana-sobre-desahucios-y-dacion-en-pago\/"},"author":{"name":"Pressenza IPA","@id":"https:\/\/www.pressenza.com\/es\/#\/schema\/person\/010e5d02bcf40965427a1289a4cc8d75"},"headline":"El PP apoya la tramitaci\u00f3n de la iniciativa ciudadana sobre desahucios y daci\u00f3n en pago","datePublished":"2013-02-12T18:41:37+00:00","dateModified":"2013-02-14T23:41:28+00:00","mainEntityOfPage":{"@id":"https:\/\/www.pressenza.com\/es\/2013\/02\/el-pp-apoya-la-tramitacion-de-la-iniciativa-ciudadana-sobre-desahucios-y-dacion-en-pago\/"},"wordCount":574,"publisher":{"@id":"https:\/\/www.pressenza.com\/es\/#organization"},"image":{"@id":"https:\/\/www.pressenza.com\/es\/2013\/02\/el-pp-apoya-la-tramitacion-de-la-iniciativa-ciudadana-sobre-desahucios-y-dacion-en-pago\/#primaryimage"},"thumbnailUrl":"https:\/\/www.pressenza.com\/wp-content\/uploads\/2013\/02\/PP-ESPA\u00d1OL.jpg","keywords":["crisis","Democracia","desahucios","Estado espa\u00f1ol","Violencia econ\u00f3mica"],"articleSection":["Europa","Pol\u00edtica"],"inLanguage":"es"},{"@type":"WebPage","@id":"https:\/\/www.pressenza.com\/es\/2013\/02\/el-pp-apoya-la-tramitacion-de-la-iniciativa-ciudadana-sobre-desahucios-y-dacion-en-pago\/","url":"https:\/\/www.pressenza.com\/es\/2013\/02\/el-pp-apoya-la-tramitacion-de-la-iniciativa-ciudadana-sobre-desahucios-y-dacion-en-pago\/","name":"El PP apoya la tramitaci\u00f3n de la iniciativa ciudadana sobre desahucios y daci\u00f3n en pago","isPartOf":{"@id":"https:\/\/www.pressenza.com\/es\/#website"},"primaryImageOfPage":{"@id":"https:\/\/www.pressenza.com\/es\/2013\/02\/el-pp-apoya-la-tramitacion-de-la-iniciativa-ciudadana-sobre-desahucios-y-dacion-en-pago\/#primaryimage"},"image":{"@id":"https:\/\/www.pressenza.com\/es\/2013\/02\/el-pp-apoya-la-tramitacion-de-la-iniciativa-ciudadana-sobre-desahucios-y-dacion-en-pago\/#primaryimage"},"thumbnailUrl":"https:\/\/www.pressenza.com\/wp-content\/uploads\/2013\/02\/PP-ESPA\u00d1OL.jpg","datePublished":"2013-02-12T18:41:37+00:00","dateModified":"2013-02-14T23:41:28+00:00","description":"La ILP ha logrado casi mill\u00f3n y medio de firmas de apoyo. Que haya sido admitida a tr\u00e1mite no implica que sea aprobada. El PP cambia de idea horas despu\u00e9s","breadcrumb":{"@id":"https:\/\/www.pressenza.com\/es\/2013\/02\/el-pp-apoya-la-tramitacion-de-la-iniciativa-ciudadana-sobre-desahucios-y-dacion-en-pago\/#breadcrumb"},"inLanguage":"es","potentialAction":[{"@type":"ReadAction","target":["https:\/\/www.pressenza.com\/es\/2013\/02\/el-pp-apoya-la-tramitacion-de-la-iniciativa-ciudadana-sobre-desahucios-y-dacion-en-pago\/"]}]},{"@type":"ImageObject","inLanguage":"es","@id":"https:\/\/www.pressenza.com\/es\/2013\/02\/el-pp-apoya-la-tramitacion-de-la-iniciativa-ciudadana-sobre-desahucios-y-dacion-en-pago\/#primaryimage","url":"https:\/\/www.pressenza.com\/wp-content\/uploads\/2013\/02\/PP-ESPA\u00d1OL.jpg","contentUrl":"https:\/\/www.pressenza.com\/wp-content\/uploads\/2013\/02\/PP-ESPA\u00d1OL.jpg","width":"600","height":"338"},{"@type":"BreadcrumbList","@id":"https:\/\/www.pressenza.com\/es\/2013\/02\/el-pp-apoya-la-tramitacion-de-la-iniciativa-ciudadana-sobre-desahucios-y-dacion-en-pago\/#breadcrumb","itemListElement":[{"@type":"ListItem","position":1,"name":"Accueil","item":"https:\/\/www.pressenza.com\/es\/"},{"@type":"ListItem","position":2,"name":"El PP apoya la tramitaci\u00f3n de la iniciativa ciudadana sobre desahucios y daci\u00f3n en pago"}]},{"@type":"WebSite","@id":"https:\/\/www.pressenza.com\/es\/#website","url":"https:\/\/www.pressenza.com\/es\/","name":"Pressenza","description":"International Press Agency","publisher":{"@id":"https:\/\/www.pressenza.com\/es\/#organization"},"potentialAction":[{"@type":"SearchAction","target":{"@type":"EntryPoint","urlTemplate":"https:\/\/www.pressenza.com\/es\/?s={search_term_string}"},"query-input":{"@type":"PropertyValueSpecification","valueRequired":true,"valueName":"search_term_string"}}],"inLanguage":"es"},{"@type":"Organization","@id":"https:\/\/www.pressenza.com\/es\/#organization","name":"Pressenza","url":"https:\/\/www.pressenza.com\/es\/","logo":{"@type":"ImageObject","inLanguage":"es","@id":"https:\/\/www.pressenza.com\/es\/#\/schema\/logo\/image\/","url":"https:\/\/www.pressenza.com\/wp-content\/uploads\/2022\/10\/pressenza_logo_200x200.jpg","contentUrl":"https:\/\/www.pressenza.com\/wp-content\/uploads\/2022\/10\/pressenza_logo_200x200.jpg","width":200,"height":200,"caption":"Pressenza"},"image":{"@id":"https:\/\/www.pressenza.com\/es\/#\/schema\/logo\/image\/"},"sameAs":["https:\/\/www.facebook.com\/PressenzaItalia","https:\/\/x.com\/PressenzaIPA"]},{"@type":"Person","@id":"https:\/\/www.pressenza.com\/es\/#\/schema\/person\/010e5d02bcf40965427a1289a4cc8d75","name":"Pressenza IPA","description":"News from Pressenza IPA correspondents","sameAs":["https:\/\/www.facebook.com\/pressenza","https:\/\/x.com\/PressenzaIPA"],"url":"https:\/\/www.pressenza.com\/es\/author\/pressenza-ipa\/"}]}},"place":"Madrid","original_article_url":"","_links":{"self":[{"href":"https:\/\/www.pressenza.com\/es\/wp-json\/wp\/v2\/posts\/37893","targetHints":{"allow":["GET"]}}],"collection":[{"href":"https:\/\/www.pressenza.com\/es\/wp-json\/wp\/v2\/posts"}],"about":[{"href":"https:\/\/www.pressenza.com\/es\/wp-json\/wp\/v2\/types\/post"}],"author":[{"embeddable":true,"href":"https:\/\/www.pressenza.com\/es\/wp-json\/wp\/v2\/users\/19"}],"replies":[{"embeddable":true,"href":"https:\/\/www.pressenza.com\/es\/wp-json\/wp\/v2\/comments?post=37893"}],"version-history":[{"count":0,"href":"https:\/\/www.pressenza.com\/es\/wp-json\/wp\/v2\/posts\/37893\/revisions"}],"wp:featuredmedia":[{"embeddable":true,"href":"https:\/\/www.pressenza.com\/es\/wp-json\/wp\/v2\/media\/38082"}],"wp:attachment":[{"href":"https:\/\/www.pressenza.com\/es\/wp-json\/wp\/v2\/media?parent=37893"}],"wp:term":[{"taxonomy":"category","embeddable":true,"href":"https:\/\/www.pressenza.com\/es\/wp-json\/wp\/v2\/categories?post=37893"},{"taxonomy":"post_tag","embeddable":true,"href":"https:\/\/www.pressenza.com\/es\/wp-json\/wp\/v2\/tags?post=37893"}],"curies":[{"name":"wp","href":"https:\/\/api.w.org\/{rel}","templated":true}]}}