{"id":378297,"date":"2016-10-06T20:49:18","date_gmt":"2016-10-06T19:49:18","guid":{"rendered":"http:\/\/www.pressenza.com\/es\/?p=378297"},"modified":"2016-10-06T20:49:18","modified_gmt":"2016-10-06T19:49:18","slug":"redes-sociales-guasapazo-telesur","status":"publish","type":"post","link":"https:\/\/www.pressenza.com\/es\/2016\/10\/redes-sociales-guasapazo-telesur\/","title":{"rendered":"Redes Sociales: el \u201cguasapazo\u201d por Telesur"},"content":{"rendered":"<div>Una original iniciativa se desarroll\u00f3 en el d\u00eda de ayer, 5 de Octubre, a trav\u00e9s de la aplicaci\u00f3n Whatsapp, y que tuvo como hashtag la consigna #TelesuNoSeVa. Iniciado desde Facebook y Twitter fundamentalmente, circul\u00f3 y se reprodujo miles y miles de veces un mensaje que convocaba a sus participantes a apoyar a la se\u00f1al latinoamericana y caribe\u00f1a Telesur.<\/div>\n<div>Es que meses atr\u00e1s el presidente Mauricio Macri anunci\u00f3 que el estado Argentino iniciaba el tr\u00e1mite para abandonar la cadena Telesur a la que pertenc\u00eda, y que implicar\u00eda tambi\u00e9n dejar de emitir la misma en la plataforma de Televisi\u00f3n Digital abierta conocida como TDA.<\/div>\n<div>As\u00ed mismo y a comienzos de septiembre, el Diputado Guillermo Carmona del FPV Mendoza junto a otros legisladores, impuls\u00f3 un proyecto de ley para que la se\u00f1al fuera declarada \u201ccanal p\u00fablico y de ese modo, conseguir su restituci\u00f3n a la grilla de canales de la TDA.<br \/>\nEl mensaje en cuesti\u00f3n, que recorri\u00f3 los dispositivos de miles y miles de usuarios de la aplicaci\u00f3n Whatsapp fue el siguiente:<\/div>\n<div>Guasapazo #TelesurNoSeVa Si nos quedamos quietos Macri va a eliminar a todos los medios que muestran sus actos de gobierno.<\/div>\n<div>En un claro acto de censura ya sac\u00f3 a Telesur de la TDA y pretende sacar a la Argentina de esa se\u00f1al multiestatal. Sumate a la campa\u00f1a #TelesurNoSeVa<\/div>\n<div>No cortes esta cadena.<\/div>\n<div>Envia este whatsapp a 10 amigos en los pr\u00f3ximos 5 minutos alrededor del mundo. www.facepopular.net\/telesurnoseva<\/div>\n<div>www.facebook.com\/telesurnoseva<\/div>\n<div>tweeter: @telesurnoseva<\/p>\n<\/div>\n","protected":false},"excerpt":{"rendered":"<p>Una original iniciativa se desarroll\u00f3 en el d\u00eda de ayer, 5 de Octubre, a trav\u00e9s de la aplicaci\u00f3n Whatsapp, y que tuvo como hashtag la consigna #TelesuNoSeVa. Iniciado desde Facebook y Twitter fundamentalmente, circul\u00f3 y se reprodujo miles y miles&hellip;<\/p>\n","protected":false},"author":1352,"featured_media":378298,"comment_status":"closed","ping_status":"closed","sticky":false,"template":"","format":"standard","meta":{"footnotes":""},"categories":[75,67],"tags":[26,934,774,523,3117,6117,31293],"class_list":["post-378297","post","type-post","status-publish","format-standard","has-post-thumbnail","hentry","category-cultura-es","category-sudamerica","tag-argentina","tag-campana","tag-censura","tag-medios-de-comunicacion","tag-redes-sociales","tag-telesur","tag-telesurnoseva"],"yoast_head":"<!-- This site is optimized with the Yoast SEO plugin v27.1.1 - https:\/\/yoast.com\/product\/yoast-seo-wordpress\/ -->\n<title>Redes Sociales: el \u201cguasapazo\u201d por Telesur<\/title>\n<meta name=\"description\" content=\"Una original iniciativa se desarroll\u00f3 en el d\u00eda de ayer, 5 de Octubre, a trav\u00e9s de la aplicaci\u00f3n Whatsapp, y que tuvo como hashtag la consigna\" \/>\n<meta name=\"robots\" content=\"index, follow, max-snippet:-1, max-image-preview:large, max-video-preview:-1\" \/>\n<link rel=\"canonical\" href=\"https:\/\/www.pressenza.com\/es\/2016\/10\/redes-sociales-guasapazo-telesur\/\" \/>\n<meta property=\"og:locale\" content=\"es_ES\" \/>\n<meta property=\"og:type\" content=\"article\" \/>\n<meta property=\"og:title\" content=\"Redes Sociales: el \u201cguasapazo\u201d por Telesur\" \/>\n<meta property=\"og:description\" content=\"Una original iniciativa se desarroll\u00f3 en el d\u00eda de ayer, 5 de Octubre, a trav\u00e9s de la aplicaci\u00f3n Whatsapp, y que tuvo como hashtag la consigna\" \/>\n<meta property=\"og:url\" content=\"https:\/\/www.pressenza.com\/es\/2016\/10\/redes-sociales-guasapazo-telesur\/\" \/>\n<meta property=\"og:site_name\" content=\"Pressenza\" \/>\n<meta property=\"article:publisher\" content=\"https:\/\/www.facebook.com\/PressenzaItalia\" \/>\n<meta property=\"article:published_time\" content=\"2016-10-06T19:49:18+00:00\" \/>\n<meta property=\"og:image\" content=\"https:\/\/www.pressenza.com\/wp-content\/uploads\/2016\/10\/TelesurNoSeVa-300x231.jpg\" \/>\n\t<meta property=\"og:image:width\" content=\"300\" \/>\n\t<meta property=\"og:image:height\" content=\"231\" \/>\n\t<meta property=\"og:image:type\" content=\"image\/jpeg\" \/>\n<meta name=\"author\" content=\"P\u00e1gina Popular\" \/>\n<meta name=\"twitter:card\" content=\"summary_large_image\" \/>\n<meta name=\"twitter:creator\" content=\"@PressenzaIPA\" \/>\n<meta name=\"twitter:site\" content=\"@PressenzaIPA\" \/>\n<meta name=\"twitter:label1\" content=\"Escrito por\" \/>\n\t<meta name=\"twitter:data1\" content=\"P\u00e1gina Popular\" \/>\n\t<meta name=\"twitter:label2\" content=\"Tiempo de lectura\" \/>\n\t<meta name=\"twitter:data2\" content=\"1 minuto\" \/>\n<script type=\"application\/ld+json\" class=\"yoast-schema-graph\">{\"@context\":\"https:\/\/schema.org\",\"@graph\":[{\"@type\":\"Article\",\"@id\":\"https:\/\/www.pressenza.com\/es\/2016\/10\/redes-sociales-guasapazo-telesur\/#article\",\"isPartOf\":{\"@id\":\"https:\/\/www.pressenza.com\/es\/2016\/10\/redes-sociales-guasapazo-telesur\/\"},\"author\":{\"name\":\"P\u00e1gina Popular\",\"@id\":\"https:\/\/www.pressenza.com\/es\/#\/schema\/person\/424c6f783707bed01a4ebcfd76fcfcdc\"},\"headline\":\"Redes Sociales: el \u201cguasapazo\u201d por Telesur\",\"datePublished\":\"2016-10-06T19:49:18+00:00\",\"mainEntityOfPage\":{\"@id\":\"https:\/\/www.pressenza.com\/es\/2016\/10\/redes-sociales-guasapazo-telesur\/\"},\"wordCount\":267,\"publisher\":{\"@id\":\"https:\/\/www.pressenza.com\/es\/#organization\"},\"image\":{\"@id\":\"https:\/\/www.pressenza.com\/es\/2016\/10\/redes-sociales-guasapazo-telesur\/#primaryimage\"},\"thumbnailUrl\":\"https:\/\/www.pressenza.com\/wp-content\/uploads\/2016\/10\/TelesurNoSeVa-300x231.jpg\",\"keywords\":[\"Argentina\",\"campa\u00f1a\",\"censura\",\"medios de comunicaci\u00f3n\",\"redes sociales\",\"telesur\",\"Telesurnoseva\"],\"articleSection\":[\"Cultura y Medios\",\"Sudam\u00e9rica\"],\"inLanguage\":\"es\"},{\"@type\":\"WebPage\",\"@id\":\"https:\/\/www.pressenza.com\/es\/2016\/10\/redes-sociales-guasapazo-telesur\/\",\"url\":\"https:\/\/www.pressenza.com\/es\/2016\/10\/redes-sociales-guasapazo-telesur\/\",\"name\":\"Redes Sociales: el \u201cguasapazo\u201d por Telesur\",\"isPartOf\":{\"@id\":\"https:\/\/www.pressenza.com\/es\/#website\"},\"primaryImageOfPage\":{\"@id\":\"https:\/\/www.pressenza.com\/es\/2016\/10\/redes-sociales-guasapazo-telesur\/#primaryimage\"},\"image\":{\"@id\":\"https:\/\/www.pressenza.com\/es\/2016\/10\/redes-sociales-guasapazo-telesur\/#primaryimage\"},\"thumbnailUrl\":\"https:\/\/www.pressenza.com\/wp-content\/uploads\/2016\/10\/TelesurNoSeVa-300x231.jpg\",\"datePublished\":\"2016-10-06T19:49:18+00:00\",\"description\":\"Una original iniciativa se desarroll\u00f3 en el d\u00eda de ayer, 5 de Octubre, a trav\u00e9s de la aplicaci\u00f3n Whatsapp, y que tuvo como hashtag la consigna\",\"breadcrumb\":{\"@id\":\"https:\/\/www.pressenza.com\/es\/2016\/10\/redes-sociales-guasapazo-telesur\/#breadcrumb\"},\"inLanguage\":\"es\",\"potentialAction\":[{\"@type\":\"ReadAction\",\"target\":[\"https:\/\/www.pressenza.com\/es\/2016\/10\/redes-sociales-guasapazo-telesur\/\"]}]},{\"@type\":\"ImageObject\",\"inLanguage\":\"es\",\"@id\":\"https:\/\/www.pressenza.com\/es\/2016\/10\/redes-sociales-guasapazo-telesur\/#primaryimage\",\"url\":\"https:\/\/www.pressenza.com\/wp-content\/uploads\/2016\/10\/TelesurNoSeVa-300x231.jpg\",\"contentUrl\":\"https:\/\/www.pressenza.com\/wp-content\/uploads\/2016\/10\/TelesurNoSeVa-300x231.jpg\",\"width\":300,\"height\":231},{\"@type\":\"BreadcrumbList\",\"@id\":\"https:\/\/www.pressenza.com\/es\/2016\/10\/redes-sociales-guasapazo-telesur\/#breadcrumb\",\"itemListElement\":[{\"@type\":\"ListItem\",\"position\":1,\"name\":\"Accueil\",\"item\":\"https:\/\/www.pressenza.com\/es\/\"},{\"@type\":\"ListItem\",\"position\":2,\"name\":\"Redes Sociales: el \u201cguasapazo\u201d por Telesur\"}]},{\"@type\":\"WebSite\",\"@id\":\"https:\/\/www.pressenza.com\/es\/#website\",\"url\":\"https:\/\/www.pressenza.com\/es\/\",\"name\":\"Pressenza\",\"description\":\"International Press Agency\",\"publisher\":{\"@id\":\"https:\/\/www.pressenza.com\/es\/#organization\"},\"potentialAction\":[{\"@type\":\"SearchAction\",\"target\":{\"@type\":\"EntryPoint\",\"urlTemplate\":\"https:\/\/www.pressenza.com\/es\/?s={search_term_string}\"},\"query-input\":{\"@type\":\"PropertyValueSpecification\",\"valueRequired\":true,\"valueName\":\"search_term_string\"}}],\"inLanguage\":\"es\"},{\"@type\":\"Organization\",\"@id\":\"https:\/\/www.pressenza.com\/es\/#organization\",\"name\":\"Pressenza\",\"url\":\"https:\/\/www.pressenza.com\/es\/\",\"logo\":{\"@type\":\"ImageObject\",\"inLanguage\":\"es\",\"@id\":\"https:\/\/www.pressenza.com\/es\/#\/schema\/logo\/image\/\",\"url\":\"https:\/\/www.pressenza.com\/wp-content\/uploads\/2022\/10\/pressenza_logo_200x200.jpg\",\"contentUrl\":\"https:\/\/www.pressenza.com\/wp-content\/uploads\/2022\/10\/pressenza_logo_200x200.jpg\",\"width\":200,\"height\":200,\"caption\":\"Pressenza\"},\"image\":{\"@id\":\"https:\/\/www.pressenza.com\/es\/#\/schema\/logo\/image\/\"},\"sameAs\":[\"https:\/\/www.facebook.com\/PressenzaItalia\",\"https:\/\/x.com\/PressenzaIPA\"]},{\"@type\":\"Person\",\"@id\":\"https:\/\/www.pressenza.com\/es\/#\/schema\/person\/424c6f783707bed01a4ebcfd76fcfcdc\",\"name\":\"P\u00e1gina Popular\",\"url\":\"https:\/\/www.pressenza.com\/es\/author\/pagina-popular\/\"}]}<\/script>\n<!-- \/ Yoast SEO plugin. -->","yoast_head_json":{"title":"Redes Sociales: el \u201cguasapazo\u201d por Telesur","description":"Una original iniciativa se desarroll\u00f3 en el d\u00eda de ayer, 5 de Octubre, a trav\u00e9s de la aplicaci\u00f3n Whatsapp, y que tuvo como hashtag la consigna","robots":{"index":"index","follow":"follow","max-snippet":"max-snippet:-1","max-image-preview":"max-image-preview:large","max-video-preview":"max-video-preview:-1"},"canonical":"https:\/\/www.pressenza.com\/es\/2016\/10\/redes-sociales-guasapazo-telesur\/","og_locale":"es_ES","og_type":"article","og_title":"Redes Sociales: el \u201cguasapazo\u201d por Telesur","og_description":"Una original iniciativa se desarroll\u00f3 en el d\u00eda de ayer, 5 de Octubre, a trav\u00e9s de la aplicaci\u00f3n Whatsapp, y que tuvo como hashtag la consigna","og_url":"https:\/\/www.pressenza.com\/es\/2016\/10\/redes-sociales-guasapazo-telesur\/","og_site_name":"Pressenza","article_publisher":"https:\/\/www.facebook.com\/PressenzaItalia","article_published_time":"2016-10-06T19:49:18+00:00","og_image":[{"width":300,"height":231,"url":"https:\/\/www.pressenza.com\/wp-content\/uploads\/2016\/10\/TelesurNoSeVa-300x231.jpg","type":"image\/jpeg"}],"author":"P\u00e1gina Popular","twitter_card":"summary_large_image","twitter_creator":"@PressenzaIPA","twitter_site":"@PressenzaIPA","twitter_misc":{"Escrito por":"P\u00e1gina Popular","Tiempo de lectura":"1 minuto"},"schema":{"@context":"https:\/\/schema.org","@graph":[{"@type":"Article","@id":"https:\/\/www.pressenza.com\/es\/2016\/10\/redes-sociales-guasapazo-telesur\/#article","isPartOf":{"@id":"https:\/\/www.pressenza.com\/es\/2016\/10\/redes-sociales-guasapazo-telesur\/"},"author":{"name":"P\u00e1gina Popular","@id":"https:\/\/www.pressenza.com\/es\/#\/schema\/person\/424c6f783707bed01a4ebcfd76fcfcdc"},"headline":"Redes Sociales: el \u201cguasapazo\u201d por Telesur","datePublished":"2016-10-06T19:49:18+00:00","mainEntityOfPage":{"@id":"https:\/\/www.pressenza.com\/es\/2016\/10\/redes-sociales-guasapazo-telesur\/"},"wordCount":267,"publisher":{"@id":"https:\/\/www.pressenza.com\/es\/#organization"},"image":{"@id":"https:\/\/www.pressenza.com\/es\/2016\/10\/redes-sociales-guasapazo-telesur\/#primaryimage"},"thumbnailUrl":"https:\/\/www.pressenza.com\/wp-content\/uploads\/2016\/10\/TelesurNoSeVa-300x231.jpg","keywords":["Argentina","campa\u00f1a","censura","medios de comunicaci\u00f3n","redes sociales","telesur","Telesurnoseva"],"articleSection":["Cultura y Medios","Sudam\u00e9rica"],"inLanguage":"es"},{"@type":"WebPage","@id":"https:\/\/www.pressenza.com\/es\/2016\/10\/redes-sociales-guasapazo-telesur\/","url":"https:\/\/www.pressenza.com\/es\/2016\/10\/redes-sociales-guasapazo-telesur\/","name":"Redes Sociales: el \u201cguasapazo\u201d por Telesur","isPartOf":{"@id":"https:\/\/www.pressenza.com\/es\/#website"},"primaryImageOfPage":{"@id":"https:\/\/www.pressenza.com\/es\/2016\/10\/redes-sociales-guasapazo-telesur\/#primaryimage"},"image":{"@id":"https:\/\/www.pressenza.com\/es\/2016\/10\/redes-sociales-guasapazo-telesur\/#primaryimage"},"thumbnailUrl":"https:\/\/www.pressenza.com\/wp-content\/uploads\/2016\/10\/TelesurNoSeVa-300x231.jpg","datePublished":"2016-10-06T19:49:18+00:00","description":"Una original iniciativa se desarroll\u00f3 en el d\u00eda de ayer, 5 de Octubre, a trav\u00e9s de la aplicaci\u00f3n Whatsapp, y que tuvo como hashtag la consigna","breadcrumb":{"@id":"https:\/\/www.pressenza.com\/es\/2016\/10\/redes-sociales-guasapazo-telesur\/#breadcrumb"},"inLanguage":"es","potentialAction":[{"@type":"ReadAction","target":["https:\/\/www.pressenza.com\/es\/2016\/10\/redes-sociales-guasapazo-telesur\/"]}]},{"@type":"ImageObject","inLanguage":"es","@id":"https:\/\/www.pressenza.com\/es\/2016\/10\/redes-sociales-guasapazo-telesur\/#primaryimage","url":"https:\/\/www.pressenza.com\/wp-content\/uploads\/2016\/10\/TelesurNoSeVa-300x231.jpg","contentUrl":"https:\/\/www.pressenza.com\/wp-content\/uploads\/2016\/10\/TelesurNoSeVa-300x231.jpg","width":300,"height":231},{"@type":"BreadcrumbList","@id":"https:\/\/www.pressenza.com\/es\/2016\/10\/redes-sociales-guasapazo-telesur\/#breadcrumb","itemListElement":[{"@type":"ListItem","position":1,"name":"Accueil","item":"https:\/\/www.pressenza.com\/es\/"},{"@type":"ListItem","position":2,"name":"Redes Sociales: el \u201cguasapazo\u201d por Telesur"}]},{"@type":"WebSite","@id":"https:\/\/www.pressenza.com\/es\/#website","url":"https:\/\/www.pressenza.com\/es\/","name":"Pressenza","description":"International Press Agency","publisher":{"@id":"https:\/\/www.pressenza.com\/es\/#organization"},"potentialAction":[{"@type":"SearchAction","target":{"@type":"EntryPoint","urlTemplate":"https:\/\/www.pressenza.com\/es\/?s={search_term_string}"},"query-input":{"@type":"PropertyValueSpecification","valueRequired":true,"valueName":"search_term_string"}}],"inLanguage":"es"},{"@type":"Organization","@id":"https:\/\/www.pressenza.com\/es\/#organization","name":"Pressenza","url":"https:\/\/www.pressenza.com\/es\/","logo":{"@type":"ImageObject","inLanguage":"es","@id":"https:\/\/www.pressenza.com\/es\/#\/schema\/logo\/image\/","url":"https:\/\/www.pressenza.com\/wp-content\/uploads\/2022\/10\/pressenza_logo_200x200.jpg","contentUrl":"https:\/\/www.pressenza.com\/wp-content\/uploads\/2022\/10\/pressenza_logo_200x200.jpg","width":200,"height":200,"caption":"Pressenza"},"image":{"@id":"https:\/\/www.pressenza.com\/es\/#\/schema\/logo\/image\/"},"sameAs":["https:\/\/www.facebook.com\/PressenzaItalia","https:\/\/x.com\/PressenzaIPA"]},{"@type":"Person","@id":"https:\/\/www.pressenza.com\/es\/#\/schema\/person\/424c6f783707bed01a4ebcfd76fcfcdc","name":"P\u00e1gina Popular","url":"https:\/\/www.pressenza.com\/es\/author\/pagina-popular\/"}]}},"place":"Argentina","original_article_url":"http:\/\/mensajera.info\/redes-sociales-el-guasapazo-de-telesur\/","_links":{"self":[{"href":"https:\/\/www.pressenza.com\/es\/wp-json\/wp\/v2\/posts\/378297","targetHints":{"allow":["GET"]}}],"collection":[{"href":"https:\/\/www.pressenza.com\/es\/wp-json\/wp\/v2\/posts"}],"about":[{"href":"https:\/\/www.pressenza.com\/es\/wp-json\/wp\/v2\/types\/post"}],"author":[{"embeddable":true,"href":"https:\/\/www.pressenza.com\/es\/wp-json\/wp\/v2\/users\/1352"}],"replies":[{"embeddable":true,"href":"https:\/\/www.pressenza.com\/es\/wp-json\/wp\/v2\/comments?post=378297"}],"version-history":[{"count":0,"href":"https:\/\/www.pressenza.com\/es\/wp-json\/wp\/v2\/posts\/378297\/revisions"}],"wp:featuredmedia":[{"embeddable":true,"href":"https:\/\/www.pressenza.com\/es\/wp-json\/wp\/v2\/media\/378298"}],"wp:attachment":[{"href":"https:\/\/www.pressenza.com\/es\/wp-json\/wp\/v2\/media?parent=378297"}],"wp:term":[{"taxonomy":"category","embeddable":true,"href":"https:\/\/www.pressenza.com\/es\/wp-json\/wp\/v2\/categories?post=378297"},{"taxonomy":"post_tag","embeddable":true,"href":"https:\/\/www.pressenza.com\/es\/wp-json\/wp\/v2\/tags?post=378297"}],"curies":[{"name":"wp","href":"https:\/\/api.w.org\/{rel}","templated":true}]}}