{"id":376306,"date":"2016-10-03T02:33:14","date_gmt":"2016-10-03T01:33:14","guid":{"rendered":"http:\/\/www.pressenza.com\/es\/?p=376306"},"modified":"2016-10-03T04:00:01","modified_gmt":"2016-10-03T03:00:01","slug":"necesitamos-aprender-la-paz","status":"publish","type":"post","link":"https:\/\/www.pressenza.com\/es\/2016\/10\/necesitamos-aprender-la-paz\/","title":{"rendered":"Necesitamos aprender la paz"},"content":{"rendered":"<p>El 2 de octubre, D\u00eda Internacional de la Noviolencia, el pueblo colombiano fue a las urnas. Tras los acuerdos firmados entre el gobierno de Juan Manuel Santos y las FARC-EP, el pasado 26 de septiembre tras cuatro a\u00f1os de negociaci\u00f3n, Colombia ten\u00eda que decidir entre el S\u00ed y el No a estos acuerdos. \u00bfQu\u00e9 pas\u00f3?<\/p>\n<p>Pas\u00f3 que el 62,5% de la poblaci\u00f3n colombiana, no fue a las urnas. No dijo ni s\u00ed, ni no\u2026 Quiz\u00e1s la desesperanza, el escepticismo, la incredulidad o simplemente la indiferencia, los inmovilizaron.<\/p>\n<p>As\u00ed, \u00fanicamente el 37% se pronunci\u00f3, un poco m\u00e1s de 13 millones de personas. Y pas\u00f3 que, de ese 37,5%, el 49.78% dijo S\u00ed a los acuerdos de paz. Dijeron s\u00ed los habitantes del Pac\u00edfico, Caribe y Amaz\u00f3nica: pueblos castigados una y otra vez por la guerra. Pueblos afro, indios, campesinos. Dijeron s\u00ed la v\u00edctimas de la guerra, por primera vez visibilizadas y reconocidas como interlocutores en los acuerdos. Dijeron s\u00ed, y ampliamente, las nuevas generaciones, solidarias y anhelantes de un nuevo pa\u00eds.<\/p>\n<p>Pero tambi\u00e9n pas\u00f3 que el 50.21% de quienes votaron dijeron No a los acuerdos de paz. Dijeron no los habitantes de las grandes ciudades, a excepci\u00f3n de Bogot\u00e1. Dijeron no las regiones pr\u00f3speras del pa\u00eds, las de las industrias y los grandes negocios, las que han lucrado con la guerra. Y tambi\u00e9n dijeron no las regiones del paramilitarismo. Pero tambi\u00e9n dijeron no muchos colombianos atemorizados, convencidos de que Colombia podr\u00eda volverse comunista o de que Timole\u00f3n Jim\u00e9nez se tomar\u00eda el poder y les quitar\u00eda todo a todos. As\u00ed es, as\u00ed cal\u00f3 la mentira en las conciencias de nuestra gente. Dijeron no quienes han visto la guerra de lejos, como una historia que no les pertenece.<\/p>\n<p>Colombia est\u00e1 dividida, est\u00e1 dividida desde hace muchos, muchos a\u00f1os. Profundamente dividida. Hoy, esa divisi\u00f3n profunda se expres\u00f3 en las urnas, no en las armas, no en la muerte. Cierto es que todo se manej\u00f3 como un enfrentamiento Uribe\/Santos y cierto es que muchos votaron pensando que se trataba de votar por el uno o por el otro y no por nosotros, como pueblo. Pero en el fondo, en el fondo, esa m\u00ednima diferencia es la se\u00f1al de una divisi\u00f3n que nos acompa\u00f1a hist\u00f3ricamente como pueblo, que nos ha hecho intolerantes frente la diferencia y nos ha acostumbrado a la eliminaci\u00f3n del contrario como la \u00fanica y falsa forma de salir de un conflicto.<\/p>\n<p>En este dif\u00edcil momento, es un avance que la divisi\u00f3n se haya reflejado sin violencia. Es un avance que las FARC-EP mantengan su palabra y compromiso y que el cese al fuego, indefinido y bilateral, se mantenga. Sin el ruido doloroso de las armas y sabiendo que a\u00fan no nos ponemos de acuerdo, tal vez sea posible un escenario de di\u00e1logo amplio y gran acuerdo nacional. Tal vez esto es necesario para construir una paz de todos y todas los que de verdad la quieren, aunque hayan votado no. Tal vez.<\/p>\n<p>Necesitamos aprender la paz y desaprender la guerra. Un escollo m\u00e1s ha aparecido en el camino. Seguramente sabremos superarlo pero, mientras tanto, es imposible no sentir que la paz est\u00e1 hoy un poco m\u00e1s lejos que ayer.<\/p>\n","protected":false},"excerpt":{"rendered":"<p>El 2 de octubre, D\u00eda Internacional de la Noviolencia, el pueblo colombiano fue a las urnas. Tras los acuerdos firmados entre el gobierno de Juan Manuel Santos y las FARC-EP, el pasado 26 de septiembre tras cuatro a\u00f1os de negociaci\u00f3n,&hellip;<\/p>\n","protected":false},"author":454,"featured_media":376308,"comment_status":"closed","ping_status":"closed","sticky":false,"template":"","format":"standard","meta":{"footnotes":""},"categories":[11389,161,1243,74,67],"tags":[30949,13218,31159],"class_list":["post-376306","post","type-post","status-publish","format-standard","has-post-thumbnail","hentry","category-contenido-original","category-opiniones","category-paz-desarme","category-politica-es","category-sudamerica","tag-acuerdos-de-paz","tag-dialogos-de-paz","tag-plebiscito-en-colombia"],"yoast_head":"<!-- This site is optimized with the Yoast SEO plugin v27.1.1 - https:\/\/yoast.com\/product\/yoast-seo-wordpress\/ -->\n<title>Necesitamos aprender la paz<\/title>\n<meta name=\"description\" content=\"El 2 de octubre, D\u00eda Internacional de la Noviolencia, el pueblo colombiano fue a las urnas. Tras los acuerdos firmados entre el gobierno de Juan Manuel\" \/>\n<meta name=\"robots\" content=\"index, follow, max-snippet:-1, max-image-preview:large, max-video-preview:-1\" \/>\n<link rel=\"canonical\" href=\"https:\/\/www.pressenza.com\/es\/2016\/10\/necesitamos-aprender-la-paz\/\" \/>\n<meta property=\"og:locale\" content=\"es_ES\" \/>\n<meta property=\"og:type\" content=\"article\" \/>\n<meta property=\"og:title\" content=\"Necesitamos aprender la paz\" \/>\n<meta property=\"og:description\" content=\"El 2 de octubre, D\u00eda Internacional de la Noviolencia, el pueblo colombiano fue a las urnas. Tras los acuerdos firmados entre el gobierno de Juan Manuel\" \/>\n<meta property=\"og:url\" content=\"https:\/\/www.pressenza.com\/es\/2016\/10\/necesitamos-aprender-la-paz\/\" \/>\n<meta property=\"og:site_name\" content=\"Pressenza\" \/>\n<meta property=\"article:publisher\" content=\"https:\/\/www.facebook.com\/PressenzaItalia\" \/>\n<meta property=\"article:published_time\" content=\"2016-10-03T01:33:14+00:00\" \/>\n<meta property=\"article:modified_time\" content=\"2016-10-03T03:00:01+00:00\" \/>\n<meta property=\"og:image\" content=\"https:\/\/www.pressenza.com\/wp-content\/uploads\/2016\/10\/PC173412-Paz-720x523.jpg\" \/>\n\t<meta property=\"og:image:width\" content=\"720\" \/>\n\t<meta property=\"og:image:height\" content=\"523\" \/>\n\t<meta property=\"og:image:type\" content=\"image\/jpeg\" \/>\n<meta name=\"author\" content=\"Nelsy Lizarazo\" \/>\n<meta name=\"twitter:card\" content=\"summary_large_image\" \/>\n<meta name=\"twitter:creator\" content=\"@PressenzaIPA\" \/>\n<meta name=\"twitter:site\" content=\"@PressenzaIPA\" \/>\n<meta name=\"twitter:label1\" content=\"Escrito por\" \/>\n\t<meta name=\"twitter:data1\" content=\"Nelsy Lizarazo\" \/>\n\t<meta name=\"twitter:label2\" content=\"Tiempo de lectura\" \/>\n\t<meta name=\"twitter:data2\" content=\"3 minutos\" \/>\n<script type=\"application\/ld+json\" class=\"yoast-schema-graph\">{\"@context\":\"https:\/\/schema.org\",\"@graph\":[{\"@type\":\"Article\",\"@id\":\"https:\/\/www.pressenza.com\/es\/2016\/10\/necesitamos-aprender-la-paz\/#article\",\"isPartOf\":{\"@id\":\"https:\/\/www.pressenza.com\/es\/2016\/10\/necesitamos-aprender-la-paz\/\"},\"author\":{\"name\":\"Nelsy Lizarazo\",\"@id\":\"https:\/\/www.pressenza.com\/es\/#\/schema\/person\/25aa5b5c387ba3badce63b165da09f9c\"},\"headline\":\"Necesitamos aprender la paz\",\"datePublished\":\"2016-10-03T01:33:14+00:00\",\"dateModified\":\"2016-10-03T03:00:01+00:00\",\"mainEntityOfPage\":{\"@id\":\"https:\/\/www.pressenza.com\/es\/2016\/10\/necesitamos-aprender-la-paz\/\"},\"wordCount\":560,\"publisher\":{\"@id\":\"https:\/\/www.pressenza.com\/es\/#organization\"},\"image\":{\"@id\":\"https:\/\/www.pressenza.com\/es\/2016\/10\/necesitamos-aprender-la-paz\/#primaryimage\"},\"thumbnailUrl\":\"https:\/\/www.pressenza.com\/wp-content\/uploads\/2016\/10\/PC173412-Paz.jpg\",\"keywords\":[\"Acuerdos de Paz\",\"Di\u00e1logos de Paz\",\"Plebiscito en Colombia\"],\"articleSection\":[\"Contenido Original\",\"Opiniones\",\"Paz y Desarme\",\"Pol\u00edtica\",\"Sudam\u00e9rica\"],\"inLanguage\":\"es\"},{\"@type\":\"WebPage\",\"@id\":\"https:\/\/www.pressenza.com\/es\/2016\/10\/necesitamos-aprender-la-paz\/\",\"url\":\"https:\/\/www.pressenza.com\/es\/2016\/10\/necesitamos-aprender-la-paz\/\",\"name\":\"Necesitamos aprender la paz\",\"isPartOf\":{\"@id\":\"https:\/\/www.pressenza.com\/es\/#website\"},\"primaryImageOfPage\":{\"@id\":\"https:\/\/www.pressenza.com\/es\/2016\/10\/necesitamos-aprender-la-paz\/#primaryimage\"},\"image\":{\"@id\":\"https:\/\/www.pressenza.com\/es\/2016\/10\/necesitamos-aprender-la-paz\/#primaryimage\"},\"thumbnailUrl\":\"https:\/\/www.pressenza.com\/wp-content\/uploads\/2016\/10\/PC173412-Paz.jpg\",\"datePublished\":\"2016-10-03T01:33:14+00:00\",\"dateModified\":\"2016-10-03T03:00:01+00:00\",\"description\":\"El 2 de octubre, D\u00eda Internacional de la Noviolencia, el pueblo colombiano fue a las urnas. Tras los acuerdos firmados entre el gobierno de Juan Manuel\",\"breadcrumb\":{\"@id\":\"https:\/\/www.pressenza.com\/es\/2016\/10\/necesitamos-aprender-la-paz\/#breadcrumb\"},\"inLanguage\":\"es\",\"potentialAction\":[{\"@type\":\"ReadAction\",\"target\":[\"https:\/\/www.pressenza.com\/es\/2016\/10\/necesitamos-aprender-la-paz\/\"]}]},{\"@type\":\"ImageObject\",\"inLanguage\":\"es\",\"@id\":\"https:\/\/www.pressenza.com\/es\/2016\/10\/necesitamos-aprender-la-paz\/#primaryimage\",\"url\":\"https:\/\/www.pressenza.com\/wp-content\/uploads\/2016\/10\/PC173412-Paz.jpg\",\"contentUrl\":\"https:\/\/www.pressenza.com\/wp-content\/uploads\/2016\/10\/PC173412-Paz.jpg\",\"width\":2000,\"height\":1452,\"caption\":\"Aprender la paz\"},{\"@type\":\"BreadcrumbList\",\"@id\":\"https:\/\/www.pressenza.com\/es\/2016\/10\/necesitamos-aprender-la-paz\/#breadcrumb\",\"itemListElement\":[{\"@type\":\"ListItem\",\"position\":1,\"name\":\"Accueil\",\"item\":\"https:\/\/www.pressenza.com\/es\/\"},{\"@type\":\"ListItem\",\"position\":2,\"name\":\"Necesitamos aprender la paz\"}]},{\"@type\":\"WebSite\",\"@id\":\"https:\/\/www.pressenza.com\/es\/#website\",\"url\":\"https:\/\/www.pressenza.com\/es\/\",\"name\":\"Pressenza\",\"description\":\"International Press Agency\",\"publisher\":{\"@id\":\"https:\/\/www.pressenza.com\/es\/#organization\"},\"potentialAction\":[{\"@type\":\"SearchAction\",\"target\":{\"@type\":\"EntryPoint\",\"urlTemplate\":\"https:\/\/www.pressenza.com\/es\/?s={search_term_string}\"},\"query-input\":{\"@type\":\"PropertyValueSpecification\",\"valueRequired\":true,\"valueName\":\"search_term_string\"}}],\"inLanguage\":\"es\"},{\"@type\":\"Organization\",\"@id\":\"https:\/\/www.pressenza.com\/es\/#organization\",\"name\":\"Pressenza\",\"url\":\"https:\/\/www.pressenza.com\/es\/\",\"logo\":{\"@type\":\"ImageObject\",\"inLanguage\":\"es\",\"@id\":\"https:\/\/www.pressenza.com\/es\/#\/schema\/logo\/image\/\",\"url\":\"https:\/\/www.pressenza.com\/wp-content\/uploads\/2022\/10\/pressenza_logo_200x200.jpg\",\"contentUrl\":\"https:\/\/www.pressenza.com\/wp-content\/uploads\/2022\/10\/pressenza_logo_200x200.jpg\",\"width\":200,\"height\":200,\"caption\":\"Pressenza\"},\"image\":{\"@id\":\"https:\/\/www.pressenza.com\/es\/#\/schema\/logo\/image\/\"},\"sameAs\":[\"https:\/\/www.facebook.com\/PressenzaItalia\",\"https:\/\/x.com\/PressenzaIPA\"]},{\"@type\":\"Person\",\"@id\":\"https:\/\/www.pressenza.com\/es\/#\/schema\/person\/25aa5b5c387ba3badce63b165da09f9c\",\"name\":\"Nelsy Lizarazo\",\"description\":\"Nelsy Lizarazo, Colombian, living in Quito, Ecuador. Professional background in philosophy, literature, political sciences and international relations.\",\"url\":\"https:\/\/www.pressenza.com\/es\/author\/nelsy-lizarazo\/\"}]}<\/script>\n<!-- \/ Yoast SEO plugin. -->","yoast_head_json":{"title":"Necesitamos aprender la paz","description":"El 2 de octubre, D\u00eda Internacional de la Noviolencia, el pueblo colombiano fue a las urnas. Tras los acuerdos firmados entre el gobierno de Juan Manuel","robots":{"index":"index","follow":"follow","max-snippet":"max-snippet:-1","max-image-preview":"max-image-preview:large","max-video-preview":"max-video-preview:-1"},"canonical":"https:\/\/www.pressenza.com\/es\/2016\/10\/necesitamos-aprender-la-paz\/","og_locale":"es_ES","og_type":"article","og_title":"Necesitamos aprender la paz","og_description":"El 2 de octubre, D\u00eda Internacional de la Noviolencia, el pueblo colombiano fue a las urnas. Tras los acuerdos firmados entre el gobierno de Juan Manuel","og_url":"https:\/\/www.pressenza.com\/es\/2016\/10\/necesitamos-aprender-la-paz\/","og_site_name":"Pressenza","article_publisher":"https:\/\/www.facebook.com\/PressenzaItalia","article_published_time":"2016-10-03T01:33:14+00:00","article_modified_time":"2016-10-03T03:00:01+00:00","og_image":[{"width":720,"height":523,"url":"https:\/\/www.pressenza.com\/wp-content\/uploads\/2016\/10\/PC173412-Paz-720x523.jpg","type":"image\/jpeg"}],"author":"Nelsy Lizarazo","twitter_card":"summary_large_image","twitter_creator":"@PressenzaIPA","twitter_site":"@PressenzaIPA","twitter_misc":{"Escrito por":"Nelsy Lizarazo","Tiempo de lectura":"3 minutos"},"schema":{"@context":"https:\/\/schema.org","@graph":[{"@type":"Article","@id":"https:\/\/www.pressenza.com\/es\/2016\/10\/necesitamos-aprender-la-paz\/#article","isPartOf":{"@id":"https:\/\/www.pressenza.com\/es\/2016\/10\/necesitamos-aprender-la-paz\/"},"author":{"name":"Nelsy Lizarazo","@id":"https:\/\/www.pressenza.com\/es\/#\/schema\/person\/25aa5b5c387ba3badce63b165da09f9c"},"headline":"Necesitamos aprender la paz","datePublished":"2016-10-03T01:33:14+00:00","dateModified":"2016-10-03T03:00:01+00:00","mainEntityOfPage":{"@id":"https:\/\/www.pressenza.com\/es\/2016\/10\/necesitamos-aprender-la-paz\/"},"wordCount":560,"publisher":{"@id":"https:\/\/www.pressenza.com\/es\/#organization"},"image":{"@id":"https:\/\/www.pressenza.com\/es\/2016\/10\/necesitamos-aprender-la-paz\/#primaryimage"},"thumbnailUrl":"https:\/\/www.pressenza.com\/wp-content\/uploads\/2016\/10\/PC173412-Paz.jpg","keywords":["Acuerdos de Paz","Di\u00e1logos de Paz","Plebiscito en Colombia"],"articleSection":["Contenido Original","Opiniones","Paz y Desarme","Pol\u00edtica","Sudam\u00e9rica"],"inLanguage":"es"},{"@type":"WebPage","@id":"https:\/\/www.pressenza.com\/es\/2016\/10\/necesitamos-aprender-la-paz\/","url":"https:\/\/www.pressenza.com\/es\/2016\/10\/necesitamos-aprender-la-paz\/","name":"Necesitamos aprender la paz","isPartOf":{"@id":"https:\/\/www.pressenza.com\/es\/#website"},"primaryImageOfPage":{"@id":"https:\/\/www.pressenza.com\/es\/2016\/10\/necesitamos-aprender-la-paz\/#primaryimage"},"image":{"@id":"https:\/\/www.pressenza.com\/es\/2016\/10\/necesitamos-aprender-la-paz\/#primaryimage"},"thumbnailUrl":"https:\/\/www.pressenza.com\/wp-content\/uploads\/2016\/10\/PC173412-Paz.jpg","datePublished":"2016-10-03T01:33:14+00:00","dateModified":"2016-10-03T03:00:01+00:00","description":"El 2 de octubre, D\u00eda Internacional de la Noviolencia, el pueblo colombiano fue a las urnas. Tras los acuerdos firmados entre el gobierno de Juan Manuel","breadcrumb":{"@id":"https:\/\/www.pressenza.com\/es\/2016\/10\/necesitamos-aprender-la-paz\/#breadcrumb"},"inLanguage":"es","potentialAction":[{"@type":"ReadAction","target":["https:\/\/www.pressenza.com\/es\/2016\/10\/necesitamos-aprender-la-paz\/"]}]},{"@type":"ImageObject","inLanguage":"es","@id":"https:\/\/www.pressenza.com\/es\/2016\/10\/necesitamos-aprender-la-paz\/#primaryimage","url":"https:\/\/www.pressenza.com\/wp-content\/uploads\/2016\/10\/PC173412-Paz.jpg","contentUrl":"https:\/\/www.pressenza.com\/wp-content\/uploads\/2016\/10\/PC173412-Paz.jpg","width":2000,"height":1452,"caption":"Aprender la paz"},{"@type":"BreadcrumbList","@id":"https:\/\/www.pressenza.com\/es\/2016\/10\/necesitamos-aprender-la-paz\/#breadcrumb","itemListElement":[{"@type":"ListItem","position":1,"name":"Accueil","item":"https:\/\/www.pressenza.com\/es\/"},{"@type":"ListItem","position":2,"name":"Necesitamos aprender la paz"}]},{"@type":"WebSite","@id":"https:\/\/www.pressenza.com\/es\/#website","url":"https:\/\/www.pressenza.com\/es\/","name":"Pressenza","description":"International Press Agency","publisher":{"@id":"https:\/\/www.pressenza.com\/es\/#organization"},"potentialAction":[{"@type":"SearchAction","target":{"@type":"EntryPoint","urlTemplate":"https:\/\/www.pressenza.com\/es\/?s={search_term_string}"},"query-input":{"@type":"PropertyValueSpecification","valueRequired":true,"valueName":"search_term_string"}}],"inLanguage":"es"},{"@type":"Organization","@id":"https:\/\/www.pressenza.com\/es\/#organization","name":"Pressenza","url":"https:\/\/www.pressenza.com\/es\/","logo":{"@type":"ImageObject","inLanguage":"es","@id":"https:\/\/www.pressenza.com\/es\/#\/schema\/logo\/image\/","url":"https:\/\/www.pressenza.com\/wp-content\/uploads\/2022\/10\/pressenza_logo_200x200.jpg","contentUrl":"https:\/\/www.pressenza.com\/wp-content\/uploads\/2022\/10\/pressenza_logo_200x200.jpg","width":200,"height":200,"caption":"Pressenza"},"image":{"@id":"https:\/\/www.pressenza.com\/es\/#\/schema\/logo\/image\/"},"sameAs":["https:\/\/www.facebook.com\/PressenzaItalia","https:\/\/x.com\/PressenzaIPA"]},{"@type":"Person","@id":"https:\/\/www.pressenza.com\/es\/#\/schema\/person\/25aa5b5c387ba3badce63b165da09f9c","name":"Nelsy Lizarazo","description":"Nelsy Lizarazo, Colombian, living in Quito, Ecuador. Professional background in philosophy, literature, political sciences and international relations.","url":"https:\/\/www.pressenza.com\/es\/author\/nelsy-lizarazo\/"}]}},"place":"Bogot\u00e1","original_article_url":"","_links":{"self":[{"href":"https:\/\/www.pressenza.com\/es\/wp-json\/wp\/v2\/posts\/376306","targetHints":{"allow":["GET"]}}],"collection":[{"href":"https:\/\/www.pressenza.com\/es\/wp-json\/wp\/v2\/posts"}],"about":[{"href":"https:\/\/www.pressenza.com\/es\/wp-json\/wp\/v2\/types\/post"}],"author":[{"embeddable":true,"href":"https:\/\/www.pressenza.com\/es\/wp-json\/wp\/v2\/users\/454"}],"replies":[{"embeddable":true,"href":"https:\/\/www.pressenza.com\/es\/wp-json\/wp\/v2\/comments?post=376306"}],"version-history":[{"count":0,"href":"https:\/\/www.pressenza.com\/es\/wp-json\/wp\/v2\/posts\/376306\/revisions"}],"wp:featuredmedia":[{"embeddable":true,"href":"https:\/\/www.pressenza.com\/es\/wp-json\/wp\/v2\/media\/376308"}],"wp:attachment":[{"href":"https:\/\/www.pressenza.com\/es\/wp-json\/wp\/v2\/media?parent=376306"}],"wp:term":[{"taxonomy":"category","embeddable":true,"href":"https:\/\/www.pressenza.com\/es\/wp-json\/wp\/v2\/categories?post=376306"},{"taxonomy":"post_tag","embeddable":true,"href":"https:\/\/www.pressenza.com\/es\/wp-json\/wp\/v2\/tags?post=376306"}],"curies":[{"name":"wp","href":"https:\/\/api.w.org\/{rel}","templated":true}]}}