{"id":37607,"date":"2013-02-11T23:45:52","date_gmt":"2013-02-11T23:45:52","guid":{"rendered":"http:\/\/www.pressenza.com\/?p=37607"},"modified":"2013-02-12T10:20:59","modified_gmt":"2013-02-12T10:20:59","slug":"que-vamos-a-hacer-la-noche-de-los-goya","status":"publish","type":"post","link":"https:\/\/www.pressenza.com\/es\/2013\/02\/que-vamos-a-hacer-la-noche-de-los-goya\/","title":{"rendered":"\u00bfQu\u00e9 vamos a hacer la noche de los Goya?"},"content":{"rendered":"<p><strong><em>Comunicado de prensa de la Uni\u00f3n de Actores y Actrices de Madrid<\/em><\/strong><\/p>\n<div>\n<p>\u00bfQu\u00e9 har\u00edan los maestros si dispusieran de dos horas en directo en la 1 de Televisi\u00f3n Espa\u00f1ola el pr\u00f3ximo domingo por la noche, en horario de m\u00e1xima audiencia? \u00bfQu\u00e9 har\u00edan los trabajadores de la Sanidad P\u00fablica? \u00bfQu\u00e9 har\u00edan las personas en paro? \u00bfQu\u00e9 har\u00edan las personas a quienes sacan por la fuerza de sus casas al no poder hacer frente a las deudas con los bancos?<\/p>\n<p>Desde el sindicato Uni\u00f3n de Actores y Actrices de Madrid hacemos un llamamiento a la reflexi\u00f3n a los compa\u00f1eros del cine que tienen el honor de participar en la celebraci\u00f3n de los premios Goya, ya sea como nominados o como presentadores. Desde el m\u00e1ximo respeto a la libre decisi\u00f3n de cada uno de hacer o decir lo que le venga en gana, llamamos a reflexionar sobre la situaci\u00f3n que estamos viviendo y la responsabilidad de cada uno ante la misma.<\/p>\n<p>No sabemos qu\u00e9 har\u00edan los maestros o los m\u00e9dicos del sector p\u00fablico si dispusieran de dos horas de televisi\u00f3n en directo (o casi) para celebrar y promocionar su profesi\u00f3n, cosa tan necesaria, vista la campa\u00f1a de desprestigio que sufren. S\u00ed sabemos lo que llevan meses, y a\u00f1os, haciendo en la calle: defender lo que es de todos.<\/p>\n<p>Muchos pueden pensar que la gente de la cultura no deber\u00eda expresar en p\u00fablico sus opiniones acerca de lo que sucede a su alrededor, que deber\u00edan limitarse al ejercicio de su profesi\u00f3n. Muchos pueden pensar que la implicaci\u00f3n de los artistas en el \u00abNo a la Guerra\u00bb les supuso el rechazo por parte de un sector de la poblaci\u00f3n. Sin embargo, tambi\u00e9n son muchas las personas que creen que tenemos la responsabilidad de aprovechar el altavoz del que disponemos y del que tanta gente carece. Porque nosotros tambi\u00e9n somos ciudadanos: sufrimos la Reforma Laboral y el paro, somos pacientes de la sanidad p\u00fablica, padecemos los recortes en educaci\u00f3n, porque tambi\u00e9n somos padres, conocemos y vivimos de cerca la injusticia de los desahucios,&#8230;.<\/p>\n<p>El pr\u00f3ximo domingo podr\u00eda ocurrir que habl\u00e1ramos sobre lo que sucede. El pr\u00f3ximo domingo podr\u00eda ocurrir que dij\u00e9ramos No a los recortes: Hay alternativas. La pregunta es: \u00bfqu\u00e9 supondr\u00eda mayor rechazo esta vez: volver a decir no o quedarnos callados?<\/p>\n<\/div>\n","protected":false},"excerpt":{"rendered":"<p>Comunicado de prensa de la Uni\u00f3n de Actores y Actrices de Madrid \u00bfQu\u00e9 har\u00edan los maestros si dispusieran de dos horas en directo en la 1 de Televisi\u00f3n Espa\u00f1ola el pr\u00f3ximo domingo por la noche, en horario de m\u00e1xima audiencia?&hellip;<\/p>\n","protected":false},"author":19,"featured_media":37733,"comment_status":"closed","ping_status":"open","sticky":false,"template":"","format":"standard","meta":{"footnotes":""},"categories":[149,75,66],"tags":[513,355,696,441,1161,1398,984,523,394,512,702,631],"class_list":["post-37607","post","type-post","status-publish","format-standard","has-post-thumbnail","hentry","category-comunicados-de-prensa","category-cultura-es","category-europa-es","tag-austeridad","tag-crisis-es","tag-democracia","tag-derechos-humanos","tag-desahucios","tag-estado-espanol","tag-indignados-es","tag-medios-de-comunicacion","tag-protestas-sociales","tag-recortes","tag-represion","tag-violencia-economica"],"yoast_head":"<!-- This site is optimized with the Yoast SEO plugin v27.1.1 - https:\/\/yoast.com\/product\/yoast-seo-wordpress\/ -->\n<title>\u00bfQu\u00e9 vamos a hacer la noche de los Goya?<\/title>\n<meta name=\"description\" content=\"Comunicado de prensa de la Uni\u00f3n de Actores y Actrices de Madrid \u00bfQu\u00e9 har\u00edan los maestros si dispusieran de dos horas en directo en la 1 de Televisi\u00f3n\" \/>\n<meta name=\"robots\" content=\"index, follow, max-snippet:-1, max-image-preview:large, max-video-preview:-1\" \/>\n<link rel=\"canonical\" href=\"https:\/\/www.pressenza.com\/es\/2013\/02\/que-vamos-a-hacer-la-noche-de-los-goya\/\" \/>\n<meta property=\"og:locale\" content=\"es_ES\" \/>\n<meta property=\"og:type\" content=\"article\" \/>\n<meta property=\"og:title\" content=\"\u00bfQu\u00e9 vamos a hacer la noche de los Goya?\" \/>\n<meta property=\"og:description\" content=\"Comunicado de prensa de la Uni\u00f3n de Actores y Actrices de Madrid \u00bfQu\u00e9 har\u00edan los maestros si dispusieran de dos horas en directo en la 1 de Televisi\u00f3n\" \/>\n<meta property=\"og:url\" content=\"https:\/\/www.pressenza.com\/es\/2013\/02\/que-vamos-a-hacer-la-noche-de-los-goya\/\" \/>\n<meta property=\"og:site_name\" content=\"Pressenza\" \/>\n<meta property=\"article:publisher\" content=\"https:\/\/www.facebook.com\/PressenzaItalia\" \/>\n<meta property=\"article:author\" content=\"https:\/\/www.facebook.com\/pressenza\" \/>\n<meta property=\"article:published_time\" content=\"2013-02-11T23:45:52+00:00\" \/>\n<meta property=\"article:modified_time\" content=\"2013-02-12T10:20:59+00:00\" \/>\n<meta property=\"og:image\" content=\"https:\/\/www.pressenza.com\/wp-content\/uploads\/2013\/02\/goya.jpg\" \/>\n\t<meta property=\"og:image:width\" content=\"520\" \/>\n\t<meta property=\"og:image:height\" content=\"356\" \/>\n\t<meta property=\"og:image:type\" content=\"image\/jpeg\" \/>\n<meta name=\"author\" content=\"Pressenza IPA\" \/>\n<meta name=\"twitter:card\" content=\"summary_large_image\" \/>\n<meta name=\"twitter:creator\" content=\"@PressenzaIPA\" \/>\n<meta name=\"twitter:site\" content=\"@PressenzaIPA\" \/>\n<meta name=\"twitter:label1\" content=\"Escrito por\" \/>\n\t<meta name=\"twitter:data1\" content=\"Pressenza IPA\" \/>\n\t<meta name=\"twitter:label2\" content=\"Tiempo de lectura\" \/>\n\t<meta name=\"twitter:data2\" content=\"2 minutos\" \/>\n<script type=\"application\/ld+json\" class=\"yoast-schema-graph\">{\"@context\":\"https:\/\/schema.org\",\"@graph\":[{\"@type\":\"Article\",\"@id\":\"https:\/\/www.pressenza.com\/es\/2013\/02\/que-vamos-a-hacer-la-noche-de-los-goya\/#article\",\"isPartOf\":{\"@id\":\"https:\/\/www.pressenza.com\/es\/2013\/02\/que-vamos-a-hacer-la-noche-de-los-goya\/\"},\"author\":{\"name\":\"Pressenza IPA\",\"@id\":\"https:\/\/www.pressenza.com\/es\/#\/schema\/person\/010e5d02bcf40965427a1289a4cc8d75\"},\"headline\":\"\u00bfQu\u00e9 vamos a hacer la noche de los Goya?\",\"datePublished\":\"2013-02-11T23:45:52+00:00\",\"dateModified\":\"2013-02-12T10:20:59+00:00\",\"mainEntityOfPage\":{\"@id\":\"https:\/\/www.pressenza.com\/es\/2013\/02\/que-vamos-a-hacer-la-noche-de-los-goya\/\"},\"wordCount\":427,\"publisher\":{\"@id\":\"https:\/\/www.pressenza.com\/es\/#organization\"},\"image\":{\"@id\":\"https:\/\/www.pressenza.com\/es\/2013\/02\/que-vamos-a-hacer-la-noche-de-los-goya\/#primaryimage\"},\"thumbnailUrl\":\"https:\/\/www.pressenza.com\/wp-content\/uploads\/2013\/02\/goya.jpg\",\"keywords\":[\"austeridad\",\"crisis\",\"Democracia\",\"Derechos humanos\",\"desahucios\",\"Estado espa\u00f1ol\",\"indignados\",\"medios de comunicaci\u00f3n\",\"protestas sociales\",\"recortes\",\"represi\u00f3n\",\"Violencia econ\u00f3mica\"],\"articleSection\":[\"Comunicados de Prensa\",\"Cultura y Medios\",\"Europa\"],\"inLanguage\":\"es\"},{\"@type\":\"WebPage\",\"@id\":\"https:\/\/www.pressenza.com\/es\/2013\/02\/que-vamos-a-hacer-la-noche-de-los-goya\/\",\"url\":\"https:\/\/www.pressenza.com\/es\/2013\/02\/que-vamos-a-hacer-la-noche-de-los-goya\/\",\"name\":\"\u00bfQu\u00e9 vamos a hacer la noche de los Goya?\",\"isPartOf\":{\"@id\":\"https:\/\/www.pressenza.com\/es\/#website\"},\"primaryImageOfPage\":{\"@id\":\"https:\/\/www.pressenza.com\/es\/2013\/02\/que-vamos-a-hacer-la-noche-de-los-goya\/#primaryimage\"},\"image\":{\"@id\":\"https:\/\/www.pressenza.com\/es\/2013\/02\/que-vamos-a-hacer-la-noche-de-los-goya\/#primaryimage\"},\"thumbnailUrl\":\"https:\/\/www.pressenza.com\/wp-content\/uploads\/2013\/02\/goya.jpg\",\"datePublished\":\"2013-02-11T23:45:52+00:00\",\"dateModified\":\"2013-02-12T10:20:59+00:00\",\"description\":\"Comunicado de prensa de la Uni\u00f3n de Actores y Actrices de Madrid \u00bfQu\u00e9 har\u00edan los maestros si dispusieran de dos horas en directo en la 1 de Televisi\u00f3n\",\"breadcrumb\":{\"@id\":\"https:\/\/www.pressenza.com\/es\/2013\/02\/que-vamos-a-hacer-la-noche-de-los-goya\/#breadcrumb\"},\"inLanguage\":\"es\",\"potentialAction\":[{\"@type\":\"ReadAction\",\"target\":[\"https:\/\/www.pressenza.com\/es\/2013\/02\/que-vamos-a-hacer-la-noche-de-los-goya\/\"]}]},{\"@type\":\"ImageObject\",\"inLanguage\":\"es\",\"@id\":\"https:\/\/www.pressenza.com\/es\/2013\/02\/que-vamos-a-hacer-la-noche-de-los-goya\/#primaryimage\",\"url\":\"https:\/\/www.pressenza.com\/wp-content\/uploads\/2013\/02\/goya.jpg\",\"contentUrl\":\"https:\/\/www.pressenza.com\/wp-content\/uploads\/2013\/02\/goya.jpg\",\"width\":\"520\",\"height\":\"356\"},{\"@type\":\"BreadcrumbList\",\"@id\":\"https:\/\/www.pressenza.com\/es\/2013\/02\/que-vamos-a-hacer-la-noche-de-los-goya\/#breadcrumb\",\"itemListElement\":[{\"@type\":\"ListItem\",\"position\":1,\"name\":\"Accueil\",\"item\":\"https:\/\/www.pressenza.com\/es\/\"},{\"@type\":\"ListItem\",\"position\":2,\"name\":\"\u00bfQu\u00e9 vamos a hacer la noche de los Goya?\"}]},{\"@type\":\"WebSite\",\"@id\":\"https:\/\/www.pressenza.com\/es\/#website\",\"url\":\"https:\/\/www.pressenza.com\/es\/\",\"name\":\"Pressenza\",\"description\":\"International Press Agency\",\"publisher\":{\"@id\":\"https:\/\/www.pressenza.com\/es\/#organization\"},\"potentialAction\":[{\"@type\":\"SearchAction\",\"target\":{\"@type\":\"EntryPoint\",\"urlTemplate\":\"https:\/\/www.pressenza.com\/es\/?s={search_term_string}\"},\"query-input\":{\"@type\":\"PropertyValueSpecification\",\"valueRequired\":true,\"valueName\":\"search_term_string\"}}],\"inLanguage\":\"es\"},{\"@type\":\"Organization\",\"@id\":\"https:\/\/www.pressenza.com\/es\/#organization\",\"name\":\"Pressenza\",\"url\":\"https:\/\/www.pressenza.com\/es\/\",\"logo\":{\"@type\":\"ImageObject\",\"inLanguage\":\"es\",\"@id\":\"https:\/\/www.pressenza.com\/es\/#\/schema\/logo\/image\/\",\"url\":\"https:\/\/www.pressenza.com\/wp-content\/uploads\/2022\/10\/pressenza_logo_200x200.jpg\",\"contentUrl\":\"https:\/\/www.pressenza.com\/wp-content\/uploads\/2022\/10\/pressenza_logo_200x200.jpg\",\"width\":200,\"height\":200,\"caption\":\"Pressenza\"},\"image\":{\"@id\":\"https:\/\/www.pressenza.com\/es\/#\/schema\/logo\/image\/\"},\"sameAs\":[\"https:\/\/www.facebook.com\/PressenzaItalia\",\"https:\/\/x.com\/PressenzaIPA\"]},{\"@type\":\"Person\",\"@id\":\"https:\/\/www.pressenza.com\/es\/#\/schema\/person\/010e5d02bcf40965427a1289a4cc8d75\",\"name\":\"Pressenza IPA\",\"description\":\"News from Pressenza IPA correspondents\",\"sameAs\":[\"https:\/\/www.facebook.com\/pressenza\",\"https:\/\/x.com\/PressenzaIPA\"],\"url\":\"https:\/\/www.pressenza.com\/es\/author\/pressenza-ipa\/\"}]}<\/script>\n<!-- \/ Yoast SEO plugin. -->","yoast_head_json":{"title":"\u00bfQu\u00e9 vamos a hacer la noche de los Goya?","description":"Comunicado de prensa de la Uni\u00f3n de Actores y Actrices de Madrid \u00bfQu\u00e9 har\u00edan los maestros si dispusieran de dos horas en directo en la 1 de Televisi\u00f3n","robots":{"index":"index","follow":"follow","max-snippet":"max-snippet:-1","max-image-preview":"max-image-preview:large","max-video-preview":"max-video-preview:-1"},"canonical":"https:\/\/www.pressenza.com\/es\/2013\/02\/que-vamos-a-hacer-la-noche-de-los-goya\/","og_locale":"es_ES","og_type":"article","og_title":"\u00bfQu\u00e9 vamos a hacer la noche de los Goya?","og_description":"Comunicado de prensa de la Uni\u00f3n de Actores y Actrices de Madrid \u00bfQu\u00e9 har\u00edan los maestros si dispusieran de dos horas en directo en la 1 de Televisi\u00f3n","og_url":"https:\/\/www.pressenza.com\/es\/2013\/02\/que-vamos-a-hacer-la-noche-de-los-goya\/","og_site_name":"Pressenza","article_publisher":"https:\/\/www.facebook.com\/PressenzaItalia","article_author":"https:\/\/www.facebook.com\/pressenza","article_published_time":"2013-02-11T23:45:52+00:00","article_modified_time":"2013-02-12T10:20:59+00:00","og_image":[{"width":520,"height":356,"url":"https:\/\/www.pressenza.com\/wp-content\/uploads\/2013\/02\/goya.jpg","type":"image\/jpeg"}],"author":"Pressenza IPA","twitter_card":"summary_large_image","twitter_creator":"@PressenzaIPA","twitter_site":"@PressenzaIPA","twitter_misc":{"Escrito por":"Pressenza IPA","Tiempo de lectura":"2 minutos"},"schema":{"@context":"https:\/\/schema.org","@graph":[{"@type":"Article","@id":"https:\/\/www.pressenza.com\/es\/2013\/02\/que-vamos-a-hacer-la-noche-de-los-goya\/#article","isPartOf":{"@id":"https:\/\/www.pressenza.com\/es\/2013\/02\/que-vamos-a-hacer-la-noche-de-los-goya\/"},"author":{"name":"Pressenza IPA","@id":"https:\/\/www.pressenza.com\/es\/#\/schema\/person\/010e5d02bcf40965427a1289a4cc8d75"},"headline":"\u00bfQu\u00e9 vamos a hacer la noche de los Goya?","datePublished":"2013-02-11T23:45:52+00:00","dateModified":"2013-02-12T10:20:59+00:00","mainEntityOfPage":{"@id":"https:\/\/www.pressenza.com\/es\/2013\/02\/que-vamos-a-hacer-la-noche-de-los-goya\/"},"wordCount":427,"publisher":{"@id":"https:\/\/www.pressenza.com\/es\/#organization"},"image":{"@id":"https:\/\/www.pressenza.com\/es\/2013\/02\/que-vamos-a-hacer-la-noche-de-los-goya\/#primaryimage"},"thumbnailUrl":"https:\/\/www.pressenza.com\/wp-content\/uploads\/2013\/02\/goya.jpg","keywords":["austeridad","crisis","Democracia","Derechos humanos","desahucios","Estado espa\u00f1ol","indignados","medios de comunicaci\u00f3n","protestas sociales","recortes","represi\u00f3n","Violencia econ\u00f3mica"],"articleSection":["Comunicados de Prensa","Cultura y Medios","Europa"],"inLanguage":"es"},{"@type":"WebPage","@id":"https:\/\/www.pressenza.com\/es\/2013\/02\/que-vamos-a-hacer-la-noche-de-los-goya\/","url":"https:\/\/www.pressenza.com\/es\/2013\/02\/que-vamos-a-hacer-la-noche-de-los-goya\/","name":"\u00bfQu\u00e9 vamos a hacer la noche de los Goya?","isPartOf":{"@id":"https:\/\/www.pressenza.com\/es\/#website"},"primaryImageOfPage":{"@id":"https:\/\/www.pressenza.com\/es\/2013\/02\/que-vamos-a-hacer-la-noche-de-los-goya\/#primaryimage"},"image":{"@id":"https:\/\/www.pressenza.com\/es\/2013\/02\/que-vamos-a-hacer-la-noche-de-los-goya\/#primaryimage"},"thumbnailUrl":"https:\/\/www.pressenza.com\/wp-content\/uploads\/2013\/02\/goya.jpg","datePublished":"2013-02-11T23:45:52+00:00","dateModified":"2013-02-12T10:20:59+00:00","description":"Comunicado de prensa de la Uni\u00f3n de Actores y Actrices de Madrid \u00bfQu\u00e9 har\u00edan los maestros si dispusieran de dos horas en directo en la 1 de Televisi\u00f3n","breadcrumb":{"@id":"https:\/\/www.pressenza.com\/es\/2013\/02\/que-vamos-a-hacer-la-noche-de-los-goya\/#breadcrumb"},"inLanguage":"es","potentialAction":[{"@type":"ReadAction","target":["https:\/\/www.pressenza.com\/es\/2013\/02\/que-vamos-a-hacer-la-noche-de-los-goya\/"]}]},{"@type":"ImageObject","inLanguage":"es","@id":"https:\/\/www.pressenza.com\/es\/2013\/02\/que-vamos-a-hacer-la-noche-de-los-goya\/#primaryimage","url":"https:\/\/www.pressenza.com\/wp-content\/uploads\/2013\/02\/goya.jpg","contentUrl":"https:\/\/www.pressenza.com\/wp-content\/uploads\/2013\/02\/goya.jpg","width":"520","height":"356"},{"@type":"BreadcrumbList","@id":"https:\/\/www.pressenza.com\/es\/2013\/02\/que-vamos-a-hacer-la-noche-de-los-goya\/#breadcrumb","itemListElement":[{"@type":"ListItem","position":1,"name":"Accueil","item":"https:\/\/www.pressenza.com\/es\/"},{"@type":"ListItem","position":2,"name":"\u00bfQu\u00e9 vamos a hacer la noche de los Goya?"}]},{"@type":"WebSite","@id":"https:\/\/www.pressenza.com\/es\/#website","url":"https:\/\/www.pressenza.com\/es\/","name":"Pressenza","description":"International Press Agency","publisher":{"@id":"https:\/\/www.pressenza.com\/es\/#organization"},"potentialAction":[{"@type":"SearchAction","target":{"@type":"EntryPoint","urlTemplate":"https:\/\/www.pressenza.com\/es\/?s={search_term_string}"},"query-input":{"@type":"PropertyValueSpecification","valueRequired":true,"valueName":"search_term_string"}}],"inLanguage":"es"},{"@type":"Organization","@id":"https:\/\/www.pressenza.com\/es\/#organization","name":"Pressenza","url":"https:\/\/www.pressenza.com\/es\/","logo":{"@type":"ImageObject","inLanguage":"es","@id":"https:\/\/www.pressenza.com\/es\/#\/schema\/logo\/image\/","url":"https:\/\/www.pressenza.com\/wp-content\/uploads\/2022\/10\/pressenza_logo_200x200.jpg","contentUrl":"https:\/\/www.pressenza.com\/wp-content\/uploads\/2022\/10\/pressenza_logo_200x200.jpg","width":200,"height":200,"caption":"Pressenza"},"image":{"@id":"https:\/\/www.pressenza.com\/es\/#\/schema\/logo\/image\/"},"sameAs":["https:\/\/www.facebook.com\/PressenzaItalia","https:\/\/x.com\/PressenzaIPA"]},{"@type":"Person","@id":"https:\/\/www.pressenza.com\/es\/#\/schema\/person\/010e5d02bcf40965427a1289a4cc8d75","name":"Pressenza IPA","description":"News from Pressenza IPA correspondents","sameAs":["https:\/\/www.facebook.com\/pressenza","https:\/\/x.com\/PressenzaIPA"],"url":"https:\/\/www.pressenza.com\/es\/author\/pressenza-ipa\/"}]}},"place":"Madrid","original_article_url":"","_links":{"self":[{"href":"https:\/\/www.pressenza.com\/es\/wp-json\/wp\/v2\/posts\/37607","targetHints":{"allow":["GET"]}}],"collection":[{"href":"https:\/\/www.pressenza.com\/es\/wp-json\/wp\/v2\/posts"}],"about":[{"href":"https:\/\/www.pressenza.com\/es\/wp-json\/wp\/v2\/types\/post"}],"author":[{"embeddable":true,"href":"https:\/\/www.pressenza.com\/es\/wp-json\/wp\/v2\/users\/19"}],"replies":[{"embeddable":true,"href":"https:\/\/www.pressenza.com\/es\/wp-json\/wp\/v2\/comments?post=37607"}],"version-history":[{"count":0,"href":"https:\/\/www.pressenza.com\/es\/wp-json\/wp\/v2\/posts\/37607\/revisions"}],"wp:featuredmedia":[{"embeddable":true,"href":"https:\/\/www.pressenza.com\/es\/wp-json\/wp\/v2\/media\/37733"}],"wp:attachment":[{"href":"https:\/\/www.pressenza.com\/es\/wp-json\/wp\/v2\/media?parent=37607"}],"wp:term":[{"taxonomy":"category","embeddable":true,"href":"https:\/\/www.pressenza.com\/es\/wp-json\/wp\/v2\/categories?post=37607"},{"taxonomy":"post_tag","embeddable":true,"href":"https:\/\/www.pressenza.com\/es\/wp-json\/wp\/v2\/tags?post=37607"}],"curies":[{"name":"wp","href":"https:\/\/api.w.org\/{rel}","templated":true}]}}