{"id":374738,"date":"2016-09-28T22:44:20","date_gmt":"2016-09-28T21:44:20","guid":{"rendered":"http:\/\/www.pressenza.com\/es\/?p=374738"},"modified":"2016-09-28T22:44:20","modified_gmt":"2016-09-28T21:44:20","slug":"mexico-que-mas-tiene-que-pasar-para-que-hagamos-un-cambio-todos","status":"publish","type":"post","link":"https:\/\/www.pressenza.com\/es\/2016\/09\/mexico-que-mas-tiene-que-pasar-para-que-hagamos-un-cambio-todos\/","title":{"rendered":"M\u00e9xico: \u00bfQu\u00e9 m\u00e1s tiene que pasar para que hagamos un cambio todos?"},"content":{"rendered":"<p>Este lunes se cumplieron dos a\u00f1os de la desaparici\u00f3n forzada de 43 estudiantes de una escuela rural de maestros en las inmediaciones de Iguala, en el estado de Guerrero, M\u00e9xico.<\/p>\n<p>Los alumnos de la Escuela Normal \u201cIsidro Burgos\u201d planeaban concurrir a las manifestaciones conmemorativas de la masacre de Tlatelolco a realizarse en la ciudad de M\u00e9xico el d\u00eda 2 de octubre. Pese a innumerables diligencias y peritajes, las circunstancias que rodean al hecho &#8211; en particular en lo que ata\u00f1e a las responsabilidades de altos cargos del Estado &#8211; todav\u00eda no han sido esclarecidas por completo. Durante el episodio murieron cinco estudiantes y otras tres personas, varios m\u00e1s fueron heridos y 43 estudiantes fueron detenidos, sin saberse hasta ahora su paradero o siquiera si est\u00e1n con vida.<\/p>\n<p>La desaparici\u00f3n de los 43 j\u00f3venes es emblem\u00e1tica de la violencia que ensombrece el d\u00eda a d\u00eda de mexicanas y mexicanos. M\u00e1s de 28 mil hombres y mujeres, ni\u00f1os y ni\u00f1as han desaparecido en ese pa\u00eds en los \u00faltimos diez a\u00f1os, la mayor\u00eda desde que asumi\u00f3 la Presidencia Enrique Pe\u00f1a Nieto, en 2012. Seg\u00fan datos del Registro Nacional de Datos de Personas Extraviadas o Desaparecidas (RNPED),\u00a0del 2013 al mes de abril de 2016\u00a0hubo 13 mil 156 desapariciones en M\u00e9xico. Por otra parte, seg\u00fan una investigaci\u00f3n realizada por el semanario Zeta, durante los tres a\u00f1os y medio de gobierno actual la cantidad de muertes violentas asciende a 65209, mientras que las cifras oficiales del Estado reconocen 54454. En todos los casos, este per\u00edodo aparece ya en la estad\u00edstica como a\u00fan m\u00e1s cruento que el sexenio del anterior presidente Calder\u00f3n, que fuera el iniciador de la mano dura y la guerra contra la droga, con resultados m\u00e1s que atroces.<\/p>\n<p>\u00bfCu\u00e1les son las causas de tanta violencia f\u00edsica? \u00bfC\u00f3mo vive esta situaci\u00f3n el pueblo mexicano? \u00bfHay acostumbramiento, apat\u00eda o rebeli\u00f3n frente a ese estado de cosas? \u00bfC\u00f3mo incide en la situaci\u00f3n de M\u00e9xico el Tratado de Libre Comercio con los EEUU? \u00bfExisten avances en el reconocimiento de la diversidad cultural y de derechos para los pueblos originarios o contin\u00faa la discriminaci\u00f3n end\u00e9mica?<\/p>\n<p>Sobre estos temas y algunos m\u00e1s conversamos en nuestra presente entrega radial con Yolotzin Zamora Mendez, estudiante, activista y comunicadora, quien nos dio una visi\u00f3n desde adentro de la juventud mexicana, que apuesta por transformar esta dolorosa realidad.<\/p>\n<p>El v\u00ednculo para escuchar, descargar, compartir o emitir el programa es <a href=\"https:\/\/ar.ivoox.com\/es\/13094964\">https:\/\/ar.ivoox.com\/es\/13094964<\/a><br \/>\n<iframe loading=\"lazy\" id=\"audio_13094964\" style=\"border: 1px solid #EEE; box-sizing: border-box; width: 100%;\" src=\"https:\/\/ar.ivoox.com\/es\/player_ej_13094964_4_1.html?c1=ff6600\" width=\"300\" height=\"200\" frameborder=\"0\" scrolling=\"no\" allowfullscreen=\"allowfullscreen\"><\/iframe><br \/>\n<em>\u201cRegional y Popular\u201d es un segmento radial semanal de quince minutos dedicado a temas relacionados con la integraci\u00f3n soberana de Latinoam\u00e9rica y el Caribe. Es una producci\u00f3n de libre utilizaci\u00f3n de la agencia internacional de noticias Pressenza realizada desde C\u00f3rdoba, Argentina, en colaboraci\u00f3n con radio comunitaria La Ranchada que se emite regularmente por diversas emisoras y redes de la regi\u00f3n. Si una emisora quiere difundir nuestros programas, puede conectarnos en nuestro <\/em><a href=\"mailto:javiertolcachier@gmail.com\"><em>correo<\/em><\/a><em> de referencia y se lo enviaremos cada semana. <\/em><\/p>\n","protected":false},"excerpt":{"rendered":"<p>Este lunes se cumplieron dos a\u00f1os de la desaparici\u00f3n forzada de 43 estudiantes de una escuela rural de maestros en las inmediaciones de Iguala, en el estado de Guerrero, M\u00e9xico. Los alumnos de la Escuela Normal \u201cIsidro Burgos\u201d planeaban concurrir&hellip;<\/p>\n","protected":false},"author":970,"featured_media":374739,"comment_status":"closed","ping_status":"closed","sticky":false,"template":"","format":"standard","meta":{"footnotes":""},"categories":[11389,79,68,80,22754],"tags":[12700,441,451,1321],"class_list":["post-374738","post","type-post","status-publish","format-standard","has-post-thumbnail","hentry","category-contenido-original","category-derechos-humanos","category-norteamerica","category-pueblos-originarios","category-radio-es","tag-ayotzinapa","tag-derechos-humanos","tag-integracion","tag-mexico"],"yoast_head":"<!-- This site is optimized with the Yoast SEO plugin v27.1.1 - https:\/\/yoast.com\/product\/yoast-seo-wordpress\/ -->\n<title>M\u00e9xico: \u00bfQu\u00e9 m\u00e1s tiene que pasar para que hagamos un cambio todos?<\/title>\n<meta name=\"description\" content=\"Este lunes se cumplieron dos a\u00f1os de la desaparici\u00f3n forzada de 43 estudiantes de una escuela rural de maestros en las inmediaciones de Iguala, en el\" \/>\n<meta name=\"robots\" content=\"index, follow, max-snippet:-1, max-image-preview:large, max-video-preview:-1\" \/>\n<link rel=\"canonical\" href=\"https:\/\/www.pressenza.com\/es\/2016\/09\/mexico-que-mas-tiene-que-pasar-para-que-hagamos-un-cambio-todos\/\" \/>\n<meta property=\"og:locale\" content=\"es_ES\" \/>\n<meta property=\"og:type\" content=\"article\" \/>\n<meta property=\"og:title\" content=\"M\u00e9xico: \u00bfQu\u00e9 m\u00e1s tiene que pasar para que hagamos un cambio todos?\" \/>\n<meta property=\"og:description\" content=\"Este lunes se cumplieron dos a\u00f1os de la desaparici\u00f3n forzada de 43 estudiantes de una escuela rural de maestros en las inmediaciones de Iguala, en el\" \/>\n<meta property=\"og:url\" content=\"https:\/\/www.pressenza.com\/es\/2016\/09\/mexico-que-mas-tiene-que-pasar-para-que-hagamos-un-cambio-todos\/\" \/>\n<meta property=\"og:site_name\" content=\"Pressenza\" \/>\n<meta property=\"article:publisher\" content=\"https:\/\/www.facebook.com\/PressenzaItalia\" \/>\n<meta property=\"article:author\" content=\"https:\/\/www.facebook.com\/javier.tolcachier?fref=ts\" \/>\n<meta property=\"article:published_time\" content=\"2016-09-28T21:44:20+00:00\" \/>\n<meta property=\"og:image\" content=\"https:\/\/www.pressenza.com\/wp-content\/uploads\/2016\/09\/Popocatepetl_Yolotzin-Zamora-Mendez.jpg\" \/>\n\t<meta property=\"og:image:width\" content=\"960\" \/>\n\t<meta property=\"og:image:height\" content=\"960\" \/>\n\t<meta property=\"og:image:type\" content=\"image\/jpeg\" \/>\n<meta name=\"author\" content=\"Javier Tolcachier\" \/>\n<meta name=\"twitter:card\" content=\"summary_large_image\" \/>\n<meta name=\"twitter:creator\" content=\"@jtolcachier\" \/>\n<meta name=\"twitter:site\" content=\"@PressenzaIPA\" \/>\n<meta name=\"twitter:label1\" content=\"Escrito por\" \/>\n\t<meta name=\"twitter:data1\" content=\"Javier Tolcachier\" \/>\n\t<meta name=\"twitter:label2\" content=\"Tiempo de lectura\" \/>\n\t<meta name=\"twitter:data2\" content=\"3 minutos\" \/>\n<script type=\"application\/ld+json\" class=\"yoast-schema-graph\">{\"@context\":\"https:\/\/schema.org\",\"@graph\":[{\"@type\":\"Article\",\"@id\":\"https:\/\/www.pressenza.com\/es\/2016\/09\/mexico-que-mas-tiene-que-pasar-para-que-hagamos-un-cambio-todos\/#article\",\"isPartOf\":{\"@id\":\"https:\/\/www.pressenza.com\/es\/2016\/09\/mexico-que-mas-tiene-que-pasar-para-que-hagamos-un-cambio-todos\/\"},\"author\":{\"name\":\"Javier Tolcachier\",\"@id\":\"https:\/\/www.pressenza.com\/es\/#\/schema\/person\/f353f6d4eed144101dedba60e6227564\"},\"headline\":\"M\u00e9xico: \u00bfQu\u00e9 m\u00e1s tiene que pasar para que hagamos un cambio todos?\",\"datePublished\":\"2016-09-28T21:44:20+00:00\",\"mainEntityOfPage\":{\"@id\":\"https:\/\/www.pressenza.com\/es\/2016\/09\/mexico-que-mas-tiene-que-pasar-para-que-hagamos-un-cambio-todos\/\"},\"wordCount\":538,\"publisher\":{\"@id\":\"https:\/\/www.pressenza.com\/es\/#organization\"},\"image\":{\"@id\":\"https:\/\/www.pressenza.com\/es\/2016\/09\/mexico-que-mas-tiene-que-pasar-para-que-hagamos-un-cambio-todos\/#primaryimage\"},\"thumbnailUrl\":\"https:\/\/www.pressenza.com\/wp-content\/uploads\/2016\/09\/Popocatepetl_Yolotzin-Zamora-Mendez.jpg\",\"keywords\":[\"Ayotzinapa\",\"Derechos humanos\",\"Integraci\u00f3n\",\"M\u00e9xico\"],\"articleSection\":[\"Contenido Original\",\"Derechos Humanos\",\"Norteam\u00e9rica\",\"Pueblos Originarios\",\"Radio\"],\"inLanguage\":\"es\"},{\"@type\":\"WebPage\",\"@id\":\"https:\/\/www.pressenza.com\/es\/2016\/09\/mexico-que-mas-tiene-que-pasar-para-que-hagamos-un-cambio-todos\/\",\"url\":\"https:\/\/www.pressenza.com\/es\/2016\/09\/mexico-que-mas-tiene-que-pasar-para-que-hagamos-un-cambio-todos\/\",\"name\":\"M\u00e9xico: \u00bfQu\u00e9 m\u00e1s tiene que pasar para que hagamos un cambio todos?\",\"isPartOf\":{\"@id\":\"https:\/\/www.pressenza.com\/es\/#website\"},\"primaryImageOfPage\":{\"@id\":\"https:\/\/www.pressenza.com\/es\/2016\/09\/mexico-que-mas-tiene-que-pasar-para-que-hagamos-un-cambio-todos\/#primaryimage\"},\"image\":{\"@id\":\"https:\/\/www.pressenza.com\/es\/2016\/09\/mexico-que-mas-tiene-que-pasar-para-que-hagamos-un-cambio-todos\/#primaryimage\"},\"thumbnailUrl\":\"https:\/\/www.pressenza.com\/wp-content\/uploads\/2016\/09\/Popocatepetl_Yolotzin-Zamora-Mendez.jpg\",\"datePublished\":\"2016-09-28T21:44:20+00:00\",\"description\":\"Este lunes se cumplieron dos a\u00f1os de la desaparici\u00f3n forzada de 43 estudiantes de una escuela rural de maestros en las inmediaciones de Iguala, en el\",\"breadcrumb\":{\"@id\":\"https:\/\/www.pressenza.com\/es\/2016\/09\/mexico-que-mas-tiene-que-pasar-para-que-hagamos-un-cambio-todos\/#breadcrumb\"},\"inLanguage\":\"es\",\"potentialAction\":[{\"@type\":\"ReadAction\",\"target\":[\"https:\/\/www.pressenza.com\/es\/2016\/09\/mexico-que-mas-tiene-que-pasar-para-que-hagamos-un-cambio-todos\/\"]}]},{\"@type\":\"ImageObject\",\"inLanguage\":\"es\",\"@id\":\"https:\/\/www.pressenza.com\/es\/2016\/09\/mexico-que-mas-tiene-que-pasar-para-que-hagamos-un-cambio-todos\/#primaryimage\",\"url\":\"https:\/\/www.pressenza.com\/wp-content\/uploads\/2016\/09\/Popocatepetl_Yolotzin-Zamora-Mendez.jpg\",\"contentUrl\":\"https:\/\/www.pressenza.com\/wp-content\/uploads\/2016\/09\/Popocatepetl_Yolotzin-Zamora-Mendez.jpg\",\"width\":960,\"height\":960},{\"@type\":\"BreadcrumbList\",\"@id\":\"https:\/\/www.pressenza.com\/es\/2016\/09\/mexico-que-mas-tiene-que-pasar-para-que-hagamos-un-cambio-todos\/#breadcrumb\",\"itemListElement\":[{\"@type\":\"ListItem\",\"position\":1,\"name\":\"Accueil\",\"item\":\"https:\/\/www.pressenza.com\/es\/\"},{\"@type\":\"ListItem\",\"position\":2,\"name\":\"M\u00e9xico: \u00bfQu\u00e9 m\u00e1s tiene que pasar para que hagamos un cambio todos?\"}]},{\"@type\":\"WebSite\",\"@id\":\"https:\/\/www.pressenza.com\/es\/#website\",\"url\":\"https:\/\/www.pressenza.com\/es\/\",\"name\":\"Pressenza\",\"description\":\"International Press Agency\",\"publisher\":{\"@id\":\"https:\/\/www.pressenza.com\/es\/#organization\"},\"potentialAction\":[{\"@type\":\"SearchAction\",\"target\":{\"@type\":\"EntryPoint\",\"urlTemplate\":\"https:\/\/www.pressenza.com\/es\/?s={search_term_string}\"},\"query-input\":{\"@type\":\"PropertyValueSpecification\",\"valueRequired\":true,\"valueName\":\"search_term_string\"}}],\"inLanguage\":\"es\"},{\"@type\":\"Organization\",\"@id\":\"https:\/\/www.pressenza.com\/es\/#organization\",\"name\":\"Pressenza\",\"url\":\"https:\/\/www.pressenza.com\/es\/\",\"logo\":{\"@type\":\"ImageObject\",\"inLanguage\":\"es\",\"@id\":\"https:\/\/www.pressenza.com\/es\/#\/schema\/logo\/image\/\",\"url\":\"https:\/\/www.pressenza.com\/wp-content\/uploads\/2022\/10\/pressenza_logo_200x200.jpg\",\"contentUrl\":\"https:\/\/www.pressenza.com\/wp-content\/uploads\/2022\/10\/pressenza_logo_200x200.jpg\",\"width\":200,\"height\":200,\"caption\":\"Pressenza\"},\"image\":{\"@id\":\"https:\/\/www.pressenza.com\/es\/#\/schema\/logo\/image\/\"},\"sameAs\":[\"https:\/\/www.facebook.com\/PressenzaItalia\",\"https:\/\/x.com\/PressenzaIPA\"]},{\"@type\":\"Person\",\"@id\":\"https:\/\/www.pressenza.com\/es\/#\/schema\/person\/f353f6d4eed144101dedba60e6227564\",\"name\":\"Javier Tolcachier\",\"description\":\"Javier Tolcachier is a researcher from the World Centre of Humanist Studies, an organism of the Humanist Movement. Mail: javiertolcachier@disroot.org Twitter: @jtolcachier\",\"sameAs\":[\"https:\/\/www.facebook.com\/javier.tolcachier?fref=ts\",\"https:\/\/x.com\/jtolcachier\"],\"url\":\"https:\/\/www.pressenza.com\/es\/author\/javier-tolcachier\/\"}]}<\/script>\n<!-- \/ Yoast SEO plugin. -->","yoast_head_json":{"title":"M\u00e9xico: \u00bfQu\u00e9 m\u00e1s tiene que pasar para que hagamos un cambio todos?","description":"Este lunes se cumplieron dos a\u00f1os de la desaparici\u00f3n forzada de 43 estudiantes de una escuela rural de maestros en las inmediaciones de Iguala, en el","robots":{"index":"index","follow":"follow","max-snippet":"max-snippet:-1","max-image-preview":"max-image-preview:large","max-video-preview":"max-video-preview:-1"},"canonical":"https:\/\/www.pressenza.com\/es\/2016\/09\/mexico-que-mas-tiene-que-pasar-para-que-hagamos-un-cambio-todos\/","og_locale":"es_ES","og_type":"article","og_title":"M\u00e9xico: \u00bfQu\u00e9 m\u00e1s tiene que pasar para que hagamos un cambio todos?","og_description":"Este lunes se cumplieron dos a\u00f1os de la desaparici\u00f3n forzada de 43 estudiantes de una escuela rural de maestros en las inmediaciones de Iguala, en el","og_url":"https:\/\/www.pressenza.com\/es\/2016\/09\/mexico-que-mas-tiene-que-pasar-para-que-hagamos-un-cambio-todos\/","og_site_name":"Pressenza","article_publisher":"https:\/\/www.facebook.com\/PressenzaItalia","article_author":"https:\/\/www.facebook.com\/javier.tolcachier?fref=ts","article_published_time":"2016-09-28T21:44:20+00:00","og_image":[{"width":960,"height":960,"url":"https:\/\/www.pressenza.com\/wp-content\/uploads\/2016\/09\/Popocatepetl_Yolotzin-Zamora-Mendez.jpg","type":"image\/jpeg"}],"author":"Javier Tolcachier","twitter_card":"summary_large_image","twitter_creator":"@jtolcachier","twitter_site":"@PressenzaIPA","twitter_misc":{"Escrito por":"Javier Tolcachier","Tiempo de lectura":"3 minutos"},"schema":{"@context":"https:\/\/schema.org","@graph":[{"@type":"Article","@id":"https:\/\/www.pressenza.com\/es\/2016\/09\/mexico-que-mas-tiene-que-pasar-para-que-hagamos-un-cambio-todos\/#article","isPartOf":{"@id":"https:\/\/www.pressenza.com\/es\/2016\/09\/mexico-que-mas-tiene-que-pasar-para-que-hagamos-un-cambio-todos\/"},"author":{"name":"Javier Tolcachier","@id":"https:\/\/www.pressenza.com\/es\/#\/schema\/person\/f353f6d4eed144101dedba60e6227564"},"headline":"M\u00e9xico: \u00bfQu\u00e9 m\u00e1s tiene que pasar para que hagamos un cambio todos?","datePublished":"2016-09-28T21:44:20+00:00","mainEntityOfPage":{"@id":"https:\/\/www.pressenza.com\/es\/2016\/09\/mexico-que-mas-tiene-que-pasar-para-que-hagamos-un-cambio-todos\/"},"wordCount":538,"publisher":{"@id":"https:\/\/www.pressenza.com\/es\/#organization"},"image":{"@id":"https:\/\/www.pressenza.com\/es\/2016\/09\/mexico-que-mas-tiene-que-pasar-para-que-hagamos-un-cambio-todos\/#primaryimage"},"thumbnailUrl":"https:\/\/www.pressenza.com\/wp-content\/uploads\/2016\/09\/Popocatepetl_Yolotzin-Zamora-Mendez.jpg","keywords":["Ayotzinapa","Derechos humanos","Integraci\u00f3n","M\u00e9xico"],"articleSection":["Contenido Original","Derechos Humanos","Norteam\u00e9rica","Pueblos Originarios","Radio"],"inLanguage":"es"},{"@type":"WebPage","@id":"https:\/\/www.pressenza.com\/es\/2016\/09\/mexico-que-mas-tiene-que-pasar-para-que-hagamos-un-cambio-todos\/","url":"https:\/\/www.pressenza.com\/es\/2016\/09\/mexico-que-mas-tiene-que-pasar-para-que-hagamos-un-cambio-todos\/","name":"M\u00e9xico: \u00bfQu\u00e9 m\u00e1s tiene que pasar para que hagamos un cambio todos?","isPartOf":{"@id":"https:\/\/www.pressenza.com\/es\/#website"},"primaryImageOfPage":{"@id":"https:\/\/www.pressenza.com\/es\/2016\/09\/mexico-que-mas-tiene-que-pasar-para-que-hagamos-un-cambio-todos\/#primaryimage"},"image":{"@id":"https:\/\/www.pressenza.com\/es\/2016\/09\/mexico-que-mas-tiene-que-pasar-para-que-hagamos-un-cambio-todos\/#primaryimage"},"thumbnailUrl":"https:\/\/www.pressenza.com\/wp-content\/uploads\/2016\/09\/Popocatepetl_Yolotzin-Zamora-Mendez.jpg","datePublished":"2016-09-28T21:44:20+00:00","description":"Este lunes se cumplieron dos a\u00f1os de la desaparici\u00f3n forzada de 43 estudiantes de una escuela rural de maestros en las inmediaciones de Iguala, en el","breadcrumb":{"@id":"https:\/\/www.pressenza.com\/es\/2016\/09\/mexico-que-mas-tiene-que-pasar-para-que-hagamos-un-cambio-todos\/#breadcrumb"},"inLanguage":"es","potentialAction":[{"@type":"ReadAction","target":["https:\/\/www.pressenza.com\/es\/2016\/09\/mexico-que-mas-tiene-que-pasar-para-que-hagamos-un-cambio-todos\/"]}]},{"@type":"ImageObject","inLanguage":"es","@id":"https:\/\/www.pressenza.com\/es\/2016\/09\/mexico-que-mas-tiene-que-pasar-para-que-hagamos-un-cambio-todos\/#primaryimage","url":"https:\/\/www.pressenza.com\/wp-content\/uploads\/2016\/09\/Popocatepetl_Yolotzin-Zamora-Mendez.jpg","contentUrl":"https:\/\/www.pressenza.com\/wp-content\/uploads\/2016\/09\/Popocatepetl_Yolotzin-Zamora-Mendez.jpg","width":960,"height":960},{"@type":"BreadcrumbList","@id":"https:\/\/www.pressenza.com\/es\/2016\/09\/mexico-que-mas-tiene-que-pasar-para-que-hagamos-un-cambio-todos\/#breadcrumb","itemListElement":[{"@type":"ListItem","position":1,"name":"Accueil","item":"https:\/\/www.pressenza.com\/es\/"},{"@type":"ListItem","position":2,"name":"M\u00e9xico: \u00bfQu\u00e9 m\u00e1s tiene que pasar para que hagamos un cambio todos?"}]},{"@type":"WebSite","@id":"https:\/\/www.pressenza.com\/es\/#website","url":"https:\/\/www.pressenza.com\/es\/","name":"Pressenza","description":"International Press Agency","publisher":{"@id":"https:\/\/www.pressenza.com\/es\/#organization"},"potentialAction":[{"@type":"SearchAction","target":{"@type":"EntryPoint","urlTemplate":"https:\/\/www.pressenza.com\/es\/?s={search_term_string}"},"query-input":{"@type":"PropertyValueSpecification","valueRequired":true,"valueName":"search_term_string"}}],"inLanguage":"es"},{"@type":"Organization","@id":"https:\/\/www.pressenza.com\/es\/#organization","name":"Pressenza","url":"https:\/\/www.pressenza.com\/es\/","logo":{"@type":"ImageObject","inLanguage":"es","@id":"https:\/\/www.pressenza.com\/es\/#\/schema\/logo\/image\/","url":"https:\/\/www.pressenza.com\/wp-content\/uploads\/2022\/10\/pressenza_logo_200x200.jpg","contentUrl":"https:\/\/www.pressenza.com\/wp-content\/uploads\/2022\/10\/pressenza_logo_200x200.jpg","width":200,"height":200,"caption":"Pressenza"},"image":{"@id":"https:\/\/www.pressenza.com\/es\/#\/schema\/logo\/image\/"},"sameAs":["https:\/\/www.facebook.com\/PressenzaItalia","https:\/\/x.com\/PressenzaIPA"]},{"@type":"Person","@id":"https:\/\/www.pressenza.com\/es\/#\/schema\/person\/f353f6d4eed144101dedba60e6227564","name":"Javier Tolcachier","description":"Javier Tolcachier is a researcher from the World Centre of Humanist Studies, an organism of the Humanist Movement. Mail: javiertolcachier@disroot.org Twitter: @jtolcachier","sameAs":["https:\/\/www.facebook.com\/javier.tolcachier?fref=ts","https:\/\/x.com\/jtolcachier"],"url":"https:\/\/www.pressenza.com\/es\/author\/javier-tolcachier\/"}]}},"place":"C\u00f3rdoba, Argentina","original_article_url":"","_links":{"self":[{"href":"https:\/\/www.pressenza.com\/es\/wp-json\/wp\/v2\/posts\/374738","targetHints":{"allow":["GET"]}}],"collection":[{"href":"https:\/\/www.pressenza.com\/es\/wp-json\/wp\/v2\/posts"}],"about":[{"href":"https:\/\/www.pressenza.com\/es\/wp-json\/wp\/v2\/types\/post"}],"author":[{"embeddable":true,"href":"https:\/\/www.pressenza.com\/es\/wp-json\/wp\/v2\/users\/970"}],"replies":[{"embeddable":true,"href":"https:\/\/www.pressenza.com\/es\/wp-json\/wp\/v2\/comments?post=374738"}],"version-history":[{"count":0,"href":"https:\/\/www.pressenza.com\/es\/wp-json\/wp\/v2\/posts\/374738\/revisions"}],"wp:featuredmedia":[{"embeddable":true,"href":"https:\/\/www.pressenza.com\/es\/wp-json\/wp\/v2\/media\/374739"}],"wp:attachment":[{"href":"https:\/\/www.pressenza.com\/es\/wp-json\/wp\/v2\/media?parent=374738"}],"wp:term":[{"taxonomy":"category","embeddable":true,"href":"https:\/\/www.pressenza.com\/es\/wp-json\/wp\/v2\/categories?post=374738"},{"taxonomy":"post_tag","embeddable":true,"href":"https:\/\/www.pressenza.com\/es\/wp-json\/wp\/v2\/tags?post=374738"}],"curies":[{"name":"wp","href":"https:\/\/api.w.org\/{rel}","templated":true}]}}