{"id":373396,"date":"2016-09-25T19:35:09","date_gmt":"2016-09-25T18:35:09","guid":{"rendered":"http:\/\/www.pressenza.com\/es\/?p=373396"},"modified":"2016-09-25T19:37:33","modified_gmt":"2016-09-25T18:37:33","slug":"manuel-tantos-nerudas","status":"publish","type":"post","link":"https:\/\/www.pressenza.com\/es\/2016\/09\/manuel-tantos-nerudas\/","title":{"rendered":"Un Manuel entre tantos Nerudas"},"content":{"rendered":"<p><strong>En entrevista exclusiva, nieto del poeta chileno revela los bastidores emocionantes de una pel\u00edcula sobre la fuga de Neruda por Los Andes<\/strong><\/p>\n<p><em>por<strong> Jr. Bell\u00e9*\/Calle2\/ <\/strong>Traducci\u00f3n<strong> Pressenza<\/strong><\/em><\/p>\n<p>El hecho de que el director Manuel Basolato sea sobrino nieto de Pablo Neruda, no fue motivaci\u00f3n alguna para que se envolviera en la producci\u00f3n del largometraje \u201cNeruda fugitivo\u201d. La ligaz\u00f3n entre Manuel y Pablo es m\u00e1s po\u00e9tica que gen\u00e9tica, m\u00e1s ideol\u00f3gica que familiar. Adem\u00e1s de sensible, la pel\u00edcula es una de las m\u00e1s aventureras ya producidas. Retrata la fuga que el poeta emprendi\u00f3 en 1949 por los desfiladeros de Los Andes, cruzando la ruta de los contrabandistas a fin de escapar de la persecuci\u00f3n pol\u00edtica del aprendiz de dictador Gabriel Gonz\u00e1lez Videla, cuya historia trat\u00f3 de designar como \u201cel traidor\u201d.<\/p>\n<p>Manuel insisti\u00f3 en filmar exactamente en los mismos lugares y en la misma \u00e9poca del a\u00f1o en que el poeta pas\u00f3. Los riesgos eran inminentes y Manuel jura que jam\u00e1s volver\u00e1 a hacer algo parecido, aunque las dificultades y el aprendizaje hayan ido m\u00e1s all\u00e1 del cine:<em> \u201cCuando conoc\u00ed a Juan Flores \u2013ya con 85 a\u00f1os\u2013, el principal arriero que acompa\u00f1\u00f3 a Neruda, \u00e9l no se animaba a hablar. Siempre vivi\u00f3 en las monta\u00f1as y pensaba, aun 50 a\u00f1os despu\u00e9s, que podr\u00eda ser detenido por la polic\u00eda por haber hecho algo ilegal. Al fin de cuentas, hab\u00eda ayudado a un poeta fugitivo\u201d<\/em>, cuenta Manuel.<\/p>\n<p>La desesperada hu\u00edda dio origen a dos maravillosos libros de Neruda: la autobiograf\u00eda \u201cConfieso que he vivido\u201d, escrita despu\u00e9s de la fuga, y \u201cCanto general\u201d, una poes\u00eda imprescindible para todos los que viven en el extremo sur de la tierra de la libertad, escrita durante la fuga y por tanto su m\u00e1s sincera confesi\u00f3n de amor a la poes\u00eda y a los de abajo, al pueblo, a los explotados. Calle2 convers\u00f3 con Manuel Basoalto sobre este valiente proyecto.<\/p>\n<p><strong>Una duda personal: \u00bfcu\u00e1l fue su inter\u00e9s en la poes\u00eda de Neruda?<\/strong><\/p>\n<p>Ya hab\u00eda hecho algunos documentales sobre Neruda. Ni bien termin\u00f3 la dictadura en Chile, comenc\u00e9 una trilog\u00eda sobre las casas de Neruda, algunas de las cuales hab\u00edan sido invadidas y destruidas como las de Santiago y Valpara\u00edso: La Chascona y La Sebastiana. En ese tiempo yo estaba interesado en hacer documental y no quer\u00eda que la memoria de lo que sucedi\u00f3 en Chile se perdiera, especialmente la de un personaje como Neruda que represent\u00f3 a mucha gente en nuestro pa\u00eds, especialmente aquellos sue\u00f1os de construcci\u00f3n de una sociedad mejor. Fuera de eso, siempre le\u00ed pose\u00eda, muchos autores como Vicente Huidobro, Nicanor Parra, Gonzalo Rojas y Pablo Neruda entre otros. Mi inter\u00e9s particular en Neruda \u2013adem\u00e1s de su obra po\u00e9tica\u2013 es su vida, su compromiso con el cambio social y los m\u00e1s d\u00e9biles.<\/p>\n<p><strong>La pel\u00edcula cuenta un momento importante no s\u00f3lo de la vida sino de la poes\u00eda de Neruda, cuando \u00e9l escribi\u00f3 \u201cCanto general\u201d. \u00bfCu\u00e1les fueron sus preocupaciones para integrar, en una larga persecuci\u00f3n, esa creaci\u00f3n po\u00e9tica?<\/strong><\/p>\n<p>La pel\u00edcula se concentra en el per\u00edodo en que Neruda escribi\u00f3 \u201cCanto general\u201d. Para muchos, es su libro m\u00e1s importante, una especie de Biblia de Am\u00e9rica Latina donde est\u00e1n los grandes temas de nuestra historia y de la historia del mundo. Buena parte de ese libro fue escrito en la clandestinidad. Neruda va dejando fragmentos y cap\u00edtulos en casas por donde pasa, va entregando copias a amigos suyos, y esa actitud deja claro que quiere salvar el libro, dejar su testimonio en caso de ser preso. Hace apenas un a\u00f1o que un coleccionista e investigador consigui\u00f3 reunir todos los fragmentos. Es interesante la lealtad de Neruda a su oficio de poeta, porque \u00e9l nunca deja de escribir, ni siquiera viviendo como fugitivo de la polic\u00eda. Neruda lleva su peque\u00f1a m\u00e1quina de escribir, su principal arma, a todas partes. Un arriero me cont\u00f3 que alguien le dijo a Neruda que la dejara cuando emprendi\u00f3 la peligrosa traves\u00eda por las monta\u00f1as, pero \u00e9l se neg\u00f3. Yo creo que el poeta, en su situaci\u00f3n de persecuci\u00f3n, escribi\u00f3 \u201cCanto general tambi\u00e9n como una epopeya personal; no estaba expresando abstracciones, estaba viviendo las circunstancias directas de la historia de Am\u00e9rica Latina y las consecuencias del colonialismo vivo, que yo creo que contin\u00faa hasta hoy.<\/p>\n<p><strong>\u00bfC\u00f3mo impact\u00f3 en \u201cCanto General\u201d la fuga por Los Andes\u00a0 y c\u00f3mo traslad\u00f3 usted eso al gui\u00f3n y las im\u00e1genes?<\/strong><\/p>\n<p>La fuga de Neruda hacia el sur nos lleva otra vez hacia el mundo de su infancia, entre montes, nieve, r\u00edos y lluvia. Creo que la pel\u00edcula refleja ese mundo de Neruda ni\u00f1o en su relaci\u00f3n con la naturaleza. De cierta manera, el poeta fugitivo es un ser puesto en un trance pr\u00f3ximo a la muerte, hay momentos fuertes de soledad e inseguridad.<\/p>\n<p><strong>Ustedes filmaron en la ruta de los contrabandistas, exactamente por donde Neruda pas\u00f3. \u00bfPor qu\u00e9 esa idea fija?<\/strong><\/p>\n<p>Para m\u00ed, la ruta de los contrabandistas es uno de los lugares m\u00e1s impresionantes del planeta. All\u00ed se siente la presencia imponente de la Cordillera de Los Andes, de una naturaleza que todav\u00eda no fue dominada. Inicialmente pens\u00e9 que Neruda hab\u00eda exagerado un poco al hablar de eso en \u201cConfieso que he vivido\u201d, su libro de memorias, pero en el lugar descubr\u00ed que no hab\u00eda exagerado en nada. Realmente pasar por esa cordillera fue un enorme desaf\u00edo, m\u00e1s a\u00fan en aquella \u00e9poca del a\u00f1o, lo que me hizo entender que Neruda se sent\u00eda en una misi\u00f3n fundamental que no era simplemente huir, sino tambi\u00e9n decirle al mundo lo que estaba sucediendo en Chile. Todo el equipo vivi\u00f3 situaciones de riesgo de las que me sent\u00ed responsable, Hubo un momento, en la subida, en que nuestro actor Jos\u00e9 Secall estuvo a punto de perder la vida: su caballo comenz\u00f3 a retroceder en una zona de piedras y qued\u00f3 s\u00f3lo en tres patas, luchando para no caer en un abismo. Es posible ver cosas as\u00ed en el film y no es un efecto especial. Toda la pel\u00edcula fue rodada en los lugares donde los eventos ocurrieron, en algunas casas donde Neruda estuvo escondido, como el subterr\u00e1neo de Valpara\u00edso. Creo que eso es algo que hered\u00e9 de los documentales pero que no volver\u00eda a repetir.<\/p>\n<p><strong>Imagino que tuvieron muchas dificultades en filmar en Los Andes, m\u00e1s a\u00fan en esas rutas. \u00bfC\u00f3mo fue esa experiencia? \u00bfAlguna te impact\u00f3 especialmente?<\/strong><\/p>\n<p>Todo el equipo de \u201cNeruda fugitivo\u201d aprendi\u00f3 mucho, no s\u00f3lo sobre el poeta. Yo creo que crecimos humanamente. Establecimos v\u00ednculos con los arrieros que nos ayudaron, con las personas que hoy viven en las monta\u00f1as. Muchos de los actores no son profesionales, son gente que vive en la monta\u00f1a. Era dif\u00edcil conseguir actores con ese perfil y tambi\u00e9n con habilidad con los caballos. Estoy muy agradecido a todas esas personas que entendieron lo que est\u00e1bamos haciendo, aunque algunos de ellos nunca hab\u00edan visto una pel\u00edcula en su vida. Cuando estuvo terminada, hicimos varias sesiones para esas personas que nos ayudaron. Ellos sab\u00edan que estaban colaborando en la reconstrucci\u00f3n de nuestra memoria hist\u00f3rica, porque esa es una de las tareas del cine. Porque si los pa\u00edses no tienen memoria, no tienen identidad tampoco, ni la posibilidad de construir un futuro mejor.<\/p>\n<hr \/>\n<p>*\u00a0Jornalista y\u00a0poeta. Autor del libro\u00a0reportaje \u201cBalaclavas &amp; Os profetas do caos\u201d (Livro Novo) y de los libros de poes\u00eda\u00a0\u201cO sonhador que colhe berinjelas na terra das flores murchas\u201d (Edi\u00e7\u00e3o do autor) y\u00a0\u201cTrato de Levante\u201d (Patu\u00e1). Puede ser encontrado en\u00a0<a href=\"http:\/\/www.juniorbelle.com\" target=\"_blank\">www.juniorbelle.com<\/a><\/p>\n","protected":false},"excerpt":{"rendered":"<p>En entrevista exclusiva, nieto del poeta chileno revela los bastidores emocionantes de una pel\u00edcula sobre la fuga de Neruda por Los Andes por Jr. Bell\u00e9*\/Calle2\/ Traducci\u00f3n Pressenza El hecho de que el director Manuel Basolato sea sobrino nieto de Pablo&hellip;<\/p>\n","protected":false},"author":1287,"featured_media":373392,"comment_status":"closed","ping_status":"closed","sticky":false,"template":"","format":"standard","meta":{"footnotes":""},"categories":[75,155,67],"tags":[30942,29,3305,30940,970,8641,10006],"class_list":["post-373396","post","type-post","status-publish","format-standard","has-post-thumbnail","hentry","category-cultura-es","category-entrevistas","category-sudamerica","tag-canto-general","tag-chile","tag-cine","tag-neruda","tag-poesia","tag-santiago","tag-valparaiso"],"yoast_head":"<!-- This site is optimized with the Yoast SEO plugin v27.1.1 - https:\/\/yoast.com\/product\/yoast-seo-wordpress\/ -->\n<title>Un Manuel entre tantos Nerudas<\/title>\n<meta name=\"description\" content=\"En entrevista exclusiva, nieto del poeta chileno revela los bastidores emocionantes de una pel\u00edcula sobre la fuga de Neruda por Los Andes por Jr.\" \/>\n<meta name=\"robots\" content=\"index, follow, max-snippet:-1, max-image-preview:large, max-video-preview:-1\" \/>\n<link rel=\"canonical\" href=\"https:\/\/www.pressenza.com\/es\/2016\/09\/manuel-tantos-nerudas\/\" \/>\n<meta property=\"og:locale\" content=\"es_ES\" \/>\n<meta property=\"og:type\" content=\"article\" \/>\n<meta property=\"og:title\" content=\"Un Manuel entre tantos Nerudas\" \/>\n<meta property=\"og:description\" content=\"En entrevista exclusiva, nieto del poeta chileno revela los bastidores emocionantes de una pel\u00edcula sobre la fuga de Neruda por Los Andes por Jr.\" \/>\n<meta property=\"og:url\" content=\"https:\/\/www.pressenza.com\/es\/2016\/09\/manuel-tantos-nerudas\/\" \/>\n<meta property=\"og:site_name\" content=\"Pressenza\" \/>\n<meta property=\"article:publisher\" content=\"https:\/\/www.facebook.com\/PressenzaItalia\" \/>\n<meta property=\"article:author\" content=\"https:\/\/www.facebook.com\/revistacalle2\/\" \/>\n<meta property=\"article:published_time\" content=\"2016-09-25T18:35:09+00:00\" \/>\n<meta property=\"article:modified_time\" content=\"2016-09-25T18:37:33+00:00\" \/>\n<meta property=\"og:image\" content=\"https:\/\/www.pressenza.com\/wp-content\/uploads\/2016\/09\/Neurdajpg.jpg\" \/>\n\t<meta property=\"og:image:width\" content=\"1280\" \/>\n\t<meta property=\"og:image:height\" content=\"480\" \/>\n\t<meta property=\"og:image:type\" content=\"image\/jpeg\" \/>\n<meta name=\"author\" content=\"Calle2\" \/>\n<meta name=\"twitter:card\" content=\"summary_large_image\" \/>\n<meta name=\"twitter:creator\" content=\"@revistacalle2\" \/>\n<meta name=\"twitter:site\" content=\"@PressenzaIPA\" \/>\n<meta name=\"twitter:label1\" content=\"Escrito por\" \/>\n\t<meta name=\"twitter:data1\" content=\"Calle2\" \/>\n\t<meta name=\"twitter:label2\" content=\"Tiempo de lectura\" \/>\n\t<meta name=\"twitter:data2\" content=\"7 minutos\" \/>\n<script type=\"application\/ld+json\" class=\"yoast-schema-graph\">{\"@context\":\"https:\/\/schema.org\",\"@graph\":[{\"@type\":\"Article\",\"@id\":\"https:\/\/www.pressenza.com\/es\/2016\/09\/manuel-tantos-nerudas\/#article\",\"isPartOf\":{\"@id\":\"https:\/\/www.pressenza.com\/es\/2016\/09\/manuel-tantos-nerudas\/\"},\"author\":{\"name\":\"Calle2\",\"@id\":\"https:\/\/www.pressenza.com\/es\/#\/schema\/person\/71837cc1cdde1818948a8e62658850a5\"},\"headline\":\"Un Manuel entre tantos Nerudas\",\"datePublished\":\"2016-09-25T18:35:09+00:00\",\"dateModified\":\"2016-09-25T18:37:33+00:00\",\"mainEntityOfPage\":{\"@id\":\"https:\/\/www.pressenza.com\/es\/2016\/09\/manuel-tantos-nerudas\/\"},\"wordCount\":1350,\"publisher\":{\"@id\":\"https:\/\/www.pressenza.com\/es\/#organization\"},\"image\":{\"@id\":\"https:\/\/www.pressenza.com\/es\/2016\/09\/manuel-tantos-nerudas\/#primaryimage\"},\"thumbnailUrl\":\"https:\/\/www.pressenza.com\/wp-content\/uploads\/2016\/09\/Neurdajpg.jpg\",\"keywords\":[\"Canto general\",\"Chile\",\"cine\",\"Neruda\",\"poes\u00eda\",\"Santiago\",\"valparaiso\"],\"articleSection\":[\"Cultura y Medios\",\"Entrevistas\",\"Sudam\u00e9rica\"],\"inLanguage\":\"es\"},{\"@type\":\"WebPage\",\"@id\":\"https:\/\/www.pressenza.com\/es\/2016\/09\/manuel-tantos-nerudas\/\",\"url\":\"https:\/\/www.pressenza.com\/es\/2016\/09\/manuel-tantos-nerudas\/\",\"name\":\"Un Manuel entre tantos Nerudas\",\"isPartOf\":{\"@id\":\"https:\/\/www.pressenza.com\/es\/#website\"},\"primaryImageOfPage\":{\"@id\":\"https:\/\/www.pressenza.com\/es\/2016\/09\/manuel-tantos-nerudas\/#primaryimage\"},\"image\":{\"@id\":\"https:\/\/www.pressenza.com\/es\/2016\/09\/manuel-tantos-nerudas\/#primaryimage\"},\"thumbnailUrl\":\"https:\/\/www.pressenza.com\/wp-content\/uploads\/2016\/09\/Neurdajpg.jpg\",\"datePublished\":\"2016-09-25T18:35:09+00:00\",\"dateModified\":\"2016-09-25T18:37:33+00:00\",\"description\":\"En entrevista exclusiva, nieto del poeta chileno revela los bastidores emocionantes de una pel\u00edcula sobre la fuga de Neruda por Los Andes por Jr.\",\"breadcrumb\":{\"@id\":\"https:\/\/www.pressenza.com\/es\/2016\/09\/manuel-tantos-nerudas\/#breadcrumb\"},\"inLanguage\":\"es\",\"potentialAction\":[{\"@type\":\"ReadAction\",\"target\":[\"https:\/\/www.pressenza.com\/es\/2016\/09\/manuel-tantos-nerudas\/\"]}]},{\"@type\":\"ImageObject\",\"inLanguage\":\"es\",\"@id\":\"https:\/\/www.pressenza.com\/es\/2016\/09\/manuel-tantos-nerudas\/#primaryimage\",\"url\":\"https:\/\/www.pressenza.com\/wp-content\/uploads\/2016\/09\/Neurdajpg.jpg\",\"contentUrl\":\"https:\/\/www.pressenza.com\/wp-content\/uploads\/2016\/09\/Neurdajpg.jpg\",\"width\":1280,\"height\":480},{\"@type\":\"BreadcrumbList\",\"@id\":\"https:\/\/www.pressenza.com\/es\/2016\/09\/manuel-tantos-nerudas\/#breadcrumb\",\"itemListElement\":[{\"@type\":\"ListItem\",\"position\":1,\"name\":\"Accueil\",\"item\":\"https:\/\/www.pressenza.com\/es\/\"},{\"@type\":\"ListItem\",\"position\":2,\"name\":\"Un Manuel entre tantos Nerudas\"}]},{\"@type\":\"WebSite\",\"@id\":\"https:\/\/www.pressenza.com\/es\/#website\",\"url\":\"https:\/\/www.pressenza.com\/es\/\",\"name\":\"Pressenza\",\"description\":\"International Press Agency\",\"publisher\":{\"@id\":\"https:\/\/www.pressenza.com\/es\/#organization\"},\"potentialAction\":[{\"@type\":\"SearchAction\",\"target\":{\"@type\":\"EntryPoint\",\"urlTemplate\":\"https:\/\/www.pressenza.com\/es\/?s={search_term_string}\"},\"query-input\":{\"@type\":\"PropertyValueSpecification\",\"valueRequired\":true,\"valueName\":\"search_term_string\"}}],\"inLanguage\":\"es\"},{\"@type\":\"Organization\",\"@id\":\"https:\/\/www.pressenza.com\/es\/#organization\",\"name\":\"Pressenza\",\"url\":\"https:\/\/www.pressenza.com\/es\/\",\"logo\":{\"@type\":\"ImageObject\",\"inLanguage\":\"es\",\"@id\":\"https:\/\/www.pressenza.com\/es\/#\/schema\/logo\/image\/\",\"url\":\"https:\/\/www.pressenza.com\/wp-content\/uploads\/2022\/10\/pressenza_logo_200x200.jpg\",\"contentUrl\":\"https:\/\/www.pressenza.com\/wp-content\/uploads\/2022\/10\/pressenza_logo_200x200.jpg\",\"width\":200,\"height\":200,\"caption\":\"Pressenza\"},\"image\":{\"@id\":\"https:\/\/www.pressenza.com\/es\/#\/schema\/logo\/image\/\"},\"sameAs\":[\"https:\/\/www.facebook.com\/PressenzaItalia\",\"https:\/\/x.com\/PressenzaIPA\"]},{\"@type\":\"Person\",\"@id\":\"https:\/\/www.pressenza.com\/es\/#\/schema\/person\/71837cc1cdde1818948a8e62658850a5\",\"name\":\"Calle2\",\"sameAs\":[\"https:\/\/www.facebook.com\/revistacalle2\/\",\"https:\/\/x.com\/revistacalle2\"],\"url\":\"https:\/\/www.pressenza.com\/es\/author\/calle2\/\"}]}<\/script>\n<!-- \/ Yoast SEO plugin. -->","yoast_head_json":{"title":"Un Manuel entre tantos Nerudas","description":"En entrevista exclusiva, nieto del poeta chileno revela los bastidores emocionantes de una pel\u00edcula sobre la fuga de Neruda por Los Andes por Jr.","robots":{"index":"index","follow":"follow","max-snippet":"max-snippet:-1","max-image-preview":"max-image-preview:large","max-video-preview":"max-video-preview:-1"},"canonical":"https:\/\/www.pressenza.com\/es\/2016\/09\/manuel-tantos-nerudas\/","og_locale":"es_ES","og_type":"article","og_title":"Un Manuel entre tantos Nerudas","og_description":"En entrevista exclusiva, nieto del poeta chileno revela los bastidores emocionantes de una pel\u00edcula sobre la fuga de Neruda por Los Andes por Jr.","og_url":"https:\/\/www.pressenza.com\/es\/2016\/09\/manuel-tantos-nerudas\/","og_site_name":"Pressenza","article_publisher":"https:\/\/www.facebook.com\/PressenzaItalia","article_author":"https:\/\/www.facebook.com\/revistacalle2\/","article_published_time":"2016-09-25T18:35:09+00:00","article_modified_time":"2016-09-25T18:37:33+00:00","og_image":[{"width":1280,"height":480,"url":"https:\/\/www.pressenza.com\/wp-content\/uploads\/2016\/09\/Neurdajpg.jpg","type":"image\/jpeg"}],"author":"Calle2","twitter_card":"summary_large_image","twitter_creator":"@revistacalle2","twitter_site":"@PressenzaIPA","twitter_misc":{"Escrito por":"Calle2","Tiempo de lectura":"7 minutos"},"schema":{"@context":"https:\/\/schema.org","@graph":[{"@type":"Article","@id":"https:\/\/www.pressenza.com\/es\/2016\/09\/manuel-tantos-nerudas\/#article","isPartOf":{"@id":"https:\/\/www.pressenza.com\/es\/2016\/09\/manuel-tantos-nerudas\/"},"author":{"name":"Calle2","@id":"https:\/\/www.pressenza.com\/es\/#\/schema\/person\/71837cc1cdde1818948a8e62658850a5"},"headline":"Un Manuel entre tantos Nerudas","datePublished":"2016-09-25T18:35:09+00:00","dateModified":"2016-09-25T18:37:33+00:00","mainEntityOfPage":{"@id":"https:\/\/www.pressenza.com\/es\/2016\/09\/manuel-tantos-nerudas\/"},"wordCount":1350,"publisher":{"@id":"https:\/\/www.pressenza.com\/es\/#organization"},"image":{"@id":"https:\/\/www.pressenza.com\/es\/2016\/09\/manuel-tantos-nerudas\/#primaryimage"},"thumbnailUrl":"https:\/\/www.pressenza.com\/wp-content\/uploads\/2016\/09\/Neurdajpg.jpg","keywords":["Canto general","Chile","cine","Neruda","poes\u00eda","Santiago","valparaiso"],"articleSection":["Cultura y Medios","Entrevistas","Sudam\u00e9rica"],"inLanguage":"es"},{"@type":"WebPage","@id":"https:\/\/www.pressenza.com\/es\/2016\/09\/manuel-tantos-nerudas\/","url":"https:\/\/www.pressenza.com\/es\/2016\/09\/manuel-tantos-nerudas\/","name":"Un Manuel entre tantos Nerudas","isPartOf":{"@id":"https:\/\/www.pressenza.com\/es\/#website"},"primaryImageOfPage":{"@id":"https:\/\/www.pressenza.com\/es\/2016\/09\/manuel-tantos-nerudas\/#primaryimage"},"image":{"@id":"https:\/\/www.pressenza.com\/es\/2016\/09\/manuel-tantos-nerudas\/#primaryimage"},"thumbnailUrl":"https:\/\/www.pressenza.com\/wp-content\/uploads\/2016\/09\/Neurdajpg.jpg","datePublished":"2016-09-25T18:35:09+00:00","dateModified":"2016-09-25T18:37:33+00:00","description":"En entrevista exclusiva, nieto del poeta chileno revela los bastidores emocionantes de una pel\u00edcula sobre la fuga de Neruda por Los Andes por Jr.","breadcrumb":{"@id":"https:\/\/www.pressenza.com\/es\/2016\/09\/manuel-tantos-nerudas\/#breadcrumb"},"inLanguage":"es","potentialAction":[{"@type":"ReadAction","target":["https:\/\/www.pressenza.com\/es\/2016\/09\/manuel-tantos-nerudas\/"]}]},{"@type":"ImageObject","inLanguage":"es","@id":"https:\/\/www.pressenza.com\/es\/2016\/09\/manuel-tantos-nerudas\/#primaryimage","url":"https:\/\/www.pressenza.com\/wp-content\/uploads\/2016\/09\/Neurdajpg.jpg","contentUrl":"https:\/\/www.pressenza.com\/wp-content\/uploads\/2016\/09\/Neurdajpg.jpg","width":1280,"height":480},{"@type":"BreadcrumbList","@id":"https:\/\/www.pressenza.com\/es\/2016\/09\/manuel-tantos-nerudas\/#breadcrumb","itemListElement":[{"@type":"ListItem","position":1,"name":"Accueil","item":"https:\/\/www.pressenza.com\/es\/"},{"@type":"ListItem","position":2,"name":"Un Manuel entre tantos Nerudas"}]},{"@type":"WebSite","@id":"https:\/\/www.pressenza.com\/es\/#website","url":"https:\/\/www.pressenza.com\/es\/","name":"Pressenza","description":"International Press Agency","publisher":{"@id":"https:\/\/www.pressenza.com\/es\/#organization"},"potentialAction":[{"@type":"SearchAction","target":{"@type":"EntryPoint","urlTemplate":"https:\/\/www.pressenza.com\/es\/?s={search_term_string}"},"query-input":{"@type":"PropertyValueSpecification","valueRequired":true,"valueName":"search_term_string"}}],"inLanguage":"es"},{"@type":"Organization","@id":"https:\/\/www.pressenza.com\/es\/#organization","name":"Pressenza","url":"https:\/\/www.pressenza.com\/es\/","logo":{"@type":"ImageObject","inLanguage":"es","@id":"https:\/\/www.pressenza.com\/es\/#\/schema\/logo\/image\/","url":"https:\/\/www.pressenza.com\/wp-content\/uploads\/2022\/10\/pressenza_logo_200x200.jpg","contentUrl":"https:\/\/www.pressenza.com\/wp-content\/uploads\/2022\/10\/pressenza_logo_200x200.jpg","width":200,"height":200,"caption":"Pressenza"},"image":{"@id":"https:\/\/www.pressenza.com\/es\/#\/schema\/logo\/image\/"},"sameAs":["https:\/\/www.facebook.com\/PressenzaItalia","https:\/\/x.com\/PressenzaIPA"]},{"@type":"Person","@id":"https:\/\/www.pressenza.com\/es\/#\/schema\/person\/71837cc1cdde1818948a8e62658850a5","name":"Calle2","sameAs":["https:\/\/www.facebook.com\/revistacalle2\/","https:\/\/x.com\/revistacalle2"],"url":"https:\/\/www.pressenza.com\/es\/author\/calle2\/"}]}},"place":"Santiago, Chile","original_article_url":"http:\/\/calle2.com\/um-manuel-entre-tantos-nerudas\/","_links":{"self":[{"href":"https:\/\/www.pressenza.com\/es\/wp-json\/wp\/v2\/posts\/373396","targetHints":{"allow":["GET"]}}],"collection":[{"href":"https:\/\/www.pressenza.com\/es\/wp-json\/wp\/v2\/posts"}],"about":[{"href":"https:\/\/www.pressenza.com\/es\/wp-json\/wp\/v2\/types\/post"}],"author":[{"embeddable":true,"href":"https:\/\/www.pressenza.com\/es\/wp-json\/wp\/v2\/users\/1287"}],"replies":[{"embeddable":true,"href":"https:\/\/www.pressenza.com\/es\/wp-json\/wp\/v2\/comments?post=373396"}],"version-history":[{"count":0,"href":"https:\/\/www.pressenza.com\/es\/wp-json\/wp\/v2\/posts\/373396\/revisions"}],"wp:featuredmedia":[{"embeddable":true,"href":"https:\/\/www.pressenza.com\/es\/wp-json\/wp\/v2\/media\/373392"}],"wp:attachment":[{"href":"https:\/\/www.pressenza.com\/es\/wp-json\/wp\/v2\/media?parent=373396"}],"wp:term":[{"taxonomy":"category","embeddable":true,"href":"https:\/\/www.pressenza.com\/es\/wp-json\/wp\/v2\/categories?post=373396"},{"taxonomy":"post_tag","embeddable":true,"href":"https:\/\/www.pressenza.com\/es\/wp-json\/wp\/v2\/tags?post=373396"}],"curies":[{"name":"wp","href":"https:\/\/api.w.org\/{rel}","templated":true}]}}