{"id":371703,"date":"2016-09-20T18:27:23","date_gmt":"2016-09-20T17:27:23","guid":{"rendered":"http:\/\/www.pressenza.com\/es\/?p=371703"},"modified":"2016-09-20T18:27:23","modified_gmt":"2016-09-20T17:27:23","slug":"la-flaca-la-tupac","status":"publish","type":"post","link":"https:\/\/www.pressenza.com\/es\/2016\/09\/la-flaca-la-tupac\/","title":{"rendered":"La Flaca y la Tupac"},"content":{"rendered":"<p><strong>Cr\u00f3nica desde los pagos de Milagro Sala<\/strong><\/p>\n<p><em><strong>Texto y Fotos Diego Mar\u00eda Gallardo<\/strong><\/em><\/p>\n<p><em>Milagro Sala es la primera presa pol\u00edtica del macrismo y, particularmente, del gobierno de Gerardo Morales en la provincia de Jujuy. La detuvieron por ejercer el derecho a protestar, con una irrisoria acusaci\u00f3n de \u201ctumulto\u201d. Desde entonces el Poder Judicial juje\u00f1o, aliado de Morales, fue creando causa tras causa para mantenerla en prisi\u00f3n. \u00bfPor qu\u00e9? \u00bfQu\u00e9 es lo que a la derecha tanto le molesta de La Flaca, como la llaman a Milagro los tupaqueros? En esta cr\u00f3nica, un pantallazo de la enorme obra que Milagro Sala hizo en 15 a\u00f1os desde la agrupaci\u00f3n pol\u00edtico-social Tupac Amaru, con el poder popular de las cooperativas y de un pueblo organizado.<\/em><\/p>\n<p><strong>De la copa de leche a una organizaci\u00f3n revolucionaria<\/strong><\/p>\n<p>Hace m\u00e1s de 15 a\u00f1os Milagro Sala le dijo al pueblo juje\u00f1o que deb\u00edan permitirse so\u00f1ar y no estaba equivocada. Con el diario del lunes y los logros a la vista es inminente la necesidad de apoyar a la organizaci\u00f3n m\u00e1s revolucionaria de los \u00faltimos tiempos en nuestro pa\u00eds. Los nuevos l\u00edmites son los horizontes del pasado y el miedo atormenta al norte. Un viajecito por aquellos pagos despeina cualquier intento de censura medi\u00e1tica.<\/p>\n<p>Hay quienes dicen que para comprender la realidad hay que vivirla y para contarla hay que embarrarse. A pesar del bombardeo informativo de los medios de comunicaci\u00f3n y su af\u00e1n por adiestrarnos dentro de los c\u00e1nones propuestos por el sistema capitalista, es necesario levantar la cabeza y respirar un poco de aire fresco.<\/p>\n<p>El norte argentino no s\u00f3lo convida empanadas, lindos paisajes y hermosas pe\u00f1as a quien vaya a visitarlo, sino que tambi\u00e9n expone obras emocionantes y sue\u00f1os inquebrantables. Jujuy se resume en lucha e igualdad. Milagro Sala, admirada por muchos y odiada por otros, supo interpretar las necesidades de un pueblo marginado a trav\u00e9s de la organizaci\u00f3n y la inclusi\u00f3n social.<\/p>\n<p>All\u00e1 no s\u00f3lo podr\u00e1s comprar telares y hasta mascar coca, sino que tambi\u00e9n podr\u00e1s palpar lo que sienten los juje\u00f1os por la Milagro. Ver a los ancianos y j\u00f3venes moquear cuando cuentan las proezas logradas en estos a\u00f1os s\u00ed que emociona. Escuchar que tiempo atr\u00e1s no ten\u00edan qu\u00e9 comer y ahora tienen vivienda, trabajo y salud es reconfortante para cualquiera que viva la otra realidad, la realidad de los que accedieron al sistema. Como dec\u00eda Ernesto Che Guevara: \u201cSean capaces siempre de sentir, en lo m\u00e1s hondo, cualquier injusticia realizada contra cualquiera, en cualquier parte del mundo. Es la cualidad m\u00e1s linda del revolucionario\u201d.<\/p>\n<p>\u201cCuando hay voluntad, hay mil recursos, cuando no hay voluntad, hay mil excusas\u201d, expone una bandera de la Tupac en pleno centro de San Salvador de Jujuy. Pensar que Milagro comenz\u00f3 con once compa\u00f1eros y una \u201ccopa de leche\u201d en los barrios. Pensar que el nuevo gobierno pretende que compremos el cuento de \u201cla pesada herencia\u201d y si nos distraemos hasta el de la \u201cbuena pipa\u201d. Cu\u00e1ntas diferencias podr\u00edamos aportar entre ellos y nosotros\u2026, pero ser\u00e1 para otras p\u00e1ginas, porque estas son para \u201cla Flaca\u201d.<\/p>\n<p>\u201cSi no existe la organizaci\u00f3n, las ideas, despu\u00e9s del primer momento de impulso, van perdiendo eficacia\u201d, predicaba el Che. Aqu\u00ed la importancia de la obra de Milagro Sala con la creaci\u00f3n de la Tupac Amaru en el a\u00f1o 2001, haciendo uso del nombre del l\u00edder inca del siglo XVIII que se rebel\u00f3 contra los espa\u00f1oles. Para llevar adelante un proyecto genuino es indispensable una estructura que contenga la fuerza de cada integrante.<\/p>\n<p>La Tupac Amaru es la respuesta a los males del neoliberalismo y se forj\u00f3 en las aguas del kirchnerismo. Cuando el pueblo ped\u00eda \u201cque se vayan todos\u201d Milagro Sala con un sue\u00f1o entre sus brazos recorri\u00f3 los barrios m\u00e1s desprotegidos y les propuso recuperar la dignidad e igualdad. Algunos la llaman \u201cla Eva del norte\u201d, otros solo \u201cla Flaca\u201d, pero no queda duda que es la mujer que le devolvi\u00f3 la autoestima a los \u201cnadies\u201d, como dec\u00eda Eduardo Galeano.<\/p>\n<p><img loading=\"lazy\" decoding=\"async\" class=\"size-large wp-image-371714\" src=\"http:\/\/www.pressenza.com\/wp-content\/uploads\/2016\/09\/4-2-720x540.jpg\" alt=\"SANYO DIGITAL CAMERA\" width=\"720\" height=\"540\" srcset=\"https:\/\/www.pressenza.com\/wp-content\/uploads\/2016\/09\/4-2-720x540.jpg 720w, https:\/\/www.pressenza.com\/wp-content\/uploads\/2016\/09\/4-2-300x225.jpg 300w, https:\/\/www.pressenza.com\/wp-content\/uploads\/2016\/09\/4-2-768x576.jpg 768w\" sizes=\"auto, (max-width: 720px) 100vw, 720px\" \/><\/p>\n<p><strong>La Tupac en tiempos de Cambiemos<\/strong><\/p>\n<p>Los logros de la organizaci\u00f3n son inmensos y todo indica que ser\u00e1n infinitos, porque sus integrantes no dudan del camino transitado y de lo que todav\u00eda falta. \u201cLa Milagro es como una madre y por eso vamos a hacer hasta lo imposible para tenerla de nuevo con nosotros\u201d.<\/p>\n<p>A pesar de que la organizaci\u00f3n perdi\u00f3 a muchos de sus militantes y afiliados en estos pocos meses, todav\u00eda da pelea y espera con ansias un milagro, su Milagro. El a\u00f1o pasado contaba con 20 mil afiliados, hoy s\u00f3lo con 4 mil. Algunos se fueron por necesidades laborales y familiares, ya que el gobierno de la UCR de Gerardo Morales (de la Alianza Cambiemos, UCR-Pro) no s\u00f3lo no les cede recursos sino que obliga a las empresas de la provincia a no comerciar con las cooperativas de la Tupac Amaru.<\/p>\n<p>Cap\u00edtulo aparte es para los referentes que a las espaldas del movimiento decidieron pegar el portazo e irse a la Casa de Gobierno con el l\u00edder Pro. La traici\u00f3n de los blancos se hizo realidad cuando a Milagro Sala la privaron ilegalmente de su libertad. Aquellos compa\u00f1eros y compa\u00f1eras que se compraron las promesas de Gerardo Morales hoy ya no forman parte de esta organizaci\u00f3n revolucionaria del norte.<\/p>\n<p>\u201cNo armamos pelotones de desocupados sino que formamos conciencia. Por eso trabajamos para que el tiempo que pasa cada uno de los que se acerca a la Tupac sea una inversi\u00f3n y que los hombres y mujeres de nuestra patria puedan realizar su aporte a la reconstrucci\u00f3n de un pa\u00eds. Estamos convencidos que as\u00ed como el Estado tiene obligaciones con nosotros, nosotros las tenemos con \u00e9l y cada uno tiene que aportar su grano de arena para seguir reconstruyendo las Argentina\u201d, aseguran en sus cuadernos de lectura los tupaqueros.<\/p>\n<p>Sin embargo, el nuevo gobierno estigmatiza a los l\u00edderes populares con un claro objetivo entre sus cejas: el de convencernos que no pod\u00edamos vivir como lo hac\u00edamos. La culpa es nuestra, el perd\u00f3n lo tiene que pedir el trabajador. El ant\u00eddoto es quitar todo derecho adquirido en los \u00faltimos 12 a\u00f1os y devolverle a los grandes traidores de la patria el uso y goce del suelo argentino. Trabajo, educaci\u00f3n y salud son sus banderas y aqu\u00ed surge una tenebrosa coincidencia, ya que el objetivo del nuevo gobierno es despojarle estos conceptos al campo popular y el nuestro es consolidar lo conseguido y profundizarlo hasta llegar a cada rinconcito de la patria.<\/p>\n<p>Imaginemos que volvemos a la ni\u00f1ez y tenemos que debatir en clase de historia lo que sucedi\u00f3 en Argentina entre el 2003 y la actualidad. La profesora invita a tomar partido sobre lo que creemos que es correcto y el rol que debe ocupar cada ciudadano. Sin \u00e1nimos de ofender, estemos convencidos que de este lado junto a N\u00e9stor y Cristina, junto a Milagro y la Patria Grande nos paramos los \u201cbuenos\u201d. Del otro estar\u00e1n los de siempre, aquellos que nos quitaron la posibilidad de so\u00f1ar y que hoy vienen por el Estado y por cada uno de nosotros.<\/p>\n<p><img loading=\"lazy\" decoding=\"async\" class=\"size-large wp-image-371731\" src=\"http:\/\/www.pressenza.com\/wp-content\/uploads\/2016\/09\/IMG_20160719_154341_928-720x406.jpg\" alt=\"Jpeg\" width=\"720\" height=\"406\" srcset=\"https:\/\/www.pressenza.com\/wp-content\/uploads\/2016\/09\/IMG_20160719_154341_928-720x406.jpg 720w, https:\/\/www.pressenza.com\/wp-content\/uploads\/2016\/09\/IMG_20160719_154341_928-300x169.jpg 300w, https:\/\/www.pressenza.com\/wp-content\/uploads\/2016\/09\/IMG_20160719_154341_928-768x433.jpg 768w, https:\/\/www.pressenza.com\/wp-content\/uploads\/2016\/09\/IMG_20160719_154341_928-750x422.jpg 750w\" sizes=\"auto, (max-width: 720px) 100vw, 720px\" \/><\/p>\n<p><strong>Con organizaci\u00f3n, trabajo y militancia<\/strong><\/p>\n<p>\u00abTodos los logros que tuvo la organizaci\u00f3n fueron gracias al apoyo de N\u00e9stor Kirchner y Cristina Fern\u00e1ndez de Kirchner\u00bb, recit\u00f3 Milagro Sala antes de ser capturada por el gobierno de Mauricio Macri. Peronista desde su infancia, no dud\u00f3 ser parte del movimiento kirchnerista cuando el ping\u00fcino dijo que \u201cNo iba a dejar las convicciones en la puerta de la Rosada\u201d.<\/p>\n<p>La Sede Central de la Tupac ofrece, tanto a afiliados como a cualquier ciudadano, diversas actividades y servicios. Desde un museo que honra las costumbres de los pueblos originarios, una pileta climatizada, y ciclos de charlas y cine, hasta un gimnasio. En frente se ubica el primer establecimiento educativo de gesti\u00f3n social que cuenta con nivel primario, secundario y terciario.<\/p>\n<p>El trabajo social que aporta la organizaci\u00f3n liderada por Milagro Sala en Jujuy es maravilloso, ya que en materia educativa cuentan con una matr\u00edcula superior a los 5.000 alumnos por a\u00f1o que ingresan de forma universal y gratuita. A su vez, con respecto a la salud la Tupac obtuvo un servicio de calidad innegable. Tienen ocho centros en la provincia con equipamientos de \u00faltima calidad que dejan a los hospitales provinciales en segundo plano.<\/p>\n<p>Un p\u00e1rrafo aparte para sus barrios y sus piletas. Con m\u00e1s de 12 en toda la provincia, lograron opacar el problema existencial de acceso a la vivienda en Jujuy. Algunos compa\u00f1eros tupaqueros cuentan que no ten\u00edan ni ba\u00f1o ni cocina. \u201cNo pod\u00edamos pensar en una casa propia porque nos preocup\u00e1bamos c\u00f3mo hacer para darle de comer a nuestros hijos una vez al d\u00eda\u201d.<\/p>\n<p>El \u201ccantri\u201d de Alto Comedero, s\u00ed el cantri as\u00ed como se lee, bien argentinizado y nuestro, es el barrio m\u00e1s extenso y conocido de la Tupac. Tomaron esa palabra y la hicieron propia, porque no poder tener un cantri si los empresarios tambi\u00e9n lo tienen. All\u00ed hay m\u00e1s de 3.000 viviendas y cooperativas para que los habitantes tengan trabajo digno. Piletas, parques, canchas de distintos deportes, centros culturales, comedores, cine y juegos para los ni\u00f1os son algunos de los servicios que tienen las familias.<\/p>\n<p>Antes no ten\u00edan agua y ahora tienen piletas, antes com\u00edan una sola vez al d\u00eda y ahora tienen trabajo. Tiempo atr\u00e1s los \u201cnadies\u201d viv\u00edan de la caridad del gobierno de turno y hoy deciden su propio camino en asambleas barriales. Cu\u00e1ntos pol\u00edticos han pasado pero a partir de un gobierno popular como el de N\u00e9stor y Cristina lograron su cometido.<\/p>\n<p>Sin embargo, la matriz hist\u00f3rica no tiene relevos. Cu\u00e1ndo aparece alguien que quiebra los l\u00edmites del sistema y pone en jaque al modelo neoliberal, las fuerzas represivas del Estado junto a las empresas due\u00f1as de nuestro suelo encienden las sirenas y ejercen sus propias reglas. Al que avanza mas casilleros de los permitidos se lo desacredita o se lo elimina del juego. Por eso, y s\u00f3lo por eso, Milagro Sala hoy se encuentra tras las rejas. Las conjeturas pueden ser innumerables aunque sepamos que las causas no tienen sustento alguno.<\/p>\n<p>Milagro Sala fue detenida el 16 de enero por una protesta pac\u00edfica realizada en la Plaza Belgrano de San Salvador de Jujuy. Se la acusa de instigaci\u00f3n al delito y tumulto, asociaci\u00f3n il\u00edcita, extorsi\u00f3n y fraude al Estado. En la causa, m\u00e1s all\u00e1 de algunos testimonios, no hay ninguna prueba ni raz\u00f3n para que siga privada de su libertad.<\/p>\n<p>El Estado en manos de un gobierno de derecha consolida las elites econ\u00f3micas y reprime la conflictividad social y pol\u00edtica con el \u00fanico fin de conservar a sus ciudadanos en sus hogares aliment\u00e1ndose de los medios de comunicaci\u00f3n que venden astutamente la mentira. A estos nuevos gobiernos no les importa conservar el poder varios mandatos m\u00e1s, porque con tan s\u00f3lo cuatro a\u00f1os les alcanza para arrebatarnos todo lo construido y devolverle lo que supimos conseguir a sus viejos amigos.<\/p>\n<p>Triste noticia para algunos, con Milagro no van a poder. La Flaca ha peleado toda su vida. Ella siempre valiente y descarada logr\u00f3 lo que muchos otros han so\u00f1ado pero no logrado. Supo representar en las adversidades a los que no ten\u00edan nada. Ella, tan mujer, tan negra, tan atrevida, tan colla, tan revolucionaria, se multiplic\u00f3 por todas partes. Aunque secuestren a compa\u00f1eras y compa\u00f1eros no lo van a lograr. Ella desde la c\u00e1rcel sigue preguntando a su Tupac que es lo que quieren y ellos le responden salud, trabajo, educaci\u00f3n.<\/p>\n<p><img loading=\"lazy\" decoding=\"async\" class=\"alignleft size-large wp-image-371738\" src=\"http:\/\/www.pressenza.com\/wp-content\/uploads\/2016\/09\/5-2-720x405.jpg\" alt=\"5\" width=\"720\" height=\"405\" srcset=\"https:\/\/www.pressenza.com\/wp-content\/uploads\/2016\/09\/5-2-720x405.jpg 720w, https:\/\/www.pressenza.com\/wp-content\/uploads\/2016\/09\/5-2-300x169.jpg 300w, https:\/\/www.pressenza.com\/wp-content\/uploads\/2016\/09\/5-2-768x432.jpg 768w, https:\/\/www.pressenza.com\/wp-content\/uploads\/2016\/09\/5-2-750x422.jpg 750w, https:\/\/www.pressenza.com\/wp-content\/uploads\/2016\/09\/5-2.jpg 1280w\" sizes=\"auto, (max-width: 720px) 100vw, 720px\" \/><\/p>\n","protected":false},"excerpt":{"rendered":"<p>Cr\u00f3nica desde los pagos de Milagro Sala Texto y Fotos Diego Mar\u00eda Gallardo Milagro Sala es la primera presa pol\u00edtica del macrismo y, particularmente, del gobierno de Gerardo Morales en la provincia de Jujuy. La detuvieron por ejercer el derecho&hellip;<\/p>\n","protected":false},"author":87,"featured_media":371752,"comment_status":"closed","ping_status":"closed","sticky":false,"template":"","format":"standard","meta":{"footnotes":""},"categories":[11389,1242,161,74,67],"tags":[26,7399,28506,1266,1096],"class_list":["post-371703","post","type-post","status-publish","format-standard","has-post-thumbnail","hentry","category-contenido-original","category-noviolencia-tema","category-opiniones","category-politica-es","category-sudamerica","tag-argentina","tag-jujuy","tag-libertad-a-milagro-sala","tag-milagro-sala","tag-tupac-amaru"],"yoast_head":"<!-- This site is optimized with the Yoast SEO plugin v27.1.1 - https:\/\/yoast.com\/product\/yoast-seo-wordpress\/ -->\n<title>La Flaca y la Tupac<\/title>\n<meta name=\"description\" content=\"Cr\u00f3nica desde los pagos de Milagro Sala Texto y Fotos Diego Mar\u00eda Gallardo Milagro Sala es la primera presa pol\u00edtica del macrismo y, particularmente, del\" \/>\n<meta name=\"robots\" content=\"index, follow, max-snippet:-1, max-image-preview:large, max-video-preview:-1\" \/>\n<link rel=\"canonical\" href=\"https:\/\/www.pressenza.com\/es\/2016\/09\/la-flaca-la-tupac\/\" \/>\n<meta property=\"og:locale\" content=\"es_ES\" \/>\n<meta property=\"og:type\" content=\"article\" \/>\n<meta property=\"og:title\" content=\"La Flaca y la Tupac\" \/>\n<meta property=\"og:description\" content=\"Cr\u00f3nica desde los pagos de Milagro Sala Texto y Fotos Diego Mar\u00eda Gallardo Milagro Sala es la primera presa pol\u00edtica del macrismo y, particularmente, del\" \/>\n<meta property=\"og:url\" content=\"https:\/\/www.pressenza.com\/es\/2016\/09\/la-flaca-la-tupac\/\" \/>\n<meta property=\"og:site_name\" content=\"Pressenza\" \/>\n<meta property=\"article:publisher\" content=\"https:\/\/www.facebook.com\/PressenzaItalia\" \/>\n<meta property=\"article:published_time\" content=\"2016-09-20T17:27:23+00:00\" \/>\n<meta property=\"og:image\" content=\"https:\/\/www.pressenza.com\/wp-content\/uploads\/2016\/09\/2-2.jpg\" \/>\n\t<meta property=\"og:image:width\" content=\"3072\" \/>\n\t<meta property=\"og:image:height\" content=\"2304\" \/>\n\t<meta property=\"og:image:type\" content=\"image\/jpeg\" \/>\n<meta name=\"author\" content=\"Redacci\u00f3n Argentina\" \/>\n<meta name=\"twitter:card\" content=\"summary_large_image\" \/>\n<meta name=\"twitter:creator\" content=\"@pressenza\" \/>\n<meta name=\"twitter:site\" content=\"@PressenzaIPA\" \/>\n<meta name=\"twitter:label1\" content=\"Escrito por\" \/>\n\t<meta name=\"twitter:data1\" content=\"Redacci\u00f3n Argentina\" \/>\n\t<meta name=\"twitter:label2\" content=\"Tiempo de lectura\" \/>\n\t<meta name=\"twitter:data2\" content=\"10 minutos\" \/>\n<script type=\"application\/ld+json\" class=\"yoast-schema-graph\">{\"@context\":\"https:\/\/schema.org\",\"@graph\":[{\"@type\":\"Article\",\"@id\":\"https:\/\/www.pressenza.com\/es\/2016\/09\/la-flaca-la-tupac\/#article\",\"isPartOf\":{\"@id\":\"https:\/\/www.pressenza.com\/es\/2016\/09\/la-flaca-la-tupac\/\"},\"author\":{\"name\":\"Redacci\u00f3n Argentina\",\"@id\":\"https:\/\/www.pressenza.com\/es\/#\/schema\/person\/0dda7d1b68267ad95b1e1d83abc98c89\"},\"headline\":\"La Flaca y la Tupac\",\"datePublished\":\"2016-09-20T17:27:23+00:00\",\"mainEntityOfPage\":{\"@id\":\"https:\/\/www.pressenza.com\/es\/2016\/09\/la-flaca-la-tupac\/\"},\"wordCount\":2027,\"publisher\":{\"@id\":\"https:\/\/www.pressenza.com\/es\/#organization\"},\"image\":{\"@id\":\"https:\/\/www.pressenza.com\/es\/2016\/09\/la-flaca-la-tupac\/#primaryimage\"},\"thumbnailUrl\":\"https:\/\/www.pressenza.com\/wp-content\/uploads\/2016\/09\/2-2.jpg\",\"keywords\":[\"Argentina\",\"Jujuy\",\"Libertad a Milagro Sala\",\"Milagro Sala\",\"Tupac Amaru\"],\"articleSection\":[\"Contenido Original\",\"Noviolencia\",\"Opiniones\",\"Pol\u00edtica\",\"Sudam\u00e9rica\"],\"inLanguage\":\"es\"},{\"@type\":\"WebPage\",\"@id\":\"https:\/\/www.pressenza.com\/es\/2016\/09\/la-flaca-la-tupac\/\",\"url\":\"https:\/\/www.pressenza.com\/es\/2016\/09\/la-flaca-la-tupac\/\",\"name\":\"La Flaca y la Tupac\",\"isPartOf\":{\"@id\":\"https:\/\/www.pressenza.com\/es\/#website\"},\"primaryImageOfPage\":{\"@id\":\"https:\/\/www.pressenza.com\/es\/2016\/09\/la-flaca-la-tupac\/#primaryimage\"},\"image\":{\"@id\":\"https:\/\/www.pressenza.com\/es\/2016\/09\/la-flaca-la-tupac\/#primaryimage\"},\"thumbnailUrl\":\"https:\/\/www.pressenza.com\/wp-content\/uploads\/2016\/09\/2-2.jpg\",\"datePublished\":\"2016-09-20T17:27:23+00:00\",\"description\":\"Cr\u00f3nica desde los pagos de Milagro Sala Texto y Fotos Diego Mar\u00eda Gallardo Milagro Sala es la primera presa pol\u00edtica del macrismo y, particularmente, del\",\"breadcrumb\":{\"@id\":\"https:\/\/www.pressenza.com\/es\/2016\/09\/la-flaca-la-tupac\/#breadcrumb\"},\"inLanguage\":\"es\",\"potentialAction\":[{\"@type\":\"ReadAction\",\"target\":[\"https:\/\/www.pressenza.com\/es\/2016\/09\/la-flaca-la-tupac\/\"]}]},{\"@type\":\"ImageObject\",\"inLanguage\":\"es\",\"@id\":\"https:\/\/www.pressenza.com\/es\/2016\/09\/la-flaca-la-tupac\/#primaryimage\",\"url\":\"https:\/\/www.pressenza.com\/wp-content\/uploads\/2016\/09\/2-2.jpg\",\"contentUrl\":\"https:\/\/www.pressenza.com\/wp-content\/uploads\/2016\/09\/2-2.jpg\",\"width\":3072,\"height\":2304,\"caption\":\"SANYO DIGITAL CAMERA\"},{\"@type\":\"BreadcrumbList\",\"@id\":\"https:\/\/www.pressenza.com\/es\/2016\/09\/la-flaca-la-tupac\/#breadcrumb\",\"itemListElement\":[{\"@type\":\"ListItem\",\"position\":1,\"name\":\"Accueil\",\"item\":\"https:\/\/www.pressenza.com\/es\/\"},{\"@type\":\"ListItem\",\"position\":2,\"name\":\"La Flaca y la Tupac\"}]},{\"@type\":\"WebSite\",\"@id\":\"https:\/\/www.pressenza.com\/es\/#website\",\"url\":\"https:\/\/www.pressenza.com\/es\/\",\"name\":\"Pressenza\",\"description\":\"International Press Agency\",\"publisher\":{\"@id\":\"https:\/\/www.pressenza.com\/es\/#organization\"},\"potentialAction\":[{\"@type\":\"SearchAction\",\"target\":{\"@type\":\"EntryPoint\",\"urlTemplate\":\"https:\/\/www.pressenza.com\/es\/?s={search_term_string}\"},\"query-input\":{\"@type\":\"PropertyValueSpecification\",\"valueRequired\":true,\"valueName\":\"search_term_string\"}}],\"inLanguage\":\"es\"},{\"@type\":\"Organization\",\"@id\":\"https:\/\/www.pressenza.com\/es\/#organization\",\"name\":\"Pressenza\",\"url\":\"https:\/\/www.pressenza.com\/es\/\",\"logo\":{\"@type\":\"ImageObject\",\"inLanguage\":\"es\",\"@id\":\"https:\/\/www.pressenza.com\/es\/#\/schema\/logo\/image\/\",\"url\":\"https:\/\/www.pressenza.com\/wp-content\/uploads\/2022\/10\/pressenza_logo_200x200.jpg\",\"contentUrl\":\"https:\/\/www.pressenza.com\/wp-content\/uploads\/2022\/10\/pressenza_logo_200x200.jpg\",\"width\":200,\"height\":200,\"caption\":\"Pressenza\"},\"image\":{\"@id\":\"https:\/\/www.pressenza.com\/es\/#\/schema\/logo\/image\/\"},\"sameAs\":[\"https:\/\/www.facebook.com\/PressenzaItalia\",\"https:\/\/x.com\/PressenzaIPA\"]},{\"@type\":\"Person\",\"@id\":\"https:\/\/www.pressenza.com\/es\/#\/schema\/person\/0dda7d1b68267ad95b1e1d83abc98c89\",\"name\":\"Redacci\u00f3n Argentina\",\"description\":\"News from the Pressenza Bureau in Argentina.\",\"sameAs\":[\"https:\/\/x.com\/pressenza\"],\"url\":\"https:\/\/www.pressenza.com\/es\/author\/redaccion-argentina\/\"}]}<\/script>\n<!-- \/ Yoast SEO plugin. -->","yoast_head_json":{"title":"La Flaca y la Tupac","description":"Cr\u00f3nica desde los pagos de Milagro Sala Texto y Fotos Diego Mar\u00eda Gallardo Milagro Sala es la primera presa pol\u00edtica del macrismo y, particularmente, del","robots":{"index":"index","follow":"follow","max-snippet":"max-snippet:-1","max-image-preview":"max-image-preview:large","max-video-preview":"max-video-preview:-1"},"canonical":"https:\/\/www.pressenza.com\/es\/2016\/09\/la-flaca-la-tupac\/","og_locale":"es_ES","og_type":"article","og_title":"La Flaca y la Tupac","og_description":"Cr\u00f3nica desde los pagos de Milagro Sala Texto y Fotos Diego Mar\u00eda Gallardo Milagro Sala es la primera presa pol\u00edtica del macrismo y, particularmente, del","og_url":"https:\/\/www.pressenza.com\/es\/2016\/09\/la-flaca-la-tupac\/","og_site_name":"Pressenza","article_publisher":"https:\/\/www.facebook.com\/PressenzaItalia","article_published_time":"2016-09-20T17:27:23+00:00","og_image":[{"width":3072,"height":2304,"url":"https:\/\/www.pressenza.com\/wp-content\/uploads\/2016\/09\/2-2.jpg","type":"image\/jpeg"}],"author":"Redacci\u00f3n Argentina","twitter_card":"summary_large_image","twitter_creator":"@pressenza","twitter_site":"@PressenzaIPA","twitter_misc":{"Escrito por":"Redacci\u00f3n Argentina","Tiempo de lectura":"10 minutos"},"schema":{"@context":"https:\/\/schema.org","@graph":[{"@type":"Article","@id":"https:\/\/www.pressenza.com\/es\/2016\/09\/la-flaca-la-tupac\/#article","isPartOf":{"@id":"https:\/\/www.pressenza.com\/es\/2016\/09\/la-flaca-la-tupac\/"},"author":{"name":"Redacci\u00f3n Argentina","@id":"https:\/\/www.pressenza.com\/es\/#\/schema\/person\/0dda7d1b68267ad95b1e1d83abc98c89"},"headline":"La Flaca y la Tupac","datePublished":"2016-09-20T17:27:23+00:00","mainEntityOfPage":{"@id":"https:\/\/www.pressenza.com\/es\/2016\/09\/la-flaca-la-tupac\/"},"wordCount":2027,"publisher":{"@id":"https:\/\/www.pressenza.com\/es\/#organization"},"image":{"@id":"https:\/\/www.pressenza.com\/es\/2016\/09\/la-flaca-la-tupac\/#primaryimage"},"thumbnailUrl":"https:\/\/www.pressenza.com\/wp-content\/uploads\/2016\/09\/2-2.jpg","keywords":["Argentina","Jujuy","Libertad a Milagro Sala","Milagro Sala","Tupac Amaru"],"articleSection":["Contenido Original","Noviolencia","Opiniones","Pol\u00edtica","Sudam\u00e9rica"],"inLanguage":"es"},{"@type":"WebPage","@id":"https:\/\/www.pressenza.com\/es\/2016\/09\/la-flaca-la-tupac\/","url":"https:\/\/www.pressenza.com\/es\/2016\/09\/la-flaca-la-tupac\/","name":"La Flaca y la Tupac","isPartOf":{"@id":"https:\/\/www.pressenza.com\/es\/#website"},"primaryImageOfPage":{"@id":"https:\/\/www.pressenza.com\/es\/2016\/09\/la-flaca-la-tupac\/#primaryimage"},"image":{"@id":"https:\/\/www.pressenza.com\/es\/2016\/09\/la-flaca-la-tupac\/#primaryimage"},"thumbnailUrl":"https:\/\/www.pressenza.com\/wp-content\/uploads\/2016\/09\/2-2.jpg","datePublished":"2016-09-20T17:27:23+00:00","description":"Cr\u00f3nica desde los pagos de Milagro Sala Texto y Fotos Diego Mar\u00eda Gallardo Milagro Sala es la primera presa pol\u00edtica del macrismo y, particularmente, del","breadcrumb":{"@id":"https:\/\/www.pressenza.com\/es\/2016\/09\/la-flaca-la-tupac\/#breadcrumb"},"inLanguage":"es","potentialAction":[{"@type":"ReadAction","target":["https:\/\/www.pressenza.com\/es\/2016\/09\/la-flaca-la-tupac\/"]}]},{"@type":"ImageObject","inLanguage":"es","@id":"https:\/\/www.pressenza.com\/es\/2016\/09\/la-flaca-la-tupac\/#primaryimage","url":"https:\/\/www.pressenza.com\/wp-content\/uploads\/2016\/09\/2-2.jpg","contentUrl":"https:\/\/www.pressenza.com\/wp-content\/uploads\/2016\/09\/2-2.jpg","width":3072,"height":2304,"caption":"SANYO DIGITAL CAMERA"},{"@type":"BreadcrumbList","@id":"https:\/\/www.pressenza.com\/es\/2016\/09\/la-flaca-la-tupac\/#breadcrumb","itemListElement":[{"@type":"ListItem","position":1,"name":"Accueil","item":"https:\/\/www.pressenza.com\/es\/"},{"@type":"ListItem","position":2,"name":"La Flaca y la Tupac"}]},{"@type":"WebSite","@id":"https:\/\/www.pressenza.com\/es\/#website","url":"https:\/\/www.pressenza.com\/es\/","name":"Pressenza","description":"International Press Agency","publisher":{"@id":"https:\/\/www.pressenza.com\/es\/#organization"},"potentialAction":[{"@type":"SearchAction","target":{"@type":"EntryPoint","urlTemplate":"https:\/\/www.pressenza.com\/es\/?s={search_term_string}"},"query-input":{"@type":"PropertyValueSpecification","valueRequired":true,"valueName":"search_term_string"}}],"inLanguage":"es"},{"@type":"Organization","@id":"https:\/\/www.pressenza.com\/es\/#organization","name":"Pressenza","url":"https:\/\/www.pressenza.com\/es\/","logo":{"@type":"ImageObject","inLanguage":"es","@id":"https:\/\/www.pressenza.com\/es\/#\/schema\/logo\/image\/","url":"https:\/\/www.pressenza.com\/wp-content\/uploads\/2022\/10\/pressenza_logo_200x200.jpg","contentUrl":"https:\/\/www.pressenza.com\/wp-content\/uploads\/2022\/10\/pressenza_logo_200x200.jpg","width":200,"height":200,"caption":"Pressenza"},"image":{"@id":"https:\/\/www.pressenza.com\/es\/#\/schema\/logo\/image\/"},"sameAs":["https:\/\/www.facebook.com\/PressenzaItalia","https:\/\/x.com\/PressenzaIPA"]},{"@type":"Person","@id":"https:\/\/www.pressenza.com\/es\/#\/schema\/person\/0dda7d1b68267ad95b1e1d83abc98c89","name":"Redacci\u00f3n Argentina","description":"News from the Pressenza Bureau in Argentina.","sameAs":["https:\/\/x.com\/pressenza"],"url":"https:\/\/www.pressenza.com\/es\/author\/redaccion-argentina\/"}]}},"place":"La Plata, Argentina","original_article_url":"","_links":{"self":[{"href":"https:\/\/www.pressenza.com\/es\/wp-json\/wp\/v2\/posts\/371703","targetHints":{"allow":["GET"]}}],"collection":[{"href":"https:\/\/www.pressenza.com\/es\/wp-json\/wp\/v2\/posts"}],"about":[{"href":"https:\/\/www.pressenza.com\/es\/wp-json\/wp\/v2\/types\/post"}],"author":[{"embeddable":true,"href":"https:\/\/www.pressenza.com\/es\/wp-json\/wp\/v2\/users\/87"}],"replies":[{"embeddable":true,"href":"https:\/\/www.pressenza.com\/es\/wp-json\/wp\/v2\/comments?post=371703"}],"version-history":[{"count":0,"href":"https:\/\/www.pressenza.com\/es\/wp-json\/wp\/v2\/posts\/371703\/revisions"}],"wp:featuredmedia":[{"embeddable":true,"href":"https:\/\/www.pressenza.com\/es\/wp-json\/wp\/v2\/media\/371752"}],"wp:attachment":[{"href":"https:\/\/www.pressenza.com\/es\/wp-json\/wp\/v2\/media?parent=371703"}],"wp:term":[{"taxonomy":"category","embeddable":true,"href":"https:\/\/www.pressenza.com\/es\/wp-json\/wp\/v2\/categories?post=371703"},{"taxonomy":"post_tag","embeddable":true,"href":"https:\/\/www.pressenza.com\/es\/wp-json\/wp\/v2\/tags?post=371703"}],"curies":[{"name":"wp","href":"https:\/\/api.w.org\/{rel}","templated":true}]}}