{"id":371282,"date":"2016-09-19T16:32:11","date_gmt":"2016-09-19T15:32:11","guid":{"rendered":"http:\/\/www.pressenza.com\/es\/?p=371282"},"modified":"2016-09-19T16:32:11","modified_gmt":"2016-09-19T15:32:11","slug":"mexico-inician-esta-semana-acciones-nacionales-conmemoracion-dos-anos-los-hechos-iguala-la-desaparicion-los-43","status":"publish","type":"post","link":"https:\/\/www.pressenza.com\/es\/2016\/09\/mexico-inician-esta-semana-acciones-nacionales-conmemoracion-dos-anos-los-hechos-iguala-la-desaparicion-los-43\/","title":{"rendered":"M\u00e9xico: Inician esta semana acciones nacionales, en conmemoraci\u00f3n a dos a\u00f1os de los hechos de Iguala y la desaparici\u00f3n de los 43"},"content":{"rendered":"<p>Este fin de semana, la dirigencia estudiantil de la Escuela Normal Rural Ra\u00fal Isidro Burgos de Ayotzinapa y los padres de los 43 j\u00f3venes desaparecidos en Iguala, dieron a conocer el calendario de actividades, que se realizar\u00e1n en conmemoraci\u00f3n a dos a\u00f1os de los hechos violentos, en donde tampoco las autoridades han dado respuestas y acciones concretas para localizar a los estudiantes.<\/p>\n<p>El cartel de esta jornada nacional tiene la consigna \u201c43 motivos de lucha\u201d se convoc\u00f3 a una jornada nacional, la cual se llevar\u00e1 a cabo del 20 al 27 de este septiembre, donde principalmente se realizar\u00e1n diversas manifestaciones en todo el pa\u00eds.<\/p>\n<p>As\u00ed el 25 de este mes, se realizar\u00e1n movilizaciones en las siete regiones de Guerrero, al d\u00eda siguiente, que es el cumplimiento de un aniversario m\u00e1s, de la desaparici\u00f3n de los 43 normalistas, se convocar\u00e1 a una manifestaci\u00f3n nacional, la cual partir\u00e1 del \u00c1ngel de la Independencia al Z\u00f3calo, en la Ciudad de M\u00e9xico.<\/p>\n<p>El 27 las acciones contin\u00faan, con la invitaci\u00f3n a todos los sectores de la poblaci\u00f3n, para hacer acto de presencia en Iguala, donde tendr\u00e1 lugar una marcha, y se colocar\u00e1 una ofrenda floral a los ca\u00eddos en ese lugar.<\/p>\n<p>Ayer mismo, tambi\u00e9n tuvo lugar una exposici\u00f3n, donde participaron 12 artistas pl\u00e1sticos, esto dentro de las instalaciones de la normal de Ayotzinapa, ubicada en la ciudad de Tixtla, Guerrero, donde se exhibieron los retratos de los 43 estudiantes desaparecidos.<\/p>\n<p>Por su parte, el artista pl\u00e1stico Sa\u00fal Meza Garc\u00eda manifest\u00f3 que su trabajo fue \u201cen solidaridad con los padres de los j\u00f3venes desaparecidos. Esta es la segunda edici\u00f3n de pinturas de los 43; la primera se hizo d\u00edas despu\u00e9s de lo acontecido en Iguala\u201d, en septiembre de 2014.<\/p>\n<p>Por parte de los padres de familia, Melit\u00f3n Ortega agradeci\u00f3 la solidaridad de los pintores y los invit\u00f3 a participar en las movilizaciones de los pr\u00f3ximos d\u00edas.<\/p>\n","protected":false},"excerpt":{"rendered":"<p>Este fin de semana, la dirigencia estudiantil de la Escuela Normal Rural Ra\u00fal Isidro Burgos de Ayotzinapa y los padres de los 43 j\u00f3venes desaparecidos en Iguala, dieron a conocer el calendario de actividades, que se realizar\u00e1n en conmemoraci\u00f3n a&hellip;<\/p>\n","protected":false},"author":950,"featured_media":371283,"comment_status":"closed","ping_status":"closed","sticky":false,"template":"","format":"standard","meta":{"footnotes":""},"categories":[69,75,79],"tags":[15110,398,1321],"class_list":["post-371282","post","type-post","status-publish","format-standard","has-post-thumbnail","hentry","category-america-central","category-cultura-es","category-derechos-humanos","tag-43-ayotzinapa","tag-justicia","tag-mexico"],"yoast_head":"<!-- This site is optimized with the Yoast SEO plugin v27.1.1 - https:\/\/yoast.com\/product\/yoast-seo-wordpress\/ -->\n<title>M\u00e9xico: Inician esta semana acciones nacionales, en conmemoraci\u00f3n a dos a\u00f1os de los hechos de Iguala y la desaparici\u00f3n de los 43<\/title>\n<meta name=\"description\" content=\"Este fin de semana, la dirigencia estudiantil de la Escuela Normal Rural Ra\u00fal Isidro Burgos de Ayotzinapa y los padres de los 43 j\u00f3venes desaparecidos en\" \/>\n<meta name=\"robots\" content=\"index, follow, max-snippet:-1, max-image-preview:large, max-video-preview:-1\" \/>\n<link rel=\"canonical\" href=\"https:\/\/www.pressenza.com\/es\/2016\/09\/mexico-inician-esta-semana-acciones-nacionales-conmemoracion-dos-anos-los-hechos-iguala-la-desaparicion-los-43\/\" \/>\n<meta property=\"og:locale\" content=\"es_ES\" \/>\n<meta property=\"og:type\" content=\"article\" \/>\n<meta property=\"og:title\" content=\"M\u00e9xico: Inician esta semana acciones nacionales, en conmemoraci\u00f3n a dos a\u00f1os de los hechos de Iguala y la desaparici\u00f3n de los 43\" \/>\n<meta property=\"og:description\" content=\"Este fin de semana, la dirigencia estudiantil de la Escuela Normal Rural Ra\u00fal Isidro Burgos de Ayotzinapa y los padres de los 43 j\u00f3venes desaparecidos en\" \/>\n<meta property=\"og:url\" content=\"https:\/\/www.pressenza.com\/es\/2016\/09\/mexico-inician-esta-semana-acciones-nacionales-conmemoracion-dos-anos-los-hechos-iguala-la-desaparicion-los-43\/\" \/>\n<meta property=\"og:site_name\" content=\"Pressenza\" \/>\n<meta property=\"article:publisher\" content=\"https:\/\/www.facebook.com\/PressenzaItalia\" \/>\n<meta property=\"article:published_time\" content=\"2016-09-19T15:32:11+00:00\" \/>\n<meta property=\"og:image\" content=\"https:\/\/www.pressenza.com\/wp-content\/uploads\/2016\/09\/AYOTZINAPA-INVESTIGACION.jpg\" \/>\n\t<meta property=\"og:image:width\" content=\"1000\" \/>\n\t<meta property=\"og:image:height\" content=\"400\" \/>\n\t<meta property=\"og:image:type\" content=\"image\/jpeg\" \/>\n<meta name=\"author\" content=\"Revoluciontrespuntocero\" \/>\n<meta name=\"twitter:card\" content=\"summary_large_image\" \/>\n<meta name=\"twitter:creator\" content=\"@PressenzaIPA\" \/>\n<meta name=\"twitter:site\" content=\"@PressenzaIPA\" \/>\n<meta name=\"twitter:label1\" content=\"Escrito por\" \/>\n\t<meta name=\"twitter:data1\" content=\"Revoluciontrespuntocero\" \/>\n\t<meta name=\"twitter:label2\" content=\"Tiempo de lectura\" \/>\n\t<meta name=\"twitter:data2\" content=\"2 minutos\" \/>\n<script type=\"application\/ld+json\" class=\"yoast-schema-graph\">{\"@context\":\"https:\/\/schema.org\",\"@graph\":[{\"@type\":\"Article\",\"@id\":\"https:\/\/www.pressenza.com\/es\/2016\/09\/mexico-inician-esta-semana-acciones-nacionales-conmemoracion-dos-anos-los-hechos-iguala-la-desaparicion-los-43\/#article\",\"isPartOf\":{\"@id\":\"https:\/\/www.pressenza.com\/es\/2016\/09\/mexico-inician-esta-semana-acciones-nacionales-conmemoracion-dos-anos-los-hechos-iguala-la-desaparicion-los-43\/\"},\"author\":{\"name\":\"Revoluciontrespuntocero\",\"@id\":\"https:\/\/www.pressenza.com\/es\/#\/schema\/person\/e925cc98ff48be902dbcfe12b1735152\"},\"headline\":\"M\u00e9xico: Inician esta semana acciones nacionales, en conmemoraci\u00f3n a dos a\u00f1os de los hechos de Iguala y la desaparici\u00f3n de los 43\",\"datePublished\":\"2016-09-19T15:32:11+00:00\",\"mainEntityOfPage\":{\"@id\":\"https:\/\/www.pressenza.com\/es\/2016\/09\/mexico-inician-esta-semana-acciones-nacionales-conmemoracion-dos-anos-los-hechos-iguala-la-desaparicion-los-43\/\"},\"wordCount\":356,\"publisher\":{\"@id\":\"https:\/\/www.pressenza.com\/es\/#organization\"},\"image\":{\"@id\":\"https:\/\/www.pressenza.com\/es\/2016\/09\/mexico-inician-esta-semana-acciones-nacionales-conmemoracion-dos-anos-los-hechos-iguala-la-desaparicion-los-43\/#primaryimage\"},\"thumbnailUrl\":\"https:\/\/www.pressenza.com\/wp-content\/uploads\/2016\/09\/AYOTZINAPA-INVESTIGACION.jpg\",\"keywords\":[\"43 Ayotzinapa\",\"justicia\",\"M\u00e9xico\"],\"articleSection\":[\"Am\u00e9rica Central\",\"Cultura y Medios\",\"Derechos Humanos\"],\"inLanguage\":\"es\"},{\"@type\":\"WebPage\",\"@id\":\"https:\/\/www.pressenza.com\/es\/2016\/09\/mexico-inician-esta-semana-acciones-nacionales-conmemoracion-dos-anos-los-hechos-iguala-la-desaparicion-los-43\/\",\"url\":\"https:\/\/www.pressenza.com\/es\/2016\/09\/mexico-inician-esta-semana-acciones-nacionales-conmemoracion-dos-anos-los-hechos-iguala-la-desaparicion-los-43\/\",\"name\":\"M\u00e9xico: Inician esta semana acciones nacionales, en conmemoraci\u00f3n a dos a\u00f1os de los hechos de Iguala y la desaparici\u00f3n de los 43\",\"isPartOf\":{\"@id\":\"https:\/\/www.pressenza.com\/es\/#website\"},\"primaryImageOfPage\":{\"@id\":\"https:\/\/www.pressenza.com\/es\/2016\/09\/mexico-inician-esta-semana-acciones-nacionales-conmemoracion-dos-anos-los-hechos-iguala-la-desaparicion-los-43\/#primaryimage\"},\"image\":{\"@id\":\"https:\/\/www.pressenza.com\/es\/2016\/09\/mexico-inician-esta-semana-acciones-nacionales-conmemoracion-dos-anos-los-hechos-iguala-la-desaparicion-los-43\/#primaryimage\"},\"thumbnailUrl\":\"https:\/\/www.pressenza.com\/wp-content\/uploads\/2016\/09\/AYOTZINAPA-INVESTIGACION.jpg\",\"datePublished\":\"2016-09-19T15:32:11+00:00\",\"description\":\"Este fin de semana, la dirigencia estudiantil de la Escuela Normal Rural Ra\u00fal Isidro Burgos de Ayotzinapa y los padres de los 43 j\u00f3venes desaparecidos en\",\"breadcrumb\":{\"@id\":\"https:\/\/www.pressenza.com\/es\/2016\/09\/mexico-inician-esta-semana-acciones-nacionales-conmemoracion-dos-anos-los-hechos-iguala-la-desaparicion-los-43\/#breadcrumb\"},\"inLanguage\":\"es\",\"potentialAction\":[{\"@type\":\"ReadAction\",\"target\":[\"https:\/\/www.pressenza.com\/es\/2016\/09\/mexico-inician-esta-semana-acciones-nacionales-conmemoracion-dos-anos-los-hechos-iguala-la-desaparicion-los-43\/\"]}]},{\"@type\":\"ImageObject\",\"inLanguage\":\"es\",\"@id\":\"https:\/\/www.pressenza.com\/es\/2016\/09\/mexico-inician-esta-semana-acciones-nacionales-conmemoracion-dos-anos-los-hechos-iguala-la-desaparicion-los-43\/#primaryimage\",\"url\":\"https:\/\/www.pressenza.com\/wp-content\/uploads\/2016\/09\/AYOTZINAPA-INVESTIGACION.jpg\",\"contentUrl\":\"https:\/\/www.pressenza.com\/wp-content\/uploads\/2016\/09\/AYOTZINAPA-INVESTIGACION.jpg\",\"width\":1000,\"height\":400},{\"@type\":\"BreadcrumbList\",\"@id\":\"https:\/\/www.pressenza.com\/es\/2016\/09\/mexico-inician-esta-semana-acciones-nacionales-conmemoracion-dos-anos-los-hechos-iguala-la-desaparicion-los-43\/#breadcrumb\",\"itemListElement\":[{\"@type\":\"ListItem\",\"position\":1,\"name\":\"Accueil\",\"item\":\"https:\/\/www.pressenza.com\/es\/\"},{\"@type\":\"ListItem\",\"position\":2,\"name\":\"M\u00e9xico: Inician esta semana acciones nacionales, en conmemoraci\u00f3n a dos a\u00f1os de los hechos de Iguala y la desaparici\u00f3n de los 43\"}]},{\"@type\":\"WebSite\",\"@id\":\"https:\/\/www.pressenza.com\/es\/#website\",\"url\":\"https:\/\/www.pressenza.com\/es\/\",\"name\":\"Pressenza\",\"description\":\"International Press Agency\",\"publisher\":{\"@id\":\"https:\/\/www.pressenza.com\/es\/#organization\"},\"potentialAction\":[{\"@type\":\"SearchAction\",\"target\":{\"@type\":\"EntryPoint\",\"urlTemplate\":\"https:\/\/www.pressenza.com\/es\/?s={search_term_string}\"},\"query-input\":{\"@type\":\"PropertyValueSpecification\",\"valueRequired\":true,\"valueName\":\"search_term_string\"}}],\"inLanguage\":\"es\"},{\"@type\":\"Organization\",\"@id\":\"https:\/\/www.pressenza.com\/es\/#organization\",\"name\":\"Pressenza\",\"url\":\"https:\/\/www.pressenza.com\/es\/\",\"logo\":{\"@type\":\"ImageObject\",\"inLanguage\":\"es\",\"@id\":\"https:\/\/www.pressenza.com\/es\/#\/schema\/logo\/image\/\",\"url\":\"https:\/\/www.pressenza.com\/wp-content\/uploads\/2022\/10\/pressenza_logo_200x200.jpg\",\"contentUrl\":\"https:\/\/www.pressenza.com\/wp-content\/uploads\/2022\/10\/pressenza_logo_200x200.jpg\",\"width\":200,\"height\":200,\"caption\":\"Pressenza\"},\"image\":{\"@id\":\"https:\/\/www.pressenza.com\/es\/#\/schema\/logo\/image\/\"},\"sameAs\":[\"https:\/\/www.facebook.com\/PressenzaItalia\",\"https:\/\/x.com\/PressenzaIPA\"]},{\"@type\":\"Person\",\"@id\":\"https:\/\/www.pressenza.com\/es\/#\/schema\/person\/e925cc98ff48be902dbcfe12b1735152\",\"name\":\"Revoluciontrespuntocero\",\"description\":\"Desde M\u00e9xico, un espacio abierto reconociendo la voz del ciudadano como un elemento significativo de la noticia\",\"sameAs\":[\"http:\/\/www.revoluciontrespuntocero.com\"],\"url\":\"https:\/\/www.pressenza.com\/es\/author\/revoluciontrespuntocero\/\"}]}<\/script>\n<!-- \/ Yoast SEO plugin. -->","yoast_head_json":{"title":"M\u00e9xico: Inician esta semana acciones nacionales, en conmemoraci\u00f3n a dos a\u00f1os de los hechos de Iguala y la desaparici\u00f3n de los 43","description":"Este fin de semana, la dirigencia estudiantil de la Escuela Normal Rural Ra\u00fal Isidro Burgos de Ayotzinapa y los padres de los 43 j\u00f3venes desaparecidos en","robots":{"index":"index","follow":"follow","max-snippet":"max-snippet:-1","max-image-preview":"max-image-preview:large","max-video-preview":"max-video-preview:-1"},"canonical":"https:\/\/www.pressenza.com\/es\/2016\/09\/mexico-inician-esta-semana-acciones-nacionales-conmemoracion-dos-anos-los-hechos-iguala-la-desaparicion-los-43\/","og_locale":"es_ES","og_type":"article","og_title":"M\u00e9xico: Inician esta semana acciones nacionales, en conmemoraci\u00f3n a dos a\u00f1os de los hechos de Iguala y la desaparici\u00f3n de los 43","og_description":"Este fin de semana, la dirigencia estudiantil de la Escuela Normal Rural Ra\u00fal Isidro Burgos de Ayotzinapa y los padres de los 43 j\u00f3venes desaparecidos en","og_url":"https:\/\/www.pressenza.com\/es\/2016\/09\/mexico-inician-esta-semana-acciones-nacionales-conmemoracion-dos-anos-los-hechos-iguala-la-desaparicion-los-43\/","og_site_name":"Pressenza","article_publisher":"https:\/\/www.facebook.com\/PressenzaItalia","article_published_time":"2016-09-19T15:32:11+00:00","og_image":[{"width":1000,"height":400,"url":"https:\/\/www.pressenza.com\/wp-content\/uploads\/2016\/09\/AYOTZINAPA-INVESTIGACION.jpg","type":"image\/jpeg"}],"author":"Revoluciontrespuntocero","twitter_card":"summary_large_image","twitter_creator":"@PressenzaIPA","twitter_site":"@PressenzaIPA","twitter_misc":{"Escrito por":"Revoluciontrespuntocero","Tiempo de lectura":"2 minutos"},"schema":{"@context":"https:\/\/schema.org","@graph":[{"@type":"Article","@id":"https:\/\/www.pressenza.com\/es\/2016\/09\/mexico-inician-esta-semana-acciones-nacionales-conmemoracion-dos-anos-los-hechos-iguala-la-desaparicion-los-43\/#article","isPartOf":{"@id":"https:\/\/www.pressenza.com\/es\/2016\/09\/mexico-inician-esta-semana-acciones-nacionales-conmemoracion-dos-anos-los-hechos-iguala-la-desaparicion-los-43\/"},"author":{"name":"Revoluciontrespuntocero","@id":"https:\/\/www.pressenza.com\/es\/#\/schema\/person\/e925cc98ff48be902dbcfe12b1735152"},"headline":"M\u00e9xico: Inician esta semana acciones nacionales, en conmemoraci\u00f3n a dos a\u00f1os de los hechos de Iguala y la desaparici\u00f3n de los 43","datePublished":"2016-09-19T15:32:11+00:00","mainEntityOfPage":{"@id":"https:\/\/www.pressenza.com\/es\/2016\/09\/mexico-inician-esta-semana-acciones-nacionales-conmemoracion-dos-anos-los-hechos-iguala-la-desaparicion-los-43\/"},"wordCount":356,"publisher":{"@id":"https:\/\/www.pressenza.com\/es\/#organization"},"image":{"@id":"https:\/\/www.pressenza.com\/es\/2016\/09\/mexico-inician-esta-semana-acciones-nacionales-conmemoracion-dos-anos-los-hechos-iguala-la-desaparicion-los-43\/#primaryimage"},"thumbnailUrl":"https:\/\/www.pressenza.com\/wp-content\/uploads\/2016\/09\/AYOTZINAPA-INVESTIGACION.jpg","keywords":["43 Ayotzinapa","justicia","M\u00e9xico"],"articleSection":["Am\u00e9rica Central","Cultura y Medios","Derechos Humanos"],"inLanguage":"es"},{"@type":"WebPage","@id":"https:\/\/www.pressenza.com\/es\/2016\/09\/mexico-inician-esta-semana-acciones-nacionales-conmemoracion-dos-anos-los-hechos-iguala-la-desaparicion-los-43\/","url":"https:\/\/www.pressenza.com\/es\/2016\/09\/mexico-inician-esta-semana-acciones-nacionales-conmemoracion-dos-anos-los-hechos-iguala-la-desaparicion-los-43\/","name":"M\u00e9xico: Inician esta semana acciones nacionales, en conmemoraci\u00f3n a dos a\u00f1os de los hechos de Iguala y la desaparici\u00f3n de los 43","isPartOf":{"@id":"https:\/\/www.pressenza.com\/es\/#website"},"primaryImageOfPage":{"@id":"https:\/\/www.pressenza.com\/es\/2016\/09\/mexico-inician-esta-semana-acciones-nacionales-conmemoracion-dos-anos-los-hechos-iguala-la-desaparicion-los-43\/#primaryimage"},"image":{"@id":"https:\/\/www.pressenza.com\/es\/2016\/09\/mexico-inician-esta-semana-acciones-nacionales-conmemoracion-dos-anos-los-hechos-iguala-la-desaparicion-los-43\/#primaryimage"},"thumbnailUrl":"https:\/\/www.pressenza.com\/wp-content\/uploads\/2016\/09\/AYOTZINAPA-INVESTIGACION.jpg","datePublished":"2016-09-19T15:32:11+00:00","description":"Este fin de semana, la dirigencia estudiantil de la Escuela Normal Rural Ra\u00fal Isidro Burgos de Ayotzinapa y los padres de los 43 j\u00f3venes desaparecidos en","breadcrumb":{"@id":"https:\/\/www.pressenza.com\/es\/2016\/09\/mexico-inician-esta-semana-acciones-nacionales-conmemoracion-dos-anos-los-hechos-iguala-la-desaparicion-los-43\/#breadcrumb"},"inLanguage":"es","potentialAction":[{"@type":"ReadAction","target":["https:\/\/www.pressenza.com\/es\/2016\/09\/mexico-inician-esta-semana-acciones-nacionales-conmemoracion-dos-anos-los-hechos-iguala-la-desaparicion-los-43\/"]}]},{"@type":"ImageObject","inLanguage":"es","@id":"https:\/\/www.pressenza.com\/es\/2016\/09\/mexico-inician-esta-semana-acciones-nacionales-conmemoracion-dos-anos-los-hechos-iguala-la-desaparicion-los-43\/#primaryimage","url":"https:\/\/www.pressenza.com\/wp-content\/uploads\/2016\/09\/AYOTZINAPA-INVESTIGACION.jpg","contentUrl":"https:\/\/www.pressenza.com\/wp-content\/uploads\/2016\/09\/AYOTZINAPA-INVESTIGACION.jpg","width":1000,"height":400},{"@type":"BreadcrumbList","@id":"https:\/\/www.pressenza.com\/es\/2016\/09\/mexico-inician-esta-semana-acciones-nacionales-conmemoracion-dos-anos-los-hechos-iguala-la-desaparicion-los-43\/#breadcrumb","itemListElement":[{"@type":"ListItem","position":1,"name":"Accueil","item":"https:\/\/www.pressenza.com\/es\/"},{"@type":"ListItem","position":2,"name":"M\u00e9xico: Inician esta semana acciones nacionales, en conmemoraci\u00f3n a dos a\u00f1os de los hechos de Iguala y la desaparici\u00f3n de los 43"}]},{"@type":"WebSite","@id":"https:\/\/www.pressenza.com\/es\/#website","url":"https:\/\/www.pressenza.com\/es\/","name":"Pressenza","description":"International Press Agency","publisher":{"@id":"https:\/\/www.pressenza.com\/es\/#organization"},"potentialAction":[{"@type":"SearchAction","target":{"@type":"EntryPoint","urlTemplate":"https:\/\/www.pressenza.com\/es\/?s={search_term_string}"},"query-input":{"@type":"PropertyValueSpecification","valueRequired":true,"valueName":"search_term_string"}}],"inLanguage":"es"},{"@type":"Organization","@id":"https:\/\/www.pressenza.com\/es\/#organization","name":"Pressenza","url":"https:\/\/www.pressenza.com\/es\/","logo":{"@type":"ImageObject","inLanguage":"es","@id":"https:\/\/www.pressenza.com\/es\/#\/schema\/logo\/image\/","url":"https:\/\/www.pressenza.com\/wp-content\/uploads\/2022\/10\/pressenza_logo_200x200.jpg","contentUrl":"https:\/\/www.pressenza.com\/wp-content\/uploads\/2022\/10\/pressenza_logo_200x200.jpg","width":200,"height":200,"caption":"Pressenza"},"image":{"@id":"https:\/\/www.pressenza.com\/es\/#\/schema\/logo\/image\/"},"sameAs":["https:\/\/www.facebook.com\/PressenzaItalia","https:\/\/x.com\/PressenzaIPA"]},{"@type":"Person","@id":"https:\/\/www.pressenza.com\/es\/#\/schema\/person\/e925cc98ff48be902dbcfe12b1735152","name":"Revoluciontrespuntocero","description":"Desde M\u00e9xico, un espacio abierto reconociendo la voz del ciudadano como un elemento significativo de la noticia","sameAs":["http:\/\/www.revoluciontrespuntocero.com"],"url":"https:\/\/www.pressenza.com\/es\/author\/revoluciontrespuntocero\/"}]}},"place":"Ciudad de M\u00e9xico, M\u00e9xico","original_article_url":"http:\/\/revoluciontrespuntocero.com\/inician-esta-semana-acciones-nacionales-en-conmemoracion-a-dos-anos-de-los-hechos-de-iguala-y-la-desaparicion-de-los-43\/","_links":{"self":[{"href":"https:\/\/www.pressenza.com\/es\/wp-json\/wp\/v2\/posts\/371282","targetHints":{"allow":["GET"]}}],"collection":[{"href":"https:\/\/www.pressenza.com\/es\/wp-json\/wp\/v2\/posts"}],"about":[{"href":"https:\/\/www.pressenza.com\/es\/wp-json\/wp\/v2\/types\/post"}],"author":[{"embeddable":true,"href":"https:\/\/www.pressenza.com\/es\/wp-json\/wp\/v2\/users\/950"}],"replies":[{"embeddable":true,"href":"https:\/\/www.pressenza.com\/es\/wp-json\/wp\/v2\/comments?post=371282"}],"version-history":[{"count":0,"href":"https:\/\/www.pressenza.com\/es\/wp-json\/wp\/v2\/posts\/371282\/revisions"}],"wp:featuredmedia":[{"embeddable":true,"href":"https:\/\/www.pressenza.com\/es\/wp-json\/wp\/v2\/media\/371283"}],"wp:attachment":[{"href":"https:\/\/www.pressenza.com\/es\/wp-json\/wp\/v2\/media?parent=371282"}],"wp:term":[{"taxonomy":"category","embeddable":true,"href":"https:\/\/www.pressenza.com\/es\/wp-json\/wp\/v2\/categories?post=371282"},{"taxonomy":"post_tag","embeddable":true,"href":"https:\/\/www.pressenza.com\/es\/wp-json\/wp\/v2\/tags?post=371282"}],"curies":[{"name":"wp","href":"https:\/\/api.w.org\/{rel}","templated":true}]}}