{"id":37103,"date":"2013-02-07T23:34:58","date_gmt":"2013-02-07T23:34:58","guid":{"rendered":"http:\/\/www.pressenza.com\/?p=37103"},"modified":"2013-02-07T23:34:58","modified_gmt":"2013-02-07T23:34:58","slug":"el-tribunal-europeo-de-derechos-humanos-insta-al-gobierno-espanol-a-suspender-un-desalojo","status":"publish","type":"post","link":"https:\/\/www.pressenza.com\/es\/2013\/02\/el-tribunal-europeo-de-derechos-humanos-insta-al-gobierno-espanol-a-suspender-un-desalojo\/","title":{"rendered":"El Tribunal Europeo de Derechos Humanos insta al Gobierno espa\u00f1ol a suspender un desalojo"},"content":{"rendered":"<p><strong><em>El Tribunal Europeo de Derechos Humanos insta al Gobierno espa\u00f1ol a suspender el desalojo de una vivienda familiar en la Ca\u00f1ada Real<\/em><\/strong><\/p>\n<p>El <strong>Tribunal de Estrasburgo ha solicitado al gobierno espa\u00f1ol que paralice el derribo de una vivienda en la Ca\u00f1ada Real<\/strong> (Madrid) hasta que el Gobierno espa\u00f1ol no informe al tribunal que ha sido capaz de <strong>garantizar un alojamiento adecuado y servicios sociales al matrimonio y la ni\u00f1a de ocho a\u00f1os que viven en ella.<\/strong><\/p>\n<p>La <strong>decisi\u00f3n tiene un alcance muy importante,<\/strong> no solo para la familia, sino para miles de personas que habitan en la Ca\u00f1ada Real en su misma situaci\u00f3n, y miles de familias m\u00e1s en el Estado espa\u00f1ol, cuyo <strong>derecho a la vivienda<\/strong> se ve amenazado.<\/p>\n<p>El Tribunal de Estrasburgo, mediante unas medidas cautelares dictadas el pasado 31 de enero, solicit\u00f3 paralizar el derribo que el Ayuntamiento de Madrid ten\u00eda previsto efectuar sobre la vivienda situada en el Sector 4 de la Ca\u00f1ada Real en la que <strong>Mohamed Raji, su esposa Bouchra Zaidi y la hija de ambos, Sara Raji, de 8 a\u00f1os de edad,<\/strong> viven desde 2009. El Tribunal solicit\u00f3 que el derribo sea paralizado hasta que el Gobierno espa\u00f1ol no provea informaci\u00f3n precisa y rigurosa sobre las medidas que han tomado las autoridades locales para asegurar una vivienda adecuada y servicios sociales a dicha familia. En 2006, la familia pidi\u00f3 una vivienda de protecci\u00f3n oficial, y al recibir la orden de desalojo solicit\u00f3 una vivienda por especial necesidad. Ninguna de las dos solicitudes ha sido resuelta y a fecha de hoy no cuentan con una vivienda alternativa.<\/p>\n<p>El Ayuntamiento de Madrid contaba con autorizaci\u00f3n de Entrada en Domicilio dictada por un Juzgado Contencioso. Mohamed Raji hab\u00eda alegado ante esa instancia, y posteriormente ante el Tribunal Superior de Justicia, la <strong>violaci\u00f3n de derechos humanos que supon\u00eda el derribo de su hogar sin ofrecer vivienda alternativa adecuada<\/strong> y en un entorno como Ca\u00f1ada Real, en el que las autoridades han tolerado el asentamiento durante d\u00e9cadas.<\/p>\n<p>Ante la desestimaci\u00f3n de sus razones por los tribunales espa\u00f1oles, la familia remiti\u00f3 -a trav\u00e9s de su abogado- una comunicaci\u00f3n al Tribunal Europeo solicitando la adopci\u00f3n de una <strong>Medida Cautelar que evitase el derribo. <\/strong>Pocos d\u00edas despu\u00e9s, y a requerimiento del Alto Tribunal, el Gobierno espa\u00f1ol aleg\u00f3 a trav\u00e9s de <strong>un escrito del Ayuntamiento de Madrid que se ofrecer\u00eda a la familia un alojamiento alternativo de entre 7 y 15 d\u00edas, con posibilidad de pr\u00f3rroga.<\/strong><\/p>\n<p>Un d\u00eda antes de la comunicaci\u00f3n del Tribunal,\u00a0 el <strong>Ayuntamiento de Madrid declaraba la paralizaci\u00f3n de los derribos y desalojos en Ca\u00f1ada Real<\/strong>. \u201c<em>Esta circunstancia, lejos de relativizar la importancia de la decisi\u00f3n del Tribunal Europeo, ratifica el papel de la movilizaci\u00f3n social contra las arbitrariedades de la administraci\u00f3n en el terreno de la vivienda, tanto en las acciones de calle como en la defensa jur\u00eddica de las razones de la ciudadan\u00eda\u201d,<\/em> manifest\u00f3 Javier Rubio, abogado de Mohamed Raji y su familia.<\/p>\n<p><em>\u201cPara Amnist\u00eda Internacional es muy positivo tanto el anuncio del Ayuntamiento de Madrid como la petici\u00f3n del Tribunal Europeo de Derechos Humanos. El Tribunal mediante esa decisi\u00f3n recuerda que existen est\u00e1ndares internacionales de protecci\u00f3n del derecho a la vivienda que los Estados deben cumplir para proteger a las personas\u201d,<\/em> destac\u00f3 Marta Mendiola, responsable del trabajo sobre derechos econ\u00f3micos, sociales y culturales de Amnist\u00eda Internacional.<\/p>\n<h4>Informaci\u00f3n de contexto<\/h4>\n<p><strong>Ca\u00f1ada Real Galiana<\/strong> es una zona de tr\u00e1nsito pecuario en la que <strong>durante los \u00faltimos 30 a\u00f1os familias espa\u00f1olas y migrantes han construido sus viviendas<\/strong>. Seg\u00fan el censo del Ayuntamiento de Madrid, 7.725 personas viven en los 14 kil\u00f3metros de Ca\u00f1ada.<\/p>\n<p>En marzo de 2011 se aprob\u00f3 la <strong>Ley de Ca\u00f1ada Real, <\/strong>que establec\u00eda que las Administraciones competentes llevar\u00edan a cabo un acuerdo marco de contenido social para resolver todas las cuestiones derivadas de la ocupaci\u00f3n, desafectaci\u00f3n y destino de estos terrenos, garantizando en todo el proceso la participaci\u00f3n de las personas afectadas.<\/p>\n<p>&nbsp;<\/p>\n","protected":false},"excerpt":{"rendered":"<p>El Tribunal Europeo de Derechos Humanos insta al Gobierno espa\u00f1ol a suspender el desalojo de una vivienda familiar en la Ca\u00f1ada Real El Tribunal de Estrasburgo ha solicitado al gobierno espa\u00f1ol que paralice el derribo de una vivienda en la&hellip;<\/p>\n","protected":false},"author":432,"featured_media":0,"comment_status":"closed","ping_status":"open","sticky":false,"template":"","format":"standard","meta":{"footnotes":""},"categories":[149,79,66],"tags":[355,1161,1398,398,631],"class_list":["post-37103","post","type-post","status-publish","format-standard","hentry","category-comunicados-de-prensa","category-derechos-humanos","category-europa-es","tag-crisis-es","tag-desahucios","tag-estado-espanol","tag-justicia","tag-violencia-economica"],"yoast_head":"<!-- This site is optimized with the Yoast SEO plugin v27.1.1 - https:\/\/yoast.com\/product\/yoast-seo-wordpress\/ -->\n<title>El Tribunal Europeo de Derechos Humanos insta al Gobierno espa\u00f1ol a suspender un desalojo<\/title>\n<meta name=\"description\" content=\"El Tribunal Europeo de Derechos Humanos insta al Gobierno espa\u00f1ol a suspender el desalojo de una vivienda familiar en la Ca\u00f1ada Real El Tribunal de\" \/>\n<meta name=\"robots\" content=\"index, follow, max-snippet:-1, max-image-preview:large, max-video-preview:-1\" \/>\n<link rel=\"canonical\" href=\"https:\/\/www.pressenza.com\/es\/2013\/02\/el-tribunal-europeo-de-derechos-humanos-insta-al-gobierno-espanol-a-suspender-un-desalojo\/\" \/>\n<meta property=\"og:locale\" content=\"es_ES\" \/>\n<meta property=\"og:type\" content=\"article\" \/>\n<meta property=\"og:title\" content=\"El Tribunal Europeo de Derechos Humanos insta al Gobierno espa\u00f1ol a suspender un desalojo\" \/>\n<meta property=\"og:description\" content=\"El Tribunal Europeo de Derechos Humanos insta al Gobierno espa\u00f1ol a suspender el desalojo de una vivienda familiar en la Ca\u00f1ada Real El Tribunal de\" \/>\n<meta property=\"og:url\" content=\"https:\/\/www.pressenza.com\/es\/2013\/02\/el-tribunal-europeo-de-derechos-humanos-insta-al-gobierno-espanol-a-suspender-un-desalojo\/\" \/>\n<meta property=\"og:site_name\" content=\"Pressenza\" \/>\n<meta property=\"article:publisher\" content=\"https:\/\/www.facebook.com\/PressenzaItalia\" \/>\n<meta property=\"article:author\" content=\"https:\/\/www.facebook.com\/amnestyglobal\" \/>\n<meta property=\"article:published_time\" content=\"2013-02-07T23:34:58+00:00\" \/>\n<meta name=\"author\" content=\"Amnesty International\" \/>\n<meta name=\"twitter:card\" content=\"summary_large_image\" \/>\n<meta name=\"twitter:creator\" content=\"@amnesty\" \/>\n<meta name=\"twitter:site\" content=\"@PressenzaIPA\" \/>\n<meta name=\"twitter:label1\" content=\"Escrito por\" \/>\n\t<meta name=\"twitter:data1\" content=\"Amnesty International\" \/>\n\t<meta name=\"twitter:label2\" content=\"Tiempo de lectura\" \/>\n\t<meta name=\"twitter:data2\" content=\"4 minutos\" \/>\n<script type=\"application\/ld+json\" class=\"yoast-schema-graph\">{\"@context\":\"https:\/\/schema.org\",\"@graph\":[{\"@type\":\"Article\",\"@id\":\"https:\/\/www.pressenza.com\/es\/2013\/02\/el-tribunal-europeo-de-derechos-humanos-insta-al-gobierno-espanol-a-suspender-un-desalojo\/#article\",\"isPartOf\":{\"@id\":\"https:\/\/www.pressenza.com\/es\/2013\/02\/el-tribunal-europeo-de-derechos-humanos-insta-al-gobierno-espanol-a-suspender-un-desalojo\/\"},\"author\":{\"name\":\"Amnesty International\",\"@id\":\"https:\/\/www.pressenza.com\/es\/#\/schema\/person\/9b981b05c7ecf09292e6acb3223b2d9d\"},\"headline\":\"El Tribunal Europeo de Derechos Humanos insta al Gobierno espa\u00f1ol a suspender un desalojo\",\"datePublished\":\"2013-02-07T23:34:58+00:00\",\"mainEntityOfPage\":{\"@id\":\"https:\/\/www.pressenza.com\/es\/2013\/02\/el-tribunal-europeo-de-derechos-humanos-insta-al-gobierno-espanol-a-suspender-un-desalojo\/\"},\"wordCount\":717,\"publisher\":{\"@id\":\"https:\/\/www.pressenza.com\/es\/#organization\"},\"keywords\":[\"crisis\",\"desahucios\",\"Estado espa\u00f1ol\",\"justicia\",\"Violencia econ\u00f3mica\"],\"articleSection\":[\"Comunicados de Prensa\",\"Derechos Humanos\",\"Europa\"],\"inLanguage\":\"es\"},{\"@type\":\"WebPage\",\"@id\":\"https:\/\/www.pressenza.com\/es\/2013\/02\/el-tribunal-europeo-de-derechos-humanos-insta-al-gobierno-espanol-a-suspender-un-desalojo\/\",\"url\":\"https:\/\/www.pressenza.com\/es\/2013\/02\/el-tribunal-europeo-de-derechos-humanos-insta-al-gobierno-espanol-a-suspender-un-desalojo\/\",\"name\":\"El Tribunal Europeo de Derechos Humanos insta al Gobierno espa\u00f1ol a suspender un desalojo\",\"isPartOf\":{\"@id\":\"https:\/\/www.pressenza.com\/es\/#website\"},\"datePublished\":\"2013-02-07T23:34:58+00:00\",\"description\":\"El Tribunal Europeo de Derechos Humanos insta al Gobierno espa\u00f1ol a suspender el desalojo de una vivienda familiar en la Ca\u00f1ada Real El Tribunal de\",\"breadcrumb\":{\"@id\":\"https:\/\/www.pressenza.com\/es\/2013\/02\/el-tribunal-europeo-de-derechos-humanos-insta-al-gobierno-espanol-a-suspender-un-desalojo\/#breadcrumb\"},\"inLanguage\":\"es\",\"potentialAction\":[{\"@type\":\"ReadAction\",\"target\":[\"https:\/\/www.pressenza.com\/es\/2013\/02\/el-tribunal-europeo-de-derechos-humanos-insta-al-gobierno-espanol-a-suspender-un-desalojo\/\"]}]},{\"@type\":\"BreadcrumbList\",\"@id\":\"https:\/\/www.pressenza.com\/es\/2013\/02\/el-tribunal-europeo-de-derechos-humanos-insta-al-gobierno-espanol-a-suspender-un-desalojo\/#breadcrumb\",\"itemListElement\":[{\"@type\":\"ListItem\",\"position\":1,\"name\":\"Accueil\",\"item\":\"https:\/\/www.pressenza.com\/es\/\"},{\"@type\":\"ListItem\",\"position\":2,\"name\":\"El Tribunal Europeo de Derechos Humanos insta al Gobierno espa\u00f1ol a suspender un desalojo\"}]},{\"@type\":\"WebSite\",\"@id\":\"https:\/\/www.pressenza.com\/es\/#website\",\"url\":\"https:\/\/www.pressenza.com\/es\/\",\"name\":\"Pressenza\",\"description\":\"International Press Agency\",\"publisher\":{\"@id\":\"https:\/\/www.pressenza.com\/es\/#organization\"},\"potentialAction\":[{\"@type\":\"SearchAction\",\"target\":{\"@type\":\"EntryPoint\",\"urlTemplate\":\"https:\/\/www.pressenza.com\/es\/?s={search_term_string}\"},\"query-input\":{\"@type\":\"PropertyValueSpecification\",\"valueRequired\":true,\"valueName\":\"search_term_string\"}}],\"inLanguage\":\"es\"},{\"@type\":\"Organization\",\"@id\":\"https:\/\/www.pressenza.com\/es\/#organization\",\"name\":\"Pressenza\",\"url\":\"https:\/\/www.pressenza.com\/es\/\",\"logo\":{\"@type\":\"ImageObject\",\"inLanguage\":\"es\",\"@id\":\"https:\/\/www.pressenza.com\/es\/#\/schema\/logo\/image\/\",\"url\":\"https:\/\/www.pressenza.com\/wp-content\/uploads\/2022\/10\/pressenza_logo_200x200.jpg\",\"contentUrl\":\"https:\/\/www.pressenza.com\/wp-content\/uploads\/2022\/10\/pressenza_logo_200x200.jpg\",\"width\":200,\"height\":200,\"caption\":\"Pressenza\"},\"image\":{\"@id\":\"https:\/\/www.pressenza.com\/es\/#\/schema\/logo\/image\/\"},\"sameAs\":[\"https:\/\/www.facebook.com\/PressenzaItalia\",\"https:\/\/x.com\/PressenzaIPA\"]},{\"@type\":\"Person\",\"@id\":\"https:\/\/www.pressenza.com\/es\/#\/schema\/person\/9b981b05c7ecf09292e6acb3223b2d9d\",\"name\":\"Amnesty International\",\"description\":\"Amnesty International is a global movement of more than 3 million supporters, members and activists in over 150 countries and territories who campaign to end grave abuses of human rights. Our vision is for every person to enjoy all the rights enshrined in the Universal Declaration of Human Rights and other international human rights standards. www.amnesty.org\",\"sameAs\":[\"http:\/\/www.amnesty.it\",\"https:\/\/www.facebook.com\/amnestyglobal\",\"https:\/\/x.com\/amnesty\"],\"url\":\"https:\/\/www.pressenza.com\/es\/author\/amnesty-international\/\"}]}<\/script>\n<!-- \/ Yoast SEO plugin. -->","yoast_head_json":{"title":"El Tribunal Europeo de Derechos Humanos insta al Gobierno espa\u00f1ol a suspender un desalojo","description":"El Tribunal Europeo de Derechos Humanos insta al Gobierno espa\u00f1ol a suspender el desalojo de una vivienda familiar en la Ca\u00f1ada Real El Tribunal de","robots":{"index":"index","follow":"follow","max-snippet":"max-snippet:-1","max-image-preview":"max-image-preview:large","max-video-preview":"max-video-preview:-1"},"canonical":"https:\/\/www.pressenza.com\/es\/2013\/02\/el-tribunal-europeo-de-derechos-humanos-insta-al-gobierno-espanol-a-suspender-un-desalojo\/","og_locale":"es_ES","og_type":"article","og_title":"El Tribunal Europeo de Derechos Humanos insta al Gobierno espa\u00f1ol a suspender un desalojo","og_description":"El Tribunal Europeo de Derechos Humanos insta al Gobierno espa\u00f1ol a suspender el desalojo de una vivienda familiar en la Ca\u00f1ada Real El Tribunal de","og_url":"https:\/\/www.pressenza.com\/es\/2013\/02\/el-tribunal-europeo-de-derechos-humanos-insta-al-gobierno-espanol-a-suspender-un-desalojo\/","og_site_name":"Pressenza","article_publisher":"https:\/\/www.facebook.com\/PressenzaItalia","article_author":"https:\/\/www.facebook.com\/amnestyglobal","article_published_time":"2013-02-07T23:34:58+00:00","author":"Amnesty International","twitter_card":"summary_large_image","twitter_creator":"@amnesty","twitter_site":"@PressenzaIPA","twitter_misc":{"Escrito por":"Amnesty International","Tiempo de lectura":"4 minutos"},"schema":{"@context":"https:\/\/schema.org","@graph":[{"@type":"Article","@id":"https:\/\/www.pressenza.com\/es\/2013\/02\/el-tribunal-europeo-de-derechos-humanos-insta-al-gobierno-espanol-a-suspender-un-desalojo\/#article","isPartOf":{"@id":"https:\/\/www.pressenza.com\/es\/2013\/02\/el-tribunal-europeo-de-derechos-humanos-insta-al-gobierno-espanol-a-suspender-un-desalojo\/"},"author":{"name":"Amnesty International","@id":"https:\/\/www.pressenza.com\/es\/#\/schema\/person\/9b981b05c7ecf09292e6acb3223b2d9d"},"headline":"El Tribunal Europeo de Derechos Humanos insta al Gobierno espa\u00f1ol a suspender un desalojo","datePublished":"2013-02-07T23:34:58+00:00","mainEntityOfPage":{"@id":"https:\/\/www.pressenza.com\/es\/2013\/02\/el-tribunal-europeo-de-derechos-humanos-insta-al-gobierno-espanol-a-suspender-un-desalojo\/"},"wordCount":717,"publisher":{"@id":"https:\/\/www.pressenza.com\/es\/#organization"},"keywords":["crisis","desahucios","Estado espa\u00f1ol","justicia","Violencia econ\u00f3mica"],"articleSection":["Comunicados de Prensa","Derechos Humanos","Europa"],"inLanguage":"es"},{"@type":"WebPage","@id":"https:\/\/www.pressenza.com\/es\/2013\/02\/el-tribunal-europeo-de-derechos-humanos-insta-al-gobierno-espanol-a-suspender-un-desalojo\/","url":"https:\/\/www.pressenza.com\/es\/2013\/02\/el-tribunal-europeo-de-derechos-humanos-insta-al-gobierno-espanol-a-suspender-un-desalojo\/","name":"El Tribunal Europeo de Derechos Humanos insta al Gobierno espa\u00f1ol a suspender un desalojo","isPartOf":{"@id":"https:\/\/www.pressenza.com\/es\/#website"},"datePublished":"2013-02-07T23:34:58+00:00","description":"El Tribunal Europeo de Derechos Humanos insta al Gobierno espa\u00f1ol a suspender el desalojo de una vivienda familiar en la Ca\u00f1ada Real El Tribunal de","breadcrumb":{"@id":"https:\/\/www.pressenza.com\/es\/2013\/02\/el-tribunal-europeo-de-derechos-humanos-insta-al-gobierno-espanol-a-suspender-un-desalojo\/#breadcrumb"},"inLanguage":"es","potentialAction":[{"@type":"ReadAction","target":["https:\/\/www.pressenza.com\/es\/2013\/02\/el-tribunal-europeo-de-derechos-humanos-insta-al-gobierno-espanol-a-suspender-un-desalojo\/"]}]},{"@type":"BreadcrumbList","@id":"https:\/\/www.pressenza.com\/es\/2013\/02\/el-tribunal-europeo-de-derechos-humanos-insta-al-gobierno-espanol-a-suspender-un-desalojo\/#breadcrumb","itemListElement":[{"@type":"ListItem","position":1,"name":"Accueil","item":"https:\/\/www.pressenza.com\/es\/"},{"@type":"ListItem","position":2,"name":"El Tribunal Europeo de Derechos Humanos insta al Gobierno espa\u00f1ol a suspender un desalojo"}]},{"@type":"WebSite","@id":"https:\/\/www.pressenza.com\/es\/#website","url":"https:\/\/www.pressenza.com\/es\/","name":"Pressenza","description":"International Press Agency","publisher":{"@id":"https:\/\/www.pressenza.com\/es\/#organization"},"potentialAction":[{"@type":"SearchAction","target":{"@type":"EntryPoint","urlTemplate":"https:\/\/www.pressenza.com\/es\/?s={search_term_string}"},"query-input":{"@type":"PropertyValueSpecification","valueRequired":true,"valueName":"search_term_string"}}],"inLanguage":"es"},{"@type":"Organization","@id":"https:\/\/www.pressenza.com\/es\/#organization","name":"Pressenza","url":"https:\/\/www.pressenza.com\/es\/","logo":{"@type":"ImageObject","inLanguage":"es","@id":"https:\/\/www.pressenza.com\/es\/#\/schema\/logo\/image\/","url":"https:\/\/www.pressenza.com\/wp-content\/uploads\/2022\/10\/pressenza_logo_200x200.jpg","contentUrl":"https:\/\/www.pressenza.com\/wp-content\/uploads\/2022\/10\/pressenza_logo_200x200.jpg","width":200,"height":200,"caption":"Pressenza"},"image":{"@id":"https:\/\/www.pressenza.com\/es\/#\/schema\/logo\/image\/"},"sameAs":["https:\/\/www.facebook.com\/PressenzaItalia","https:\/\/x.com\/PressenzaIPA"]},{"@type":"Person","@id":"https:\/\/www.pressenza.com\/es\/#\/schema\/person\/9b981b05c7ecf09292e6acb3223b2d9d","name":"Amnesty International","description":"Amnesty International is a global movement of more than 3 million supporters, members and activists in over 150 countries and territories who campaign to end grave abuses of human rights. Our vision is for every person to enjoy all the rights enshrined in the Universal Declaration of Human Rights and other international human rights standards. www.amnesty.org","sameAs":["http:\/\/www.amnesty.it","https:\/\/www.facebook.com\/amnestyglobal","https:\/\/x.com\/amnesty"],"url":"https:\/\/www.pressenza.com\/es\/author\/amnesty-international\/"}]}},"place":"Madrid","original_article_url":"","_links":{"self":[{"href":"https:\/\/www.pressenza.com\/es\/wp-json\/wp\/v2\/posts\/37103","targetHints":{"allow":["GET"]}}],"collection":[{"href":"https:\/\/www.pressenza.com\/es\/wp-json\/wp\/v2\/posts"}],"about":[{"href":"https:\/\/www.pressenza.com\/es\/wp-json\/wp\/v2\/types\/post"}],"author":[{"embeddable":true,"href":"https:\/\/www.pressenza.com\/es\/wp-json\/wp\/v2\/users\/432"}],"replies":[{"embeddable":true,"href":"https:\/\/www.pressenza.com\/es\/wp-json\/wp\/v2\/comments?post=37103"}],"version-history":[{"count":0,"href":"https:\/\/www.pressenza.com\/es\/wp-json\/wp\/v2\/posts\/37103\/revisions"}],"wp:attachment":[{"href":"https:\/\/www.pressenza.com\/es\/wp-json\/wp\/v2\/media?parent=37103"}],"wp:term":[{"taxonomy":"category","embeddable":true,"href":"https:\/\/www.pressenza.com\/es\/wp-json\/wp\/v2\/categories?post=37103"},{"taxonomy":"post_tag","embeddable":true,"href":"https:\/\/www.pressenza.com\/es\/wp-json\/wp\/v2\/tags?post=37103"}],"curies":[{"name":"wp","href":"https:\/\/api.w.org\/{rel}","templated":true}]}}