{"id":37068,"date":"2013-02-07T20:46:35","date_gmt":"2013-02-07T20:46:35","guid":{"rendered":"http:\/\/www.pressenza.com\/?p=37068"},"modified":"2013-02-07T20:46:35","modified_gmt":"2013-02-07T20:46:35","slug":"plan-de-rescate-de-la-ciudadania-exigimos-dignidad","status":"publish","type":"post","link":"https:\/\/www.pressenza.com\/es\/2013\/02\/plan-de-rescate-de-la-ciudadania-exigimos-dignidad\/","title":{"rendered":"Plan de Rescate de la ciudadan\u00eda: \u00abExigimos dignidad\u00bb"},"content":{"rendered":"<div><em>Desde el grupo de trabajo de pol\u00edtica internacional 15M Madrid, se ha lanzado la inicitativa \u00abPlan de rescate de la Red de Dignidad y Red por la Dignidad de los Barrios y Pueblos\u00bb, acerca de la cual se informar\u00e1 m\u00e1s ampliamente en el asamblea general que este colectivo tendr\u00e1 el\u00a0 domingo 10 de febrero.<\/em><\/div>\n<div><\/div>\n<div><em>La propuesta llega desde asociaciones vecinales, asambleas populares del 15-M, afectados y afectadas por las\u00a0 hipotecas, colectivos juveniles y de inmigrantes. Se\u00a0 trata de un espacio en el que se pretende confluyan muchas de las\u00a0 iniciativas que luchan contra la exclusi\u00f3n social, el empobrecimiento y el abandono de los barrios y las dram\u00e1ticas consecuencias que las pol\u00edticas de austeridad est\u00e1n teniendo sobre la vida de los \u00abcolectivos mas vulnerables socialmente\u00bb. Reproducimos textualmente el texto de dicho plan.<\/em><\/div>\n<div><\/div>\n<div><\/div>\n<div><strong>PLAN DE RESCATE DE LA CIUDADAN\u00cdA<\/strong><\/div>\n<p>\u00abEn nuestros barrios y pueblos podemos observar claramente las consecuencias de las decisiones de nuestros gobernantes sobre la vida de las personas.<\/p>\n<p>Sufrimos el miedo de ser expulsados del mercado de trabajo, de ver como se ponen en riesgo los servicios p\u00fablicos, el mecanismo con que contamos para compensar la desigualdad brutal que genera nuestra sociedad.<\/p>\n<p>Son las vecinas y vecinos de nuestros barrios y pueblos, la inmensa mayor\u00eda de las personas, las que ven mermada su calidad de vida y cada vez mas limitada su condici\u00f3n ciudadana, sometidos y sin derechos reales mientras unos pocos incrementan brutalmente sus privilegios a costa de los dem\u00e1s, empobrecidos y empujados a situaciones l\u00edmite.<\/p>\n<p>Frente a este proceso de degradaci\u00f3n de derechos, abandono y empobrecimiento, exigimos la puesta en marcha de medidas inmediatas y concretas, que garanticen unas condiciones de vida dignas a los sectores sociales que se est\u00e1n viendo golpeados de manera m\u00e1s brutal por las pol\u00edticas econ\u00f3micas del gobierno.<\/p>\n<p>En el marco de este Plan de Rescate de la ciudadan\u00eda exigimos a las administraciones p\u00fablicas:<\/p>\n<p>1. Renta b\u00e1sica para toda persona en riesgo de exclusi\u00f3n social. El derecho a la vida no se negocia.<\/p>\n<p>2. Vivienda accesible para todos\/as, porque un techo es imprescindible para la dignidad, la formaci\u00f3n de una familia y la vida en sociedad. \u00a1Stop desahucios! \u00a1stop desalojos!<\/p>\n<p>3. Transporte p\u00fablico gratuito para desempleados y sus familias, porque la libertad para desplazarse es imprescindible en la vida social.<\/p>\n<p>4. Material escolar subvencionado. Ning\u00fan ni\u00f1o\/a sin libros para estudiar y formarse.<\/p>\n<p>5. Becas de transporte y de comedor para estudiantes. La posibilidad de la formaci\u00f3n no puede estar limitada por la capacidad econ\u00f3mica.<\/p>\n<p>6. Formaci\u00f3n para la inserci\u00f3n laboral. Formaci\u00f3n espec\u00edfica para desempleados\/as, complementaria de la formaci\u00f3n reglada.<\/p>\n<p>7.Medicina gratuita y refuerzo de los Servicios P\u00fablicos de Salud Mental y atenci\u00f3n a drogodependientes. La prevenci\u00f3n es m\u00e1s rentable que las acciones curativas y paliativas.<\/p>\n<p>8. Mantenimiento de los centros de salud de barrio o pueblos existentes. El Derecho Universal a la Salud prevalece sobre los presupuestos.<\/p>\n<p>9. Dotaci\u00f3n econ\u00f3mica para afrontar situaciones de emergencia econ\u00f3mica y social de los hogares. Los recursos p\u00fablicos al servicio de la integraci\u00f3n social y de la disminuci\u00f3n de las desigualdades.<\/p>\n<p>10. Oferta cultural gratuita en los centros sociocultares p\u00fablicos. La cultura es un gran factor de promoci\u00f3n personal y de inclusi\u00f3n social.<\/p>\n<p>11. Suministros de agua y energ\u00eda garantizados para todos los hogares. Son elementos b\u00e1sicos para la vida, fuera del imperio de los mercados.<\/p>\n<p>12. Suspensi\u00f3n del pago de impuestos municipales hasta que se supere la situaci\u00f3n de precariedad.<\/p>\n<p>13. Desbloqueo de la Ley de Dependencia y atenci\u00f3n suficiente a las personas con grandes dependencias. Es simple justicia social.<\/p>\n<p>14. Medidas de atenci\u00f3n a la infancia y la adolescencia, como colectivos m\u00e1s vulnerables e indefensos ante la precariedad.<\/p>\n<p>Estas medidas requieren de un eficiente control de los ciudadanos sobre la gesti\u00f3n p\u00fablica, como garant\u00eda de eficacia y de que esta responda a los intereses de la mayor\u00eda, que evite el despilfarro, la sangr\u00eda a las arcas p\u00fablicas de los \u201cpuestos de libre disposici\u00f3n\u201d, de los sueldos disparatados que los gobiernos municipales se autoconceden y de los contratos a empresas de confianza, que defraudad las normas de contrataci\u00f3n p\u00fablica\u00bb.<\/p>\n<div>m\u00e1s info:<\/div>\n<div><a href=\"http:\/\/madrid.tomalaplaza.net\/2013\/02\/05\/red-por-la-dignidad\/\" target=\"_blank\">http:\/\/<\/a><a href=\"http:\/\/madrid.tomalaplaza.net\/2013\/02\/05\/red-por-la-dignidad\/\" target=\"_blank\">madrid.tomalaplaza.net\/<wbr>2013\/02\/05\/red-por-la-dignidad<\/wbr><\/a><a href=\"http:\/\/madrid.tomalaplaza.net\/2013\/02\/05\/red-por-la-dignidad\/\" target=\"_blank\"><wbr>\/<\/wbr><\/a><\/div>\n","protected":false},"excerpt":{"rendered":"<p>Desde el grupo de trabajo de pol\u00edtica internacional 15M Madrid, se ha lanzado la inicitativa \u00abPlan de rescate de la Red de Dignidad y Red por la Dignidad de los Barrios y Pueblos\u00bb, acerca de la cual se informar\u00e1 m\u00e1s&hellip;<\/p>\n","protected":false},"author":868,"featured_media":0,"comment_status":"closed","ping_status":"open","sticky":false,"template":"","format":"standard","meta":{"footnotes":""},"categories":[149,79,66],"tags":[704,355,441,1161,1398,984,526,383,394,623,631],"class_list":["post-37068","post","type-post","status-publish","format-standard","hentry","category-comunicados-de-prensa","category-derechos-humanos","category-europa-es","tag-15m-es","tag-crisis-es","tag-derechos-humanos","tag-desahucios","tag-estado-espanol","tag-indignados-es","tag-manifestacion","tag-noviolencia","tag-protestas-sociales","tag-violencia","tag-violencia-economica"],"yoast_head":"<!-- This site is optimized with the Yoast SEO plugin v27.1.1 - https:\/\/yoast.com\/product\/yoast-seo-wordpress\/ -->\n<title>Plan de Rescate de la ciudadan\u00eda: &quot;Exigimos dignidad&quot;<\/title>\n<meta name=\"description\" content=\"Desde el grupo de trabajo de pol\u00edtica internacional 15M Madrid, se ha lanzado la inicitativa &quot;Plan de rescate de la Red de Dignidad y Red por la Dignidad\" \/>\n<meta name=\"robots\" content=\"index, follow, max-snippet:-1, max-image-preview:large, max-video-preview:-1\" \/>\n<link rel=\"canonical\" href=\"https:\/\/www.pressenza.com\/es\/2013\/02\/plan-de-rescate-de-la-ciudadania-exigimos-dignidad\/\" \/>\n<meta property=\"og:locale\" content=\"es_ES\" \/>\n<meta property=\"og:type\" content=\"article\" \/>\n<meta property=\"og:title\" content=\"Plan de Rescate de la ciudadan\u00eda: &quot;Exigimos dignidad&quot;\" \/>\n<meta property=\"og:description\" content=\"Desde el grupo de trabajo de pol\u00edtica internacional 15M Madrid, se ha lanzado la inicitativa &quot;Plan de rescate de la Red de Dignidad y Red por la Dignidad\" \/>\n<meta property=\"og:url\" content=\"https:\/\/www.pressenza.com\/es\/2013\/02\/plan-de-rescate-de-la-ciudadania-exigimos-dignidad\/\" \/>\n<meta property=\"og:site_name\" content=\"Pressenza\" \/>\n<meta property=\"article:publisher\" content=\"https:\/\/www.facebook.com\/PressenzaItalia\" \/>\n<meta property=\"article:published_time\" content=\"2013-02-07T20:46:35+00:00\" \/>\n<meta name=\"author\" content=\"Tomalaplaza\" \/>\n<meta name=\"twitter:card\" content=\"summary_large_image\" \/>\n<meta name=\"twitter:creator\" content=\"@PressenzaIPA\" \/>\n<meta name=\"twitter:site\" content=\"@PressenzaIPA\" \/>\n<meta name=\"twitter:label1\" content=\"Escrito por\" \/>\n\t<meta name=\"twitter:data1\" content=\"Tomalaplaza  \" \/>\n\t<meta name=\"twitter:label2\" content=\"Tiempo de lectura\" \/>\n\t<meta name=\"twitter:data2\" content=\"4 minutos\" \/>\n<script type=\"application\/ld+json\" class=\"yoast-schema-graph\">{\"@context\":\"https:\/\/schema.org\",\"@graph\":[{\"@type\":\"Article\",\"@id\":\"https:\/\/www.pressenza.com\/es\/2013\/02\/plan-de-rescate-de-la-ciudadania-exigimos-dignidad\/#article\",\"isPartOf\":{\"@id\":\"https:\/\/www.pressenza.com\/es\/2013\/02\/plan-de-rescate-de-la-ciudadania-exigimos-dignidad\/\"},\"author\":{\"name\":\"Tomalaplaza\",\"@id\":\"https:\/\/www.pressenza.com\/es\/#\/schema\/person\/7172f84a43e04143cca2531386e09d60\"},\"headline\":\"Plan de Rescate de la ciudadan\u00eda: \u00abExigimos dignidad\u00bb\",\"datePublished\":\"2013-02-07T20:46:35+00:00\",\"mainEntityOfPage\":{\"@id\":\"https:\/\/www.pressenza.com\/es\/2013\/02\/plan-de-rescate-de-la-ciudadania-exigimos-dignidad\/\"},\"wordCount\":740,\"publisher\":{\"@id\":\"https:\/\/www.pressenza.com\/es\/#organization\"},\"keywords\":[\"15M\",\"crisis\",\"Derechos humanos\",\"desahucios\",\"Estado espa\u00f1ol\",\"indignados\",\"manifestaci\u00f3n\",\"Noviolencia\",\"protestas sociales\",\"Violencia\",\"Violencia econ\u00f3mica\"],\"articleSection\":[\"Comunicados de Prensa\",\"Derechos Humanos\",\"Europa\"],\"inLanguage\":\"es\"},{\"@type\":\"WebPage\",\"@id\":\"https:\/\/www.pressenza.com\/es\/2013\/02\/plan-de-rescate-de-la-ciudadania-exigimos-dignidad\/\",\"url\":\"https:\/\/www.pressenza.com\/es\/2013\/02\/plan-de-rescate-de-la-ciudadania-exigimos-dignidad\/\",\"name\":\"Plan de Rescate de la ciudadan\u00eda: \\\"Exigimos dignidad\\\"\",\"isPartOf\":{\"@id\":\"https:\/\/www.pressenza.com\/es\/#website\"},\"datePublished\":\"2013-02-07T20:46:35+00:00\",\"description\":\"Desde el grupo de trabajo de pol\u00edtica internacional 15M Madrid, se ha lanzado la inicitativa \\\"Plan de rescate de la Red de Dignidad y Red por la Dignidad\",\"breadcrumb\":{\"@id\":\"https:\/\/www.pressenza.com\/es\/2013\/02\/plan-de-rescate-de-la-ciudadania-exigimos-dignidad\/#breadcrumb\"},\"inLanguage\":\"es\",\"potentialAction\":[{\"@type\":\"ReadAction\",\"target\":[\"https:\/\/www.pressenza.com\/es\/2013\/02\/plan-de-rescate-de-la-ciudadania-exigimos-dignidad\/\"]}]},{\"@type\":\"BreadcrumbList\",\"@id\":\"https:\/\/www.pressenza.com\/es\/2013\/02\/plan-de-rescate-de-la-ciudadania-exigimos-dignidad\/#breadcrumb\",\"itemListElement\":[{\"@type\":\"ListItem\",\"position\":1,\"name\":\"Accueil\",\"item\":\"https:\/\/www.pressenza.com\/es\/\"},{\"@type\":\"ListItem\",\"position\":2,\"name\":\"Plan de Rescate de la ciudadan\u00eda: \u00abExigimos dignidad\u00bb\"}]},{\"@type\":\"WebSite\",\"@id\":\"https:\/\/www.pressenza.com\/es\/#website\",\"url\":\"https:\/\/www.pressenza.com\/es\/\",\"name\":\"Pressenza\",\"description\":\"International Press Agency\",\"publisher\":{\"@id\":\"https:\/\/www.pressenza.com\/es\/#organization\"},\"potentialAction\":[{\"@type\":\"SearchAction\",\"target\":{\"@type\":\"EntryPoint\",\"urlTemplate\":\"https:\/\/www.pressenza.com\/es\/?s={search_term_string}\"},\"query-input\":{\"@type\":\"PropertyValueSpecification\",\"valueRequired\":true,\"valueName\":\"search_term_string\"}}],\"inLanguage\":\"es\"},{\"@type\":\"Organization\",\"@id\":\"https:\/\/www.pressenza.com\/es\/#organization\",\"name\":\"Pressenza\",\"url\":\"https:\/\/www.pressenza.com\/es\/\",\"logo\":{\"@type\":\"ImageObject\",\"inLanguage\":\"es\",\"@id\":\"https:\/\/www.pressenza.com\/es\/#\/schema\/logo\/image\/\",\"url\":\"https:\/\/www.pressenza.com\/wp-content\/uploads\/2022\/10\/pressenza_logo_200x200.jpg\",\"contentUrl\":\"https:\/\/www.pressenza.com\/wp-content\/uploads\/2022\/10\/pressenza_logo_200x200.jpg\",\"width\":200,\"height\":200,\"caption\":\"Pressenza\"},\"image\":{\"@id\":\"https:\/\/www.pressenza.com\/es\/#\/schema\/logo\/image\/\"},\"sameAs\":[\"https:\/\/www.facebook.com\/PressenzaItalia\",\"https:\/\/x.com\/PressenzaIPA\"]},{\"@type\":\"Person\",\"@id\":\"https:\/\/www.pressenza.com\/es\/#\/schema\/person\/7172f84a43e04143cca2531386e09d60\",\"name\":\"Tomalaplaza\",\"url\":\"https:\/\/www.pressenza.com\/es\/author\/tomalaplaza\/\"}]}<\/script>\n<!-- \/ Yoast SEO plugin. -->","yoast_head_json":{"title":"Plan de Rescate de la ciudadan\u00eda: \"Exigimos dignidad\"","description":"Desde el grupo de trabajo de pol\u00edtica internacional 15M Madrid, se ha lanzado la inicitativa \"Plan de rescate de la Red de Dignidad y Red por la Dignidad","robots":{"index":"index","follow":"follow","max-snippet":"max-snippet:-1","max-image-preview":"max-image-preview:large","max-video-preview":"max-video-preview:-1"},"canonical":"https:\/\/www.pressenza.com\/es\/2013\/02\/plan-de-rescate-de-la-ciudadania-exigimos-dignidad\/","og_locale":"es_ES","og_type":"article","og_title":"Plan de Rescate de la ciudadan\u00eda: \"Exigimos dignidad\"","og_description":"Desde el grupo de trabajo de pol\u00edtica internacional 15M Madrid, se ha lanzado la inicitativa \"Plan de rescate de la Red de Dignidad y Red por la Dignidad","og_url":"https:\/\/www.pressenza.com\/es\/2013\/02\/plan-de-rescate-de-la-ciudadania-exigimos-dignidad\/","og_site_name":"Pressenza","article_publisher":"https:\/\/www.facebook.com\/PressenzaItalia","article_published_time":"2013-02-07T20:46:35+00:00","author":"Tomalaplaza","twitter_card":"summary_large_image","twitter_creator":"@PressenzaIPA","twitter_site":"@PressenzaIPA","twitter_misc":{"Escrito por":"Tomalaplaza  ","Tiempo de lectura":"4 minutos"},"schema":{"@context":"https:\/\/schema.org","@graph":[{"@type":"Article","@id":"https:\/\/www.pressenza.com\/es\/2013\/02\/plan-de-rescate-de-la-ciudadania-exigimos-dignidad\/#article","isPartOf":{"@id":"https:\/\/www.pressenza.com\/es\/2013\/02\/plan-de-rescate-de-la-ciudadania-exigimos-dignidad\/"},"author":{"name":"Tomalaplaza","@id":"https:\/\/www.pressenza.com\/es\/#\/schema\/person\/7172f84a43e04143cca2531386e09d60"},"headline":"Plan de Rescate de la ciudadan\u00eda: \u00abExigimos dignidad\u00bb","datePublished":"2013-02-07T20:46:35+00:00","mainEntityOfPage":{"@id":"https:\/\/www.pressenza.com\/es\/2013\/02\/plan-de-rescate-de-la-ciudadania-exigimos-dignidad\/"},"wordCount":740,"publisher":{"@id":"https:\/\/www.pressenza.com\/es\/#organization"},"keywords":["15M","crisis","Derechos humanos","desahucios","Estado espa\u00f1ol","indignados","manifestaci\u00f3n","Noviolencia","protestas sociales","Violencia","Violencia econ\u00f3mica"],"articleSection":["Comunicados de Prensa","Derechos Humanos","Europa"],"inLanguage":"es"},{"@type":"WebPage","@id":"https:\/\/www.pressenza.com\/es\/2013\/02\/plan-de-rescate-de-la-ciudadania-exigimos-dignidad\/","url":"https:\/\/www.pressenza.com\/es\/2013\/02\/plan-de-rescate-de-la-ciudadania-exigimos-dignidad\/","name":"Plan de Rescate de la ciudadan\u00eda: \"Exigimos dignidad\"","isPartOf":{"@id":"https:\/\/www.pressenza.com\/es\/#website"},"datePublished":"2013-02-07T20:46:35+00:00","description":"Desde el grupo de trabajo de pol\u00edtica internacional 15M Madrid, se ha lanzado la inicitativa \"Plan de rescate de la Red de Dignidad y Red por la Dignidad","breadcrumb":{"@id":"https:\/\/www.pressenza.com\/es\/2013\/02\/plan-de-rescate-de-la-ciudadania-exigimos-dignidad\/#breadcrumb"},"inLanguage":"es","potentialAction":[{"@type":"ReadAction","target":["https:\/\/www.pressenza.com\/es\/2013\/02\/plan-de-rescate-de-la-ciudadania-exigimos-dignidad\/"]}]},{"@type":"BreadcrumbList","@id":"https:\/\/www.pressenza.com\/es\/2013\/02\/plan-de-rescate-de-la-ciudadania-exigimos-dignidad\/#breadcrumb","itemListElement":[{"@type":"ListItem","position":1,"name":"Accueil","item":"https:\/\/www.pressenza.com\/es\/"},{"@type":"ListItem","position":2,"name":"Plan de Rescate de la ciudadan\u00eda: \u00abExigimos dignidad\u00bb"}]},{"@type":"WebSite","@id":"https:\/\/www.pressenza.com\/es\/#website","url":"https:\/\/www.pressenza.com\/es\/","name":"Pressenza","description":"International Press Agency","publisher":{"@id":"https:\/\/www.pressenza.com\/es\/#organization"},"potentialAction":[{"@type":"SearchAction","target":{"@type":"EntryPoint","urlTemplate":"https:\/\/www.pressenza.com\/es\/?s={search_term_string}"},"query-input":{"@type":"PropertyValueSpecification","valueRequired":true,"valueName":"search_term_string"}}],"inLanguage":"es"},{"@type":"Organization","@id":"https:\/\/www.pressenza.com\/es\/#organization","name":"Pressenza","url":"https:\/\/www.pressenza.com\/es\/","logo":{"@type":"ImageObject","inLanguage":"es","@id":"https:\/\/www.pressenza.com\/es\/#\/schema\/logo\/image\/","url":"https:\/\/www.pressenza.com\/wp-content\/uploads\/2022\/10\/pressenza_logo_200x200.jpg","contentUrl":"https:\/\/www.pressenza.com\/wp-content\/uploads\/2022\/10\/pressenza_logo_200x200.jpg","width":200,"height":200,"caption":"Pressenza"},"image":{"@id":"https:\/\/www.pressenza.com\/es\/#\/schema\/logo\/image\/"},"sameAs":["https:\/\/www.facebook.com\/PressenzaItalia","https:\/\/x.com\/PressenzaIPA"]},{"@type":"Person","@id":"https:\/\/www.pressenza.com\/es\/#\/schema\/person\/7172f84a43e04143cca2531386e09d60","name":"Tomalaplaza","url":"https:\/\/www.pressenza.com\/es\/author\/tomalaplaza\/"}]}},"place":"","original_article_url":"","_links":{"self":[{"href":"https:\/\/www.pressenza.com\/es\/wp-json\/wp\/v2\/posts\/37068","targetHints":{"allow":["GET"]}}],"collection":[{"href":"https:\/\/www.pressenza.com\/es\/wp-json\/wp\/v2\/posts"}],"about":[{"href":"https:\/\/www.pressenza.com\/es\/wp-json\/wp\/v2\/types\/post"}],"author":[{"embeddable":true,"href":"https:\/\/www.pressenza.com\/es\/wp-json\/wp\/v2\/users\/868"}],"replies":[{"embeddable":true,"href":"https:\/\/www.pressenza.com\/es\/wp-json\/wp\/v2\/comments?post=37068"}],"version-history":[{"count":0,"href":"https:\/\/www.pressenza.com\/es\/wp-json\/wp\/v2\/posts\/37068\/revisions"}],"wp:attachment":[{"href":"https:\/\/www.pressenza.com\/es\/wp-json\/wp\/v2\/media?parent=37068"}],"wp:term":[{"taxonomy":"category","embeddable":true,"href":"https:\/\/www.pressenza.com\/es\/wp-json\/wp\/v2\/categories?post=37068"},{"taxonomy":"post_tag","embeddable":true,"href":"https:\/\/www.pressenza.com\/es\/wp-json\/wp\/v2\/tags?post=37068"}],"curies":[{"name":"wp","href":"https:\/\/api.w.org\/{rel}","templated":true}]}}