{"id":370104,"date":"2016-09-15T22:44:18","date_gmt":"2016-09-15T21:44:18","guid":{"rendered":"http:\/\/www.pressenza.com\/es\/?p=370104"},"modified":"2016-09-15T22:44:18","modified_gmt":"2016-09-15T21:44:18","slug":"mas-10-heridos-unos-60-arrestos-manifestaciones-francia","status":"publish","type":"post","link":"https:\/\/www.pressenza.com\/es\/2016\/09\/mas-10-heridos-unos-60-arrestos-manifestaciones-francia\/","title":{"rendered":"M\u00e1s de 10 heridos y unos 60 arrestos en manifestaciones en Francia"},"content":{"rendered":"<div class=\"fullNewsIntrotext\">Doce heridos y 62 detenidos es el saldo de manifestaciones multitudinarias realizadas hoy en 110 ciudades de Francia para exigir la derogaci\u00f3n de la nueva ley de trabajo, de acuerdo con el balance divulgado por las autoridades.<\/div>\n<div class=\"fullNewsFulltext\"><\/div>\n<div class=\"fullNewsFulltext\">Aunque la mayor parte de los participantes marcharon de forma pac\u00edfica elevando pancartas y exclamando consignas, algunos individuos lanzaron objetos y cocteles molotov contra los polic\u00edas, quienes respondieron con gases lacrim\u00f3genos y decenas de arrestos.<\/p>\n<p>De acuerdo con los sindicatos organizadores, unas 170 mil personas protestaron en todo el pa\u00eds y 40 mil lo hicieron en Par\u00eds, mientras las autoridades rebajan los n\u00fameros a 78 mil y 13 mil, respectivamente.<\/p>\n<p>En esta capital, la multitud parti\u00f3 de la plaza de la Bastilla hasta la de la Rep\u00fablica, en una marcha encabezada por el secretario general de la Confederaci\u00f3n General del Trabajo (CGT), Philippe Martinez; el l\u00edder de Fuerza Obrera, Jean-Claude Mailly; as\u00ed como los dirigentes de otras organizaciones sindicales.<\/p>\n<p>El objetivo de la demostraci\u00f3n fue exigir la derogaci\u00f3n de la ley del trabajo, aprobada en julio cuando el primer ministro, Manuel Valls, recurri\u00f3 por tercera vez al pol\u00e9mico art\u00edculo 49.3 de la Constituci\u00f3n para validar la normativa sin necesidad de someterla a votaci\u00f3n del Parlamento, donde el rechazo era mayoritario.<\/p>\n<p>Mientras el gobierno defiende que la legislaci\u00f3n permitir\u00e1 modernizar la situaci\u00f3n del empleo en Francia, pa\u00eds con un paro cercano al 10 por ciento, los detractores aseguran que solo beneficiar\u00e1 a las empresas al otorgarles mayores poderes para decidir los horarios de trabajo y los despidos, entre otras cuestiones.<\/p>\n<p>&#8216;No a la ley de los patrones&#8217; y &#8216;Por empleos m\u00e1s seguros&#8217; fueron algunas de las consignas que protagonizaron la huelga de este jueves, la cual provoc\u00f3 interrupciones en la red de transporte p\u00fablico y la cancelaci\u00f3n del 15 por ciento de los vuelos en los aeropuertos de Par\u00eds.<\/p>\n<p>Aunque algunos cuestionan la utilidad de las demostraciones cuando la ley ya est\u00e1 aprobada, los l\u00edderes del movimiento aseguran que es posible conseguir su derogaci\u00f3n o al menos obstaculizar su implementaci\u00f3n en el plano jur\u00eddico pues todav\u00eda es necesario aprobar decenas de decretos para poder aplicarla.<\/p><\/div>\n","protected":false},"excerpt":{"rendered":"<p>Doce heridos y 62 detenidos es el saldo de manifestaciones multitudinarias realizadas hoy en 110 ciudades de Francia para exigir la derogaci\u00f3n de la nueva ley de trabajo, de acuerdo con el balance divulgado por las autoridades. Aunque la mayor&hellip;<\/p>\n","protected":false},"author":90,"featured_media":0,"comment_status":"closed","ping_status":"closed","sticky":false,"template":"","format":"standard","meta":{"footnotes":""},"categories":[66,74],"tags":[30708,1432,2892,24929,7129,25779,729],"class_list":["post-370104","post","type-post","status-publish","format-standard","hentry","category-europa-es","category-politica-es","tag-flexibilizacion-laboral","tag-francia","tag-globalizacion","tag-ley-de-trabajo","tag-movilizaciones","tag-protesta-social","tag-violencia-policial"],"yoast_head":"<!-- This site is optimized with the Yoast SEO plugin v27.1.1 - https:\/\/yoast.com\/product\/yoast-seo-wordpress\/ -->\n<title>M\u00e1s de 10 heridos y unos 60 arrestos en manifestaciones en Francia<\/title>\n<meta name=\"description\" content=\"Doce heridos y 62 detenidos es el saldo de manifestaciones multitudinarias realizadas hoy en 110 ciudades de Francia para exigir la derogaci\u00f3n de la nueva\" \/>\n<meta name=\"robots\" content=\"index, follow, max-snippet:-1, max-image-preview:large, max-video-preview:-1\" \/>\n<link rel=\"canonical\" href=\"https:\/\/www.pressenza.com\/es\/2016\/09\/mas-10-heridos-unos-60-arrestos-manifestaciones-francia\/\" \/>\n<meta property=\"og:locale\" content=\"es_ES\" \/>\n<meta property=\"og:type\" content=\"article\" \/>\n<meta property=\"og:title\" content=\"M\u00e1s de 10 heridos y unos 60 arrestos en manifestaciones en Francia\" \/>\n<meta property=\"og:description\" content=\"Doce heridos y 62 detenidos es el saldo de manifestaciones multitudinarias realizadas hoy en 110 ciudades de Francia para exigir la derogaci\u00f3n de la nueva\" \/>\n<meta property=\"og:url\" content=\"https:\/\/www.pressenza.com\/es\/2016\/09\/mas-10-heridos-unos-60-arrestos-manifestaciones-francia\/\" \/>\n<meta property=\"og:site_name\" content=\"Pressenza\" \/>\n<meta property=\"article:publisher\" content=\"https:\/\/www.facebook.com\/PressenzaItalia\" \/>\n<meta property=\"article:author\" content=\"https:\/\/www.facebook.com\/AgenciaPrensaLatina\" \/>\n<meta property=\"article:published_time\" content=\"2016-09-15T21:44:18+00:00\" \/>\n<meta name=\"author\" content=\"Prensa Latina\" \/>\n<meta name=\"twitter:card\" content=\"summary_large_image\" \/>\n<meta name=\"twitter:creator\" content=\"@prensalatina_cu\" \/>\n<meta name=\"twitter:site\" content=\"@PressenzaIPA\" \/>\n<meta name=\"twitter:label1\" content=\"Escrito por\" \/>\n\t<meta name=\"twitter:data1\" content=\"Prensa Latina\" \/>\n\t<meta name=\"twitter:label2\" content=\"Tiempo de lectura\" \/>\n\t<meta name=\"twitter:data2\" content=\"2 minutos\" \/>\n<script type=\"application\/ld+json\" class=\"yoast-schema-graph\">{\"@context\":\"https:\/\/schema.org\",\"@graph\":[{\"@type\":\"Article\",\"@id\":\"https:\/\/www.pressenza.com\/es\/2016\/09\/mas-10-heridos-unos-60-arrestos-manifestaciones-francia\/#article\",\"isPartOf\":{\"@id\":\"https:\/\/www.pressenza.com\/es\/2016\/09\/mas-10-heridos-unos-60-arrestos-manifestaciones-francia\/\"},\"author\":{\"name\":\"Prensa Latina\",\"@id\":\"https:\/\/www.pressenza.com\/es\/#\/schema\/person\/e35c78ffa242d98f4f49ccb18c8631de\"},\"headline\":\"M\u00e1s de 10 heridos y unos 60 arrestos en manifestaciones en Francia\",\"datePublished\":\"2016-09-15T21:44:18+00:00\",\"mainEntityOfPage\":{\"@id\":\"https:\/\/www.pressenza.com\/es\/2016\/09\/mas-10-heridos-unos-60-arrestos-manifestaciones-francia\/\"},\"wordCount\":381,\"publisher\":{\"@id\":\"https:\/\/www.pressenza.com\/es\/#organization\"},\"keywords\":[\"flexibilizaci\u00f3n laboral\",\"Francia\",\"globalizaci\u00f3n\",\"ley de trabajo\",\"Movilizaciones\",\"protesta social\",\"Violencia policial\"],\"articleSection\":[\"Europa\",\"Pol\u00edtica\"],\"inLanguage\":\"es\"},{\"@type\":\"WebPage\",\"@id\":\"https:\/\/www.pressenza.com\/es\/2016\/09\/mas-10-heridos-unos-60-arrestos-manifestaciones-francia\/\",\"url\":\"https:\/\/www.pressenza.com\/es\/2016\/09\/mas-10-heridos-unos-60-arrestos-manifestaciones-francia\/\",\"name\":\"M\u00e1s de 10 heridos y unos 60 arrestos en manifestaciones en Francia\",\"isPartOf\":{\"@id\":\"https:\/\/www.pressenza.com\/es\/#website\"},\"datePublished\":\"2016-09-15T21:44:18+00:00\",\"description\":\"Doce heridos y 62 detenidos es el saldo de manifestaciones multitudinarias realizadas hoy en 110 ciudades de Francia para exigir la derogaci\u00f3n de la nueva\",\"breadcrumb\":{\"@id\":\"https:\/\/www.pressenza.com\/es\/2016\/09\/mas-10-heridos-unos-60-arrestos-manifestaciones-francia\/#breadcrumb\"},\"inLanguage\":\"es\",\"potentialAction\":[{\"@type\":\"ReadAction\",\"target\":[\"https:\/\/www.pressenza.com\/es\/2016\/09\/mas-10-heridos-unos-60-arrestos-manifestaciones-francia\/\"]}]},{\"@type\":\"BreadcrumbList\",\"@id\":\"https:\/\/www.pressenza.com\/es\/2016\/09\/mas-10-heridos-unos-60-arrestos-manifestaciones-francia\/#breadcrumb\",\"itemListElement\":[{\"@type\":\"ListItem\",\"position\":1,\"name\":\"Accueil\",\"item\":\"https:\/\/www.pressenza.com\/es\/\"},{\"@type\":\"ListItem\",\"position\":2,\"name\":\"M\u00e1s de 10 heridos y unos 60 arrestos en manifestaciones en Francia\"}]},{\"@type\":\"WebSite\",\"@id\":\"https:\/\/www.pressenza.com\/es\/#website\",\"url\":\"https:\/\/www.pressenza.com\/es\/\",\"name\":\"Pressenza\",\"description\":\"International Press Agency\",\"publisher\":{\"@id\":\"https:\/\/www.pressenza.com\/es\/#organization\"},\"potentialAction\":[{\"@type\":\"SearchAction\",\"target\":{\"@type\":\"EntryPoint\",\"urlTemplate\":\"https:\/\/www.pressenza.com\/es\/?s={search_term_string}\"},\"query-input\":{\"@type\":\"PropertyValueSpecification\",\"valueRequired\":true,\"valueName\":\"search_term_string\"}}],\"inLanguage\":\"es\"},{\"@type\":\"Organization\",\"@id\":\"https:\/\/www.pressenza.com\/es\/#organization\",\"name\":\"Pressenza\",\"url\":\"https:\/\/www.pressenza.com\/es\/\",\"logo\":{\"@type\":\"ImageObject\",\"inLanguage\":\"es\",\"@id\":\"https:\/\/www.pressenza.com\/es\/#\/schema\/logo\/image\/\",\"url\":\"https:\/\/www.pressenza.com\/wp-content\/uploads\/2022\/10\/pressenza_logo_200x200.jpg\",\"contentUrl\":\"https:\/\/www.pressenza.com\/wp-content\/uploads\/2022\/10\/pressenza_logo_200x200.jpg\",\"width\":200,\"height\":200,\"caption\":\"Pressenza\"},\"image\":{\"@id\":\"https:\/\/www.pressenza.com\/es\/#\/schema\/logo\/image\/\"},\"sameAs\":[\"https:\/\/www.facebook.com\/PressenzaItalia\",\"https:\/\/x.com\/PressenzaIPA\"]},{\"@type\":\"Person\",\"@id\":\"https:\/\/www.pressenza.com\/es\/#\/schema\/person\/e35c78ffa242d98f4f49ccb18c8631de\",\"name\":\"Prensa Latina\",\"description\":\"www.prensa-latina.cu\",\"sameAs\":[\"https:\/\/www.facebook.com\/AgenciaPrensaLatina\",\"https:\/\/x.com\/prensalatina_cu\"],\"url\":\"https:\/\/www.pressenza.com\/es\/author\/prensa-latina\/\"}]}<\/script>\n<!-- \/ Yoast SEO plugin. -->","yoast_head_json":{"title":"M\u00e1s de 10 heridos y unos 60 arrestos en manifestaciones en Francia","description":"Doce heridos y 62 detenidos es el saldo de manifestaciones multitudinarias realizadas hoy en 110 ciudades de Francia para exigir la derogaci\u00f3n de la nueva","robots":{"index":"index","follow":"follow","max-snippet":"max-snippet:-1","max-image-preview":"max-image-preview:large","max-video-preview":"max-video-preview:-1"},"canonical":"https:\/\/www.pressenza.com\/es\/2016\/09\/mas-10-heridos-unos-60-arrestos-manifestaciones-francia\/","og_locale":"es_ES","og_type":"article","og_title":"M\u00e1s de 10 heridos y unos 60 arrestos en manifestaciones en Francia","og_description":"Doce heridos y 62 detenidos es el saldo de manifestaciones multitudinarias realizadas hoy en 110 ciudades de Francia para exigir la derogaci\u00f3n de la nueva","og_url":"https:\/\/www.pressenza.com\/es\/2016\/09\/mas-10-heridos-unos-60-arrestos-manifestaciones-francia\/","og_site_name":"Pressenza","article_publisher":"https:\/\/www.facebook.com\/PressenzaItalia","article_author":"https:\/\/www.facebook.com\/AgenciaPrensaLatina","article_published_time":"2016-09-15T21:44:18+00:00","author":"Prensa Latina","twitter_card":"summary_large_image","twitter_creator":"@prensalatina_cu","twitter_site":"@PressenzaIPA","twitter_misc":{"Escrito por":"Prensa Latina","Tiempo de lectura":"2 minutos"},"schema":{"@context":"https:\/\/schema.org","@graph":[{"@type":"Article","@id":"https:\/\/www.pressenza.com\/es\/2016\/09\/mas-10-heridos-unos-60-arrestos-manifestaciones-francia\/#article","isPartOf":{"@id":"https:\/\/www.pressenza.com\/es\/2016\/09\/mas-10-heridos-unos-60-arrestos-manifestaciones-francia\/"},"author":{"name":"Prensa Latina","@id":"https:\/\/www.pressenza.com\/es\/#\/schema\/person\/e35c78ffa242d98f4f49ccb18c8631de"},"headline":"M\u00e1s de 10 heridos y unos 60 arrestos en manifestaciones en Francia","datePublished":"2016-09-15T21:44:18+00:00","mainEntityOfPage":{"@id":"https:\/\/www.pressenza.com\/es\/2016\/09\/mas-10-heridos-unos-60-arrestos-manifestaciones-francia\/"},"wordCount":381,"publisher":{"@id":"https:\/\/www.pressenza.com\/es\/#organization"},"keywords":["flexibilizaci\u00f3n laboral","Francia","globalizaci\u00f3n","ley de trabajo","Movilizaciones","protesta social","Violencia policial"],"articleSection":["Europa","Pol\u00edtica"],"inLanguage":"es"},{"@type":"WebPage","@id":"https:\/\/www.pressenza.com\/es\/2016\/09\/mas-10-heridos-unos-60-arrestos-manifestaciones-francia\/","url":"https:\/\/www.pressenza.com\/es\/2016\/09\/mas-10-heridos-unos-60-arrestos-manifestaciones-francia\/","name":"M\u00e1s de 10 heridos y unos 60 arrestos en manifestaciones en Francia","isPartOf":{"@id":"https:\/\/www.pressenza.com\/es\/#website"},"datePublished":"2016-09-15T21:44:18+00:00","description":"Doce heridos y 62 detenidos es el saldo de manifestaciones multitudinarias realizadas hoy en 110 ciudades de Francia para exigir la derogaci\u00f3n de la nueva","breadcrumb":{"@id":"https:\/\/www.pressenza.com\/es\/2016\/09\/mas-10-heridos-unos-60-arrestos-manifestaciones-francia\/#breadcrumb"},"inLanguage":"es","potentialAction":[{"@type":"ReadAction","target":["https:\/\/www.pressenza.com\/es\/2016\/09\/mas-10-heridos-unos-60-arrestos-manifestaciones-francia\/"]}]},{"@type":"BreadcrumbList","@id":"https:\/\/www.pressenza.com\/es\/2016\/09\/mas-10-heridos-unos-60-arrestos-manifestaciones-francia\/#breadcrumb","itemListElement":[{"@type":"ListItem","position":1,"name":"Accueil","item":"https:\/\/www.pressenza.com\/es\/"},{"@type":"ListItem","position":2,"name":"M\u00e1s de 10 heridos y unos 60 arrestos en manifestaciones en Francia"}]},{"@type":"WebSite","@id":"https:\/\/www.pressenza.com\/es\/#website","url":"https:\/\/www.pressenza.com\/es\/","name":"Pressenza","description":"International Press Agency","publisher":{"@id":"https:\/\/www.pressenza.com\/es\/#organization"},"potentialAction":[{"@type":"SearchAction","target":{"@type":"EntryPoint","urlTemplate":"https:\/\/www.pressenza.com\/es\/?s={search_term_string}"},"query-input":{"@type":"PropertyValueSpecification","valueRequired":true,"valueName":"search_term_string"}}],"inLanguage":"es"},{"@type":"Organization","@id":"https:\/\/www.pressenza.com\/es\/#organization","name":"Pressenza","url":"https:\/\/www.pressenza.com\/es\/","logo":{"@type":"ImageObject","inLanguage":"es","@id":"https:\/\/www.pressenza.com\/es\/#\/schema\/logo\/image\/","url":"https:\/\/www.pressenza.com\/wp-content\/uploads\/2022\/10\/pressenza_logo_200x200.jpg","contentUrl":"https:\/\/www.pressenza.com\/wp-content\/uploads\/2022\/10\/pressenza_logo_200x200.jpg","width":200,"height":200,"caption":"Pressenza"},"image":{"@id":"https:\/\/www.pressenza.com\/es\/#\/schema\/logo\/image\/"},"sameAs":["https:\/\/www.facebook.com\/PressenzaItalia","https:\/\/x.com\/PressenzaIPA"]},{"@type":"Person","@id":"https:\/\/www.pressenza.com\/es\/#\/schema\/person\/e35c78ffa242d98f4f49ccb18c8631de","name":"Prensa Latina","description":"www.prensa-latina.cu","sameAs":["https:\/\/www.facebook.com\/AgenciaPrensaLatina","https:\/\/x.com\/prensalatina_cu"],"url":"https:\/\/www.pressenza.com\/es\/author\/prensa-latina\/"}]}},"place":"Par\u00eds, Francia","original_article_url":"http:\/\/prensa-latina.cu\/index.php?o=rn&id=26493&SEO=mas-de-10-heridos-y-unos-60-arrestos-en-manifestaciones-en-francia","_links":{"self":[{"href":"https:\/\/www.pressenza.com\/es\/wp-json\/wp\/v2\/posts\/370104","targetHints":{"allow":["GET"]}}],"collection":[{"href":"https:\/\/www.pressenza.com\/es\/wp-json\/wp\/v2\/posts"}],"about":[{"href":"https:\/\/www.pressenza.com\/es\/wp-json\/wp\/v2\/types\/post"}],"author":[{"embeddable":true,"href":"https:\/\/www.pressenza.com\/es\/wp-json\/wp\/v2\/users\/90"}],"replies":[{"embeddable":true,"href":"https:\/\/www.pressenza.com\/es\/wp-json\/wp\/v2\/comments?post=370104"}],"version-history":[{"count":0,"href":"https:\/\/www.pressenza.com\/es\/wp-json\/wp\/v2\/posts\/370104\/revisions"}],"wp:attachment":[{"href":"https:\/\/www.pressenza.com\/es\/wp-json\/wp\/v2\/media?parent=370104"}],"wp:term":[{"taxonomy":"category","embeddable":true,"href":"https:\/\/www.pressenza.com\/es\/wp-json\/wp\/v2\/categories?post=370104"},{"taxonomy":"post_tag","embeddable":true,"href":"https:\/\/www.pressenza.com\/es\/wp-json\/wp\/v2\/tags?post=370104"}],"curies":[{"name":"wp","href":"https:\/\/api.w.org\/{rel}","templated":true}]}}