{"id":367902,"date":"2016-09-11T18:24:02","date_gmt":"2016-09-11T17:24:02","guid":{"rendered":"http:\/\/www.pressenza.com\/es\/?p=367902"},"modified":"2016-09-11T18:24:02","modified_gmt":"2016-09-11T17:24:02","slug":"historica-huelga-presos-estados-unidos","status":"publish","type":"post","link":"https:\/\/www.pressenza.com\/es\/2016\/09\/historica-huelga-presos-estados-unidos\/","title":{"rendered":"Hist\u00f3rica huelga de presos en Estados Unidos"},"content":{"rendered":"<p><em><strong>Por Notas.org.ar<\/strong><\/em><\/p>\n<p>Este viernes 9 de septiembre se lleva adelante la \u201cmayor huelga de la historia\u201d en las prisiones de los Estados Unidos. La protesta, que se realizar\u00e1 en 24 estados, tiene por objetivo la lucha contra los trabajos forzados de los detenidos, que muchos consideran como una moderna forma de esclavitud.<\/p>\n<p>La hist\u00f3rica huelga de los prisioneros no s\u00f3lo reclama contra el trabajo obligatorio, sin ning\u00fan tipo de cobertura legal e infrapagado, sino tambi\u00e9n por las condiciones de detenci\u00f3n en muchas de las c\u00e1rceles, superpobladas, sin atenci\u00f3n m\u00e9dica adecuada y con altos \u00edndices de violencia interna. Por eso es significativo que se haya elegido como fecha\u00a0para la medida de fuerza este 9 de septiembre, d\u00eda en que se cumplen 45 a\u00f1os del levantamiento de la c\u00e1rcel de Attica, que logr\u00f3 tomar las famosas instalaciones penitenciarias de la ciudad de Nueva York en reclamo por mejoras en las condiciones de detenci\u00f3n.<\/p>\n<p>Este hist\u00f3rico proceso de lucha de los presos, que encuentra un antecedente directo en una serie de huelgas en las c\u00e1rceles californianas en 2013, est\u00e1 encabezada por la organizaci\u00f3n de detenidos Movimiento Alabama Libre (Free Alabama Movement, FAM) y por Comit\u00e9 Organizados de los Trabajadores Encarcelados (Incarcerated Workers Organizing Committee, IWOC). El manifiesto de la convocatoria plantea: \u201cEste es un llamado para poner fin a la esclavitud en Am\u00e9rica. Para todos los presos en todas las instituciones estatales y federales del pa\u00eds,\u00a0hacemos un llamado a que dejen de ser esclavos, para que los cultivos se pudren en los campos de las plantaciones, para ir a la huelga y dejar de reproducir las instituciones de confinamiento\u201d.<\/p>\n<p>Seg\u00fan datos de 2013, en los EEUU hay m\u00e1s de dos millones de personas detenidas (lo que implica aproximadamente el 25% de los detenidos del mundo), de los cuales m\u00e1s del 70% son afroamericanos o latinos, siendo \u00e9sta \u00faltima poblaci\u00f3n la que m\u00e1s ha crecido en los \u00faltimos a\u00f1os, sobre todo por delitos vinculados con la inmigraci\u00f3n ilegal. De esta poblaci\u00f3n unos 900 mil detenidos son obligados a trabajar. En las prisiones federales el trabajo es obligatorio para los internos, a menos que puedan probarse razones de salud. Lo mismo sucede en casi todas las prisiones estatales. Si se niegan, los presos pueden ser castigados con\u00a0confinamiento solitario, cancelaci\u00f3n de visitas u otras penalidades.<\/p>\n<p>La mayor\u00eda de los trabajos son internos a las mismas prisiones (tareas de lavander\u00eda, cocina, etc.) pero tambi\u00e9n hay unos 80 mil presos que realizan tareas en el exterior, en algunos casos para el Estado y en otros directamente para diversas compa\u00f1\u00edas privadas tales como Walmart o Victoria\u2019s Secrets. Estos trabajos no\u00a0est\u00e1n\u00a0protegidos por ning\u00fan tipo de regulaci\u00f3n laboral y la remuneraci\u00f3n se encuentra muy por debajo del salario m\u00ednimo. En las prisiones estatales va de 12 a 40 centavos de d\u00f3lar por hora, mientras que en algunos estados, como es el caso de Texas, los internos directamente no reciben paga alguna. Los detenidos tambi\u00e9n tienen prohibido cualquier tipo de organizaci\u00f3n sindical. El debate recuerda al que se suscit\u00f3 hace algunos meses en nuestro pa\u00eds en referencia al <a href=\"http:\/\/notas.org.ar\/2015\/07\/30\/falacias-aumento-presos-perjudica-jubilados\/\" target=\"_blank\">\u201cesc\u00e1ndalo\u201d porque los presos \u201ccobraban m\u00e1s que un jubilado\u201d<\/a>.<\/p>\n<p>Los administradores de las prisiones argumentan que pagar el salario m\u00ednimo a los detenidos las llevar\u00eda a la quiebra. Hay que recordar que aproximadamente un 10% de las instituciones carcelarias en Estados Unidos son privadas (el negocio comenz\u00f3 en los a\u00f1os 80 pero tuvo su mayor crecimiento en \u00e9pocas de Bush y de lucha contra el terrorismo). A pesar de ser un porcentaje peque\u00f1o, es el sector carcelario que m\u00e1s ha crecido en poblaci\u00f3n: entre 1999 y 2010 la poblaci\u00f3n carcelaria total del pa\u00eds creci\u00f3 un 18% pero los presos en instituciones privadas aumentaron un 80%. Las c\u00e1rceles privadas son grandes negocios y en algunos casos existen cl\u00e1usulas que obligan al Estado a garantizarles una ocupaci\u00f3n m\u00ednima, aunque la tasa de delito baje.<\/p>\n<p>Ya a principios de milenio la activista por los derechos civiles Angela Davis hablaba de \u201ccomplejo industrial carcelario\u201d, haciendo referencia al poderoso complejo militar estadounidense: \u201cLas c\u00e1rceles no hacen desaparecer los problemas, hacen desaparecer a los seres humanos. Y la pr\u00e1ctica de hacer desaparecer a grandes n\u00fameros de personas de las comunidades pobres, inmigrantes y racialmente marginadas se ha vuelto literalmente un gran negocio\u201d.<\/p>\n","protected":false},"excerpt":{"rendered":"<p>Por Notas.org.ar Este viernes 9 de septiembre se lleva adelante la \u201cmayor huelga de la historia\u201d en las prisiones de los Estados Unidos. La protesta, que se realizar\u00e1 en 24 estados, tiene por objetivo la lucha contra los trabajos forzados&hellip;<\/p>\n","protected":false},"author":87,"featured_media":367903,"comment_status":"closed","ping_status":"closed","sticky":false,"template":"","format":"standard","meta":{"footnotes":""},"categories":[79,1241,68],"tags":[5649,19168,5192,586,23133,623],"class_list":["post-367902","post","type-post","status-publish","format-standard","has-post-thumbnail","hentry","category-derechos-humanos","category-diversidad","category-norteamerica","tag-carceles","tag-estados-unidos","tag-eua-pt-pt","tag-huelga","tag-prisiones","tag-violencia"],"yoast_head":"<!-- This site is optimized with the Yoast SEO plugin v27.1.1 - https:\/\/yoast.com\/product\/yoast-seo-wordpress\/ -->\n<title>Hist\u00f3rica huelga de presos en Estados Unidos<\/title>\n<meta name=\"description\" content=\"Por Notas.org.ar Este viernes 9 de septiembre se lleva adelante la \u201cmayor huelga de la historia\u201d en las prisiones de los Estados Unidos. La protesta, que\" \/>\n<meta name=\"robots\" content=\"index, follow, max-snippet:-1, max-image-preview:large, max-video-preview:-1\" \/>\n<link rel=\"canonical\" href=\"https:\/\/www.pressenza.com\/es\/2016\/09\/historica-huelga-presos-estados-unidos\/\" \/>\n<meta property=\"og:locale\" content=\"es_ES\" \/>\n<meta property=\"og:type\" content=\"article\" \/>\n<meta property=\"og:title\" content=\"Hist\u00f3rica huelga de presos en Estados Unidos\" \/>\n<meta property=\"og:description\" content=\"Por Notas.org.ar Este viernes 9 de septiembre se lleva adelante la \u201cmayor huelga de la historia\u201d en las prisiones de los Estados Unidos. La protesta, que\" \/>\n<meta property=\"og:url\" content=\"https:\/\/www.pressenza.com\/es\/2016\/09\/historica-huelga-presos-estados-unidos\/\" \/>\n<meta property=\"og:site_name\" content=\"Pressenza\" \/>\n<meta property=\"article:publisher\" content=\"https:\/\/www.facebook.com\/PressenzaItalia\" \/>\n<meta property=\"article:published_time\" content=\"2016-09-11T17:24:02+00:00\" \/>\n<meta property=\"og:image\" content=\"https:\/\/www.pressenza.com\/wp-content\/uploads\/2016\/09\/endprisonslavery.png\" \/>\n\t<meta property=\"og:image:width\" content=\"678\" \/>\n\t<meta property=\"og:image:height\" content=\"361\" \/>\n\t<meta property=\"og:image:type\" content=\"image\/png\" \/>\n<meta name=\"author\" content=\"Redacci\u00f3n Argentina\" \/>\n<meta name=\"twitter:card\" content=\"summary_large_image\" \/>\n<meta name=\"twitter:creator\" content=\"@pressenza\" \/>\n<meta name=\"twitter:site\" content=\"@PressenzaIPA\" \/>\n<meta name=\"twitter:label1\" content=\"Escrito por\" \/>\n\t<meta name=\"twitter:data1\" content=\"Redacci\u00f3n Argentina\" \/>\n\t<meta name=\"twitter:label2\" content=\"Tiempo de lectura\" \/>\n\t<meta name=\"twitter:data2\" content=\"4 minutos\" \/>\n<script type=\"application\/ld+json\" class=\"yoast-schema-graph\">{\"@context\":\"https:\/\/schema.org\",\"@graph\":[{\"@type\":\"Article\",\"@id\":\"https:\/\/www.pressenza.com\/es\/2016\/09\/historica-huelga-presos-estados-unidos\/#article\",\"isPartOf\":{\"@id\":\"https:\/\/www.pressenza.com\/es\/2016\/09\/historica-huelga-presos-estados-unidos\/\"},\"author\":{\"name\":\"Redacci\u00f3n Argentina\",\"@id\":\"https:\/\/www.pressenza.com\/es\/#\/schema\/person\/0dda7d1b68267ad95b1e1d83abc98c89\"},\"headline\":\"Hist\u00f3rica huelga de presos en Estados Unidos\",\"datePublished\":\"2016-09-11T17:24:02+00:00\",\"mainEntityOfPage\":{\"@id\":\"https:\/\/www.pressenza.com\/es\/2016\/09\/historica-huelga-presos-estados-unidos\/\"},\"wordCount\":756,\"publisher\":{\"@id\":\"https:\/\/www.pressenza.com\/es\/#organization\"},\"image\":{\"@id\":\"https:\/\/www.pressenza.com\/es\/2016\/09\/historica-huelga-presos-estados-unidos\/#primaryimage\"},\"thumbnailUrl\":\"https:\/\/www.pressenza.com\/wp-content\/uploads\/2016\/09\/endprisonslavery.png\",\"keywords\":[\"C\u00e1rceles\",\"Estados Unidos\",\"eua\",\"huelga\",\"prisiones\",\"Violencia\"],\"articleSection\":[\"Derechos Humanos\",\"Diversidad\",\"Norteam\u00e9rica\"],\"inLanguage\":\"es\"},{\"@type\":\"WebPage\",\"@id\":\"https:\/\/www.pressenza.com\/es\/2016\/09\/historica-huelga-presos-estados-unidos\/\",\"url\":\"https:\/\/www.pressenza.com\/es\/2016\/09\/historica-huelga-presos-estados-unidos\/\",\"name\":\"Hist\u00f3rica huelga de presos en Estados Unidos\",\"isPartOf\":{\"@id\":\"https:\/\/www.pressenza.com\/es\/#website\"},\"primaryImageOfPage\":{\"@id\":\"https:\/\/www.pressenza.com\/es\/2016\/09\/historica-huelga-presos-estados-unidos\/#primaryimage\"},\"image\":{\"@id\":\"https:\/\/www.pressenza.com\/es\/2016\/09\/historica-huelga-presos-estados-unidos\/#primaryimage\"},\"thumbnailUrl\":\"https:\/\/www.pressenza.com\/wp-content\/uploads\/2016\/09\/endprisonslavery.png\",\"datePublished\":\"2016-09-11T17:24:02+00:00\",\"description\":\"Por Notas.org.ar Este viernes 9 de septiembre se lleva adelante la \u201cmayor huelga de la historia\u201d en las prisiones de los Estados Unidos. La protesta, que\",\"breadcrumb\":{\"@id\":\"https:\/\/www.pressenza.com\/es\/2016\/09\/historica-huelga-presos-estados-unidos\/#breadcrumb\"},\"inLanguage\":\"es\",\"potentialAction\":[{\"@type\":\"ReadAction\",\"target\":[\"https:\/\/www.pressenza.com\/es\/2016\/09\/historica-huelga-presos-estados-unidos\/\"]}]},{\"@type\":\"ImageObject\",\"inLanguage\":\"es\",\"@id\":\"https:\/\/www.pressenza.com\/es\/2016\/09\/historica-huelga-presos-estados-unidos\/#primaryimage\",\"url\":\"https:\/\/www.pressenza.com\/wp-content\/uploads\/2016\/09\/endprisonslavery.png\",\"contentUrl\":\"https:\/\/www.pressenza.com\/wp-content\/uploads\/2016\/09\/endprisonslavery.png\",\"width\":678,\"height\":361},{\"@type\":\"BreadcrumbList\",\"@id\":\"https:\/\/www.pressenza.com\/es\/2016\/09\/historica-huelga-presos-estados-unidos\/#breadcrumb\",\"itemListElement\":[{\"@type\":\"ListItem\",\"position\":1,\"name\":\"Accueil\",\"item\":\"https:\/\/www.pressenza.com\/es\/\"},{\"@type\":\"ListItem\",\"position\":2,\"name\":\"Hist\u00f3rica huelga de presos en Estados Unidos\"}]},{\"@type\":\"WebSite\",\"@id\":\"https:\/\/www.pressenza.com\/es\/#website\",\"url\":\"https:\/\/www.pressenza.com\/es\/\",\"name\":\"Pressenza\",\"description\":\"International Press Agency\",\"publisher\":{\"@id\":\"https:\/\/www.pressenza.com\/es\/#organization\"},\"potentialAction\":[{\"@type\":\"SearchAction\",\"target\":{\"@type\":\"EntryPoint\",\"urlTemplate\":\"https:\/\/www.pressenza.com\/es\/?s={search_term_string}\"},\"query-input\":{\"@type\":\"PropertyValueSpecification\",\"valueRequired\":true,\"valueName\":\"search_term_string\"}}],\"inLanguage\":\"es\"},{\"@type\":\"Organization\",\"@id\":\"https:\/\/www.pressenza.com\/es\/#organization\",\"name\":\"Pressenza\",\"url\":\"https:\/\/www.pressenza.com\/es\/\",\"logo\":{\"@type\":\"ImageObject\",\"inLanguage\":\"es\",\"@id\":\"https:\/\/www.pressenza.com\/es\/#\/schema\/logo\/image\/\",\"url\":\"https:\/\/www.pressenza.com\/wp-content\/uploads\/2022\/10\/pressenza_logo_200x200.jpg\",\"contentUrl\":\"https:\/\/www.pressenza.com\/wp-content\/uploads\/2022\/10\/pressenza_logo_200x200.jpg\",\"width\":200,\"height\":200,\"caption\":\"Pressenza\"},\"image\":{\"@id\":\"https:\/\/www.pressenza.com\/es\/#\/schema\/logo\/image\/\"},\"sameAs\":[\"https:\/\/www.facebook.com\/PressenzaItalia\",\"https:\/\/x.com\/PressenzaIPA\"]},{\"@type\":\"Person\",\"@id\":\"https:\/\/www.pressenza.com\/es\/#\/schema\/person\/0dda7d1b68267ad95b1e1d83abc98c89\",\"name\":\"Redacci\u00f3n Argentina\",\"description\":\"News from the Pressenza Bureau in Argentina.\",\"sameAs\":[\"https:\/\/x.com\/pressenza\"],\"url\":\"https:\/\/www.pressenza.com\/es\/author\/redaccion-argentina\/\"}]}<\/script>\n<!-- \/ Yoast SEO plugin. -->","yoast_head_json":{"title":"Hist\u00f3rica huelga de presos en Estados Unidos","description":"Por Notas.org.ar Este viernes 9 de septiembre se lleva adelante la \u201cmayor huelga de la historia\u201d en las prisiones de los Estados Unidos. La protesta, que","robots":{"index":"index","follow":"follow","max-snippet":"max-snippet:-1","max-image-preview":"max-image-preview:large","max-video-preview":"max-video-preview:-1"},"canonical":"https:\/\/www.pressenza.com\/es\/2016\/09\/historica-huelga-presos-estados-unidos\/","og_locale":"es_ES","og_type":"article","og_title":"Hist\u00f3rica huelga de presos en Estados Unidos","og_description":"Por Notas.org.ar Este viernes 9 de septiembre se lleva adelante la \u201cmayor huelga de la historia\u201d en las prisiones de los Estados Unidos. La protesta, que","og_url":"https:\/\/www.pressenza.com\/es\/2016\/09\/historica-huelga-presos-estados-unidos\/","og_site_name":"Pressenza","article_publisher":"https:\/\/www.facebook.com\/PressenzaItalia","article_published_time":"2016-09-11T17:24:02+00:00","og_image":[{"width":678,"height":361,"url":"https:\/\/www.pressenza.com\/wp-content\/uploads\/2016\/09\/endprisonslavery.png","type":"image\/png"}],"author":"Redacci\u00f3n Argentina","twitter_card":"summary_large_image","twitter_creator":"@pressenza","twitter_site":"@PressenzaIPA","twitter_misc":{"Escrito por":"Redacci\u00f3n Argentina","Tiempo de lectura":"4 minutos"},"schema":{"@context":"https:\/\/schema.org","@graph":[{"@type":"Article","@id":"https:\/\/www.pressenza.com\/es\/2016\/09\/historica-huelga-presos-estados-unidos\/#article","isPartOf":{"@id":"https:\/\/www.pressenza.com\/es\/2016\/09\/historica-huelga-presos-estados-unidos\/"},"author":{"name":"Redacci\u00f3n Argentina","@id":"https:\/\/www.pressenza.com\/es\/#\/schema\/person\/0dda7d1b68267ad95b1e1d83abc98c89"},"headline":"Hist\u00f3rica huelga de presos en Estados Unidos","datePublished":"2016-09-11T17:24:02+00:00","mainEntityOfPage":{"@id":"https:\/\/www.pressenza.com\/es\/2016\/09\/historica-huelga-presos-estados-unidos\/"},"wordCount":756,"publisher":{"@id":"https:\/\/www.pressenza.com\/es\/#organization"},"image":{"@id":"https:\/\/www.pressenza.com\/es\/2016\/09\/historica-huelga-presos-estados-unidos\/#primaryimage"},"thumbnailUrl":"https:\/\/www.pressenza.com\/wp-content\/uploads\/2016\/09\/endprisonslavery.png","keywords":["C\u00e1rceles","Estados Unidos","eua","huelga","prisiones","Violencia"],"articleSection":["Derechos Humanos","Diversidad","Norteam\u00e9rica"],"inLanguage":"es"},{"@type":"WebPage","@id":"https:\/\/www.pressenza.com\/es\/2016\/09\/historica-huelga-presos-estados-unidos\/","url":"https:\/\/www.pressenza.com\/es\/2016\/09\/historica-huelga-presos-estados-unidos\/","name":"Hist\u00f3rica huelga de presos en Estados Unidos","isPartOf":{"@id":"https:\/\/www.pressenza.com\/es\/#website"},"primaryImageOfPage":{"@id":"https:\/\/www.pressenza.com\/es\/2016\/09\/historica-huelga-presos-estados-unidos\/#primaryimage"},"image":{"@id":"https:\/\/www.pressenza.com\/es\/2016\/09\/historica-huelga-presos-estados-unidos\/#primaryimage"},"thumbnailUrl":"https:\/\/www.pressenza.com\/wp-content\/uploads\/2016\/09\/endprisonslavery.png","datePublished":"2016-09-11T17:24:02+00:00","description":"Por Notas.org.ar Este viernes 9 de septiembre se lleva adelante la \u201cmayor huelga de la historia\u201d en las prisiones de los Estados Unidos. La protesta, que","breadcrumb":{"@id":"https:\/\/www.pressenza.com\/es\/2016\/09\/historica-huelga-presos-estados-unidos\/#breadcrumb"},"inLanguage":"es","potentialAction":[{"@type":"ReadAction","target":["https:\/\/www.pressenza.com\/es\/2016\/09\/historica-huelga-presos-estados-unidos\/"]}]},{"@type":"ImageObject","inLanguage":"es","@id":"https:\/\/www.pressenza.com\/es\/2016\/09\/historica-huelga-presos-estados-unidos\/#primaryimage","url":"https:\/\/www.pressenza.com\/wp-content\/uploads\/2016\/09\/endprisonslavery.png","contentUrl":"https:\/\/www.pressenza.com\/wp-content\/uploads\/2016\/09\/endprisonslavery.png","width":678,"height":361},{"@type":"BreadcrumbList","@id":"https:\/\/www.pressenza.com\/es\/2016\/09\/historica-huelga-presos-estados-unidos\/#breadcrumb","itemListElement":[{"@type":"ListItem","position":1,"name":"Accueil","item":"https:\/\/www.pressenza.com\/es\/"},{"@type":"ListItem","position":2,"name":"Hist\u00f3rica huelga de presos en Estados Unidos"}]},{"@type":"WebSite","@id":"https:\/\/www.pressenza.com\/es\/#website","url":"https:\/\/www.pressenza.com\/es\/","name":"Pressenza","description":"International Press Agency","publisher":{"@id":"https:\/\/www.pressenza.com\/es\/#organization"},"potentialAction":[{"@type":"SearchAction","target":{"@type":"EntryPoint","urlTemplate":"https:\/\/www.pressenza.com\/es\/?s={search_term_string}"},"query-input":{"@type":"PropertyValueSpecification","valueRequired":true,"valueName":"search_term_string"}}],"inLanguage":"es"},{"@type":"Organization","@id":"https:\/\/www.pressenza.com\/es\/#organization","name":"Pressenza","url":"https:\/\/www.pressenza.com\/es\/","logo":{"@type":"ImageObject","inLanguage":"es","@id":"https:\/\/www.pressenza.com\/es\/#\/schema\/logo\/image\/","url":"https:\/\/www.pressenza.com\/wp-content\/uploads\/2022\/10\/pressenza_logo_200x200.jpg","contentUrl":"https:\/\/www.pressenza.com\/wp-content\/uploads\/2022\/10\/pressenza_logo_200x200.jpg","width":200,"height":200,"caption":"Pressenza"},"image":{"@id":"https:\/\/www.pressenza.com\/es\/#\/schema\/logo\/image\/"},"sameAs":["https:\/\/www.facebook.com\/PressenzaItalia","https:\/\/x.com\/PressenzaIPA"]},{"@type":"Person","@id":"https:\/\/www.pressenza.com\/es\/#\/schema\/person\/0dda7d1b68267ad95b1e1d83abc98c89","name":"Redacci\u00f3n Argentina","description":"News from the Pressenza Bureau in Argentina.","sameAs":["https:\/\/x.com\/pressenza"],"url":"https:\/\/www.pressenza.com\/es\/author\/redaccion-argentina\/"}]}},"place":"Washington, Estados Unidos de Norteam\u00e9rica","original_article_url":"http:\/\/notas.org.ar\/2016\/09\/09\/historica-huelga-presos-estados-unidos\/","_links":{"self":[{"href":"https:\/\/www.pressenza.com\/es\/wp-json\/wp\/v2\/posts\/367902","targetHints":{"allow":["GET"]}}],"collection":[{"href":"https:\/\/www.pressenza.com\/es\/wp-json\/wp\/v2\/posts"}],"about":[{"href":"https:\/\/www.pressenza.com\/es\/wp-json\/wp\/v2\/types\/post"}],"author":[{"embeddable":true,"href":"https:\/\/www.pressenza.com\/es\/wp-json\/wp\/v2\/users\/87"}],"replies":[{"embeddable":true,"href":"https:\/\/www.pressenza.com\/es\/wp-json\/wp\/v2\/comments?post=367902"}],"version-history":[{"count":0,"href":"https:\/\/www.pressenza.com\/es\/wp-json\/wp\/v2\/posts\/367902\/revisions"}],"wp:featuredmedia":[{"embeddable":true,"href":"https:\/\/www.pressenza.com\/es\/wp-json\/wp\/v2\/media\/367903"}],"wp:attachment":[{"href":"https:\/\/www.pressenza.com\/es\/wp-json\/wp\/v2\/media?parent=367902"}],"wp:term":[{"taxonomy":"category","embeddable":true,"href":"https:\/\/www.pressenza.com\/es\/wp-json\/wp\/v2\/categories?post=367902"},{"taxonomy":"post_tag","embeddable":true,"href":"https:\/\/www.pressenza.com\/es\/wp-json\/wp\/v2\/tags?post=367902"}],"curies":[{"name":"wp","href":"https:\/\/api.w.org\/{rel}","templated":true}]}}