{"id":367712,"date":"2016-09-11T17:38:31","date_gmt":"2016-09-11T16:38:31","guid":{"rendered":"http:\/\/www.pressenza.com\/es\/?p=367712"},"modified":"2016-09-11T17:38:31","modified_gmt":"2016-09-11T16:38:31","slug":"patricia-villegas-piedad-cordoba-encabezaron-una-charla-defensa-telesur","status":"publish","type":"post","link":"https:\/\/www.pressenza.com\/es\/2016\/09\/patricia-villegas-piedad-cordoba-encabezaron-una-charla-defensa-telesur\/","title":{"rendered":"Patricia Villegas y Piedad C\u00f3rdoba encabezaron una charla en defensa de Telesur"},"content":{"rendered":"<p><em><strong>Por Juan Carlos Romero L\u00f3pez<\/strong><\/em><\/p>\n<p dir=\"ltr\"><em>La presidenta de la se\u00f1al multiestatal latinoamericana,\u00a0encabez\u00f3\u00a0junto a la colombiana \u00edcono de la defensa de los derechos humanos, una charla en el Instituto PATRIA en en el marco de una serie de actividades para exigir al gobierno de la Alianza Cambiemos que revea la decisi\u00f3n de bajar el canal de la\u00a0Televisi\u00f3n Digital Abierta (TDA).\u00a0Del encuentro tambi\u00e9n particip\u00f3 Oscar Laborde, integrante de\u00a0la Comisi\u00f3n de Integraci\u00f3n Regional del instituto, y el pol\u00edt\u00f3logo y soci\u00f3logo Atilio Bor\u00f3n. Moder\u00f3 la periodista Mariana Moyano.<\/em><\/p>\n<p>La apertura estuvo a cargo de Oscar Parrilli y Trist\u00e1n Bauer que presentaron al panel y saludaron a los presentes en nombre de la ex Presidenta Cristina Fern\u00e1ndez de Kirchner.<\/p>\n<p>Mariana Moyano al iniciar la charla\u00a0se refiri\u00f3 a la\u00a0solicitada que los sectores m\u00e1s conservadores del Poder Judicial y el sistema de medios hegem\u00f3nicos, la Sociedad Rural y dirigentes del PRO,\u00a0hab\u00edan publicado en los diarios de tirada nacional para pedir la remoci\u00f3n del juez federal Rafecas: \u201cSe trata de un hecho de una gravedad institucional inusitada, porque quieren llevarse puesto a un juez de la Naci\u00f3n por haberse atrevido a decirle que no a la operaci\u00f3n Nisman\u201d. \u201cEs grave el texto, pero m\u00e1s a\u00fan los nombres que lo firman\u201d.<\/p>\n<p>Piedad C\u00f3rdoba, que viaj\u00f3 a junto a Villegas a la Argentina para acompa\u00f1arla en su defensa de Telesur, y tambi\u00e9n para informar sobre las negociaciones por el proceso de paz que se est\u00e1n realizando en su pa\u00eds entre el gobierno federal y las Fuerzas Armadas Revolucionarias de Colombia (FARC), cont\u00f3 la conversaci\u00f3n telef\u00f3nica que mantuvo\u00a0con Cristina:\u00a0\u201cquer\u00eda agradecerle y decirle que mucha gente del pueblo colombiano la quiere, la admira, y les agradece \u2013tambi\u00e9n a N\u00e9stor Kirchner- por haber apoyado el proceso de paz\u201d. La invit\u00f3 a que viaje a su pa\u00eds para el plebiscito que se har\u00e1 all\u00ed el 2 de octubre para avalar o no el acuerdo de paz con las FARC.<\/p>\n<p>C\u00f3rdoba\u00a0subray\u00f3 que las FARC tomaron la decisi\u00f3n de comenzar un proceso de negociaciones con el gobierno colombiano, con la mediaci\u00f3n de representantes del gobierno cubano, \u201cporque en aquel momento estaban Ch\u00e1vez, Cristina, N\u00e9stor, Mujica, Evo, Ortega y Correa\u201d, entre otros, \u201cguardianes y garantes de ese proceso\u201d, y aunque consider\u00f3 que \u201choy firmamos la paz en un contexto diferente\u201d, celebr\u00f3 que \u201clo tenemos a Maduro, que est\u00e1 jugando un papel muy importante y que se mantiene duro como un roble a pesar del hostigamiento que recibe a diario\u201d.<\/p>\n<p>\u201cAc\u00e1 nadie se rinde\u201d, dijo, en relaci\u00f3n a los retrocesos pol\u00edticos que se est\u00e1n viviendo en la regi\u00f3n, y dijo que est\u00e1 muy satisfecha porque \u201clos veo con mucho entusiasmo\u201d. \u201cSi tuvieran la moral por el suelo no existir\u00edan estas reuniones ni tanta movilizaci\u00f3n\u201d. Llam\u00f3 a mantenerse en la calle \u201cpara que no puedan llevar a cabo sus planes y para que podamos recobrar ese poder popular que tiene que estar a la vanguardia de los que alumbraron el camino\u201d.<\/p>\n<p>Patricia Villegas, por su parte, realiz\u00f3 un repaso de los once a\u00f1os de historia de la se\u00f1al nacida en la Rep\u00fablica Bolivariana de Venezuela en tiempos de Ch\u00e1vez, en la que trabajan unas mil personas con el objetivo de instalar en la agenda medi\u00e1tica sudamericana y caribe\u00f1a una serie de temas y conflictos que son soslayados\u00a0por las grandes empresas de medios de comunicaci\u00f3n. \u201cNo es un trabajo cualquiera ni estamos pendientes del reloj\u201d, se\u00f1al\u00f3, y subray\u00f3 que el objetivo desde el principio fue \u201chacer un canal distinto que saliera en tiempo real cuando los hechos estuvieran ocurriendo con una calidad t\u00e9cnica y est\u00e9tica impecable, con contenidos propios en ingl\u00e9s, quechua y guaran\u00ed\u201d. Para ilustrar los resultados que lograron a trav\u00e9s de los a\u00f1os, cit\u00f3 el programa \u201cDe zurda\u201d, que la se\u00f1al emiti\u00f3 para el mundo durante el mundial de f\u00fatbol de 2014, en Brasil, de la mano del periodista V\u00edctor Hugo Morales y Diego Armando Maradona, que logr\u00f3 hablar de f\u00fatbol y pol\u00edtica.<\/p>\n<p>Villegas cont\u00f3 que Hugo Ch\u00e1vez se convenci\u00f3 de que hab\u00eda que lanzar Telesur luego del golpe de Estado \u201ccon un fuerte componente medi\u00e1tico\u201d que sufri\u00f3 en 2002. Hoy \u201cson dos Telesur, uno en espa\u00f1ol y otro en ingl\u00e9s\u201d cuyas fuentes de informaci\u00f3n son una \u201cred de cuatrocientos medios alternativos que consideran a Telesur como su agencia de noticias y que su vez proveen de informaci\u00f3n a nuestros periodistas\u201d. Habl\u00f3 de un proceso irreversible de que \u201cTelesur logre romper el clich\u00e9 de ser el canal de los gobiernos latinoamericanos para que entiendan de una vez por todas que Telesur es el canal de los pueblos del sur\u201d.<\/p>\n<p>Con respecto a la reuni\u00f3n que mantuvo con el representante del gobierno nacional, la presidenta de Telesur cont\u00f3 que desde la Alianza Cambiemos ellos dijeron que bajaban la se\u00f1al porque no los dejaban subir contenidos a la se\u00f1al, porque estaban buscando m\u00e1s pluralidad y por otro lado hab\u00eda una raz\u00f3n de costos econ\u00f3micos. \u201cEs cinismo o estupidez\u201d, dijo ella, que entre las acciones que realiz\u00f3 en el pa\u00eds fue impulsar la<a href=\"http:\/\/mail01.tinyletterapp.com\/InstitutoPATRIA\/fotos-audios-y-video-patricia-villegas-y-piedad-c-rdoba-encabezaron-una-charla-en-defensa-de-telesur\/6169529-www.institutopatria.com.ar\/ptr\/wp-content\/uploads\/2016\/09\/-mantener-el-estatus-de-canal-pu-blico-de-la-nueva-television-del-sur-tv-1.pdf?c=7a48c3c6-f7bd-4146-964b-2aeafcfd13d1\" target=\"_blank\">presentaci\u00f3n de un proyecto de ley<\/a> para que se retome el car\u00e1cter p\u00fablico de Telesur en el pa\u00eds y de ese modo recuperar la se\u00f1al en la TDA.<\/p>\n<p>Oscar Laborde, que integra la comisi\u00f3n de Integraci\u00f3n Regional del PATRIA, opin\u00f3 que Telesur \u201ces una expresi\u00f3n de la integraci\u00f3n que buscaron Lula, Kirchner, Ch\u00e1vez, Cristina y Maduro\u201d, diferenci\u00e1ndola\u00a0de \u201cla integraci\u00f3n a la que Cambiemos desea volver, que es la integraci\u00f3n de los grupos econ\u00f3micos\u201d. Se refiri\u00f3 tambi\u00e9n al hist\u00f3rico proceso de paz colombiano que por estos d\u00edas se est\u00e1 cerrando en La Habana y de las tensiones que se est\u00e1n dirimiendo entre los sectores que aspiran a la paz definitiva y los que no. \u201cTenemos que cuidarlo ya que los que quieren sacar a Maduro del gobierno leg\u00edtimamente ganado en Venezuela, los que le dieron el golpe a Dilma y los que quieren meter presa a Cristina Fern\u00e1ndez de Kirchner, son los mismos que no quieren la paz en Colombia\u201d.<\/p>\n<p>El polit\u00f3logo y analista\u00a0Atilio Bor\u00f3n\u00a0comparti\u00f3 algunos pasajes de un informe especial del senado estadounidense para referirse a las razones que impulsan a Macri a desterrar\u00a0a Telesur de TDA. \u201cEn el mundo de hoy las guerras antisubversivas se libran en los medios de comunicaci\u00f3n y no en la selva o en los suburbios decadentes del tercer mundo; ese, el de los medios, es el teatro principal de operaciones\u201d.<\/p>\n<p>Para completar la idea ofreci\u00f3 algunas cifras sobre \u201cel proceso feroz de profundizaci\u00f3n\u201d que sufri\u00f3 el sistema de medios a lo largo de las \u00faltimas d\u00e9cadas. \u201cEn 1983, cincuenta corporaciones pose\u00edan los principales medios globales, y en el 2002 la cifra descendi\u00f3 a nueve y en la actualidad son solo cinco\u201d, repas\u00f3. \u201cConcentraci\u00f3n medi\u00e1tica quiere decir monopolio de la informaci\u00f3n, con eso no hay democracia posible\u201d.<\/p>\n","protected":false},"excerpt":{"rendered":"<p>Por Juan Carlos Romero L\u00f3pez La presidenta de la se\u00f1al multiestatal latinoamericana,\u00a0encabez\u00f3\u00a0junto a la colombiana \u00edcono de la defensa de los derechos humanos, una charla en el Instituto PATRIA en en el marco de una serie de actividades para exigir&hellip;<\/p>\n","protected":false},"author":1352,"featured_media":367895,"comment_status":"closed","ping_status":"closed","sticky":false,"template":"","format":"standard","meta":{"footnotes":""},"categories":[75,74,67],"tags":[26,774,29091,14640,523,18607,30591,16453,30592,6117],"class_list":["post-367712","post","type-post","status-publish","format-standard","has-post-thumbnail","hentry","category-cultura-es","category-politica-es","category-sudamerica","tag-argentina","tag-censura","tag-instituto-patria","tag-integracion-latinoamericana","tag-medios-de-comunicacion","tag-patria-grande","tag-patricia-villegas","tag-piedad-cordoba","tag-pluralidad","tag-telesur"],"yoast_head":"<!-- This site is optimized with the Yoast SEO plugin v27.1.1 - https:\/\/yoast.com\/product\/yoast-seo-wordpress\/ -->\n<title>Patricia Villegas y Piedad C\u00f3rdoba encabezaron una charla en defensa de Telesur<\/title>\n<meta name=\"description\" content=\"Por Juan Carlos Romero L\u00f3pez La presidenta de la se\u00f1al multiestatal latinoamericana,\u00a0encabez\u00f3\u00a0junto a la colombiana \u00edcono de la defensa de los derechos\" \/>\n<meta name=\"robots\" content=\"index, follow, max-snippet:-1, max-image-preview:large, max-video-preview:-1\" \/>\n<link rel=\"canonical\" href=\"https:\/\/www.pressenza.com\/es\/2016\/09\/patricia-villegas-piedad-cordoba-encabezaron-una-charla-defensa-telesur\/\" \/>\n<meta property=\"og:locale\" content=\"es_ES\" \/>\n<meta property=\"og:type\" content=\"article\" \/>\n<meta property=\"og:title\" content=\"Patricia Villegas y Piedad C\u00f3rdoba encabezaron una charla en defensa de Telesur\" \/>\n<meta property=\"og:description\" content=\"Por Juan Carlos Romero L\u00f3pez La presidenta de la se\u00f1al multiestatal latinoamericana,\u00a0encabez\u00f3\u00a0junto a la colombiana \u00edcono de la defensa de los derechos\" \/>\n<meta property=\"og:url\" content=\"https:\/\/www.pressenza.com\/es\/2016\/09\/patricia-villegas-piedad-cordoba-encabezaron-una-charla-defensa-telesur\/\" \/>\n<meta property=\"og:site_name\" content=\"Pressenza\" \/>\n<meta property=\"article:publisher\" content=\"https:\/\/www.facebook.com\/PressenzaItalia\" \/>\n<meta property=\"article:published_time\" content=\"2016-09-11T16:38:31+00:00\" \/>\n<meta property=\"og:image\" content=\"https:\/\/www.pressenza.com\/wp-content\/uploads\/2016\/09\/piedad2-800x500_c.jpg\" \/>\n\t<meta property=\"og:image:width\" content=\"800\" \/>\n\t<meta property=\"og:image:height\" content=\"500\" \/>\n\t<meta property=\"og:image:type\" content=\"image\/jpeg\" \/>\n<meta name=\"author\" content=\"P\u00e1gina Popular\" \/>\n<meta name=\"twitter:card\" content=\"summary_large_image\" \/>\n<meta name=\"twitter:creator\" content=\"@PressenzaIPA\" \/>\n<meta name=\"twitter:site\" content=\"@PressenzaIPA\" \/>\n<meta name=\"twitter:label1\" content=\"Escrito por\" \/>\n\t<meta name=\"twitter:data1\" content=\"P\u00e1gina Popular\" \/>\n\t<meta name=\"twitter:label2\" content=\"Tiempo de lectura\" \/>\n\t<meta name=\"twitter:data2\" content=\"6 minutos\" \/>\n<script type=\"application\/ld+json\" class=\"yoast-schema-graph\">{\"@context\":\"https:\/\/schema.org\",\"@graph\":[{\"@type\":\"Article\",\"@id\":\"https:\/\/www.pressenza.com\/es\/2016\/09\/patricia-villegas-piedad-cordoba-encabezaron-una-charla-defensa-telesur\/#article\",\"isPartOf\":{\"@id\":\"https:\/\/www.pressenza.com\/es\/2016\/09\/patricia-villegas-piedad-cordoba-encabezaron-una-charla-defensa-telesur\/\"},\"author\":{\"name\":\"P\u00e1gina Popular\",\"@id\":\"https:\/\/www.pressenza.com\/es\/#\/schema\/person\/424c6f783707bed01a4ebcfd76fcfcdc\"},\"headline\":\"Patricia Villegas y Piedad C\u00f3rdoba encabezaron una charla en defensa de Telesur\",\"datePublished\":\"2016-09-11T16:38:31+00:00\",\"mainEntityOfPage\":{\"@id\":\"https:\/\/www.pressenza.com\/es\/2016\/09\/patricia-villegas-piedad-cordoba-encabezaron-una-charla-defensa-telesur\/\"},\"wordCount\":1242,\"publisher\":{\"@id\":\"https:\/\/www.pressenza.com\/es\/#organization\"},\"image\":{\"@id\":\"https:\/\/www.pressenza.com\/es\/2016\/09\/patricia-villegas-piedad-cordoba-encabezaron-una-charla-defensa-telesur\/#primaryimage\"},\"thumbnailUrl\":\"https:\/\/www.pressenza.com\/wp-content\/uploads\/2016\/09\/piedad2-800x500_c.jpg\",\"keywords\":[\"Argentina\",\"censura\",\"Instituto Patria\",\"Integraci\u00f3n latinoamericana\",\"medios de comunicaci\u00f3n\",\"Patria Grande\",\"Patricia Villegas\",\"Piedad C\u00f3rdoba\",\"pluralidad\",\"telesur\"],\"articleSection\":[\"Cultura y Medios\",\"Pol\u00edtica\",\"Sudam\u00e9rica\"],\"inLanguage\":\"es\"},{\"@type\":\"WebPage\",\"@id\":\"https:\/\/www.pressenza.com\/es\/2016\/09\/patricia-villegas-piedad-cordoba-encabezaron-una-charla-defensa-telesur\/\",\"url\":\"https:\/\/www.pressenza.com\/es\/2016\/09\/patricia-villegas-piedad-cordoba-encabezaron-una-charla-defensa-telesur\/\",\"name\":\"Patricia Villegas y Piedad C\u00f3rdoba encabezaron una charla en defensa de Telesur\",\"isPartOf\":{\"@id\":\"https:\/\/www.pressenza.com\/es\/#website\"},\"primaryImageOfPage\":{\"@id\":\"https:\/\/www.pressenza.com\/es\/2016\/09\/patricia-villegas-piedad-cordoba-encabezaron-una-charla-defensa-telesur\/#primaryimage\"},\"image\":{\"@id\":\"https:\/\/www.pressenza.com\/es\/2016\/09\/patricia-villegas-piedad-cordoba-encabezaron-una-charla-defensa-telesur\/#primaryimage\"},\"thumbnailUrl\":\"https:\/\/www.pressenza.com\/wp-content\/uploads\/2016\/09\/piedad2-800x500_c.jpg\",\"datePublished\":\"2016-09-11T16:38:31+00:00\",\"description\":\"Por Juan Carlos Romero L\u00f3pez La presidenta de la se\u00f1al multiestatal latinoamericana,\u00a0encabez\u00f3\u00a0junto a la colombiana \u00edcono de la defensa de los derechos\",\"breadcrumb\":{\"@id\":\"https:\/\/www.pressenza.com\/es\/2016\/09\/patricia-villegas-piedad-cordoba-encabezaron-una-charla-defensa-telesur\/#breadcrumb\"},\"inLanguage\":\"es\",\"potentialAction\":[{\"@type\":\"ReadAction\",\"target\":[\"https:\/\/www.pressenza.com\/es\/2016\/09\/patricia-villegas-piedad-cordoba-encabezaron-una-charla-defensa-telesur\/\"]}]},{\"@type\":\"ImageObject\",\"inLanguage\":\"es\",\"@id\":\"https:\/\/www.pressenza.com\/es\/2016\/09\/patricia-villegas-piedad-cordoba-encabezaron-una-charla-defensa-telesur\/#primaryimage\",\"url\":\"https:\/\/www.pressenza.com\/wp-content\/uploads\/2016\/09\/piedad2-800x500_c.jpg\",\"contentUrl\":\"https:\/\/www.pressenza.com\/wp-content\/uploads\/2016\/09\/piedad2-800x500_c.jpg\",\"width\":800,\"height\":500},{\"@type\":\"BreadcrumbList\",\"@id\":\"https:\/\/www.pressenza.com\/es\/2016\/09\/patricia-villegas-piedad-cordoba-encabezaron-una-charla-defensa-telesur\/#breadcrumb\",\"itemListElement\":[{\"@type\":\"ListItem\",\"position\":1,\"name\":\"Accueil\",\"item\":\"https:\/\/www.pressenza.com\/es\/\"},{\"@type\":\"ListItem\",\"position\":2,\"name\":\"Patricia Villegas y Piedad C\u00f3rdoba encabezaron una charla en defensa de Telesur\"}]},{\"@type\":\"WebSite\",\"@id\":\"https:\/\/www.pressenza.com\/es\/#website\",\"url\":\"https:\/\/www.pressenza.com\/es\/\",\"name\":\"Pressenza\",\"description\":\"International Press Agency\",\"publisher\":{\"@id\":\"https:\/\/www.pressenza.com\/es\/#organization\"},\"potentialAction\":[{\"@type\":\"SearchAction\",\"target\":{\"@type\":\"EntryPoint\",\"urlTemplate\":\"https:\/\/www.pressenza.com\/es\/?s={search_term_string}\"},\"query-input\":{\"@type\":\"PropertyValueSpecification\",\"valueRequired\":true,\"valueName\":\"search_term_string\"}}],\"inLanguage\":\"es\"},{\"@type\":\"Organization\",\"@id\":\"https:\/\/www.pressenza.com\/es\/#organization\",\"name\":\"Pressenza\",\"url\":\"https:\/\/www.pressenza.com\/es\/\",\"logo\":{\"@type\":\"ImageObject\",\"inLanguage\":\"es\",\"@id\":\"https:\/\/www.pressenza.com\/es\/#\/schema\/logo\/image\/\",\"url\":\"https:\/\/www.pressenza.com\/wp-content\/uploads\/2022\/10\/pressenza_logo_200x200.jpg\",\"contentUrl\":\"https:\/\/www.pressenza.com\/wp-content\/uploads\/2022\/10\/pressenza_logo_200x200.jpg\",\"width\":200,\"height\":200,\"caption\":\"Pressenza\"},\"image\":{\"@id\":\"https:\/\/www.pressenza.com\/es\/#\/schema\/logo\/image\/\"},\"sameAs\":[\"https:\/\/www.facebook.com\/PressenzaItalia\",\"https:\/\/x.com\/PressenzaIPA\"]},{\"@type\":\"Person\",\"@id\":\"https:\/\/www.pressenza.com\/es\/#\/schema\/person\/424c6f783707bed01a4ebcfd76fcfcdc\",\"name\":\"P\u00e1gina Popular\",\"url\":\"https:\/\/www.pressenza.com\/es\/author\/pagina-popular\/\"}]}<\/script>\n<!-- \/ Yoast SEO plugin. -->","yoast_head_json":{"title":"Patricia Villegas y Piedad C\u00f3rdoba encabezaron una charla en defensa de Telesur","description":"Por Juan Carlos Romero L\u00f3pez La presidenta de la se\u00f1al multiestatal latinoamericana,\u00a0encabez\u00f3\u00a0junto a la colombiana \u00edcono de la defensa de los derechos","robots":{"index":"index","follow":"follow","max-snippet":"max-snippet:-1","max-image-preview":"max-image-preview:large","max-video-preview":"max-video-preview:-1"},"canonical":"https:\/\/www.pressenza.com\/es\/2016\/09\/patricia-villegas-piedad-cordoba-encabezaron-una-charla-defensa-telesur\/","og_locale":"es_ES","og_type":"article","og_title":"Patricia Villegas y Piedad C\u00f3rdoba encabezaron una charla en defensa de Telesur","og_description":"Por Juan Carlos Romero L\u00f3pez La presidenta de la se\u00f1al multiestatal latinoamericana,\u00a0encabez\u00f3\u00a0junto a la colombiana \u00edcono de la defensa de los derechos","og_url":"https:\/\/www.pressenza.com\/es\/2016\/09\/patricia-villegas-piedad-cordoba-encabezaron-una-charla-defensa-telesur\/","og_site_name":"Pressenza","article_publisher":"https:\/\/www.facebook.com\/PressenzaItalia","article_published_time":"2016-09-11T16:38:31+00:00","og_image":[{"width":800,"height":500,"url":"https:\/\/www.pressenza.com\/wp-content\/uploads\/2016\/09\/piedad2-800x500_c.jpg","type":"image\/jpeg"}],"author":"P\u00e1gina Popular","twitter_card":"summary_large_image","twitter_creator":"@PressenzaIPA","twitter_site":"@PressenzaIPA","twitter_misc":{"Escrito por":"P\u00e1gina Popular","Tiempo de lectura":"6 minutos"},"schema":{"@context":"https:\/\/schema.org","@graph":[{"@type":"Article","@id":"https:\/\/www.pressenza.com\/es\/2016\/09\/patricia-villegas-piedad-cordoba-encabezaron-una-charla-defensa-telesur\/#article","isPartOf":{"@id":"https:\/\/www.pressenza.com\/es\/2016\/09\/patricia-villegas-piedad-cordoba-encabezaron-una-charla-defensa-telesur\/"},"author":{"name":"P\u00e1gina Popular","@id":"https:\/\/www.pressenza.com\/es\/#\/schema\/person\/424c6f783707bed01a4ebcfd76fcfcdc"},"headline":"Patricia Villegas y Piedad C\u00f3rdoba encabezaron una charla en defensa de Telesur","datePublished":"2016-09-11T16:38:31+00:00","mainEntityOfPage":{"@id":"https:\/\/www.pressenza.com\/es\/2016\/09\/patricia-villegas-piedad-cordoba-encabezaron-una-charla-defensa-telesur\/"},"wordCount":1242,"publisher":{"@id":"https:\/\/www.pressenza.com\/es\/#organization"},"image":{"@id":"https:\/\/www.pressenza.com\/es\/2016\/09\/patricia-villegas-piedad-cordoba-encabezaron-una-charla-defensa-telesur\/#primaryimage"},"thumbnailUrl":"https:\/\/www.pressenza.com\/wp-content\/uploads\/2016\/09\/piedad2-800x500_c.jpg","keywords":["Argentina","censura","Instituto Patria","Integraci\u00f3n latinoamericana","medios de comunicaci\u00f3n","Patria Grande","Patricia Villegas","Piedad C\u00f3rdoba","pluralidad","telesur"],"articleSection":["Cultura y Medios","Pol\u00edtica","Sudam\u00e9rica"],"inLanguage":"es"},{"@type":"WebPage","@id":"https:\/\/www.pressenza.com\/es\/2016\/09\/patricia-villegas-piedad-cordoba-encabezaron-una-charla-defensa-telesur\/","url":"https:\/\/www.pressenza.com\/es\/2016\/09\/patricia-villegas-piedad-cordoba-encabezaron-una-charla-defensa-telesur\/","name":"Patricia Villegas y Piedad C\u00f3rdoba encabezaron una charla en defensa de Telesur","isPartOf":{"@id":"https:\/\/www.pressenza.com\/es\/#website"},"primaryImageOfPage":{"@id":"https:\/\/www.pressenza.com\/es\/2016\/09\/patricia-villegas-piedad-cordoba-encabezaron-una-charla-defensa-telesur\/#primaryimage"},"image":{"@id":"https:\/\/www.pressenza.com\/es\/2016\/09\/patricia-villegas-piedad-cordoba-encabezaron-una-charla-defensa-telesur\/#primaryimage"},"thumbnailUrl":"https:\/\/www.pressenza.com\/wp-content\/uploads\/2016\/09\/piedad2-800x500_c.jpg","datePublished":"2016-09-11T16:38:31+00:00","description":"Por Juan Carlos Romero L\u00f3pez La presidenta de la se\u00f1al multiestatal latinoamericana,\u00a0encabez\u00f3\u00a0junto a la colombiana \u00edcono de la defensa de los derechos","breadcrumb":{"@id":"https:\/\/www.pressenza.com\/es\/2016\/09\/patricia-villegas-piedad-cordoba-encabezaron-una-charla-defensa-telesur\/#breadcrumb"},"inLanguage":"es","potentialAction":[{"@type":"ReadAction","target":["https:\/\/www.pressenza.com\/es\/2016\/09\/patricia-villegas-piedad-cordoba-encabezaron-una-charla-defensa-telesur\/"]}]},{"@type":"ImageObject","inLanguage":"es","@id":"https:\/\/www.pressenza.com\/es\/2016\/09\/patricia-villegas-piedad-cordoba-encabezaron-una-charla-defensa-telesur\/#primaryimage","url":"https:\/\/www.pressenza.com\/wp-content\/uploads\/2016\/09\/piedad2-800x500_c.jpg","contentUrl":"https:\/\/www.pressenza.com\/wp-content\/uploads\/2016\/09\/piedad2-800x500_c.jpg","width":800,"height":500},{"@type":"BreadcrumbList","@id":"https:\/\/www.pressenza.com\/es\/2016\/09\/patricia-villegas-piedad-cordoba-encabezaron-una-charla-defensa-telesur\/#breadcrumb","itemListElement":[{"@type":"ListItem","position":1,"name":"Accueil","item":"https:\/\/www.pressenza.com\/es\/"},{"@type":"ListItem","position":2,"name":"Patricia Villegas y Piedad C\u00f3rdoba encabezaron una charla en defensa de Telesur"}]},{"@type":"WebSite","@id":"https:\/\/www.pressenza.com\/es\/#website","url":"https:\/\/www.pressenza.com\/es\/","name":"Pressenza","description":"International Press Agency","publisher":{"@id":"https:\/\/www.pressenza.com\/es\/#organization"},"potentialAction":[{"@type":"SearchAction","target":{"@type":"EntryPoint","urlTemplate":"https:\/\/www.pressenza.com\/es\/?s={search_term_string}"},"query-input":{"@type":"PropertyValueSpecification","valueRequired":true,"valueName":"search_term_string"}}],"inLanguage":"es"},{"@type":"Organization","@id":"https:\/\/www.pressenza.com\/es\/#organization","name":"Pressenza","url":"https:\/\/www.pressenza.com\/es\/","logo":{"@type":"ImageObject","inLanguage":"es","@id":"https:\/\/www.pressenza.com\/es\/#\/schema\/logo\/image\/","url":"https:\/\/www.pressenza.com\/wp-content\/uploads\/2022\/10\/pressenza_logo_200x200.jpg","contentUrl":"https:\/\/www.pressenza.com\/wp-content\/uploads\/2022\/10\/pressenza_logo_200x200.jpg","width":200,"height":200,"caption":"Pressenza"},"image":{"@id":"https:\/\/www.pressenza.com\/es\/#\/schema\/logo\/image\/"},"sameAs":["https:\/\/www.facebook.com\/PressenzaItalia","https:\/\/x.com\/PressenzaIPA"]},{"@type":"Person","@id":"https:\/\/www.pressenza.com\/es\/#\/schema\/person\/424c6f783707bed01a4ebcfd76fcfcdc","name":"P\u00e1gina Popular","url":"https:\/\/www.pressenza.com\/es\/author\/pagina-popular\/"}]}},"place":"Ciudad de Buenos Aires, Argentina","original_article_url":"http:\/\/www.paginapopular.net\/patricia-villegas-y-piedad-cordoba-encabezaron-una-charla-en-defensa-de-telesur\/","_links":{"self":[{"href":"https:\/\/www.pressenza.com\/es\/wp-json\/wp\/v2\/posts\/367712","targetHints":{"allow":["GET"]}}],"collection":[{"href":"https:\/\/www.pressenza.com\/es\/wp-json\/wp\/v2\/posts"}],"about":[{"href":"https:\/\/www.pressenza.com\/es\/wp-json\/wp\/v2\/types\/post"}],"author":[{"embeddable":true,"href":"https:\/\/www.pressenza.com\/es\/wp-json\/wp\/v2\/users\/1352"}],"replies":[{"embeddable":true,"href":"https:\/\/www.pressenza.com\/es\/wp-json\/wp\/v2\/comments?post=367712"}],"version-history":[{"count":0,"href":"https:\/\/www.pressenza.com\/es\/wp-json\/wp\/v2\/posts\/367712\/revisions"}],"wp:featuredmedia":[{"embeddable":true,"href":"https:\/\/www.pressenza.com\/es\/wp-json\/wp\/v2\/media\/367895"}],"wp:attachment":[{"href":"https:\/\/www.pressenza.com\/es\/wp-json\/wp\/v2\/media?parent=367712"}],"wp:term":[{"taxonomy":"category","embeddable":true,"href":"https:\/\/www.pressenza.com\/es\/wp-json\/wp\/v2\/categories?post=367712"},{"taxonomy":"post_tag","embeddable":true,"href":"https:\/\/www.pressenza.com\/es\/wp-json\/wp\/v2\/tags?post=367712"}],"curies":[{"name":"wp","href":"https:\/\/api.w.org\/{rel}","templated":true}]}}