{"id":367540,"date":"2016-09-10T17:36:23","date_gmt":"2016-09-10T16:36:23","guid":{"rendered":"http:\/\/www.pressenza.com\/es\/?p=367540"},"modified":"2016-09-10T17:50:10","modified_gmt":"2016-09-10T16:50:10","slug":"hijo-le-llama-orlando","status":"publish","type":"post","link":"https:\/\/www.pressenza.com\/es\/2016\/09\/hijo-le-llama-orlando\/","title":{"rendered":"Su hijo le llama Orlando\u2026"},"content":{"rendered":"<p>\/Texto y Fotograf\u00edas de Patricio Zamorano, Infoamericas\/<\/p>\n<ul>\n<li>\n<h3><em>Francisco Letelier inaugura un mural en Washington DC en honor a su padre<\/em><\/h3>\n<\/li>\n<li>\n<h3><em>Se cumplen 40 a\u00f1os del atentado organizado por la DINA en contra del ex ministro del Presidente Salvador Allende<\/em><\/h3>\n<p><strong>Su hijo le llama \u201cOrlando\u201d\u2026<\/strong> O \u201cmi padre\u201d. Pero mucho \u201cOrlando\u201d, con una mezcla intensa entre amistad y respeto filial. Pancho se me aparece, entonces, en una encrucijada de luz y sombras de fuerte contraste, absorto y gozoso en un patio de concreto del Katzen Arts Center, marcado por una X de cemento gris y cielo azul extremo. El sol abraza fuerte y poderoso, pero no lo suficiente para doblegar unos delicados c\u00f3ndores que salen de las manos curtidas de Pancho Letelier, all\u00e1 muy arriba en el andamio.<\/p>\n<p>Francisco, uno de varios hermanos, tiene manos de obrero, de obrero de pincel y compromiso. Es, quiz\u00e1s, el m\u00e1s activista de todos, desde el arte urgente que surge de los hijos del asesinado Orlando Letelier.<\/p>\n<p>Se me aparece Pancho luego en mi casa de Maryland, un refugio de \u00e1rboles y silencio a las afueras de Washington DC, ciudad imperial donde nos hemos encontrado en otros a\u00f1os poderosos, en luchas diversas, en el rechazo al embargo contra Cuba, o en los homenajes constantes a su padre-m\u00e1rtir, all\u00ed en Sheridan Circle, donde yace el monolito que lo recuerda a \u00e9l y a Ronni Moffitt, quien acompa\u00f1\u00f3, \u00a1tan joven!, el destino fatal del ex ministro de Salvador Allende.<\/p>\n<p>Pero esta vez Orlando Letelier no es el m\u00e1rtir de Sheridan Circle, sino \u201cOrlando\u201d, a secas, que en voz de Pancho suena tan cercano, tan vibrante a humanidad sin maquillaje pol\u00edtico ni consigna urgente. \u201cA mi pap\u00e1 le encantaba la vida, los amigos. Consigui\u00f3 un terrenito en Virginia cuando viv\u00edamos ac\u00e1 en Estados Unidos, donde plant\u00f3 muchos \u00e1lamos. \u00a1Quer\u00eda que se pareciera a Chile!\u201d, nos cuenta a m\u00ed y a mi gran amigo Andr\u00e9s, que nos acompa\u00f1a en un brindis por toda esta historia profundamente chilena y latinoamericana. \u201cMi padre tocaba la guitarra, y cantaba. Ten\u00eda una voz profunda, \u00a1as\u00ed!\u201d, dice Pancho, y procede a entonar unas cuantas notas, mezcla de Atahualpa Yupanqui bien abaritonado.<\/p>\n<p>Estimado Orlando, ahora se me aparece tu hijo. Nos cuenta su encuentro cercano con la muerte, esa que se mezcla con el compromiso y la solidaridad, y que le llev\u00f3 a compartir recientemente sus murales con el pueblito de Bil\u2019in en la Palestina ocupada. Los lugare\u00f1os se organizan cada viernes para ir a protestar contra el gran muro que han construido las fuerzas israel\u00edes, y que les cort\u00f3 el acceso al agua y sus plantaciones de olivo. Un pueblito de miles de a\u00f1os de antig\u00fcedad, que valiente se acerca al muro, en momentos en que son recibidos por las descargas al cuerpo de las bombas lacrim\u00f3genas. Entre el ataque qu\u00edmico, la mujer que va a tu lado, Francisco, es golpeada por la lata de gas, y su sangre se vierte en la tierra. Rozas a la muerte como en un suspiro. Todos saben que un golpe directo en el pecho significa el vac\u00edo, el infierno\u2026 la muerte. Como puedes, mareado por el gas, ayudas a sacar a la mujer palestina de la trampa militar, y llegas maltrecho de vuelta al pueblo, asfixiado, manchado por el polvo sagrado de la tierra ocupada. Tu respuesta ante tanta violencia ser\u00e1n tus murales, que vibran en los muros de Bil\u2019in. Por el tiempo que el odio lo permita.<\/p>\n<p>Orlando te llama \u201cFrancisco\u201d, estimado Pancho, pintor comprometido que llevas 30 d\u00edas completos y sudorosos, an\u00f3nimos, bajo el sol m\u00e1s caliente de la historia moderna en Washington DC, avanzando en tus telas al aire libre. \u00a0La misma tierra que te permiti\u00f3 Pancho, en tu adolescencia, cumplir tu sue\u00f1o y comprar un caballo, tras varios veranos trabajando de sol a sol en una granja, el mismo sol que te rodea hoy, y el mismo Washington que te arrebat\u00f3 a tu padre tras la infame orden del dictador que no merece ni siquiera ser nombrado junto a Orlando en la misma p\u00e1gina. Y este 5 de septiembre, el mismo mes fat\u00eddico del bombazo asesino, celebras tu cumplea\u00f1os querido Pancho haciendo lo que m\u00e1s te da alegr\u00eda en la vida, pintar y pintar de sol a sol recreando a Orlando Letelier, a Ronni Moffitt, a Rodrigo Rojas de Negri, a tu madre Isabel, y una gran cantidad de rostros reconocibles para el alma: obreros, ind\u00edgenas, mujeres y ni\u00f1os, junto a las plantas y monta\u00f1as de la patria, junto a tus pinceles y tu andamio.<\/p>\n<p>Francisco, llamas a tu padre \u201cOrlando\u201d, como quien saluda a un amigo profundo, y su vida de compromiso en el exilio por devolverle la libertad al Chile de los setenta, te da ahora una fuerza interior enorme que convierte a la confecci\u00f3n generosa de tu mural, en un nuevo Bil\u2019in, en una nueva Villa Francia chilena, en una nueva favela brasile\u00f1a atacada permanentemente por la pobreza. Ac\u00e1, en el coraz\u00f3n de Washington DC, la historia lo contar\u00e1 con todas sus letras: este 11 de septiembre de 2016 se inaugura el mural \u201cTodas las manos\u201d de Francisco Letelier, tu mural que es un grito de vida, un oasis de brisas en medio del calor agobiante, un brindis de alegr\u00eda con tu Orlando\u2026 con nuestro Orlando.<\/p>\n<p><strong>DETALLES<\/strong><\/p>\n<p><strong>Qu\u00e9:<\/strong> Lanzamiento del mural \u201cTodas las manos\u201d, del pintor y poeta Francisco Letelier<\/p>\n<p><strong>Cu\u00e1ndo:<\/strong> 11 de septiembre de 2016, 2pm.<\/p>\n<p><strong>D\u00f3nde:<\/strong> Evento de trova y poes\u00eda, con el artista salvadore\u00f1o Quique Avil\u00e9s y el cantautor chileno Patricio Zamorano, en el Kay Spiritual Life Center, American University, 4400 Massachusetts Ave, NW, Washington, DC<\/p>\n<p><strong>Lugar de la exposici\u00f3n:<\/strong> patio exterior del Katzen Arts Center, American University<\/p>\n<p><strong>GALERIA DE FOTOS<\/strong><br \/>\nPor Patricio Zamorano, desde Washington DC<\/p>\n<p>http:\/\/infoamericas.info\/su-hijo-le-llama-orlando\/<\/li>\n<\/ul>\n<p><a href=\"http:\/\/www.pressenza.com\/wp-content\/uploads\/2016\/09\/Cielo-y-mural-Francisco-Letelier-Patricio-Zamorano-750x500.png\"><img loading=\"lazy\" decoding=\"async\" src=\"http:\/\/www.pressenza.com\/wp-content\/uploads\/2016\/09\/Cielo-y-mural-Francisco-Letelier-Patricio-Zamorano-750x500-720x480.png\" alt=\"Cielo-y-mural-Francisco-Letelier-Patricio-Zamorano-750x500\" width=\"720\" height=\"480\" class=\"alignleft size-large wp-image-367549\" srcset=\"https:\/\/www.pressenza.com\/wp-content\/uploads\/2016\/09\/Cielo-y-mural-Francisco-Letelier-Patricio-Zamorano-750x500-720x480.png 720w, https:\/\/www.pressenza.com\/wp-content\/uploads\/2016\/09\/Cielo-y-mural-Francisco-Letelier-Patricio-Zamorano-750x500-300x200.png 300w, https:\/\/www.pressenza.com\/wp-content\/uploads\/2016\/09\/Cielo-y-mural-Francisco-Letelier-Patricio-Zamorano-750x500.png 750w\" sizes=\"auto, (max-width: 720px) 100vw, 720px\" \/><\/a><br \/>\nCielo y Mural de Francisco Letelier<br \/>\n<a href=\"http:\/\/www.pressenza.com\/wp-content\/uploads\/2016\/09\/Herramientas-del-pintor-Francisco-Letelier-Patricio-Zamorano-750x500.png\"><img loading=\"lazy\" decoding=\"async\" src=\"http:\/\/www.pressenza.com\/wp-content\/uploads\/2016\/09\/Herramientas-del-pintor-Francisco-Letelier-Patricio-Zamorano-750x500-720x480.png\" alt=\"Herramientas-del-pintor-Francisco-Letelier-Patricio-Zamorano-750x500\" width=\"720\" height=\"480\" class=\"alignleft size-large wp-image-367557\" srcset=\"https:\/\/www.pressenza.com\/wp-content\/uploads\/2016\/09\/Herramientas-del-pintor-Francisco-Letelier-Patricio-Zamorano-750x500-720x480.png 720w, https:\/\/www.pressenza.com\/wp-content\/uploads\/2016\/09\/Herramientas-del-pintor-Francisco-Letelier-Patricio-Zamorano-750x500-300x200.png 300w, https:\/\/www.pressenza.com\/wp-content\/uploads\/2016\/09\/Herramientas-del-pintor-Francisco-Letelier-Patricio-Zamorano-750x500.png 750w\" sizes=\"auto, (max-width: 720px) 100vw, 720px\" \/><\/a><br \/>\nHerramientas del pintor Francisco Letelier<br \/>\n<a href=\"http:\/\/www.pressenza.com\/wp-content\/uploads\/2016\/09\/Herramientas-pintor-Francisco-letelier-Patricio-Zamorano.png\"><img loading=\"lazy\" decoding=\"async\" src=\"http:\/\/www.pressenza.com\/wp-content\/uploads\/2016\/09\/Herramientas-pintor-Francisco-letelier-Patricio-Zamorano.png\" alt=\"Herramientas-pintor-Francisco-letelier-Patricio-Zamorano\" width=\"600\" height=\"898\" class=\"alignleft size-full wp-image-367564\" srcset=\"https:\/\/www.pressenza.com\/wp-content\/uploads\/2016\/09\/Herramientas-pintor-Francisco-letelier-Patricio-Zamorano.png 600w, https:\/\/www.pressenza.com\/wp-content\/uploads\/2016\/09\/Herramientas-pintor-Francisco-letelier-Patricio-Zamorano-200x300.png 200w\" sizes=\"auto, (max-width: 600px) 100vw, 600px\" \/><\/a><br \/>\nHerramientas del pintor Francisco Letelier<br \/>\n<a href=\"http:\/\/www.pressenza.com\/wp-content\/uploads\/2016\/09\/Hijo-y-Padre-Francisco-Letelier-Orlando-Letelier-Patricio-Zamorano.png\"><img loading=\"lazy\" decoding=\"async\" src=\"http:\/\/www.pressenza.com\/wp-content\/uploads\/2016\/09\/Hijo-y-Padre-Francisco-Letelier-Orlando-Letelier-Patricio-Zamorano.png\" alt=\"Hijo-y-Padre-Francisco-Letelier-Orlando-Letelier-Patricio-Zamorano\" width=\"600\" height=\"898\" class=\"alignleft size-full wp-image-367571\" srcset=\"https:\/\/www.pressenza.com\/wp-content\/uploads\/2016\/09\/Hijo-y-Padre-Francisco-Letelier-Orlando-Letelier-Patricio-Zamorano.png 600w, https:\/\/www.pressenza.com\/wp-content\/uploads\/2016\/09\/Hijo-y-Padre-Francisco-Letelier-Orlando-Letelier-Patricio-Zamorano-200x300.png 200w\" sizes=\"auto, (max-width: 600px) 100vw, 600px\" \/><\/a><br \/>\nPadre e hijo<br \/>\n<a href=\"http:\/\/www.pressenza.com\/wp-content\/uploads\/2016\/09\/orlando-Francisco-Letelier-Patricio-Zamorano.png\"><img loading=\"lazy\" decoding=\"async\" src=\"http:\/\/www.pressenza.com\/wp-content\/uploads\/2016\/09\/orlando-Francisco-Letelier-Patricio-Zamorano.png\" alt=\"orlando-Francisco-Letelier-Patricio-Zamorano\" width=\"600\" height=\"899\" class=\"alignleft size-full wp-image-367578\" srcset=\"https:\/\/www.pressenza.com\/wp-content\/uploads\/2016\/09\/orlando-Francisco-Letelier-Patricio-Zamorano.png 600w, https:\/\/www.pressenza.com\/wp-content\/uploads\/2016\/09\/orlando-Francisco-Letelier-Patricio-Zamorano-200x300.png 200w\" sizes=\"auto, (max-width: 600px) 100vw, 600px\" \/><\/a><br \/>\nHomenaje a Orlando Letelier de su hijo pintor Francisco Letelier<br \/>\n<a href=\"http:\/\/www.pressenza.com\/wp-content\/uploads\/2016\/09\/Trabajando-pintor-Francisco-letelier-Patricio-Zamorano.png\"><img loading=\"lazy\" decoding=\"async\" src=\"http:\/\/www.pressenza.com\/wp-content\/uploads\/2016\/09\/Trabajando-pintor-Francisco-letelier-Patricio-Zamorano.png\" alt=\"Trabajando-pintor-Francisco-letelier-Patricio-Zamorano\" width=\"600\" height=\"899\" class=\"alignleft size-full wp-image-367585\" srcset=\"https:\/\/www.pressenza.com\/wp-content\/uploads\/2016\/09\/Trabajando-pintor-Francisco-letelier-Patricio-Zamorano.png 600w, https:\/\/www.pressenza.com\/wp-content\/uploads\/2016\/09\/Trabajando-pintor-Francisco-letelier-Patricio-Zamorano-200x300.png 200w\" sizes=\"auto, (max-width: 600px) 100vw, 600px\" \/><\/a><br \/>\nEn plena obra del pintor Francisco Letelier<br \/>\n<a href=\"http:\/\/www.pressenza.com\/wp-content\/uploads\/2016\/09\/Vista-General-Francisco-Letelier-Familia-Zamorano-Scott-750x500-1.png\"><img loading=\"lazy\" decoding=\"async\" src=\"http:\/\/www.pressenza.com\/wp-content\/uploads\/2016\/09\/Vista-General-Francisco-Letelier-Familia-Zamorano-Scott-750x500-1-720x480.png\" alt=\"Vista-General-Francisco-Letelier-Familia-Zamorano-Scott-750x500\" width=\"720\" height=\"480\" class=\"alignleft size-large wp-image-367592\" srcset=\"https:\/\/www.pressenza.com\/wp-content\/uploads\/2016\/09\/Vista-General-Francisco-Letelier-Familia-Zamorano-Scott-750x500-1-720x480.png 720w, https:\/\/www.pressenza.com\/wp-content\/uploads\/2016\/09\/Vista-General-Francisco-Letelier-Familia-Zamorano-Scott-750x500-1-300x200.png 300w, https:\/\/www.pressenza.com\/wp-content\/uploads\/2016\/09\/Vista-General-Francisco-Letelier-Familia-Zamorano-Scott-750x500-1.png 750w\" sizes=\"auto, (max-width: 720px) 100vw, 720px\" \/><\/a><br \/>\nVista general de la obra del pintor Francisco Letelier<br \/>\n<a href=\"http:\/\/www.pressenza.com\/wp-content\/uploads\/2016\/09\/vista-lejana-Francisco-Letelier-Patricio-Zamorano-750x500.png\"><img loading=\"lazy\" decoding=\"async\" src=\"http:\/\/www.pressenza.com\/wp-content\/uploads\/2016\/09\/vista-lejana-Francisco-Letelier-Patricio-Zamorano-750x500-720x480.png\" alt=\"vista-lejana-Francisco-Letelier-Patricio-Zamorano-750x500\" width=\"720\" height=\"480\" class=\"alignleft size-large wp-image-367599\" srcset=\"https:\/\/www.pressenza.com\/wp-content\/uploads\/2016\/09\/vista-lejana-Francisco-Letelier-Patricio-Zamorano-750x500-720x480.png 720w, https:\/\/www.pressenza.com\/wp-content\/uploads\/2016\/09\/vista-lejana-Francisco-Letelier-Patricio-Zamorano-750x500-300x200.png 300w, https:\/\/www.pressenza.com\/wp-content\/uploads\/2016\/09\/vista-lejana-Francisco-Letelier-Patricio-Zamorano-750x500.png 750w\" sizes=\"auto, (max-width: 720px) 100vw, 720px\" \/><\/a><\/p>\n<p>Patricio Zamorano<br \/>\nInfoAmericas<br \/>\n<a href=\"http:\/\/www.pressenza.com\/wp-content\/uploads\/2016\/09\/InfoAmericas-Patricio-Zamorano-LinkedIn-500px.png\"><img loading=\"lazy\" decoding=\"async\" src=\"http:\/\/www.pressenza.com\/wp-content\/uploads\/2016\/09\/InfoAmericas-Patricio-Zamorano-LinkedIn-500px.png\" alt=\"InfoAmericas-Patricio-Zamorano-LinkedIn-500px\" width=\"500\" height=\"170\" class=\"alignleft size-full wp-image-367607\" srcset=\"https:\/\/www.pressenza.com\/wp-content\/uploads\/2016\/09\/InfoAmericas-Patricio-Zamorano-LinkedIn-500px.png 500w, https:\/\/www.pressenza.com\/wp-content\/uploads\/2016\/09\/InfoAmericas-Patricio-Zamorano-LinkedIn-500px-300x102.png 300w\" sizes=\"auto, (max-width: 500px) 100vw, 500px\" \/><\/a><br \/>\nhttp:\/\/infoamericas.info\/<\/p>\n","protected":false},"excerpt":{"rendered":"<p>\/Texto y Fotograf\u00edas de Patricio Zamorano, Infoamericas\/ Francisco Letelier inaugura un mural en Washington DC en honor a su padre Se cumplen 40 a\u00f1os del atentado organizado por la DINA en contra del ex ministro del Presidente Salvador Allende Su&hellip;<\/p>\n","protected":false},"author":1126,"featured_media":367541,"comment_status":"closed","ping_status":"closed","sticky":false,"template":"","format":"standard","meta":{"footnotes":""},"categories":[76,11389,79,5667,39,68,74,67],"tags":[29,30556,441,398,21436,6377],"class_list":["post-367540","post","type-post","status-publish","format-standard","has-post-thumbnail","hentry","category-relaciones-exteriores","category-contenido-original","category-derechos-humanos","category-foto-reportajes","category-internacional","category-norteamerica","category-politica-es","category-sudamerica","tag-chile","tag-crimenes-de-lessa-humanidad","tag-derechos-humanos","tag-justicia","tag-violencia-politica","tag-washington"],"yoast_head":"<!-- This site is optimized with the Yoast SEO plugin v27.1.1 - https:\/\/yoast.com\/product\/yoast-seo-wordpress\/ -->\n<title>Su hijo le llama Orlando\u2026<\/title>\n<meta name=\"description\" content=\"\/Texto y Fotograf\u00edas de Patricio Zamorano, Infoamericas\/ Francisco Letelier inaugura un mural en Washington DC en honor a su padre Se cumplen 40 a\u00f1os del\" \/>\n<meta name=\"robots\" content=\"index, follow, max-snippet:-1, max-image-preview:large, max-video-preview:-1\" \/>\n<link rel=\"canonical\" href=\"https:\/\/www.pressenza.com\/es\/2016\/09\/hijo-le-llama-orlando\/\" \/>\n<meta property=\"og:locale\" content=\"es_ES\" \/>\n<meta property=\"og:type\" content=\"article\" \/>\n<meta property=\"og:title\" content=\"Su hijo le llama Orlando\u2026\" \/>\n<meta property=\"og:description\" content=\"\/Texto y Fotograf\u00edas de Patricio Zamorano, Infoamericas\/ Francisco Letelier inaugura un mural en Washington DC en honor a su padre Se cumplen 40 a\u00f1os del\" \/>\n<meta property=\"og:url\" content=\"https:\/\/www.pressenza.com\/es\/2016\/09\/hijo-le-llama-orlando\/\" \/>\n<meta property=\"og:site_name\" content=\"Pressenza\" \/>\n<meta property=\"article:publisher\" content=\"https:\/\/www.facebook.com\/PressenzaItalia\" \/>\n<meta property=\"article:author\" content=\"https:\/\/www.facebook.com\/PressenzaEnglish\/\" \/>\n<meta property=\"article:published_time\" content=\"2016-09-10T16:36:23+00:00\" \/>\n<meta property=\"article:modified_time\" content=\"2016-09-10T16:50:10+00:00\" \/>\n<meta property=\"og:image\" content=\"https:\/\/www.pressenza.com\/wp-content\/uploads\/2016\/09\/Vista-General-Francisco-Letelier-Familia-Zamorano-Scott-750x500.png\" \/>\n\t<meta property=\"og:image:width\" content=\"750\" \/>\n\t<meta property=\"og:image:height\" content=\"500\" \/>\n\t<meta property=\"og:image:type\" content=\"image\/png\" \/>\n<meta name=\"author\" content=\"Pressenza New York\" \/>\n<meta name=\"twitter:card\" content=\"summary_large_image\" \/>\n<meta name=\"twitter:creator\" content=\"@PressenzaIPA\" \/>\n<meta name=\"twitter:site\" content=\"@PressenzaIPA\" \/>\n<meta name=\"twitter:label1\" content=\"Escrito por\" \/>\n\t<meta name=\"twitter:data1\" content=\"Pressenza New York\" \/>\n\t<meta name=\"twitter:label2\" content=\"Tiempo de lectura\" \/>\n\t<meta name=\"twitter:data2\" content=\"5 minutos\" \/>\n<script type=\"application\/ld+json\" class=\"yoast-schema-graph\">{\"@context\":\"https:\/\/schema.org\",\"@graph\":[{\"@type\":\"Article\",\"@id\":\"https:\/\/www.pressenza.com\/es\/2016\/09\/hijo-le-llama-orlando\/#article\",\"isPartOf\":{\"@id\":\"https:\/\/www.pressenza.com\/es\/2016\/09\/hijo-le-llama-orlando\/\"},\"author\":{\"name\":\"Pressenza New York\",\"@id\":\"https:\/\/www.pressenza.com\/es\/#\/schema\/person\/75ff8ec4b4b03f1d2da977bba83672b3\"},\"headline\":\"Su hijo le llama Orlando\u2026\",\"datePublished\":\"2016-09-10T16:36:23+00:00\",\"dateModified\":\"2016-09-10T16:50:10+00:00\",\"mainEntityOfPage\":{\"@id\":\"https:\/\/www.pressenza.com\/es\/2016\/09\/hijo-le-llama-orlando\/\"},\"wordCount\":1049,\"publisher\":{\"@id\":\"https:\/\/www.pressenza.com\/es\/#organization\"},\"image\":{\"@id\":\"https:\/\/www.pressenza.com\/es\/2016\/09\/hijo-le-llama-orlando\/#primaryimage\"},\"thumbnailUrl\":\"https:\/\/www.pressenza.com\/wp-content\/uploads\/2016\/09\/Vista-General-Francisco-Letelier-Familia-Zamorano-Scott-750x500.png\",\"keywords\":[\"Chile\",\"Cr\u00edmenes de lessa humanidad\",\"Derechos humanos\",\"justicia\",\"Violencia pol\u00edtica\",\"Washington\"],\"articleSection\":[\"Asuntos internacionales\",\"Contenido Original\",\"Derechos Humanos\",\"Fotorreportajes\",\"Internacional\",\"Norteam\u00e9rica\",\"Pol\u00edtica\",\"Sudam\u00e9rica\"],\"inLanguage\":\"es\"},{\"@type\":\"WebPage\",\"@id\":\"https:\/\/www.pressenza.com\/es\/2016\/09\/hijo-le-llama-orlando\/\",\"url\":\"https:\/\/www.pressenza.com\/es\/2016\/09\/hijo-le-llama-orlando\/\",\"name\":\"Su hijo le llama Orlando\u2026\",\"isPartOf\":{\"@id\":\"https:\/\/www.pressenza.com\/es\/#website\"},\"primaryImageOfPage\":{\"@id\":\"https:\/\/www.pressenza.com\/es\/2016\/09\/hijo-le-llama-orlando\/#primaryimage\"},\"image\":{\"@id\":\"https:\/\/www.pressenza.com\/es\/2016\/09\/hijo-le-llama-orlando\/#primaryimage\"},\"thumbnailUrl\":\"https:\/\/www.pressenza.com\/wp-content\/uploads\/2016\/09\/Vista-General-Francisco-Letelier-Familia-Zamorano-Scott-750x500.png\",\"datePublished\":\"2016-09-10T16:36:23+00:00\",\"dateModified\":\"2016-09-10T16:50:10+00:00\",\"description\":\"\/Texto y Fotograf\u00edas de Patricio Zamorano, Infoamericas\/ Francisco Letelier inaugura un mural en Washington DC en honor a su padre Se cumplen 40 a\u00f1os del\",\"breadcrumb\":{\"@id\":\"https:\/\/www.pressenza.com\/es\/2016\/09\/hijo-le-llama-orlando\/#breadcrumb\"},\"inLanguage\":\"es\",\"potentialAction\":[{\"@type\":\"ReadAction\",\"target\":[\"https:\/\/www.pressenza.com\/es\/2016\/09\/hijo-le-llama-orlando\/\"]}]},{\"@type\":\"ImageObject\",\"inLanguage\":\"es\",\"@id\":\"https:\/\/www.pressenza.com\/es\/2016\/09\/hijo-le-llama-orlando\/#primaryimage\",\"url\":\"https:\/\/www.pressenza.com\/wp-content\/uploads\/2016\/09\/Vista-General-Francisco-Letelier-Familia-Zamorano-Scott-750x500.png\",\"contentUrl\":\"https:\/\/www.pressenza.com\/wp-content\/uploads\/2016\/09\/Vista-General-Francisco-Letelier-Familia-Zamorano-Scott-750x500.png\",\"width\":750,\"height\":500},{\"@type\":\"BreadcrumbList\",\"@id\":\"https:\/\/www.pressenza.com\/es\/2016\/09\/hijo-le-llama-orlando\/#breadcrumb\",\"itemListElement\":[{\"@type\":\"ListItem\",\"position\":1,\"name\":\"Accueil\",\"item\":\"https:\/\/www.pressenza.com\/es\/\"},{\"@type\":\"ListItem\",\"position\":2,\"name\":\"Su hijo le llama Orlando\u2026\"}]},{\"@type\":\"WebSite\",\"@id\":\"https:\/\/www.pressenza.com\/es\/#website\",\"url\":\"https:\/\/www.pressenza.com\/es\/\",\"name\":\"Pressenza\",\"description\":\"International Press Agency\",\"publisher\":{\"@id\":\"https:\/\/www.pressenza.com\/es\/#organization\"},\"potentialAction\":[{\"@type\":\"SearchAction\",\"target\":{\"@type\":\"EntryPoint\",\"urlTemplate\":\"https:\/\/www.pressenza.com\/es\/?s={search_term_string}\"},\"query-input\":{\"@type\":\"PropertyValueSpecification\",\"valueRequired\":true,\"valueName\":\"search_term_string\"}}],\"inLanguage\":\"es\"},{\"@type\":\"Organization\",\"@id\":\"https:\/\/www.pressenza.com\/es\/#organization\",\"name\":\"Pressenza\",\"url\":\"https:\/\/www.pressenza.com\/es\/\",\"logo\":{\"@type\":\"ImageObject\",\"inLanguage\":\"es\",\"@id\":\"https:\/\/www.pressenza.com\/es\/#\/schema\/logo\/image\/\",\"url\":\"https:\/\/www.pressenza.com\/wp-content\/uploads\/2022\/10\/pressenza_logo_200x200.jpg\",\"contentUrl\":\"https:\/\/www.pressenza.com\/wp-content\/uploads\/2022\/10\/pressenza_logo_200x200.jpg\",\"width\":200,\"height\":200,\"caption\":\"Pressenza\"},\"image\":{\"@id\":\"https:\/\/www.pressenza.com\/es\/#\/schema\/logo\/image\/\"},\"sameAs\":[\"https:\/\/www.facebook.com\/PressenzaItalia\",\"https:\/\/x.com\/PressenzaIPA\"]},{\"@type\":\"Person\",\"@id\":\"https:\/\/www.pressenza.com\/es\/#\/schema\/person\/75ff8ec4b4b03f1d2da977bba83672b3\",\"name\":\"Pressenza New York\",\"description\":\"News from the Pressenza Bureau in New York, United States\",\"sameAs\":[\"https:\/\/www.facebook.com\/PressenzaEnglish\/\",\"https:\/\/x.com\/PressenzaIPA\"],\"url\":\"https:\/\/www.pressenza.com\/es\/author\/pressenza-new-york\/\"}]}<\/script>\n<!-- \/ Yoast SEO plugin. -->","yoast_head_json":{"title":"Su hijo le llama Orlando\u2026","description":"\/Texto y Fotograf\u00edas de Patricio Zamorano, Infoamericas\/ Francisco Letelier inaugura un mural en Washington DC en honor a su padre Se cumplen 40 a\u00f1os del","robots":{"index":"index","follow":"follow","max-snippet":"max-snippet:-1","max-image-preview":"max-image-preview:large","max-video-preview":"max-video-preview:-1"},"canonical":"https:\/\/www.pressenza.com\/es\/2016\/09\/hijo-le-llama-orlando\/","og_locale":"es_ES","og_type":"article","og_title":"Su hijo le llama Orlando\u2026","og_description":"\/Texto y Fotograf\u00edas de Patricio Zamorano, Infoamericas\/ Francisco Letelier inaugura un mural en Washington DC en honor a su padre Se cumplen 40 a\u00f1os del","og_url":"https:\/\/www.pressenza.com\/es\/2016\/09\/hijo-le-llama-orlando\/","og_site_name":"Pressenza","article_publisher":"https:\/\/www.facebook.com\/PressenzaItalia","article_author":"https:\/\/www.facebook.com\/PressenzaEnglish\/","article_published_time":"2016-09-10T16:36:23+00:00","article_modified_time":"2016-09-10T16:50:10+00:00","og_image":[{"width":750,"height":500,"url":"https:\/\/www.pressenza.com\/wp-content\/uploads\/2016\/09\/Vista-General-Francisco-Letelier-Familia-Zamorano-Scott-750x500.png","type":"image\/png"}],"author":"Pressenza New York","twitter_card":"summary_large_image","twitter_creator":"@PressenzaIPA","twitter_site":"@PressenzaIPA","twitter_misc":{"Escrito por":"Pressenza New York","Tiempo de lectura":"5 minutos"},"schema":{"@context":"https:\/\/schema.org","@graph":[{"@type":"Article","@id":"https:\/\/www.pressenza.com\/es\/2016\/09\/hijo-le-llama-orlando\/#article","isPartOf":{"@id":"https:\/\/www.pressenza.com\/es\/2016\/09\/hijo-le-llama-orlando\/"},"author":{"name":"Pressenza New York","@id":"https:\/\/www.pressenza.com\/es\/#\/schema\/person\/75ff8ec4b4b03f1d2da977bba83672b3"},"headline":"Su hijo le llama Orlando\u2026","datePublished":"2016-09-10T16:36:23+00:00","dateModified":"2016-09-10T16:50:10+00:00","mainEntityOfPage":{"@id":"https:\/\/www.pressenza.com\/es\/2016\/09\/hijo-le-llama-orlando\/"},"wordCount":1049,"publisher":{"@id":"https:\/\/www.pressenza.com\/es\/#organization"},"image":{"@id":"https:\/\/www.pressenza.com\/es\/2016\/09\/hijo-le-llama-orlando\/#primaryimage"},"thumbnailUrl":"https:\/\/www.pressenza.com\/wp-content\/uploads\/2016\/09\/Vista-General-Francisco-Letelier-Familia-Zamorano-Scott-750x500.png","keywords":["Chile","Cr\u00edmenes de lessa humanidad","Derechos humanos","justicia","Violencia pol\u00edtica","Washington"],"articleSection":["Asuntos internacionales","Contenido Original","Derechos Humanos","Fotorreportajes","Internacional","Norteam\u00e9rica","Pol\u00edtica","Sudam\u00e9rica"],"inLanguage":"es"},{"@type":"WebPage","@id":"https:\/\/www.pressenza.com\/es\/2016\/09\/hijo-le-llama-orlando\/","url":"https:\/\/www.pressenza.com\/es\/2016\/09\/hijo-le-llama-orlando\/","name":"Su hijo le llama Orlando\u2026","isPartOf":{"@id":"https:\/\/www.pressenza.com\/es\/#website"},"primaryImageOfPage":{"@id":"https:\/\/www.pressenza.com\/es\/2016\/09\/hijo-le-llama-orlando\/#primaryimage"},"image":{"@id":"https:\/\/www.pressenza.com\/es\/2016\/09\/hijo-le-llama-orlando\/#primaryimage"},"thumbnailUrl":"https:\/\/www.pressenza.com\/wp-content\/uploads\/2016\/09\/Vista-General-Francisco-Letelier-Familia-Zamorano-Scott-750x500.png","datePublished":"2016-09-10T16:36:23+00:00","dateModified":"2016-09-10T16:50:10+00:00","description":"\/Texto y Fotograf\u00edas de Patricio Zamorano, Infoamericas\/ Francisco Letelier inaugura un mural en Washington DC en honor a su padre Se cumplen 40 a\u00f1os del","breadcrumb":{"@id":"https:\/\/www.pressenza.com\/es\/2016\/09\/hijo-le-llama-orlando\/#breadcrumb"},"inLanguage":"es","potentialAction":[{"@type":"ReadAction","target":["https:\/\/www.pressenza.com\/es\/2016\/09\/hijo-le-llama-orlando\/"]}]},{"@type":"ImageObject","inLanguage":"es","@id":"https:\/\/www.pressenza.com\/es\/2016\/09\/hijo-le-llama-orlando\/#primaryimage","url":"https:\/\/www.pressenza.com\/wp-content\/uploads\/2016\/09\/Vista-General-Francisco-Letelier-Familia-Zamorano-Scott-750x500.png","contentUrl":"https:\/\/www.pressenza.com\/wp-content\/uploads\/2016\/09\/Vista-General-Francisco-Letelier-Familia-Zamorano-Scott-750x500.png","width":750,"height":500},{"@type":"BreadcrumbList","@id":"https:\/\/www.pressenza.com\/es\/2016\/09\/hijo-le-llama-orlando\/#breadcrumb","itemListElement":[{"@type":"ListItem","position":1,"name":"Accueil","item":"https:\/\/www.pressenza.com\/es\/"},{"@type":"ListItem","position":2,"name":"Su hijo le llama Orlando\u2026"}]},{"@type":"WebSite","@id":"https:\/\/www.pressenza.com\/es\/#website","url":"https:\/\/www.pressenza.com\/es\/","name":"Pressenza","description":"International Press Agency","publisher":{"@id":"https:\/\/www.pressenza.com\/es\/#organization"},"potentialAction":[{"@type":"SearchAction","target":{"@type":"EntryPoint","urlTemplate":"https:\/\/www.pressenza.com\/es\/?s={search_term_string}"},"query-input":{"@type":"PropertyValueSpecification","valueRequired":true,"valueName":"search_term_string"}}],"inLanguage":"es"},{"@type":"Organization","@id":"https:\/\/www.pressenza.com\/es\/#organization","name":"Pressenza","url":"https:\/\/www.pressenza.com\/es\/","logo":{"@type":"ImageObject","inLanguage":"es","@id":"https:\/\/www.pressenza.com\/es\/#\/schema\/logo\/image\/","url":"https:\/\/www.pressenza.com\/wp-content\/uploads\/2022\/10\/pressenza_logo_200x200.jpg","contentUrl":"https:\/\/www.pressenza.com\/wp-content\/uploads\/2022\/10\/pressenza_logo_200x200.jpg","width":200,"height":200,"caption":"Pressenza"},"image":{"@id":"https:\/\/www.pressenza.com\/es\/#\/schema\/logo\/image\/"},"sameAs":["https:\/\/www.facebook.com\/PressenzaItalia","https:\/\/x.com\/PressenzaIPA"]},{"@type":"Person","@id":"https:\/\/www.pressenza.com\/es\/#\/schema\/person\/75ff8ec4b4b03f1d2da977bba83672b3","name":"Pressenza New York","description":"News from the Pressenza Bureau in New York, United States","sameAs":["https:\/\/www.facebook.com\/PressenzaEnglish\/","https:\/\/x.com\/PressenzaIPA"],"url":"https:\/\/www.pressenza.com\/es\/author\/pressenza-new-york\/"}]}},"place":"","original_article_url":"","_links":{"self":[{"href":"https:\/\/www.pressenza.com\/es\/wp-json\/wp\/v2\/posts\/367540","targetHints":{"allow":["GET"]}}],"collection":[{"href":"https:\/\/www.pressenza.com\/es\/wp-json\/wp\/v2\/posts"}],"about":[{"href":"https:\/\/www.pressenza.com\/es\/wp-json\/wp\/v2\/types\/post"}],"author":[{"embeddable":true,"href":"https:\/\/www.pressenza.com\/es\/wp-json\/wp\/v2\/users\/1126"}],"replies":[{"embeddable":true,"href":"https:\/\/www.pressenza.com\/es\/wp-json\/wp\/v2\/comments?post=367540"}],"version-history":[{"count":0,"href":"https:\/\/www.pressenza.com\/es\/wp-json\/wp\/v2\/posts\/367540\/revisions"}],"wp:featuredmedia":[{"embeddable":true,"href":"https:\/\/www.pressenza.com\/es\/wp-json\/wp\/v2\/media\/367541"}],"wp:attachment":[{"href":"https:\/\/www.pressenza.com\/es\/wp-json\/wp\/v2\/media?parent=367540"}],"wp:term":[{"taxonomy":"category","embeddable":true,"href":"https:\/\/www.pressenza.com\/es\/wp-json\/wp\/v2\/categories?post=367540"},{"taxonomy":"post_tag","embeddable":true,"href":"https:\/\/www.pressenza.com\/es\/wp-json\/wp\/v2\/tags?post=367540"}],"curies":[{"name":"wp","href":"https:\/\/api.w.org\/{rel}","templated":true}]}}