{"id":367376,"date":"2016-09-10T08:47:40","date_gmt":"2016-09-10T07:47:40","guid":{"rendered":"http:\/\/www.pressenza.com\/es\/?p=367376"},"modified":"2016-09-11T08:12:02","modified_gmt":"2016-09-11T07:12:02","slug":"cascos-blancos-la-nueva-especie-predadores-humanitarios","status":"publish","type":"post","link":"https:\/\/www.pressenza.com\/es\/2016\/09\/cascos-blancos-la-nueva-especie-predadores-humanitarios\/","title":{"rendered":"Cascos Blancos: la nueva especie de predadores humanitarios"},"content":{"rendered":"<p class=\"excerpt\"><span style=\"color: #000000;\">Ojos Para la Paz<\/span><\/p>\n<p class=\"excerpt\"><em>La ONG \u201cCascos Blancos\u201d ha sido designada como cadidata para recibir el Premio N\u00f3bel de la Paz. Para apoyar esta candidatura el pr\u00f3ximo 16 de setiembre Netflix difundir\u00e1 un documental de 40 minutos titulado \u201cLos Cascos Blancos\u201d. Ha sido realizado por Orlando von Einsiedel y seleccionado para los festivales de cine Toronto y de Telluride.<\/em><\/p>\n<div class=\"text\">\n<p>Supuestamente se trata de un grupo de voluntarios que acuden en ayuda de la poblaci\u00f3n civil de Siria v\u00edctima de los bombardeos, y ya saben la coletilla famosa que no debe faltar nunca: de uno y otro bando. Que quede claro. Son neutrales. Su empe\u00f1o es exclusivamente humanitario.<\/p>\n<p>Los Cascos Blancos son una organizaci\u00f3n creada en 2013 y, como no pod\u00eda ser de otra forma, detr\u00e1s no hay otra cosa que el imperialismo puro y duro y, naturalmente, la propaganda de guerra, las cortinas de humo y la intoxicaci\u00f3n medi\u00e1tica. Veamos algunos ejemplos, s\u00f3lo unos pocos, para no agotar la paciencia del sufrido lector:<\/p>\n<p><a href=\"http:\/\/www.lasexta.com\/noticias\/internacional\/los-cascos-blancos-candidatos-al-premio-nobel-de-la-paz-por-su-labor-en-siria_2016082057b85c100cf269d3ac1bca4d.html\">\u2013 El \u00fanico resquicio de luz en un mundo especialmente oscuro (La Sexta)<\/a><\/p>\n<p><a href=\"http:\/\/internacional.elpais.com\/internacional\/2016\/07\/14\/actualidad\/1468492144_022014.html\">\u2013 Los \u2018cascos blancos\u2019 que salvan vidas entre escombros en Siria (El Pa\u00eds)<\/a><\/p>\n<p><a href=\"https:\/\/www.msf.es\/actualidad\/los-cascos-blancos-voluntarios-que-ofrecen-atencion-primaria-los-heridos-siria\">\u2013 Los \u2018Cascos Blancos\u2019: voluntarios que ofrecen atenci\u00f3n primaria a los heridos en Siria (M\u00e9dicos Sin Fronteras)<\/a><\/p>\n<p><a href=\"http:\/\/www.onemagazine.es\/noticia\/19919\/internacional\/quienes-son-los-cascos-blancos-y-por-que-ya-los-consideran-heroes.htm\">\u2013 Qui\u00e9nes son los \u2018Cascos Blancos\u2019 y por qu\u00e9 ya los consideran h\u00e9roes (One Magazine)<\/a><\/p>\n<p><a href=\"http:\/\/eldia.es\/agencias\/8852000-Trailer-Cascos-Blancos-salvadores-anonimos-Siria\">\u2013 Los salvadores an\u00f3nimos de Siria (El D\u00eda)<\/a><\/p>\n<p>Siempre que surgen este tipo de tinglados hay que acudir, como es habitual, a las fuentes de financiaci\u00f3n, entre las que encontramos al mismo mecenas de siempre: el benefactor de la humanidad George Soros, adem\u00e1s de tres de las potencias integrantes de la OTAN, que tambi\u00e9n se han caracterizado siempre por su humanitarismo: Estados Unidos (23 millones de d\u00f3lares), Gran Breta\u00f1a (20 millones de libras) y Holanda (4 millones de euros).<\/p>\n<p>Despu\u00e9s de hablar del dinero corresponde desenmascarar las mentiras, la filantrop\u00eda y el baboseo propio de este tipo de ONG, en el que los medios de comunicaci\u00f3n desempe\u00f1an un papel fundamental. Pues bien, hay que decir que los Cascos Blancos s\u00f3lo est\u00e1n presentes en las zonas controladas por el Califato Isl\u00e1mico y el Frente Al-Nusra porque el papel que el imperialismo le tiene asignado, adem\u00e1s, de la propaganda, es justificar la imposici\u00f3n de una zona de exclusi\u00f3n a\u00e9rea que impida los bombardeos rusos y sirios sobre las posiciones yihadistas.<\/p>\n<p>Luego hay que pasar a ver qui\u00e9nes son esos voluntarios que se juegan la vida como h\u00e9roes para salvar a los dem\u00e1s, mercenarios cuyo nombre ha salido a relucir, como Raed Saleh, del que el <i>New York Times<\/i> reconoci\u00f3 en abril <em><a href=\"http:\/\/www.nytimes.com\/2016\/04\/21\/world\/middleeast\/leader-of-syria-rescue-group-arriving-in-us-for-award-is-refused-entry.html\">(1)<\/a><\/em> que se le hab\u00eda impedido la entrada en Estados Unidos porque formaba parte de las bases de datos como un riesgo para el pa\u00eds o, dicho en rom\u00e1n paladino, porque estaba fichado como yihadista y, naturalmente, si le hab\u00edan llamado para viajar a Estados Unidos es porque sus jefes de la CIA ten\u00edan que darle instrucciones.<\/p>\n<p>Organizaciones como los Cascos Blancos forman parte de una nueva concepci\u00f3n de las guerras imperialistas elaborada por la Rand Corporation que se llama <i>\u201cteor\u00eda del enjambre\u201d<\/i> <em><a href=\"http:\/\/www.rand.org\/content\/dam\/rand\/pubs\/rgs_dissertations\/2005\/RAND_RGSD189.pdf\">(2)<\/a> <\/em> en donde el \u00e9xito de la guerra depende estrechamente <i>\u201cde un control estricto del flujo de informaciones\u201d<\/i>. <em><br \/>\n<\/em><\/p>\n<p><img loading=\"lazy\" decoding=\"async\" class=\"alignnone size-full wp-image-367386\" src=\"http:\/\/www.pressenza.com\/wp-content\/uploads\/2016\/09\/cid_037CF7FB8B954A979664DBA057645C6B@BrucePC.jpg\" alt=\"!cid_037CF7FB8B954A979664DBA057645C6B@BrucePC\" width=\"1056\" height=\"1632\" srcset=\"https:\/\/www.pressenza.com\/wp-content\/uploads\/2016\/09\/cid_037CF7FB8B954A979664DBA057645C6B@BrucePC.jpg 1056w, https:\/\/www.pressenza.com\/wp-content\/uploads\/2016\/09\/cid_037CF7FB8B954A979664DBA057645C6B@BrucePC-194x300.jpg 194w, https:\/\/www.pressenza.com\/wp-content\/uploads\/2016\/09\/cid_037CF7FB8B954A979664DBA057645C6B@BrucePC-768x1187.jpg 768w, https:\/\/www.pressenza.com\/wp-content\/uploads\/2016\/09\/cid_037CF7FB8B954A979664DBA057645C6B@BrucePC-663x1024.jpg 663w\" sizes=\"auto, (max-width: 1056px) 100vw, 1056px\" \/><\/p>\n<p><span style=\"color: #808080;\"><em>(Imagen de europeforpeace.org)<\/em><\/span><\/p>\n<p>Asistimos a una nueva estafa, del mismo corte que <em>Amnistia Internacional, <span class=\"st\">Human Rights Watch<\/span><\/em>, <span class=\"st\"><em>Reporteros Sin Fronteras<\/em><\/span> u otras que viene denunciando nuestro compa\u00f1ero de Ojos Para la Paz Ahmed Bensaada.<\/p>\n<p>\u00abEstas organizaciones se benefician de\u00a0 un marco pol\u00edtico elegido, medios materiales colosales, adem\u00e1s de una financiaci\u00f3n regular y consecuente. Met\u00f3dicamente actualizadas, las t\u00e9cnicas utilizadas son temiblemente eficaces sobre todo cuando el blanco son los pa\u00edses autocr\u00e1ticos o afectados por serios problemas socioecon\u00f3micos.\u00a0 Las agencias estadounidenses m\u00e1s emblem\u00e1ticas de \u201cexportaci\u00f3n\u00bb de la democracia \u00a0son USAID (Agencia de los Estados Unidos para el Desarrollo Internacional), la NED (Fundaci\u00f3n Nacional para la Democracia), IRI (Instituto Republicano Internacional), el NDI (National Democratic Instituto de Asuntos internacionales), Freedom House y la OSI (Open Society Institute). Excepto este \u00faltimo, todas estas organizaciones son financiadas principalmente por el gobierno de Estados Unidos. \u00a0En cuanto a OSI, es parte de la Fundaci\u00f3n Soros, el nombre de su fundador, George Soros, el multimillonario estadounidense, ilustre especulador financiero. Ni que decir tiene, Soros y su fundaci\u00f3n\u00a0 trabajan con el Departamento de Estado de Estados Unidos para la \u00abpromoci\u00f3n de la democracia\u00bb.<\/p>\n<\/div>\n","protected":false},"excerpt":{"rendered":"<p>Ojos Para la Paz La ONG \u201cCascos Blancos\u201d ha sido designada como cadidata para recibir el Premio N\u00f3bel de la Paz. Para apoyar esta candidatura el pr\u00f3ximo 16 de setiembre Netflix difundir\u00e1 un documental de 40 minutos titulado \u201cLos Cascos&hellip;<\/p>\n","protected":false},"author":1026,"featured_media":367379,"comment_status":"closed","ping_status":"closed","sticky":false,"template":"","format":"standard","meta":{"footnotes":""},"categories":[76,39,161,1243],"tags":[30544,30543,2422,924,6397,30545],"class_list":["post-367376","post","type-post","status-publish","format-standard","has-post-thumbnail","hentry","category-relaciones-exteriores","category-internacional","category-opiniones","category-paz-desarme","tag-califato-islamico","tag-cascos-blancos","tag-cia","tag-otan","tag-siria","tag-yihadistas"],"yoast_head":"<!-- This site is optimized with the Yoast SEO plugin v27.1.1 - https:\/\/yoast.com\/product\/yoast-seo-wordpress\/ -->\n<title>Cascos Blancos: la nueva especie de predadores humanitarios<\/title>\n<meta name=\"description\" content=\"Ojos Para la Paz La ONG \u201cCascos Blancos\u201d ha sido designada como cadidata para recibir el Premio N\u00f3bel de la Paz. Para apoyar esta candidatura el pr\u00f3ximo\" \/>\n<meta name=\"robots\" content=\"index, follow, max-snippet:-1, max-image-preview:large, max-video-preview:-1\" \/>\n<link rel=\"canonical\" href=\"https:\/\/www.pressenza.com\/es\/2016\/09\/cascos-blancos-la-nueva-especie-predadores-humanitarios\/\" \/>\n<meta property=\"og:locale\" content=\"es_ES\" \/>\n<meta property=\"og:type\" content=\"article\" \/>\n<meta property=\"og:title\" content=\"Cascos Blancos: la nueva especie de predadores humanitarios\" \/>\n<meta property=\"og:description\" content=\"Ojos Para la Paz La ONG \u201cCascos Blancos\u201d ha sido designada como cadidata para recibir el Premio N\u00f3bel de la Paz. Para apoyar esta candidatura el pr\u00f3ximo\" \/>\n<meta property=\"og:url\" content=\"https:\/\/www.pressenza.com\/es\/2016\/09\/cascos-blancos-la-nueva-especie-predadores-humanitarios\/\" \/>\n<meta property=\"og:site_name\" content=\"Pressenza\" \/>\n<meta property=\"article:publisher\" content=\"https:\/\/www.facebook.com\/PressenzaItalia\" \/>\n<meta property=\"article:published_time\" content=\"2016-09-10T07:47:40+00:00\" \/>\n<meta property=\"article:modified_time\" content=\"2016-09-11T07:12:02+00:00\" \/>\n<meta property=\"og:image\" content=\"https:\/\/www.pressenza.com\/wp-content\/uploads\/2016\/09\/fsx531ci-690x450.jpg\" \/>\n\t<meta property=\"og:image:width\" content=\"690\" \/>\n\t<meta property=\"og:image:height\" content=\"450\" \/>\n\t<meta property=\"og:image:type\" content=\"image\/jpeg\" \/>\n<meta name=\"author\" content=\"Sibia Liria\" \/>\n<meta name=\"twitter:card\" content=\"summary_large_image\" \/>\n<meta name=\"twitter:creator\" content=\"@PressenzaIPA\" \/>\n<meta name=\"twitter:site\" content=\"@PressenzaIPA\" \/>\n<meta name=\"twitter:label1\" content=\"Escrito por\" \/>\n\t<meta name=\"twitter:data1\" content=\"Sibia Liria\" \/>\n\t<meta name=\"twitter:label2\" content=\"Tiempo de lectura\" \/>\n\t<meta name=\"twitter:data2\" content=\"4 minutos\" \/>\n<script type=\"application\/ld+json\" class=\"yoast-schema-graph\">{\"@context\":\"https:\/\/schema.org\",\"@graph\":[{\"@type\":\"Article\",\"@id\":\"https:\/\/www.pressenza.com\/es\/2016\/09\/cascos-blancos-la-nueva-especie-predadores-humanitarios\/#article\",\"isPartOf\":{\"@id\":\"https:\/\/www.pressenza.com\/es\/2016\/09\/cascos-blancos-la-nueva-especie-predadores-humanitarios\/\"},\"author\":{\"name\":\"Sibia Liria\",\"@id\":\"https:\/\/www.pressenza.com\/es\/#\/schema\/person\/1ee3bb7a985d27eaf1e3aaad0bff7eb4\"},\"headline\":\"Cascos Blancos: la nueva especie de predadores humanitarios\",\"datePublished\":\"2016-09-10T07:47:40+00:00\",\"dateModified\":\"2016-09-11T07:12:02+00:00\",\"mainEntityOfPage\":{\"@id\":\"https:\/\/www.pressenza.com\/es\/2016\/09\/cascos-blancos-la-nueva-especie-predadores-humanitarios\/\"},\"wordCount\":772,\"publisher\":{\"@id\":\"https:\/\/www.pressenza.com\/es\/#organization\"},\"image\":{\"@id\":\"https:\/\/www.pressenza.com\/es\/2016\/09\/cascos-blancos-la-nueva-especie-predadores-humanitarios\/#primaryimage\"},\"thumbnailUrl\":\"https:\/\/www.pressenza.com\/wp-content\/uploads\/2016\/09\/fsx531ci-690x450.jpg\",\"keywords\":[\"Califato Isl\u00e1mico\",\"Cascos Blancos\",\"CIA\",\"OTAN\",\"Siria\",\"yihadistas\"],\"articleSection\":[\"Asuntos internacionales\",\"Internacional\",\"Opiniones\",\"Paz y Desarme\"],\"inLanguage\":\"es\"},{\"@type\":\"WebPage\",\"@id\":\"https:\/\/www.pressenza.com\/es\/2016\/09\/cascos-blancos-la-nueva-especie-predadores-humanitarios\/\",\"url\":\"https:\/\/www.pressenza.com\/es\/2016\/09\/cascos-blancos-la-nueva-especie-predadores-humanitarios\/\",\"name\":\"Cascos Blancos: la nueva especie de predadores humanitarios\",\"isPartOf\":{\"@id\":\"https:\/\/www.pressenza.com\/es\/#website\"},\"primaryImageOfPage\":{\"@id\":\"https:\/\/www.pressenza.com\/es\/2016\/09\/cascos-blancos-la-nueva-especie-predadores-humanitarios\/#primaryimage\"},\"image\":{\"@id\":\"https:\/\/www.pressenza.com\/es\/2016\/09\/cascos-blancos-la-nueva-especie-predadores-humanitarios\/#primaryimage\"},\"thumbnailUrl\":\"https:\/\/www.pressenza.com\/wp-content\/uploads\/2016\/09\/fsx531ci-690x450.jpg\",\"datePublished\":\"2016-09-10T07:47:40+00:00\",\"dateModified\":\"2016-09-11T07:12:02+00:00\",\"description\":\"Ojos Para la Paz La ONG \u201cCascos Blancos\u201d ha sido designada como cadidata para recibir el Premio N\u00f3bel de la Paz. Para apoyar esta candidatura el pr\u00f3ximo\",\"breadcrumb\":{\"@id\":\"https:\/\/www.pressenza.com\/es\/2016\/09\/cascos-blancos-la-nueva-especie-predadores-humanitarios\/#breadcrumb\"},\"inLanguage\":\"es\",\"potentialAction\":[{\"@type\":\"ReadAction\",\"target\":[\"https:\/\/www.pressenza.com\/es\/2016\/09\/cascos-blancos-la-nueva-especie-predadores-humanitarios\/\"]}]},{\"@type\":\"ImageObject\",\"inLanguage\":\"es\",\"@id\":\"https:\/\/www.pressenza.com\/es\/2016\/09\/cascos-blancos-la-nueva-especie-predadores-humanitarios\/#primaryimage\",\"url\":\"https:\/\/www.pressenza.com\/wp-content\/uploads\/2016\/09\/fsx531ci-690x450.jpg\",\"contentUrl\":\"https:\/\/www.pressenza.com\/wp-content\/uploads\/2016\/09\/fsx531ci-690x450.jpg\",\"width\":690,\"height\":450},{\"@type\":\"BreadcrumbList\",\"@id\":\"https:\/\/www.pressenza.com\/es\/2016\/09\/cascos-blancos-la-nueva-especie-predadores-humanitarios\/#breadcrumb\",\"itemListElement\":[{\"@type\":\"ListItem\",\"position\":1,\"name\":\"Accueil\",\"item\":\"https:\/\/www.pressenza.com\/es\/\"},{\"@type\":\"ListItem\",\"position\":2,\"name\":\"Cascos Blancos: la nueva especie de predadores humanitarios\"}]},{\"@type\":\"WebSite\",\"@id\":\"https:\/\/www.pressenza.com\/es\/#website\",\"url\":\"https:\/\/www.pressenza.com\/es\/\",\"name\":\"Pressenza\",\"description\":\"International Press Agency\",\"publisher\":{\"@id\":\"https:\/\/www.pressenza.com\/es\/#organization\"},\"potentialAction\":[{\"@type\":\"SearchAction\",\"target\":{\"@type\":\"EntryPoint\",\"urlTemplate\":\"https:\/\/www.pressenza.com\/es\/?s={search_term_string}\"},\"query-input\":{\"@type\":\"PropertyValueSpecification\",\"valueRequired\":true,\"valueName\":\"search_term_string\"}}],\"inLanguage\":\"es\"},{\"@type\":\"Organization\",\"@id\":\"https:\/\/www.pressenza.com\/es\/#organization\",\"name\":\"Pressenza\",\"url\":\"https:\/\/www.pressenza.com\/es\/\",\"logo\":{\"@type\":\"ImageObject\",\"inLanguage\":\"es\",\"@id\":\"https:\/\/www.pressenza.com\/es\/#\/schema\/logo\/image\/\",\"url\":\"https:\/\/www.pressenza.com\/wp-content\/uploads\/2022\/10\/pressenza_logo_200x200.jpg\",\"contentUrl\":\"https:\/\/www.pressenza.com\/wp-content\/uploads\/2022\/10\/pressenza_logo_200x200.jpg\",\"width\":200,\"height\":200,\"caption\":\"Pressenza\"},\"image\":{\"@id\":\"https:\/\/www.pressenza.com\/es\/#\/schema\/logo\/image\/\"},\"sameAs\":[\"https:\/\/www.facebook.com\/PressenzaItalia\",\"https:\/\/x.com\/PressenzaIPA\"]},{\"@type\":\"Person\",\"@id\":\"https:\/\/www.pressenza.com\/es\/#\/schema\/person\/1ee3bb7a985d27eaf1e3aaad0bff7eb4\",\"name\":\"Sibia Liria\",\"description\":\"Siria: no ad un'altra Libia www.sibialiria.org\/\",\"sameAs\":[\"http:\/\/www.sibialiria.org\/\"],\"url\":\"https:\/\/www.pressenza.com\/es\/author\/sibia-liria\/\"}]}<\/script>\n<!-- \/ Yoast SEO plugin. -->","yoast_head_json":{"title":"Cascos Blancos: la nueva especie de predadores humanitarios","description":"Ojos Para la Paz La ONG \u201cCascos Blancos\u201d ha sido designada como cadidata para recibir el Premio N\u00f3bel de la Paz. Para apoyar esta candidatura el pr\u00f3ximo","robots":{"index":"index","follow":"follow","max-snippet":"max-snippet:-1","max-image-preview":"max-image-preview:large","max-video-preview":"max-video-preview:-1"},"canonical":"https:\/\/www.pressenza.com\/es\/2016\/09\/cascos-blancos-la-nueva-especie-predadores-humanitarios\/","og_locale":"es_ES","og_type":"article","og_title":"Cascos Blancos: la nueva especie de predadores humanitarios","og_description":"Ojos Para la Paz La ONG \u201cCascos Blancos\u201d ha sido designada como cadidata para recibir el Premio N\u00f3bel de la Paz. Para apoyar esta candidatura el pr\u00f3ximo","og_url":"https:\/\/www.pressenza.com\/es\/2016\/09\/cascos-blancos-la-nueva-especie-predadores-humanitarios\/","og_site_name":"Pressenza","article_publisher":"https:\/\/www.facebook.com\/PressenzaItalia","article_published_time":"2016-09-10T07:47:40+00:00","article_modified_time":"2016-09-11T07:12:02+00:00","og_image":[{"width":690,"height":450,"url":"https:\/\/www.pressenza.com\/wp-content\/uploads\/2016\/09\/fsx531ci-690x450.jpg","type":"image\/jpeg"}],"author":"Sibia Liria","twitter_card":"summary_large_image","twitter_creator":"@PressenzaIPA","twitter_site":"@PressenzaIPA","twitter_misc":{"Escrito por":"Sibia Liria","Tiempo de lectura":"4 minutos"},"schema":{"@context":"https:\/\/schema.org","@graph":[{"@type":"Article","@id":"https:\/\/www.pressenza.com\/es\/2016\/09\/cascos-blancos-la-nueva-especie-predadores-humanitarios\/#article","isPartOf":{"@id":"https:\/\/www.pressenza.com\/es\/2016\/09\/cascos-blancos-la-nueva-especie-predadores-humanitarios\/"},"author":{"name":"Sibia Liria","@id":"https:\/\/www.pressenza.com\/es\/#\/schema\/person\/1ee3bb7a985d27eaf1e3aaad0bff7eb4"},"headline":"Cascos Blancos: la nueva especie de predadores humanitarios","datePublished":"2016-09-10T07:47:40+00:00","dateModified":"2016-09-11T07:12:02+00:00","mainEntityOfPage":{"@id":"https:\/\/www.pressenza.com\/es\/2016\/09\/cascos-blancos-la-nueva-especie-predadores-humanitarios\/"},"wordCount":772,"publisher":{"@id":"https:\/\/www.pressenza.com\/es\/#organization"},"image":{"@id":"https:\/\/www.pressenza.com\/es\/2016\/09\/cascos-blancos-la-nueva-especie-predadores-humanitarios\/#primaryimage"},"thumbnailUrl":"https:\/\/www.pressenza.com\/wp-content\/uploads\/2016\/09\/fsx531ci-690x450.jpg","keywords":["Califato Isl\u00e1mico","Cascos Blancos","CIA","OTAN","Siria","yihadistas"],"articleSection":["Asuntos internacionales","Internacional","Opiniones","Paz y Desarme"],"inLanguage":"es"},{"@type":"WebPage","@id":"https:\/\/www.pressenza.com\/es\/2016\/09\/cascos-blancos-la-nueva-especie-predadores-humanitarios\/","url":"https:\/\/www.pressenza.com\/es\/2016\/09\/cascos-blancos-la-nueva-especie-predadores-humanitarios\/","name":"Cascos Blancos: la nueva especie de predadores humanitarios","isPartOf":{"@id":"https:\/\/www.pressenza.com\/es\/#website"},"primaryImageOfPage":{"@id":"https:\/\/www.pressenza.com\/es\/2016\/09\/cascos-blancos-la-nueva-especie-predadores-humanitarios\/#primaryimage"},"image":{"@id":"https:\/\/www.pressenza.com\/es\/2016\/09\/cascos-blancos-la-nueva-especie-predadores-humanitarios\/#primaryimage"},"thumbnailUrl":"https:\/\/www.pressenza.com\/wp-content\/uploads\/2016\/09\/fsx531ci-690x450.jpg","datePublished":"2016-09-10T07:47:40+00:00","dateModified":"2016-09-11T07:12:02+00:00","description":"Ojos Para la Paz La ONG \u201cCascos Blancos\u201d ha sido designada como cadidata para recibir el Premio N\u00f3bel de la Paz. Para apoyar esta candidatura el pr\u00f3ximo","breadcrumb":{"@id":"https:\/\/www.pressenza.com\/es\/2016\/09\/cascos-blancos-la-nueva-especie-predadores-humanitarios\/#breadcrumb"},"inLanguage":"es","potentialAction":[{"@type":"ReadAction","target":["https:\/\/www.pressenza.com\/es\/2016\/09\/cascos-blancos-la-nueva-especie-predadores-humanitarios\/"]}]},{"@type":"ImageObject","inLanguage":"es","@id":"https:\/\/www.pressenza.com\/es\/2016\/09\/cascos-blancos-la-nueva-especie-predadores-humanitarios\/#primaryimage","url":"https:\/\/www.pressenza.com\/wp-content\/uploads\/2016\/09\/fsx531ci-690x450.jpg","contentUrl":"https:\/\/www.pressenza.com\/wp-content\/uploads\/2016\/09\/fsx531ci-690x450.jpg","width":690,"height":450},{"@type":"BreadcrumbList","@id":"https:\/\/www.pressenza.com\/es\/2016\/09\/cascos-blancos-la-nueva-especie-predadores-humanitarios\/#breadcrumb","itemListElement":[{"@type":"ListItem","position":1,"name":"Accueil","item":"https:\/\/www.pressenza.com\/es\/"},{"@type":"ListItem","position":2,"name":"Cascos Blancos: la nueva especie de predadores humanitarios"}]},{"@type":"WebSite","@id":"https:\/\/www.pressenza.com\/es\/#website","url":"https:\/\/www.pressenza.com\/es\/","name":"Pressenza","description":"International Press Agency","publisher":{"@id":"https:\/\/www.pressenza.com\/es\/#organization"},"potentialAction":[{"@type":"SearchAction","target":{"@type":"EntryPoint","urlTemplate":"https:\/\/www.pressenza.com\/es\/?s={search_term_string}"},"query-input":{"@type":"PropertyValueSpecification","valueRequired":true,"valueName":"search_term_string"}}],"inLanguage":"es"},{"@type":"Organization","@id":"https:\/\/www.pressenza.com\/es\/#organization","name":"Pressenza","url":"https:\/\/www.pressenza.com\/es\/","logo":{"@type":"ImageObject","inLanguage":"es","@id":"https:\/\/www.pressenza.com\/es\/#\/schema\/logo\/image\/","url":"https:\/\/www.pressenza.com\/wp-content\/uploads\/2022\/10\/pressenza_logo_200x200.jpg","contentUrl":"https:\/\/www.pressenza.com\/wp-content\/uploads\/2022\/10\/pressenza_logo_200x200.jpg","width":200,"height":200,"caption":"Pressenza"},"image":{"@id":"https:\/\/www.pressenza.com\/es\/#\/schema\/logo\/image\/"},"sameAs":["https:\/\/www.facebook.com\/PressenzaItalia","https:\/\/x.com\/PressenzaIPA"]},{"@type":"Person","@id":"https:\/\/www.pressenza.com\/es\/#\/schema\/person\/1ee3bb7a985d27eaf1e3aaad0bff7eb4","name":"Sibia Liria","description":"Siria: no ad un'altra Libia www.sibialiria.org\/","sameAs":["http:\/\/www.sibialiria.org\/"],"url":"https:\/\/www.pressenza.com\/es\/author\/sibia-liria\/"}]}},"place":"Madrid","original_article_url":"","_links":{"self":[{"href":"https:\/\/www.pressenza.com\/es\/wp-json\/wp\/v2\/posts\/367376","targetHints":{"allow":["GET"]}}],"collection":[{"href":"https:\/\/www.pressenza.com\/es\/wp-json\/wp\/v2\/posts"}],"about":[{"href":"https:\/\/www.pressenza.com\/es\/wp-json\/wp\/v2\/types\/post"}],"author":[{"embeddable":true,"href":"https:\/\/www.pressenza.com\/es\/wp-json\/wp\/v2\/users\/1026"}],"replies":[{"embeddable":true,"href":"https:\/\/www.pressenza.com\/es\/wp-json\/wp\/v2\/comments?post=367376"}],"version-history":[{"count":0,"href":"https:\/\/www.pressenza.com\/es\/wp-json\/wp\/v2\/posts\/367376\/revisions"}],"wp:featuredmedia":[{"embeddable":true,"href":"https:\/\/www.pressenza.com\/es\/wp-json\/wp\/v2\/media\/367379"}],"wp:attachment":[{"href":"https:\/\/www.pressenza.com\/es\/wp-json\/wp\/v2\/media?parent=367376"}],"wp:term":[{"taxonomy":"category","embeddable":true,"href":"https:\/\/www.pressenza.com\/es\/wp-json\/wp\/v2\/categories?post=367376"},{"taxonomy":"post_tag","embeddable":true,"href":"https:\/\/www.pressenza.com\/es\/wp-json\/wp\/v2\/tags?post=367376"}],"curies":[{"name":"wp","href":"https:\/\/api.w.org\/{rel}","templated":true}]}}