{"id":36661,"date":"2013-02-05T03:21:51","date_gmt":"2013-02-05T03:21:51","guid":{"rendered":"http:\/\/www.pressenza.com\/?p=36661"},"modified":"2013-02-05T03:21:51","modified_gmt":"2013-02-05T03:21:51","slug":"patrimonio-cultural","status":"publish","type":"post","link":"https:\/\/www.pressenza.com\/es\/2013\/02\/patrimonio-cultural\/","title":{"rendered":"Patrimonio cultural"},"content":{"rendered":"<p>La Escuela Taller de Artes y Oficios Ferm\u00edn Vivaceta, creada en el a\u00f1o 2010 en el Barrio Yungay<br \/>\nde Santiago, inaugur\u00f3 nueva sede para la recuperaci\u00f3n patrimonial de Valpara\u00edso.<\/p>\n<p>En el Cerro Monjas Bajo (Avenida Francia 994) de Valpara\u00edso, se firm\u00f3 el Convenio de<br \/>\nColaboraci\u00f3n entre la Fundaci\u00f3n Patrimonio Nuestro y el Centro Cultural Trafon que desarrolla<br \/>\nsus actividades en instalaciones de 8.000 metros cuadrados, con m\u00e1s de 100 a\u00f1os de<br \/>\nantig\u00fcedad y donde funcionaron los Talleres de Ford, se realiz\u00f3 esta importante ceremonia.<\/p>\n<p>Durante la actividad, la Fundaci\u00f3n Patrimonio Nuestro (de quien depende la Escuela Taller<br \/>\nde Artes y Oficios Ferm\u00edn Vivaceta), representada por Rosario Carvajal y el Centro Cultural<br \/>\nTrafon, representado por Rodrigo Letelier, acordaron la implementaci\u00f3n y desarrollo de<br \/>\ndiversas iniciativas sobre gesti\u00f3n del patrimonio en Santiago y Valpara\u00edso. Este esfuerzo se<br \/>\ncomplementa con la creaci\u00f3n, en el a\u00f1o 2011, de la Escuela Taller de Artes y Oficios Osvaldo<br \/>\nRam\u00edrez de La Serena.<\/p>\n<p>Las tres escuelas que dependen de la Fundaci\u00f3n Patrimonio Nuestro, son expresi\u00f3n de un<br \/>\ntrabajo permanente y sostenido, quienes desde la ciudadan\u00eda y ante la ausencia de pol\u00edticas<br \/>\np\u00fablicas en el tema, han tomado en sus manos la recuperaci\u00f3n de oficios, la formaci\u00f3n de<br \/>\nmano de obra capacitada y la recuperaci\u00f3n de Zonas Patrimoniales en el Barrio Yungay de<br \/>\nSantiago y las ciudades de la Serena y Valpara\u00edso.<\/p>\n<p>Con esta firma se iniciar\u00e1 un trabajo que pretende contribuir al rescate del patrimonio de<br \/>\nbarrios tradicionales de Chile, mediante el desarrollo de diversas iniciativas de formaci\u00f3n,<br \/>\ndifusi\u00f3n e intervenci\u00f3n, convirti\u00e9ndose en un activador del desarrollo patrimonial nacional y<br \/>\nen particular de la ciudad Patrimonio de la Humanidad.<\/p>\n<p>Ambas instituciones acordaron desarrollar un plan integral de formaci\u00f3n, difusi\u00f3n y puesta<br \/>\nen valor en diversos niveles, que permitan el rescate de oficios tradicionales relacionados a<br \/>\nla restauraci\u00f3n patrimonial y el mejoramiento de las instalaciones de funcionamiento que<br \/>\nconstituyen un verdadero patrimonio industrial. Adem\u00e1s organizar\u00e1n actividades de extensi\u00f3n<\/p>\n<p>que permitan potenciar el crecimiento y colaboraci\u00f3n mutua a trav\u00e9s de capacitaciones,<br \/>\nseminarios y eventos relacionados al desarrollo del patrimonio cultural del Cerro Monjas, el<br \/>\nbarrio y la comuna.<\/p>\n<p>Una de las primeras iniciativas que despegan este a\u00f1o en la ciudad puerto de Chile, es el taller<br \/>\nen T\u00e9cnicas de Construcci\u00f3n en Tierra, es la quinta capacitaci\u00f3n que realizar\u00e1 en Valpara\u00edso y<br \/>\nSantiago el maestro egresado de la Escuela Taller de Lima, Francisco Quispetera.<\/p>\n<p>Estas iniciativas son parte de las actividades que realiza la Red de Escuelas Taller de Am\u00e9rica<br \/>\nLatina y El Caribe y cuentan con el apoyo de la Uni\u00f3n Europea.<\/p>\n<p>PROGRAMACI\u00d3N<\/p>\n<p>VALPARA\u00cdSO<\/p>\n<p>Fecha: Viernes 8, s\u00e1bado 9 y domingo 10 de febrero de 2013<br \/>\nDuraci\u00f3n: 15 horas pedag\u00f3gicas<\/p>\n<p>Horarios:<br \/>\nViernes 8 de 18 a 21 horas<br \/>\nS\u00e1bado 9 de 10 a 18 horas.<br \/>\nDomingo 10 de 10 a 13 horas.<\/p>\n<p>Lugar: Avenida Francia 994, Cerro Monjas, Valpara\u00edso.<\/p>\n<p>Valor: 20.000 pesos<\/p>\n<p>Organiza: Fundaci\u00f3n Patrimonio Nuestro<\/p>\n<p>Produce: Centro Cultural y Deportivo Traf<\/p>\n<p>SANTIAGO<\/p>\n<p>Fecha: lunes 11, martes 12 y mi\u00e9rcoles 13 de febrero de 2013<\/p>\n<p>Horario:<br \/>\nLunes 11 de 18 a 21 horas<br \/>\nMartes 12 de 10 a 14:15 horas.<br \/>\nMi\u00e9rcoles 13 de 10 a 14:15 horas.<\/p>\n<p>Lugar clase te\u00f3rica lunes 11: Hu\u00e9rfanos 2917 (Sede Junta de Vecinos Barrio Yungay)<br \/>\nLas clases pr\u00e1cticas se realizar\u00e1n en casa de adobe del Barrio Yungay<br \/>\nValor: 30.000 pesos<\/p>\n<p>Inscripciones desde el lunes 4 de febrero al Viernes 8 de febrero de 2013, escribiendo al<br \/>\ncorreo:escuelatallerbarrioyungay@gmail.com y\/o fono<br \/>\n9-7584647<\/p>\n<p>Invita:<br \/>\nEscuela Taller de Artes y Oficios Ferm\u00edn Vivaceta<br \/>\nFundaci\u00f3n Patrimonio Nuestro<br \/>\nCentro Cultural El Sitio de Yungay<br \/>\nCentro Cultural y Deportivo Trafon<\/p>\n<p>Patrocina:<br \/>\nJunta de Vecinos Barrio Yungay<br \/>\nVecinos por la Defensa del Barrio Yungay<\/p>\n<p>www.patrimonionuestro.cl \/ www.elsitiodeyungay.cl<\/p>\n","protected":false},"excerpt":{"rendered":"<p>La Escuela Taller de Artes y Oficios Ferm\u00edn Vivaceta, creada en el a\u00f1o 2010 en el Barrio Yungay de Santiago, inaugur\u00f3 nueva sede para la recuperaci\u00f3n patrimonial de Valpara\u00edso. En el Cerro Monjas Bajo (Avenida Francia 994) de Valpara\u00edso, se&hellip;<\/p>\n","protected":false},"author":879,"featured_media":36662,"comment_status":"closed","ping_status":"open","sticky":false,"template":"","format":"standard","meta":{"footnotes":""},"categories":[75,67],"tags":[336],"class_list":["post-36661","post","type-post","status-publish","format-standard","has-post-thumbnail","hentry","category-cultura-es","category-sudamerica","tag-cultura-2"],"yoast_head":"<!-- This site is optimized with the Yoast SEO plugin v27.1.1 - https:\/\/yoast.com\/product\/yoast-seo-wordpress\/ -->\n<title>Patrimonio cultural<\/title>\n<meta name=\"description\" content=\"La Escuela Taller de Artes y Oficios Ferm\u00edn Vivaceta, creada en el a\u00f1o 2010 en el Barrio Yungay de Santiago, inaugur\u00f3 nueva sede para la recuperaci\u00f3n\" \/>\n<meta name=\"robots\" content=\"index, follow, max-snippet:-1, max-image-preview:large, max-video-preview:-1\" \/>\n<link rel=\"canonical\" href=\"https:\/\/www.pressenza.com\/es\/2013\/02\/patrimonio-cultural\/\" \/>\n<meta property=\"og:locale\" content=\"es_ES\" \/>\n<meta property=\"og:type\" content=\"article\" \/>\n<meta property=\"og:title\" content=\"Patrimonio cultural\" \/>\n<meta property=\"og:description\" content=\"La Escuela Taller de Artes y Oficios Ferm\u00edn Vivaceta, creada en el a\u00f1o 2010 en el Barrio Yungay de Santiago, inaugur\u00f3 nueva sede para la recuperaci\u00f3n\" \/>\n<meta property=\"og:url\" content=\"https:\/\/www.pressenza.com\/es\/2013\/02\/patrimonio-cultural\/\" \/>\n<meta property=\"og:site_name\" content=\"Pressenza\" \/>\n<meta property=\"article:publisher\" content=\"https:\/\/www.facebook.com\/PressenzaItalia\" \/>\n<meta property=\"article:published_time\" content=\"2013-02-05T03:21:51+00:00\" \/>\n<meta property=\"og:image\" content=\"https:\/\/www.pressenza.com\/wp-content\/uploads\/2013\/02\/inauguraetv.jpg\" \/>\n\t<meta property=\"og:image:width\" content=\"400\" \/>\n\t<meta property=\"og:image:height\" content=\"300\" \/>\n\t<meta property=\"og:image:type\" content=\"image\/jpeg\" \/>\n<meta name=\"author\" content=\"Juan Carlos Cartagena\" \/>\n<meta name=\"twitter:card\" content=\"summary_large_image\" \/>\n<meta name=\"twitter:creator\" content=\"@PressenzaIPA\" \/>\n<meta name=\"twitter:site\" content=\"@PressenzaIPA\" \/>\n<meta name=\"twitter:label1\" content=\"Escrito por\" \/>\n\t<meta name=\"twitter:data1\" content=\"Juan Carlos Cartagena\" \/>\n\t<meta name=\"twitter:label2\" content=\"Tiempo de lectura\" \/>\n\t<meta name=\"twitter:data2\" content=\"3 minutos\" \/>\n<script type=\"application\/ld+json\" class=\"yoast-schema-graph\">{\"@context\":\"https:\/\/schema.org\",\"@graph\":[{\"@type\":\"Article\",\"@id\":\"https:\/\/www.pressenza.com\/es\/2013\/02\/patrimonio-cultural\/#article\",\"isPartOf\":{\"@id\":\"https:\/\/www.pressenza.com\/es\/2013\/02\/patrimonio-cultural\/\"},\"author\":{\"name\":\"Juan Carlos Cartagena\",\"@id\":\"https:\/\/www.pressenza.com\/es\/#\/schema\/person\/6fb329c5ac40eb86f5a4a46692a9a3f0\"},\"headline\":\"Patrimonio cultural\",\"datePublished\":\"2013-02-05T03:21:51+00:00\",\"mainEntityOfPage\":{\"@id\":\"https:\/\/www.pressenza.com\/es\/2013\/02\/patrimonio-cultural\/\"},\"wordCount\":636,\"publisher\":{\"@id\":\"https:\/\/www.pressenza.com\/es\/#organization\"},\"image\":{\"@id\":\"https:\/\/www.pressenza.com\/es\/2013\/02\/patrimonio-cultural\/#primaryimage\"},\"thumbnailUrl\":\"https:\/\/www.pressenza.com\/wp-content\/uploads\/2013\/02\/inauguraetv.jpg\",\"keywords\":[\"cultura\"],\"articleSection\":[\"Cultura y Medios\",\"Sudam\u00e9rica\"],\"inLanguage\":\"es\"},{\"@type\":\"WebPage\",\"@id\":\"https:\/\/www.pressenza.com\/es\/2013\/02\/patrimonio-cultural\/\",\"url\":\"https:\/\/www.pressenza.com\/es\/2013\/02\/patrimonio-cultural\/\",\"name\":\"Patrimonio cultural\",\"isPartOf\":{\"@id\":\"https:\/\/www.pressenza.com\/es\/#website\"},\"primaryImageOfPage\":{\"@id\":\"https:\/\/www.pressenza.com\/es\/2013\/02\/patrimonio-cultural\/#primaryimage\"},\"image\":{\"@id\":\"https:\/\/www.pressenza.com\/es\/2013\/02\/patrimonio-cultural\/#primaryimage\"},\"thumbnailUrl\":\"https:\/\/www.pressenza.com\/wp-content\/uploads\/2013\/02\/inauguraetv.jpg\",\"datePublished\":\"2013-02-05T03:21:51+00:00\",\"description\":\"La Escuela Taller de Artes y Oficios Ferm\u00edn Vivaceta, creada en el a\u00f1o 2010 en el Barrio Yungay de Santiago, inaugur\u00f3 nueva sede para la recuperaci\u00f3n\",\"breadcrumb\":{\"@id\":\"https:\/\/www.pressenza.com\/es\/2013\/02\/patrimonio-cultural\/#breadcrumb\"},\"inLanguage\":\"es\",\"potentialAction\":[{\"@type\":\"ReadAction\",\"target\":[\"https:\/\/www.pressenza.com\/es\/2013\/02\/patrimonio-cultural\/\"]}]},{\"@type\":\"ImageObject\",\"inLanguage\":\"es\",\"@id\":\"https:\/\/www.pressenza.com\/es\/2013\/02\/patrimonio-cultural\/#primaryimage\",\"url\":\"https:\/\/www.pressenza.com\/wp-content\/uploads\/2013\/02\/inauguraetv.jpg\",\"contentUrl\":\"https:\/\/www.pressenza.com\/wp-content\/uploads\/2013\/02\/inauguraetv.jpg\",\"width\":\"400\",\"height\":\"300\",\"caption\":\"Escuela Taller de Artes y Oficios Ferm\u00edn Vivaceta\"},{\"@type\":\"BreadcrumbList\",\"@id\":\"https:\/\/www.pressenza.com\/es\/2013\/02\/patrimonio-cultural\/#breadcrumb\",\"itemListElement\":[{\"@type\":\"ListItem\",\"position\":1,\"name\":\"Accueil\",\"item\":\"https:\/\/www.pressenza.com\/es\/\"},{\"@type\":\"ListItem\",\"position\":2,\"name\":\"Patrimonio cultural\"}]},{\"@type\":\"WebSite\",\"@id\":\"https:\/\/www.pressenza.com\/es\/#website\",\"url\":\"https:\/\/www.pressenza.com\/es\/\",\"name\":\"Pressenza\",\"description\":\"International Press Agency\",\"publisher\":{\"@id\":\"https:\/\/www.pressenza.com\/es\/#organization\"},\"potentialAction\":[{\"@type\":\"SearchAction\",\"target\":{\"@type\":\"EntryPoint\",\"urlTemplate\":\"https:\/\/www.pressenza.com\/es\/?s={search_term_string}\"},\"query-input\":{\"@type\":\"PropertyValueSpecification\",\"valueRequired\":true,\"valueName\":\"search_term_string\"}}],\"inLanguage\":\"es\"},{\"@type\":\"Organization\",\"@id\":\"https:\/\/www.pressenza.com\/es\/#organization\",\"name\":\"Pressenza\",\"url\":\"https:\/\/www.pressenza.com\/es\/\",\"logo\":{\"@type\":\"ImageObject\",\"inLanguage\":\"es\",\"@id\":\"https:\/\/www.pressenza.com\/es\/#\/schema\/logo\/image\/\",\"url\":\"https:\/\/www.pressenza.com\/wp-content\/uploads\/2022\/10\/pressenza_logo_200x200.jpg\",\"contentUrl\":\"https:\/\/www.pressenza.com\/wp-content\/uploads\/2022\/10\/pressenza_logo_200x200.jpg\",\"width\":200,\"height\":200,\"caption\":\"Pressenza\"},\"image\":{\"@id\":\"https:\/\/www.pressenza.com\/es\/#\/schema\/logo\/image\/\"},\"sameAs\":[\"https:\/\/www.facebook.com\/PressenzaItalia\",\"https:\/\/x.com\/PressenzaIPA\"]},{\"@type\":\"Person\",\"@id\":\"https:\/\/www.pressenza.com\/es\/#\/schema\/person\/6fb329c5ac40eb86f5a4a46692a9a3f0\",\"name\":\"Juan Carlos Cartagena\",\"description\":\"Juan Carlos Cartagena Pozo es Periodista Participa del Centro de Iniciativas Econ\u00f3micas (CIE) Municipalidad de Huechuraba\",\"url\":\"https:\/\/www.pressenza.com\/es\/author\/juan-carlos-cartagena\/\"}]}<\/script>\n<!-- \/ Yoast SEO plugin. -->","yoast_head_json":{"title":"Patrimonio cultural","description":"La Escuela Taller de Artes y Oficios Ferm\u00edn Vivaceta, creada en el a\u00f1o 2010 en el Barrio Yungay de Santiago, inaugur\u00f3 nueva sede para la recuperaci\u00f3n","robots":{"index":"index","follow":"follow","max-snippet":"max-snippet:-1","max-image-preview":"max-image-preview:large","max-video-preview":"max-video-preview:-1"},"canonical":"https:\/\/www.pressenza.com\/es\/2013\/02\/patrimonio-cultural\/","og_locale":"es_ES","og_type":"article","og_title":"Patrimonio cultural","og_description":"La Escuela Taller de Artes y Oficios Ferm\u00edn Vivaceta, creada en el a\u00f1o 2010 en el Barrio Yungay de Santiago, inaugur\u00f3 nueva sede para la recuperaci\u00f3n","og_url":"https:\/\/www.pressenza.com\/es\/2013\/02\/patrimonio-cultural\/","og_site_name":"Pressenza","article_publisher":"https:\/\/www.facebook.com\/PressenzaItalia","article_published_time":"2013-02-05T03:21:51+00:00","og_image":[{"width":400,"height":300,"url":"https:\/\/www.pressenza.com\/wp-content\/uploads\/2013\/02\/inauguraetv.jpg","type":"image\/jpeg"}],"author":"Juan Carlos Cartagena","twitter_card":"summary_large_image","twitter_creator":"@PressenzaIPA","twitter_site":"@PressenzaIPA","twitter_misc":{"Escrito por":"Juan Carlos Cartagena","Tiempo de lectura":"3 minutos"},"schema":{"@context":"https:\/\/schema.org","@graph":[{"@type":"Article","@id":"https:\/\/www.pressenza.com\/es\/2013\/02\/patrimonio-cultural\/#article","isPartOf":{"@id":"https:\/\/www.pressenza.com\/es\/2013\/02\/patrimonio-cultural\/"},"author":{"name":"Juan Carlos Cartagena","@id":"https:\/\/www.pressenza.com\/es\/#\/schema\/person\/6fb329c5ac40eb86f5a4a46692a9a3f0"},"headline":"Patrimonio cultural","datePublished":"2013-02-05T03:21:51+00:00","mainEntityOfPage":{"@id":"https:\/\/www.pressenza.com\/es\/2013\/02\/patrimonio-cultural\/"},"wordCount":636,"publisher":{"@id":"https:\/\/www.pressenza.com\/es\/#organization"},"image":{"@id":"https:\/\/www.pressenza.com\/es\/2013\/02\/patrimonio-cultural\/#primaryimage"},"thumbnailUrl":"https:\/\/www.pressenza.com\/wp-content\/uploads\/2013\/02\/inauguraetv.jpg","keywords":["cultura"],"articleSection":["Cultura y Medios","Sudam\u00e9rica"],"inLanguage":"es"},{"@type":"WebPage","@id":"https:\/\/www.pressenza.com\/es\/2013\/02\/patrimonio-cultural\/","url":"https:\/\/www.pressenza.com\/es\/2013\/02\/patrimonio-cultural\/","name":"Patrimonio cultural","isPartOf":{"@id":"https:\/\/www.pressenza.com\/es\/#website"},"primaryImageOfPage":{"@id":"https:\/\/www.pressenza.com\/es\/2013\/02\/patrimonio-cultural\/#primaryimage"},"image":{"@id":"https:\/\/www.pressenza.com\/es\/2013\/02\/patrimonio-cultural\/#primaryimage"},"thumbnailUrl":"https:\/\/www.pressenza.com\/wp-content\/uploads\/2013\/02\/inauguraetv.jpg","datePublished":"2013-02-05T03:21:51+00:00","description":"La Escuela Taller de Artes y Oficios Ferm\u00edn Vivaceta, creada en el a\u00f1o 2010 en el Barrio Yungay de Santiago, inaugur\u00f3 nueva sede para la recuperaci\u00f3n","breadcrumb":{"@id":"https:\/\/www.pressenza.com\/es\/2013\/02\/patrimonio-cultural\/#breadcrumb"},"inLanguage":"es","potentialAction":[{"@type":"ReadAction","target":["https:\/\/www.pressenza.com\/es\/2013\/02\/patrimonio-cultural\/"]}]},{"@type":"ImageObject","inLanguage":"es","@id":"https:\/\/www.pressenza.com\/es\/2013\/02\/patrimonio-cultural\/#primaryimage","url":"https:\/\/www.pressenza.com\/wp-content\/uploads\/2013\/02\/inauguraetv.jpg","contentUrl":"https:\/\/www.pressenza.com\/wp-content\/uploads\/2013\/02\/inauguraetv.jpg","width":"400","height":"300","caption":"Escuela Taller de Artes y Oficios Ferm\u00edn Vivaceta"},{"@type":"BreadcrumbList","@id":"https:\/\/www.pressenza.com\/es\/2013\/02\/patrimonio-cultural\/#breadcrumb","itemListElement":[{"@type":"ListItem","position":1,"name":"Accueil","item":"https:\/\/www.pressenza.com\/es\/"},{"@type":"ListItem","position":2,"name":"Patrimonio cultural"}]},{"@type":"WebSite","@id":"https:\/\/www.pressenza.com\/es\/#website","url":"https:\/\/www.pressenza.com\/es\/","name":"Pressenza","description":"International Press Agency","publisher":{"@id":"https:\/\/www.pressenza.com\/es\/#organization"},"potentialAction":[{"@type":"SearchAction","target":{"@type":"EntryPoint","urlTemplate":"https:\/\/www.pressenza.com\/es\/?s={search_term_string}"},"query-input":{"@type":"PropertyValueSpecification","valueRequired":true,"valueName":"search_term_string"}}],"inLanguage":"es"},{"@type":"Organization","@id":"https:\/\/www.pressenza.com\/es\/#organization","name":"Pressenza","url":"https:\/\/www.pressenza.com\/es\/","logo":{"@type":"ImageObject","inLanguage":"es","@id":"https:\/\/www.pressenza.com\/es\/#\/schema\/logo\/image\/","url":"https:\/\/www.pressenza.com\/wp-content\/uploads\/2022\/10\/pressenza_logo_200x200.jpg","contentUrl":"https:\/\/www.pressenza.com\/wp-content\/uploads\/2022\/10\/pressenza_logo_200x200.jpg","width":200,"height":200,"caption":"Pressenza"},"image":{"@id":"https:\/\/www.pressenza.com\/es\/#\/schema\/logo\/image\/"},"sameAs":["https:\/\/www.facebook.com\/PressenzaItalia","https:\/\/x.com\/PressenzaIPA"]},{"@type":"Person","@id":"https:\/\/www.pressenza.com\/es\/#\/schema\/person\/6fb329c5ac40eb86f5a4a46692a9a3f0","name":"Juan Carlos Cartagena","description":"Juan Carlos Cartagena Pozo es Periodista Participa del Centro de Iniciativas Econ\u00f3micas (CIE) Municipalidad de Huechuraba","url":"https:\/\/www.pressenza.com\/es\/author\/juan-carlos-cartagena\/"}]}},"place":"Santiago de Chile","original_article_url":"","_links":{"self":[{"href":"https:\/\/www.pressenza.com\/es\/wp-json\/wp\/v2\/posts\/36661","targetHints":{"allow":["GET"]}}],"collection":[{"href":"https:\/\/www.pressenza.com\/es\/wp-json\/wp\/v2\/posts"}],"about":[{"href":"https:\/\/www.pressenza.com\/es\/wp-json\/wp\/v2\/types\/post"}],"author":[{"embeddable":true,"href":"https:\/\/www.pressenza.com\/es\/wp-json\/wp\/v2\/users\/879"}],"replies":[{"embeddable":true,"href":"https:\/\/www.pressenza.com\/es\/wp-json\/wp\/v2\/comments?post=36661"}],"version-history":[{"count":0,"href":"https:\/\/www.pressenza.com\/es\/wp-json\/wp\/v2\/posts\/36661\/revisions"}],"wp:featuredmedia":[{"embeddable":true,"href":"https:\/\/www.pressenza.com\/es\/wp-json\/wp\/v2\/media\/36662"}],"wp:attachment":[{"href":"https:\/\/www.pressenza.com\/es\/wp-json\/wp\/v2\/media?parent=36661"}],"wp:term":[{"taxonomy":"category","embeddable":true,"href":"https:\/\/www.pressenza.com\/es\/wp-json\/wp\/v2\/categories?post=36661"},{"taxonomy":"post_tag","embeddable":true,"href":"https:\/\/www.pressenza.com\/es\/wp-json\/wp\/v2\/tags?post=36661"}],"curies":[{"name":"wp","href":"https:\/\/api.w.org\/{rel}","templated":true}]}}