{"id":366529,"date":"2016-09-08T04:12:49","date_gmt":"2016-09-08T03:12:49","guid":{"rendered":"http:\/\/www.pressenza.com\/es\/?p=366529"},"modified":"2016-09-08T04:15:06","modified_gmt":"2016-09-08T03:15:06","slug":"el-fmi-confiesa-que-inmolo-a-grecia-en-nombre-del-eurogrupo-2","status":"publish","type":"post","link":"https:\/\/www.pressenza.com\/es\/2016\/09\/el-fmi-confiesa-que-inmolo-a-grecia-en-nombre-del-eurogrupo-2\/","title":{"rendered":"El FMI confiesa que inmol\u00f3 a Grecia en nombre del Eurogrupo"},"content":{"rendered":"<p style=\"text-align: justify;\"><strong>Por\u00a0<\/strong><a href=\"https:\/\/diem25.org\/fr\/author\/yanis\/\"><strong>Yanis Varoufakis<\/strong><\/a><\/p>\n<p style=\"text-align: justify;\">Esta semana [5-9\/08\/2016. NDR] comenz\u00f3 con un debate en el Parlamento griego convocado por la oposici\u00f3n oficial (los principales animadores de la troika, pero no los \u00fanicos, en el interior de Grecia), teniendo por objetivo final inculparme por haber osado enfrentar a la troika cuando fui ministro de finanzas durante los seis primeros meses de 2015. La troika, que hab\u00eda organizado un p\u00e1nico bancario antes de que me trasladara al ministerio, que me hab\u00eda amenazado con el cierre de los bancos tres d\u00edas despu\u00e9s de que asumiera mi cargo ministerial, y que hab\u00eda procedido al cierre de nuestros bancos, hab\u00eda decidido actualmente acusarme de&#8230; haber cerrado los bancos y de haber impuesto el control de capitales. Como todo buen hostigador, la troika se mostr\u00f3 inmediatamente dispuesta a culpar a sus v\u00edctimas, y a ofender y vilipendiar a quienes se atrevieran a resistir a su brutalidad.<\/p>\n<p style=\"text-align: justify;\">Mi reacci\u00f3n a las acusaciones de la troika y a la amenaza de arrastrarme a una investigaci\u00f3n judicial fue simple: \u201c\u00a1adelante!\u201d, \u201clos afrontar\u00e9\u201d, los desafi\u00e9, \u201cen la arena que ustedes elijan: en un anfiteatro, en un panel de televisi\u00f3n, \u00a1hasta en una corte de justicia!\u201d. Finalmente se desinflaron y la moci\u00f3n parlamentaria fue rechazada cuando algunos de ellos (un peque\u00f1o partido que normalmente se somete a la troika) tomaron la decisi\u00f3n estrat\u00e9gica de votar contra ella.<\/p>\n<p style=\"text-align: justify;\">Luego, para perfeccionar la paliza propinada esta semana a la troika, se public\u00f3\u00a0<a href=\"http:\/\/www.ieo-imf.org\/ieo\/pages\/CompletedEvaluation267.aspx\">el informe de la Oficina de Evaluaci\u00f3n Independiente del FMI<\/a>\u00a0(OEI). Es una evaluaci\u00f3n brutal que no deja ning\u00fan lugar a dudas acerca de la teor\u00eda econ\u00f3mica trivial y a la diplomacia de artiller\u00eda que utiliza la troika. Ese informe pone en aprietos al FMI, al BCE y a la Comisi\u00f3n: o recuperan un m\u00ednimo de su legitimidad admitiendo sus errores y despidiendo a quienes tienen la mayor responsabilidad en este asunto, o no hacen nada, intensificando el descontento de los ciudadanos europeos con la UE, acelerando de este modo la deconstrucci\u00f3n de esta \u00faltima.<\/p>\n<p style=\"text-align: justify;\">Cuando era ministro, ocupado en negociar con esta clase de individuos, la prensa pro-troika (o mejor dicho, la prensa dependiente de la troika) afirmaba que yo era no era digno para conducir estas negociaciones porque me hab\u00eda atrevido a insinuar que de 2010 a 2014, el FMI, el BCE y la Comisi\u00f3n hab\u00edan sometido a Grecia al ahogamiento fiscal, provocando una Gran Depresi\u00f3n in\u00fatil como consecuencia de su imposici\u00f3n violenta de pol\u00edticas macroecon\u00f3micas incompetentes. Los medios del <em>establishment<\/em> afirmaban que el ministro de finanzas de una peque\u00f1a naci\u00f3n en quiebra, sometida a simulaciones de ahogamiento fiscal por los funcionarios de la todopoderosa troika, no pod\u00eda permitirse decir, en p\u00fablico o en privado, que esta peque\u00f1a naci\u00f3n en bancarrota estaba siendo ahogada.<\/p>\n<p style=\"text-align: justify;\">Mi respuesta fue que hab\u00edamos intentado el silencio y la obediencia de 2010 a 2014. \u00bfResultado? Una p\u00e9rdida de 28\u00a0% de la renta nacional, y las uvas de la ira que \u201c\u2026crec\u00edan y crec\u00edan y se hac\u00edan cada vez m\u00e1s pesadas para la vendimia\u201d. Era el momento de proponer a la troika contrapropuestas moderadas, racionales, al mismo tiempo que se rechazaba seguir agachando la cabeza ante sus t\u00e1cticas de prolongar y \u201chacer como si nada\u201d. Nunca me perdonaron por haber adoptado esa postura.<\/p>\n<p style=\"text-align: justify;\">Un a\u00f1o despu\u00e9s de que la troika logr\u00f3 que me eyectaran del gobierno griego, convenciendo a Alexis Tsipras para que capitule ante ellos en contra de los deseos del 62\u00a0% de los electores griegos, la \u201coficina de asuntos internos\u201d del FMI ahora confirma que mi posici\u00f3n estaba completamente justificada y no err\u00f3nea o poco diplom\u00e1tica. En su <a href=\"http:\/\/www.telegraph.co.uk\/business\/2016\/07\/28\/imf-admits-disastrous-love-affair-with-euro-apologises-for-the-i\/\">art\u00edculo del 29 de julio en el Daily Telegraph<\/a>, Ambrose Evans-Pritcher dijo lo siguiente a prop\u00f3sito del informe de la Oficina de Evaluaci\u00f3n Independiente del FMI:<\/p>\n<p style=\"text-align: justify;\">Un subinforme sobre la saga griega revel\u00f3 que el pa\u00eds fue obligado a someterse a una austeridad demoledora, equivalente al 11 % del PIB en los tres primeros a\u00f1os. Esto dispar\u00f3 una espiral descendente retroalimentada. Mientras m\u00e1s se degradaba la situaci\u00f3n, m\u00e1s se forzaba a Grecia a hacer recortes, lo que el ex ministro de finanzas Yanis Varoufakis denomin\u00f3 \u201csimulaci\u00f3n de ahogamiento fiscal\u201d. (Ver m\u00e1s abajo las citas pertinentes del texto de Evans-Pritchard).<\/p>\n<p style=\"text-align: justify;\">Ahora, la pregunta es: \u00bfqu\u00e9 viene despu\u00e9s?<\/p>\n<ul style=\"text-align: justify;\">\n<li>\u00bfDe qu\u00e9 sirve recibir un mea culpa, si las pol\u00edticas impuestas al gobierno griego son las mismas por las que se public\u00f3 un mea culpa?<\/li>\n<li>\u00bfDe qu\u00e9 sirve tener un mea culpa si los funcionarios que impusieron pol\u00edticas tan desastrosas e inhumanas siguen en el cargo y de hecho son promovidos como recompensa por su obscena incompetencia?<\/li>\n<\/ul>\n<p style=\"text-align: justify;\">Para resumir, es urgente que se pidan disculpas al pueblo griego, no solo de parte del FMI sino tambi\u00e9n de parte del BCE y de la Comisi\u00f3n, cuyos funcionarios alentaron al FMI a proceder al ahogamiento fiscal de Grecia. Pero las disculpas y un mea culpa colectivo de parte de la troika ser\u00edan lamentablemente insuficientes. Esto debe ir acompa\u00f1ado de la dimisi\u00f3n inmediata de al menos tres funcionarios.<\/p>\n<p style=\"text-align: justify;\">El primero de la lista es el se\u00f1or Poul Thomsen \u2013jefe de la primera misi\u00f3n del FMI en Grecia, cuyo fracaso rotundo (seg\u00fan los propios informes del FMI, nunca antes un jefe de misi\u00f3n hab\u00eda conducido a un peor desastre macroecon\u00f3mico) llev\u00f3 a su ascenso al puesto de Responsable para Europa en el FMI. El segundo, muy cercano del primero de esta lista, es el se\u00f1or Thomas Wieser, presidente del EuroWorkingGroup, que estuvo implicado en todas las pol\u00edticas y en todos los golpes que condujeron a la inmolaci\u00f3n de Grecia y la ignominia de Europa, quien ser\u00e1, es de esperar, acompa\u00f1ado en su retiro por el se\u00f1or Declan Costello, cuyas huellas dactilares se encuentran por todas partes en los instrumentos utilizados para la simulaci\u00f3n de ahogamiento fiscal. Y, por \u00faltimo, un caballero que mis amigos irlandeses conocen demasiado bien: el se\u00f1or Klaus Masuch del BCE.<\/p>\n<p style=\"text-align: justify;\">Por \u00faltimo, y lo m\u00e1s importante, esas disculpas y esos licenciamientos no servir\u00e1n para nada si no van seguidos de un giro completo de las pol\u00edticas macroecon\u00f3micas, fiscales y de las reformas aplicadas en Grecia y m\u00e1s all\u00e1.<\/p>\n<p style=\"text-align: justify;\">\u00bfAcaso se producir\u00e1 al menos uno de estos elementos? \u00bfO el informe de la Oficina de Evaluaci\u00f3n Independiente del FMI no har\u00e1 m\u00e1s que iluminar el cielo un instante, antes de pasar r\u00e1pidamente al olvido? Los presagiosas se inclinan por lo segundo. En ese caso, las oportunidades de la UE de recuperar la confianza de sus ciudadanos, oportunidades desde ya bastante m\u00ednimas, se escurrir\u00e1n como arena entre los dedos de nuestros dirigentes.<\/p>\n<p style=\"text-align: justify;\"><u>Citas suplementarias del \u00a0<\/u><a href=\"http:\/\/www.telegraph.co.uk\/business\/2016\/07\/28\/imf-admits-disastrous-love-affair-with-euro-apologises-for-the-i\/\">texto de Evans-Pritchard<\/a><\/p>\n<p style=\"text-align: justify;\">\u201cEl informe de la Oficina de Evaluaci\u00f3n Independiente del FMI (OEI) est\u00e1 por encima de la cabeza de su directora, Christine Lagarde. Responde \u00fanicamente a la junta de directores ejecutivos, y los directores ejecutivos de Asia y de Am\u00e9rica Latina est\u00e1n claramente enfurecidos por la manera en que unos iniciados de la UE utilizaron el Fondo para rescatar su propia y opulenta uni\u00f3n monetaria y su sistema bancario\u201d.<\/p>\n<p style=\"text-align: justify;\">\u201cSi las acciones del Fondo fueron comprensibles en el momento crucial de la crisis, la dura realidad es que el programa de rescate sacrific\u00f3 a Grecia en una acci\u00f3n de \u201cpuesta en espera\u201d destinada a rescatar al euro y a los bancos del norte de Europa. Grecia soport\u00f3 el tradicional golpe de austeridad del FMI, sin las medicinas de compensaci\u00f3n del FMI que son la reducci\u00f3n de la deuda y la devaluaci\u00f3n monetaria para restablecer la viabilidad del pa\u00eds\u201d.<\/p>\n<p style=\"text-align: justify;\">\u201cLos m\u00e1ximos ejecutivos del FMI enga\u00f1aron a su propia junta de directores, cometieron una serie de errores de juicio calamitosos en Grecia, se convirtieron en defensores entusiastas del proyecto euro, ignoraron las se\u00f1ales que advert\u00edan el desencadenamiento inminente de una crisis y fracasaron colectivamente en el manejo de un concepto elemental de la teor\u00eda de divisas\u201d.<\/p>\n<p style=\"text-align: justify;\">\u201cSe prepararon numerosos documentos por fuera de los canales oficiales conocidos. La documentaci\u00f3n escrita sobre ciertos temas sensibles no se pudo localizar\u201d.<\/p>\n<p style=\"text-align: justify;\">\u201cEl informe de la OEI describe una \u201ccultura de complacencia\u201d, propensa a producir an\u00e1lisis \u201csuperficiales y mec\u00e1nicos\u201d, y rastrea un colapso impactante en la gesti\u00f3n p\u00fablica del FMI, dejando una imagen borrosa donde no se distingue qui\u00e9n dirige en \u00faltima instancia esta organizaci\u00f3n extremadamente poderosa\u201d.<\/p>\n","protected":false},"excerpt":{"rendered":"<p>Por\u00a0Yanis Varoufakis Esta semana [5-9\/08\/2016. NDR] comenz\u00f3 con un debate en el Parlamento griego convocado por la oposici\u00f3n oficial (los principales animadores de la troika, pero no los \u00fanicos, en el interior de Grecia), teniendo por objetivo final inculparme por&hellip;<\/p>\n","protected":false},"author":926,"featured_media":349028,"comment_status":"closed","ping_status":"closed","sticky":false,"template":"","format":"standard","meta":{"footnotes":""},"categories":[149,66,39,74],"tags":[516,1346],"class_list":["post-366529","post","type-post","status-publish","format-standard","has-post-thumbnail","hentry","category-comunicados-de-prensa","category-europa-es","category-internacional","category-politica-es","tag-fmi","tag-grecia-es"],"yoast_head":"<!-- This site is optimized with the Yoast SEO plugin v27.1.1 - https:\/\/yoast.com\/product\/yoast-seo-wordpress\/ -->\n<title>El FMI confiesa que inmol\u00f3 a Grecia en nombre del Eurogrupo<\/title>\n<meta name=\"description\" content=\"Por\u00a0Yanis Varoufakis Esta semana comenz\u00f3 con un debate en el Parlamento griego convocado por la oposici\u00f3n oficial (los principales animadores de la\" \/>\n<meta name=\"robots\" content=\"index, follow, max-snippet:-1, max-image-preview:large, max-video-preview:-1\" \/>\n<link rel=\"canonical\" href=\"https:\/\/www.pressenza.com\/es\/2016\/09\/el-fmi-confiesa-que-inmolo-a-grecia-en-nombre-del-eurogrupo-2\/\" \/>\n<meta property=\"og:locale\" content=\"es_ES\" \/>\n<meta property=\"og:type\" content=\"article\" \/>\n<meta property=\"og:title\" content=\"El FMI confiesa que inmol\u00f3 a Grecia en nombre del Eurogrupo\" \/>\n<meta property=\"og:description\" content=\"Por\u00a0Yanis Varoufakis Esta semana comenz\u00f3 con un debate en el Parlamento griego convocado por la oposici\u00f3n oficial (los principales animadores de la\" \/>\n<meta property=\"og:url\" content=\"https:\/\/www.pressenza.com\/es\/2016\/09\/el-fmi-confiesa-que-inmolo-a-grecia-en-nombre-del-eurogrupo-2\/\" \/>\n<meta property=\"og:site_name\" content=\"Pressenza\" \/>\n<meta property=\"article:publisher\" content=\"https:\/\/www.facebook.com\/PressenzaItalia\" \/>\n<meta property=\"article:published_time\" content=\"2016-09-08T03:12:49+00:00\" \/>\n<meta property=\"article:modified_time\" content=\"2016-09-08T03:15:06+00:00\" \/>\n<meta property=\"og:image\" content=\"https:\/\/www.pressenza.com\/wp-content\/uploads\/2016\/08\/Le-FMI-avoue-avoir-immol---la-Gr--ce-pour-le-compte-de-l---Eurogroupe.jpg\" \/>\n\t<meta property=\"og:image:width\" content=\"764\" \/>\n\t<meta property=\"og:image:height\" content=\"509\" \/>\n\t<meta property=\"og:image:type\" content=\"image\/jpeg\" \/>\n<meta name=\"author\" content=\"R\u00e9daction France\" \/>\n<meta name=\"twitter:card\" content=\"summary_large_image\" \/>\n<meta name=\"twitter:creator\" content=\"@PressenzaIPA\" \/>\n<meta name=\"twitter:site\" content=\"@PressenzaIPA\" \/>\n<meta name=\"twitter:label1\" content=\"Escrito por\" \/>\n\t<meta name=\"twitter:data1\" content=\"R\u00e9daction France\" \/>\n\t<meta name=\"twitter:label2\" content=\"Tiempo de lectura\" \/>\n\t<meta name=\"twitter:data2\" content=\"7 minutos\" \/>\n<script type=\"application\/ld+json\" class=\"yoast-schema-graph\">{\"@context\":\"https:\/\/schema.org\",\"@graph\":[{\"@type\":\"Article\",\"@id\":\"https:\/\/www.pressenza.com\/es\/2016\/09\/el-fmi-confiesa-que-inmolo-a-grecia-en-nombre-del-eurogrupo-2\/#article\",\"isPartOf\":{\"@id\":\"https:\/\/www.pressenza.com\/es\/2016\/09\/el-fmi-confiesa-que-inmolo-a-grecia-en-nombre-del-eurogrupo-2\/\"},\"author\":{\"name\":\"R\u00e9daction France\",\"@id\":\"https:\/\/www.pressenza.com\/es\/#\/schema\/person\/3c9fe6670cc2cffbd37562f87b98e869\"},\"headline\":\"El FMI confiesa que inmol\u00f3 a Grecia en nombre del Eurogrupo\",\"datePublished\":\"2016-09-08T03:12:49+00:00\",\"dateModified\":\"2016-09-08T03:15:06+00:00\",\"mainEntityOfPage\":{\"@id\":\"https:\/\/www.pressenza.com\/es\/2016\/09\/el-fmi-confiesa-que-inmolo-a-grecia-en-nombre-del-eurogrupo-2\/\"},\"wordCount\":1469,\"publisher\":{\"@id\":\"https:\/\/www.pressenza.com\/es\/#organization\"},\"image\":{\"@id\":\"https:\/\/www.pressenza.com\/es\/2016\/09\/el-fmi-confiesa-que-inmolo-a-grecia-en-nombre-del-eurogrupo-2\/#primaryimage\"},\"thumbnailUrl\":\"https:\/\/www.pressenza.com\/wp-content\/uploads\/2016\/08\/Le-FMI-avoue-avoir-immol---la-Gr--ce-pour-le-compte-de-l---Eurogroupe.jpg\",\"keywords\":[\"FMI\",\"Grecia\"],\"articleSection\":[\"Comunicados de Prensa\",\"Europa\",\"Internacional\",\"Pol\u00edtica\"],\"inLanguage\":\"es\"},{\"@type\":\"WebPage\",\"@id\":\"https:\/\/www.pressenza.com\/es\/2016\/09\/el-fmi-confiesa-que-inmolo-a-grecia-en-nombre-del-eurogrupo-2\/\",\"url\":\"https:\/\/www.pressenza.com\/es\/2016\/09\/el-fmi-confiesa-que-inmolo-a-grecia-en-nombre-del-eurogrupo-2\/\",\"name\":\"El FMI confiesa que inmol\u00f3 a Grecia en nombre del Eurogrupo\",\"isPartOf\":{\"@id\":\"https:\/\/www.pressenza.com\/es\/#website\"},\"primaryImageOfPage\":{\"@id\":\"https:\/\/www.pressenza.com\/es\/2016\/09\/el-fmi-confiesa-que-inmolo-a-grecia-en-nombre-del-eurogrupo-2\/#primaryimage\"},\"image\":{\"@id\":\"https:\/\/www.pressenza.com\/es\/2016\/09\/el-fmi-confiesa-que-inmolo-a-grecia-en-nombre-del-eurogrupo-2\/#primaryimage\"},\"thumbnailUrl\":\"https:\/\/www.pressenza.com\/wp-content\/uploads\/2016\/08\/Le-FMI-avoue-avoir-immol---la-Gr--ce-pour-le-compte-de-l---Eurogroupe.jpg\",\"datePublished\":\"2016-09-08T03:12:49+00:00\",\"dateModified\":\"2016-09-08T03:15:06+00:00\",\"description\":\"Por\u00a0Yanis Varoufakis Esta semana comenz\u00f3 con un debate en el Parlamento griego convocado por la oposici\u00f3n oficial (los principales animadores de la\",\"breadcrumb\":{\"@id\":\"https:\/\/www.pressenza.com\/es\/2016\/09\/el-fmi-confiesa-que-inmolo-a-grecia-en-nombre-del-eurogrupo-2\/#breadcrumb\"},\"inLanguage\":\"es\",\"potentialAction\":[{\"@type\":\"ReadAction\",\"target\":[\"https:\/\/www.pressenza.com\/es\/2016\/09\/el-fmi-confiesa-que-inmolo-a-grecia-en-nombre-del-eurogrupo-2\/\"]}]},{\"@type\":\"ImageObject\",\"inLanguage\":\"es\",\"@id\":\"https:\/\/www.pressenza.com\/es\/2016\/09\/el-fmi-confiesa-que-inmolo-a-grecia-en-nombre-del-eurogrupo-2\/#primaryimage\",\"url\":\"https:\/\/www.pressenza.com\/wp-content\/uploads\/2016\/08\/Le-FMI-avoue-avoir-immol---la-Gr--ce-pour-le-compte-de-l---Eurogroupe.jpg\",\"contentUrl\":\"https:\/\/www.pressenza.com\/wp-content\/uploads\/2016\/08\/Le-FMI-avoue-avoir-immol---la-Gr--ce-pour-le-compte-de-l---Eurogroupe.jpg\",\"width\":764,\"height\":509},{\"@type\":\"BreadcrumbList\",\"@id\":\"https:\/\/www.pressenza.com\/es\/2016\/09\/el-fmi-confiesa-que-inmolo-a-grecia-en-nombre-del-eurogrupo-2\/#breadcrumb\",\"itemListElement\":[{\"@type\":\"ListItem\",\"position\":1,\"name\":\"Accueil\",\"item\":\"https:\/\/www.pressenza.com\/es\/\"},{\"@type\":\"ListItem\",\"position\":2,\"name\":\"El FMI confiesa que inmol\u00f3 a Grecia en nombre del Eurogrupo\"}]},{\"@type\":\"WebSite\",\"@id\":\"https:\/\/www.pressenza.com\/es\/#website\",\"url\":\"https:\/\/www.pressenza.com\/es\/\",\"name\":\"Pressenza\",\"description\":\"International Press Agency\",\"publisher\":{\"@id\":\"https:\/\/www.pressenza.com\/es\/#organization\"},\"potentialAction\":[{\"@type\":\"SearchAction\",\"target\":{\"@type\":\"EntryPoint\",\"urlTemplate\":\"https:\/\/www.pressenza.com\/es\/?s={search_term_string}\"},\"query-input\":{\"@type\":\"PropertyValueSpecification\",\"valueRequired\":true,\"valueName\":\"search_term_string\"}}],\"inLanguage\":\"es\"},{\"@type\":\"Organization\",\"@id\":\"https:\/\/www.pressenza.com\/es\/#organization\",\"name\":\"Pressenza\",\"url\":\"https:\/\/www.pressenza.com\/es\/\",\"logo\":{\"@type\":\"ImageObject\",\"inLanguage\":\"es\",\"@id\":\"https:\/\/www.pressenza.com\/es\/#\/schema\/logo\/image\/\",\"url\":\"https:\/\/www.pressenza.com\/wp-content\/uploads\/2022\/10\/pressenza_logo_200x200.jpg\",\"contentUrl\":\"https:\/\/www.pressenza.com\/wp-content\/uploads\/2022\/10\/pressenza_logo_200x200.jpg\",\"width\":200,\"height\":200,\"caption\":\"Pressenza\"},\"image\":{\"@id\":\"https:\/\/www.pressenza.com\/es\/#\/schema\/logo\/image\/\"},\"sameAs\":[\"https:\/\/www.facebook.com\/PressenzaItalia\",\"https:\/\/x.com\/PressenzaIPA\"]},{\"@type\":\"Person\",\"@id\":\"https:\/\/www.pressenza.com\/es\/#\/schema\/person\/3c9fe6670cc2cffbd37562f87b98e869\",\"name\":\"R\u00e9daction France\",\"description\":\"News published by the Pressenza bureau in France\",\"sameAs\":[\"http:\/\/www.pressenza.com\/fr\"],\"url\":\"https:\/\/www.pressenza.com\/es\/author\/redactionfrance\/\"}]}<\/script>\n<!-- \/ Yoast SEO plugin. -->","yoast_head_json":{"title":"El FMI confiesa que inmol\u00f3 a Grecia en nombre del Eurogrupo","description":"Por\u00a0Yanis Varoufakis Esta semana comenz\u00f3 con un debate en el Parlamento griego convocado por la oposici\u00f3n oficial (los principales animadores de la","robots":{"index":"index","follow":"follow","max-snippet":"max-snippet:-1","max-image-preview":"max-image-preview:large","max-video-preview":"max-video-preview:-1"},"canonical":"https:\/\/www.pressenza.com\/es\/2016\/09\/el-fmi-confiesa-que-inmolo-a-grecia-en-nombre-del-eurogrupo-2\/","og_locale":"es_ES","og_type":"article","og_title":"El FMI confiesa que inmol\u00f3 a Grecia en nombre del Eurogrupo","og_description":"Por\u00a0Yanis Varoufakis Esta semana comenz\u00f3 con un debate en el Parlamento griego convocado por la oposici\u00f3n oficial (los principales animadores de la","og_url":"https:\/\/www.pressenza.com\/es\/2016\/09\/el-fmi-confiesa-que-inmolo-a-grecia-en-nombre-del-eurogrupo-2\/","og_site_name":"Pressenza","article_publisher":"https:\/\/www.facebook.com\/PressenzaItalia","article_published_time":"2016-09-08T03:12:49+00:00","article_modified_time":"2016-09-08T03:15:06+00:00","og_image":[{"width":764,"height":509,"url":"https:\/\/www.pressenza.com\/wp-content\/uploads\/2016\/08\/Le-FMI-avoue-avoir-immol---la-Gr--ce-pour-le-compte-de-l---Eurogroupe.jpg","type":"image\/jpeg"}],"author":"R\u00e9daction France","twitter_card":"summary_large_image","twitter_creator":"@PressenzaIPA","twitter_site":"@PressenzaIPA","twitter_misc":{"Escrito por":"R\u00e9daction France","Tiempo de lectura":"7 minutos"},"schema":{"@context":"https:\/\/schema.org","@graph":[{"@type":"Article","@id":"https:\/\/www.pressenza.com\/es\/2016\/09\/el-fmi-confiesa-que-inmolo-a-grecia-en-nombre-del-eurogrupo-2\/#article","isPartOf":{"@id":"https:\/\/www.pressenza.com\/es\/2016\/09\/el-fmi-confiesa-que-inmolo-a-grecia-en-nombre-del-eurogrupo-2\/"},"author":{"name":"R\u00e9daction France","@id":"https:\/\/www.pressenza.com\/es\/#\/schema\/person\/3c9fe6670cc2cffbd37562f87b98e869"},"headline":"El FMI confiesa que inmol\u00f3 a Grecia en nombre del Eurogrupo","datePublished":"2016-09-08T03:12:49+00:00","dateModified":"2016-09-08T03:15:06+00:00","mainEntityOfPage":{"@id":"https:\/\/www.pressenza.com\/es\/2016\/09\/el-fmi-confiesa-que-inmolo-a-grecia-en-nombre-del-eurogrupo-2\/"},"wordCount":1469,"publisher":{"@id":"https:\/\/www.pressenza.com\/es\/#organization"},"image":{"@id":"https:\/\/www.pressenza.com\/es\/2016\/09\/el-fmi-confiesa-que-inmolo-a-grecia-en-nombre-del-eurogrupo-2\/#primaryimage"},"thumbnailUrl":"https:\/\/www.pressenza.com\/wp-content\/uploads\/2016\/08\/Le-FMI-avoue-avoir-immol---la-Gr--ce-pour-le-compte-de-l---Eurogroupe.jpg","keywords":["FMI","Grecia"],"articleSection":["Comunicados de Prensa","Europa","Internacional","Pol\u00edtica"],"inLanguage":"es"},{"@type":"WebPage","@id":"https:\/\/www.pressenza.com\/es\/2016\/09\/el-fmi-confiesa-que-inmolo-a-grecia-en-nombre-del-eurogrupo-2\/","url":"https:\/\/www.pressenza.com\/es\/2016\/09\/el-fmi-confiesa-que-inmolo-a-grecia-en-nombre-del-eurogrupo-2\/","name":"El FMI confiesa que inmol\u00f3 a Grecia en nombre del Eurogrupo","isPartOf":{"@id":"https:\/\/www.pressenza.com\/es\/#website"},"primaryImageOfPage":{"@id":"https:\/\/www.pressenza.com\/es\/2016\/09\/el-fmi-confiesa-que-inmolo-a-grecia-en-nombre-del-eurogrupo-2\/#primaryimage"},"image":{"@id":"https:\/\/www.pressenza.com\/es\/2016\/09\/el-fmi-confiesa-que-inmolo-a-grecia-en-nombre-del-eurogrupo-2\/#primaryimage"},"thumbnailUrl":"https:\/\/www.pressenza.com\/wp-content\/uploads\/2016\/08\/Le-FMI-avoue-avoir-immol---la-Gr--ce-pour-le-compte-de-l---Eurogroupe.jpg","datePublished":"2016-09-08T03:12:49+00:00","dateModified":"2016-09-08T03:15:06+00:00","description":"Por\u00a0Yanis Varoufakis Esta semana comenz\u00f3 con un debate en el Parlamento griego convocado por la oposici\u00f3n oficial (los principales animadores de la","breadcrumb":{"@id":"https:\/\/www.pressenza.com\/es\/2016\/09\/el-fmi-confiesa-que-inmolo-a-grecia-en-nombre-del-eurogrupo-2\/#breadcrumb"},"inLanguage":"es","potentialAction":[{"@type":"ReadAction","target":["https:\/\/www.pressenza.com\/es\/2016\/09\/el-fmi-confiesa-que-inmolo-a-grecia-en-nombre-del-eurogrupo-2\/"]}]},{"@type":"ImageObject","inLanguage":"es","@id":"https:\/\/www.pressenza.com\/es\/2016\/09\/el-fmi-confiesa-que-inmolo-a-grecia-en-nombre-del-eurogrupo-2\/#primaryimage","url":"https:\/\/www.pressenza.com\/wp-content\/uploads\/2016\/08\/Le-FMI-avoue-avoir-immol---la-Gr--ce-pour-le-compte-de-l---Eurogroupe.jpg","contentUrl":"https:\/\/www.pressenza.com\/wp-content\/uploads\/2016\/08\/Le-FMI-avoue-avoir-immol---la-Gr--ce-pour-le-compte-de-l---Eurogroupe.jpg","width":764,"height":509},{"@type":"BreadcrumbList","@id":"https:\/\/www.pressenza.com\/es\/2016\/09\/el-fmi-confiesa-que-inmolo-a-grecia-en-nombre-del-eurogrupo-2\/#breadcrumb","itemListElement":[{"@type":"ListItem","position":1,"name":"Accueil","item":"https:\/\/www.pressenza.com\/es\/"},{"@type":"ListItem","position":2,"name":"El FMI confiesa que inmol\u00f3 a Grecia en nombre del Eurogrupo"}]},{"@type":"WebSite","@id":"https:\/\/www.pressenza.com\/es\/#website","url":"https:\/\/www.pressenza.com\/es\/","name":"Pressenza","description":"International Press Agency","publisher":{"@id":"https:\/\/www.pressenza.com\/es\/#organization"},"potentialAction":[{"@type":"SearchAction","target":{"@type":"EntryPoint","urlTemplate":"https:\/\/www.pressenza.com\/es\/?s={search_term_string}"},"query-input":{"@type":"PropertyValueSpecification","valueRequired":true,"valueName":"search_term_string"}}],"inLanguage":"es"},{"@type":"Organization","@id":"https:\/\/www.pressenza.com\/es\/#organization","name":"Pressenza","url":"https:\/\/www.pressenza.com\/es\/","logo":{"@type":"ImageObject","inLanguage":"es","@id":"https:\/\/www.pressenza.com\/es\/#\/schema\/logo\/image\/","url":"https:\/\/www.pressenza.com\/wp-content\/uploads\/2022\/10\/pressenza_logo_200x200.jpg","contentUrl":"https:\/\/www.pressenza.com\/wp-content\/uploads\/2022\/10\/pressenza_logo_200x200.jpg","width":200,"height":200,"caption":"Pressenza"},"image":{"@id":"https:\/\/www.pressenza.com\/es\/#\/schema\/logo\/image\/"},"sameAs":["https:\/\/www.facebook.com\/PressenzaItalia","https:\/\/x.com\/PressenzaIPA"]},{"@type":"Person","@id":"https:\/\/www.pressenza.com\/es\/#\/schema\/person\/3c9fe6670cc2cffbd37562f87b98e869","name":"R\u00e9daction France","description":"News published by the Pressenza bureau in France","sameAs":["http:\/\/www.pressenza.com\/fr"],"url":"https:\/\/www.pressenza.com\/es\/author\/redactionfrance\/"}]}},"place":"","original_article_url":"https:\/\/diem25.org\/le-fmi-avoue-avoir-immole-la-grece-pour-le-compte-de-leurogroupe\/","_links":{"self":[{"href":"https:\/\/www.pressenza.com\/es\/wp-json\/wp\/v2\/posts\/366529","targetHints":{"allow":["GET"]}}],"collection":[{"href":"https:\/\/www.pressenza.com\/es\/wp-json\/wp\/v2\/posts"}],"about":[{"href":"https:\/\/www.pressenza.com\/es\/wp-json\/wp\/v2\/types\/post"}],"author":[{"embeddable":true,"href":"https:\/\/www.pressenza.com\/es\/wp-json\/wp\/v2\/users\/926"}],"replies":[{"embeddable":true,"href":"https:\/\/www.pressenza.com\/es\/wp-json\/wp\/v2\/comments?post=366529"}],"version-history":[{"count":0,"href":"https:\/\/www.pressenza.com\/es\/wp-json\/wp\/v2\/posts\/366529\/revisions"}],"wp:featuredmedia":[{"embeddable":true,"href":"https:\/\/www.pressenza.com\/es\/wp-json\/wp\/v2\/media\/349028"}],"wp:attachment":[{"href":"https:\/\/www.pressenza.com\/es\/wp-json\/wp\/v2\/media?parent=366529"}],"wp:term":[{"taxonomy":"category","embeddable":true,"href":"https:\/\/www.pressenza.com\/es\/wp-json\/wp\/v2\/categories?post=366529"},{"taxonomy":"post_tag","embeddable":true,"href":"https:\/\/www.pressenza.com\/es\/wp-json\/wp\/v2\/tags?post=366529"}],"curies":[{"name":"wp","href":"https:\/\/api.w.org\/{rel}","templated":true}]}}