{"id":365495,"date":"2016-09-05T15:15:22","date_gmt":"2016-09-05T14:15:22","guid":{"rendered":"http:\/\/www.pressenza.com\/es\/?p=365495"},"modified":"2016-09-05T15:15:22","modified_gmt":"2016-09-05T14:15:22","slug":"los-cachorros-la-derecha","status":"publish","type":"post","link":"https:\/\/www.pressenza.com\/es\/2016\/09\/los-cachorros-la-derecha\/","title":{"rendered":"Los cachorros de la derecha"},"content":{"rendered":"<p><strong><em>Por Alejandro Fierro<\/em><\/strong><\/p>\n<p>Los procesos de emancipaci\u00f3n latinoamericanos se est\u00e1n viendo con grandes dificultades para seducir a los j\u00f3venes. Los obst\u00e1culos son m\u00faltiples. El primero, indudablemente, es la situaci\u00f3n econ\u00f3mica actual del subcontinente, muy alejada de la bonanza de la primera d\u00e9cada del siglo. Pero no es el \u00fanico factor. Tambi\u00e9n influyen el aumento de expectativas por parte de unos j\u00f3venes con una capacitaci\u00f3n muy superior a la de sus progenitores; su autopercepci\u00f3n como clase media; su elevada demanda de consumo, con todo el imaginario que conlleva; la naturalizaci\u00f3n de derechos que en \u00e9pocas pasadas no exist\u00edan; el cansancio ante opciones gobernantes que en algunos casos llevan en el poder m\u00e1s de tres lustros y, por tanto, son las \u00fanicas que muchos j\u00f3venes han conocido.<\/p>\n<p>Los motivos de la desafecci\u00f3n juvenil a propuestas de izquierdas fueron analizados en profundidad en el art\u00edculo \u201cJuventud y derecha en Am\u00e9rica Latina\u201d, escrito junto a Ava G\u00f3mez y publicado el 17 de mayo de 2016 en la p\u00e1gina web del Centro Estrat\u00e9gico Latinoamericano de Geopol\u00edtica (<a class=\"spip_url spip_out auto\" href=\"http:\/\/www.celag.org\/juventud-y-derecha-en-america-latina-por-alejandro-fierro-y-ava-gomez\/\" rel=\"nofollow external\">http:\/\/www.celag.org\/juventud-y-derecha-en-america-latina-por-alejandro-fierro-y-ava-gomez\/<\/a>).<\/p>\n<p>Establecidas ya las causas, el objetivo de este art\u00edculo es dilucidar qu\u00e9 lleva a un sector de j\u00f3venes no s\u00f3lo a votar a ofertas de derechas y\/o neoliberales, sino incluso a militar abiertamente en partidos de estos signos. Es pertinente recalcar que todas las militancias son por esencia minoritarias y esta no es una excepci\u00f3n. La mayor\u00eda de la poblaci\u00f3n no interviene activamente en la vida pol\u00edtica, m\u00e1s all\u00e1 del ejercicio del voto. Pero en ciertos momentos hist\u00f3ricos esa fracci\u00f3n militante tiene gran influencia en el conjunto de la sociedad.<\/p>\n<p>El caso de Venezuela es revelador y muy en especial el de dos partidos de relativo nuevo cu\u00f1o, Primero Justicia, fundado en el a\u00f1o 2000 y con el excandidato presidencial Henrique Capriles como una de sus caras m\u00e1s visibles, y Voluntad Popular, que data de 2009 y cuyo l\u00edder incontestado es Leopoldo L\u00f3pez.<\/p>\n<p>Ambas formaciones disputan el protagonismo de la derecha venezolana a las tradicionales Acci\u00f3n Democr\u00e1tica y Copei. En lo que respecta a la captaci\u00f3n de la militancia m\u00e1s joven, no cabe duda de que han aventajado a la vieja socialdemocracia adeca -ya indisimuladamente socioliberal-y a los dem\u00f3cratas cristianos herederos de Caldera. Baste ver im\u00e1genes de unos y otros, ya sea de sus dirigentes o de las bases. En un lado prima la juventud, en el otro personas de mediana edad en adelante, incluso decididamente ancianas. Sus liderazgos son sintom\u00e1ticos. Henrique Capriles y Leopoldo L\u00f3pez tienen 44 y 45 a\u00f1os, respectivamente, mientras que el adeco Henry Ramos Allup, principal referencia de su partido y presidente de la Asamblea Nacional, sobrepasa los 70.<\/p>\n<p>\u00bfCu\u00e1les son los motivos que llevan a esos j\u00f3venes a alinearse con dos partidos descarnadamente neoliberales? \u00bfEn qu\u00e9 se basa la capacidad de seducci\u00f3n de Primero Justicia y Voluntad Popular? A continuaci\u00f3n se desgranan algunas intuiciones a partir de las cuales investigar este aspecto:<\/p>\n<ul class=\"spip\">\n<li><strong>Apariencia de modernidad<\/strong>. Ambos han sabido apropiarse del discurso de lo nuevo y todo lo que este concepto lleva aparejado: modernidad, progreso, desarrollo, avance\u2026 En su relato, adecos y copeianos son de otra \u00e9poca; por su parte, el chavismo siempre fue anacr\u00f3nico, una anomal\u00eda que nunca debi\u00f3 haber sucedido. El discurso tambi\u00e9n es est\u00e9tico. Adem\u00e1s de una vestimenta muy alejada del atuendo tradicional de las clases acomodadas y conservadoras, no es extra\u00f1o ver en la militancia tatuajes, piercings o rastas. El diputado de Primero Justicia Miguel Pizarro, exmiembro de una banda de rock, con sus apenas 28 a\u00f1os y los brazos cubiertos de tatuajes, es protot\u00edpico de una apariencia que busca ir m\u00e1s all\u00e1 de la clase social. Otro ejemplo es Tamara Adr\u00ed\u00e1n, primera diputada transexual en la historia de la Asamblea Nacional venezolana, que se present\u00f3 en las listas de Voluntad Popular (en este \u00faltimo caso habr\u00eda que analizar por qu\u00e9 el chavismo se deja arrebatar banderas tradicionales de la izquierda, como la diversidad sexual). Se mueven con soltura en las redes sociales, donde son hegem\u00f3nicos. Este imaginario, obviamente, mira hacia Estados Unidos y Europa occidental. Rompe as\u00ed con la reivindicaci\u00f3n latinoamericana del chavismo, retornando a la subordinaci\u00f3n a las culturas colonizadoras.<\/li>\n<\/ul>\n<ul class=\"spip\">\n<li><strong>Depositarios de una misi\u00f3n hist\u00f3rica<\/strong>. El objetivo es derrocar al chavismo, caracterizado como una dictadura que sojuzga a Venezuela. Se apela a la \u00e9pica. El pa\u00eds se encuentra en una encrucijada hist\u00f3rica y la militancia joven es la encargada de conducirlo hacia un difuso futuro cimentado en torno a conceptos gen\u00e9ricos como libertad, democracia y progreso. Se acent\u00faa el sentimiento de pertenecer a una \u00e9lite que se eleva por encima de una sociedad a la que consideran pasiva y conformista, cuando no clientelar y directamente manumitida.<\/li>\n<\/ul>\n<ul class=\"spip\">\n<li><strong>Acci\u00f3n directa<\/strong>. Esa misi\u00f3n hist\u00f3rica se va a lograr con la lucha en las calles, no con el juego institucional. Consideran est\u00e9ril la din\u00e1mica pol\u00edtica, al estar manipulada por el chavismo. Cabe aclarar que este punto es m\u00e1s aplicable a Voluntad Popular que a Primero Justicia. En efecto, los cachorros de Leopoldo L\u00f3pez fueron la punta de lanza de las movilizaciones de 2014 que se saldaron con 43 personas asesinadas. Su actuaci\u00f3n en aquellas fechas, lejos de ser espont\u00e1nea, obedec\u00eda a una estrategia que inclu\u00eda diversos grados de violencia. La utilizaci\u00f3n de escuadras organizadas que operan a trav\u00e9s de la fuerza supone un punto de conexi\u00f3n con los fascismos europeos de entreguerras, si bien y como es obvio prefieren identificarse con movimientos contempor\u00e1neos como el ultranacionalista y ultraderechista grupo serbio Otpor! o el ucraniano Maidan. Las im\u00e1genes de las algaradas callejeras que protagonizan estos grupos son muy similares, hasta el punto de que en muchas ocasiones no se puede precisar si se trata de Kiev, Belgrado o Caracas. Priman indumentarias de guerrilla urbana post-moderna, en las que bajo una aparente variedad en realidad subyace una uniformizaci\u00f3n.<\/li>\n<\/ul>\n<ul class=\"spip\">\n<li><strong>La cuesti\u00f3n de clase<\/strong>. M\u00e1s all\u00e1 de indumentarias y modos que ya no pueden identificarse con los tradicionales usos de los sectores dominantes y los grupos que le son funcionales (franjas media y media-alta) lo cierto es que el fundamento de esta militancia es la defensa de sus intereses de clase. Este hecho era evidente en las revueltas de 2014. A pesar de que la artiller\u00eda medi\u00e1tica neoliberal las present\u00f3 como una protesta de j\u00f3venes y estudiantes, lo cierto es que las manifestaciones y barricadas no sobrepasaron las zonas de clase media-alta de las ciudades. Lo que caracterizaba a los manifestantes no era su edad o su condici\u00f3n acad\u00e9mica, sino su extracci\u00f3n social. Sin embargo, esta franja minoritaria ha conseguido acrecentar su capacidad de seducci\u00f3n sobre las clases populares, recuperando parte de la influencia que perdi\u00f3 en la primera etapa del chavismo. Vuelven a ser una referencia para una parte de la juventud con menos recursos, que los ven como una aspiraci\u00f3n deseable. Es, de nuevo, la batalla por la hegemon\u00eda, una tensi\u00f3n din\u00e1mica permanente que nunca concluye.<\/li>\n<\/ul>\n","protected":false},"excerpt":{"rendered":"<p>Por Alejandro Fierro Los procesos de emancipaci\u00f3n latinoamericanos se est\u00e1n viendo con grandes dificultades para seducir a los j\u00f3venes. Los obst\u00e1culos son m\u00faltiples. El primero, indudablemente, es la situaci\u00f3n econ\u00f3mica actual del subcontinente, muy alejada de la bonanza de la&hellip;<\/p>\n","protected":false},"author":1330,"featured_media":365496,"comment_status":"closed","ping_status":"closed","sticky":false,"template":"","format":"standard","meta":{"footnotes":""},"categories":[75,161,74,67],"tags":[1376,1274,30427,30425,3883,30426],"class_list":["post-365495","post","type-post","status-publish","format-standard","has-post-thumbnail","hentry","category-cultura-es","category-opiniones","category-politica-es","category-sudamerica","tag-derecha","tag-jovenes","tag-primero-justicia","tag-reinstauracion-conservadora","tag-venezuela-es","tag-voluntad-popular"],"yoast_head":"<!-- This site is optimized with the Yoast SEO plugin v27.1.1 - https:\/\/yoast.com\/product\/yoast-seo-wordpress\/ -->\n<title>Los cachorros de la derecha<\/title>\n<meta name=\"description\" content=\"Por Alejandro Fierro Los procesos de emancipaci\u00f3n latinoamericanos se est\u00e1n viendo con grandes dificultades para seducir a los j\u00f3venes. Los obst\u00e1culos son\" \/>\n<meta name=\"robots\" content=\"index, follow, max-snippet:-1, max-image-preview:large, max-video-preview:-1\" \/>\n<link rel=\"canonical\" href=\"https:\/\/www.pressenza.com\/es\/2016\/09\/los-cachorros-la-derecha\/\" \/>\n<meta property=\"og:locale\" content=\"es_ES\" \/>\n<meta property=\"og:type\" content=\"article\" \/>\n<meta property=\"og:title\" content=\"Los cachorros de la derecha\" \/>\n<meta property=\"og:description\" content=\"Por Alejandro Fierro Los procesos de emancipaci\u00f3n latinoamericanos se est\u00e1n viendo con grandes dificultades para seducir a los j\u00f3venes. Los obst\u00e1culos son\" \/>\n<meta property=\"og:url\" content=\"https:\/\/www.pressenza.com\/es\/2016\/09\/los-cachorros-la-derecha\/\" \/>\n<meta property=\"og:site_name\" content=\"Pressenza\" \/>\n<meta property=\"article:publisher\" content=\"https:\/\/www.facebook.com\/PressenzaItalia\" \/>\n<meta property=\"article:published_time\" content=\"2016-09-05T14:15:22+00:00\" \/>\n<meta property=\"og:image\" content=\"https:\/\/www.pressenza.com\/wp-content\/uploads\/2016\/09\/venezuela_6_0-678f8.jpg\" \/>\n\t<meta property=\"og:image:width\" content=\"430\" \/>\n\t<meta property=\"og:image:height\" content=\"293\" \/>\n\t<meta property=\"og:image:type\" content=\"image\/jpeg\" \/>\n<meta name=\"author\" content=\"ALBA TV\" \/>\n<meta name=\"twitter:card\" content=\"summary_large_image\" \/>\n<meta name=\"twitter:creator\" content=\"@PressenzaIPA\" \/>\n<meta name=\"twitter:site\" content=\"@PressenzaIPA\" \/>\n<meta name=\"twitter:label1\" content=\"Escrito por\" \/>\n\t<meta name=\"twitter:data1\" content=\"ALBA TV\" \/>\n\t<meta name=\"twitter:label2\" content=\"Tiempo de lectura\" \/>\n\t<meta name=\"twitter:data2\" content=\"6 minutos\" \/>\n<script type=\"application\/ld+json\" class=\"yoast-schema-graph\">{\"@context\":\"https:\/\/schema.org\",\"@graph\":[{\"@type\":\"Article\",\"@id\":\"https:\/\/www.pressenza.com\/es\/2016\/09\/los-cachorros-la-derecha\/#article\",\"isPartOf\":{\"@id\":\"https:\/\/www.pressenza.com\/es\/2016\/09\/los-cachorros-la-derecha\/\"},\"author\":{\"name\":\"ALBA TV\",\"@id\":\"https:\/\/www.pressenza.com\/es\/#\/schema\/person\/235c51d13ccf6d3897c991369403f976\"},\"headline\":\"Los cachorros de la derecha\",\"datePublished\":\"2016-09-05T14:15:22+00:00\",\"mainEntityOfPage\":{\"@id\":\"https:\/\/www.pressenza.com\/es\/2016\/09\/los-cachorros-la-derecha\/\"},\"wordCount\":1233,\"publisher\":{\"@id\":\"https:\/\/www.pressenza.com\/es\/#organization\"},\"image\":{\"@id\":\"https:\/\/www.pressenza.com\/es\/2016\/09\/los-cachorros-la-derecha\/#primaryimage\"},\"thumbnailUrl\":\"https:\/\/www.pressenza.com\/wp-content\/uploads\/2016\/09\/venezuela_6_0-678f8.jpg\",\"keywords\":[\"derecha\",\"j\u00f3venes\",\"Primero Justicia\",\"reinstauraci\u00f3n conservadora\",\"Venezuela\",\"Voluntad Popular\"],\"articleSection\":[\"Cultura y Medios\",\"Opiniones\",\"Pol\u00edtica\",\"Sudam\u00e9rica\"],\"inLanguage\":\"es\"},{\"@type\":\"WebPage\",\"@id\":\"https:\/\/www.pressenza.com\/es\/2016\/09\/los-cachorros-la-derecha\/\",\"url\":\"https:\/\/www.pressenza.com\/es\/2016\/09\/los-cachorros-la-derecha\/\",\"name\":\"Los cachorros de la derecha\",\"isPartOf\":{\"@id\":\"https:\/\/www.pressenza.com\/es\/#website\"},\"primaryImageOfPage\":{\"@id\":\"https:\/\/www.pressenza.com\/es\/2016\/09\/los-cachorros-la-derecha\/#primaryimage\"},\"image\":{\"@id\":\"https:\/\/www.pressenza.com\/es\/2016\/09\/los-cachorros-la-derecha\/#primaryimage\"},\"thumbnailUrl\":\"https:\/\/www.pressenza.com\/wp-content\/uploads\/2016\/09\/venezuela_6_0-678f8.jpg\",\"datePublished\":\"2016-09-05T14:15:22+00:00\",\"description\":\"Por Alejandro Fierro Los procesos de emancipaci\u00f3n latinoamericanos se est\u00e1n viendo con grandes dificultades para seducir a los j\u00f3venes. Los obst\u00e1culos son\",\"breadcrumb\":{\"@id\":\"https:\/\/www.pressenza.com\/es\/2016\/09\/los-cachorros-la-derecha\/#breadcrumb\"},\"inLanguage\":\"es\",\"potentialAction\":[{\"@type\":\"ReadAction\",\"target\":[\"https:\/\/www.pressenza.com\/es\/2016\/09\/los-cachorros-la-derecha\/\"]}]},{\"@type\":\"ImageObject\",\"inLanguage\":\"es\",\"@id\":\"https:\/\/www.pressenza.com\/es\/2016\/09\/los-cachorros-la-derecha\/#primaryimage\",\"url\":\"https:\/\/www.pressenza.com\/wp-content\/uploads\/2016\/09\/venezuela_6_0-678f8.jpg\",\"contentUrl\":\"https:\/\/www.pressenza.com\/wp-content\/uploads\/2016\/09\/venezuela_6_0-678f8.jpg\",\"width\":430,\"height\":293},{\"@type\":\"BreadcrumbList\",\"@id\":\"https:\/\/www.pressenza.com\/es\/2016\/09\/los-cachorros-la-derecha\/#breadcrumb\",\"itemListElement\":[{\"@type\":\"ListItem\",\"position\":1,\"name\":\"Accueil\",\"item\":\"https:\/\/www.pressenza.com\/es\/\"},{\"@type\":\"ListItem\",\"position\":2,\"name\":\"Los cachorros de la derecha\"}]},{\"@type\":\"WebSite\",\"@id\":\"https:\/\/www.pressenza.com\/es\/#website\",\"url\":\"https:\/\/www.pressenza.com\/es\/\",\"name\":\"Pressenza\",\"description\":\"International Press Agency\",\"publisher\":{\"@id\":\"https:\/\/www.pressenza.com\/es\/#organization\"},\"potentialAction\":[{\"@type\":\"SearchAction\",\"target\":{\"@type\":\"EntryPoint\",\"urlTemplate\":\"https:\/\/www.pressenza.com\/es\/?s={search_term_string}\"},\"query-input\":{\"@type\":\"PropertyValueSpecification\",\"valueRequired\":true,\"valueName\":\"search_term_string\"}}],\"inLanguage\":\"es\"},{\"@type\":\"Organization\",\"@id\":\"https:\/\/www.pressenza.com\/es\/#organization\",\"name\":\"Pressenza\",\"url\":\"https:\/\/www.pressenza.com\/es\/\",\"logo\":{\"@type\":\"ImageObject\",\"inLanguage\":\"es\",\"@id\":\"https:\/\/www.pressenza.com\/es\/#\/schema\/logo\/image\/\",\"url\":\"https:\/\/www.pressenza.com\/wp-content\/uploads\/2022\/10\/pressenza_logo_200x200.jpg\",\"contentUrl\":\"https:\/\/www.pressenza.com\/wp-content\/uploads\/2022\/10\/pressenza_logo_200x200.jpg\",\"width\":200,\"height\":200,\"caption\":\"Pressenza\"},\"image\":{\"@id\":\"https:\/\/www.pressenza.com\/es\/#\/schema\/logo\/image\/\"},\"sameAs\":[\"https:\/\/www.facebook.com\/PressenzaItalia\",\"https:\/\/x.com\/PressenzaIPA\"]},{\"@type\":\"Person\",\"@id\":\"https:\/\/www.pressenza.com\/es\/#\/schema\/person\/235c51d13ccf6d3897c991369403f976\",\"name\":\"ALBA TV\",\"url\":\"https:\/\/www.pressenza.com\/es\/author\/alba-tv\/\"}]}<\/script>\n<!-- \/ Yoast SEO plugin. -->","yoast_head_json":{"title":"Los cachorros de la derecha","description":"Por Alejandro Fierro Los procesos de emancipaci\u00f3n latinoamericanos se est\u00e1n viendo con grandes dificultades para seducir a los j\u00f3venes. Los obst\u00e1culos son","robots":{"index":"index","follow":"follow","max-snippet":"max-snippet:-1","max-image-preview":"max-image-preview:large","max-video-preview":"max-video-preview:-1"},"canonical":"https:\/\/www.pressenza.com\/es\/2016\/09\/los-cachorros-la-derecha\/","og_locale":"es_ES","og_type":"article","og_title":"Los cachorros de la derecha","og_description":"Por Alejandro Fierro Los procesos de emancipaci\u00f3n latinoamericanos se est\u00e1n viendo con grandes dificultades para seducir a los j\u00f3venes. Los obst\u00e1culos son","og_url":"https:\/\/www.pressenza.com\/es\/2016\/09\/los-cachorros-la-derecha\/","og_site_name":"Pressenza","article_publisher":"https:\/\/www.facebook.com\/PressenzaItalia","article_published_time":"2016-09-05T14:15:22+00:00","og_image":[{"width":430,"height":293,"url":"https:\/\/www.pressenza.com\/wp-content\/uploads\/2016\/09\/venezuela_6_0-678f8.jpg","type":"image\/jpeg"}],"author":"ALBA TV","twitter_card":"summary_large_image","twitter_creator":"@PressenzaIPA","twitter_site":"@PressenzaIPA","twitter_misc":{"Escrito por":"ALBA TV","Tiempo de lectura":"6 minutos"},"schema":{"@context":"https:\/\/schema.org","@graph":[{"@type":"Article","@id":"https:\/\/www.pressenza.com\/es\/2016\/09\/los-cachorros-la-derecha\/#article","isPartOf":{"@id":"https:\/\/www.pressenza.com\/es\/2016\/09\/los-cachorros-la-derecha\/"},"author":{"name":"ALBA TV","@id":"https:\/\/www.pressenza.com\/es\/#\/schema\/person\/235c51d13ccf6d3897c991369403f976"},"headline":"Los cachorros de la derecha","datePublished":"2016-09-05T14:15:22+00:00","mainEntityOfPage":{"@id":"https:\/\/www.pressenza.com\/es\/2016\/09\/los-cachorros-la-derecha\/"},"wordCount":1233,"publisher":{"@id":"https:\/\/www.pressenza.com\/es\/#organization"},"image":{"@id":"https:\/\/www.pressenza.com\/es\/2016\/09\/los-cachorros-la-derecha\/#primaryimage"},"thumbnailUrl":"https:\/\/www.pressenza.com\/wp-content\/uploads\/2016\/09\/venezuela_6_0-678f8.jpg","keywords":["derecha","j\u00f3venes","Primero Justicia","reinstauraci\u00f3n conservadora","Venezuela","Voluntad Popular"],"articleSection":["Cultura y Medios","Opiniones","Pol\u00edtica","Sudam\u00e9rica"],"inLanguage":"es"},{"@type":"WebPage","@id":"https:\/\/www.pressenza.com\/es\/2016\/09\/los-cachorros-la-derecha\/","url":"https:\/\/www.pressenza.com\/es\/2016\/09\/los-cachorros-la-derecha\/","name":"Los cachorros de la derecha","isPartOf":{"@id":"https:\/\/www.pressenza.com\/es\/#website"},"primaryImageOfPage":{"@id":"https:\/\/www.pressenza.com\/es\/2016\/09\/los-cachorros-la-derecha\/#primaryimage"},"image":{"@id":"https:\/\/www.pressenza.com\/es\/2016\/09\/los-cachorros-la-derecha\/#primaryimage"},"thumbnailUrl":"https:\/\/www.pressenza.com\/wp-content\/uploads\/2016\/09\/venezuela_6_0-678f8.jpg","datePublished":"2016-09-05T14:15:22+00:00","description":"Por Alejandro Fierro Los procesos de emancipaci\u00f3n latinoamericanos se est\u00e1n viendo con grandes dificultades para seducir a los j\u00f3venes. Los obst\u00e1culos son","breadcrumb":{"@id":"https:\/\/www.pressenza.com\/es\/2016\/09\/los-cachorros-la-derecha\/#breadcrumb"},"inLanguage":"es","potentialAction":[{"@type":"ReadAction","target":["https:\/\/www.pressenza.com\/es\/2016\/09\/los-cachorros-la-derecha\/"]}]},{"@type":"ImageObject","inLanguage":"es","@id":"https:\/\/www.pressenza.com\/es\/2016\/09\/los-cachorros-la-derecha\/#primaryimage","url":"https:\/\/www.pressenza.com\/wp-content\/uploads\/2016\/09\/venezuela_6_0-678f8.jpg","contentUrl":"https:\/\/www.pressenza.com\/wp-content\/uploads\/2016\/09\/venezuela_6_0-678f8.jpg","width":430,"height":293},{"@type":"BreadcrumbList","@id":"https:\/\/www.pressenza.com\/es\/2016\/09\/los-cachorros-la-derecha\/#breadcrumb","itemListElement":[{"@type":"ListItem","position":1,"name":"Accueil","item":"https:\/\/www.pressenza.com\/es\/"},{"@type":"ListItem","position":2,"name":"Los cachorros de la derecha"}]},{"@type":"WebSite","@id":"https:\/\/www.pressenza.com\/es\/#website","url":"https:\/\/www.pressenza.com\/es\/","name":"Pressenza","description":"International Press Agency","publisher":{"@id":"https:\/\/www.pressenza.com\/es\/#organization"},"potentialAction":[{"@type":"SearchAction","target":{"@type":"EntryPoint","urlTemplate":"https:\/\/www.pressenza.com\/es\/?s={search_term_string}"},"query-input":{"@type":"PropertyValueSpecification","valueRequired":true,"valueName":"search_term_string"}}],"inLanguage":"es"},{"@type":"Organization","@id":"https:\/\/www.pressenza.com\/es\/#organization","name":"Pressenza","url":"https:\/\/www.pressenza.com\/es\/","logo":{"@type":"ImageObject","inLanguage":"es","@id":"https:\/\/www.pressenza.com\/es\/#\/schema\/logo\/image\/","url":"https:\/\/www.pressenza.com\/wp-content\/uploads\/2022\/10\/pressenza_logo_200x200.jpg","contentUrl":"https:\/\/www.pressenza.com\/wp-content\/uploads\/2022\/10\/pressenza_logo_200x200.jpg","width":200,"height":200,"caption":"Pressenza"},"image":{"@id":"https:\/\/www.pressenza.com\/es\/#\/schema\/logo\/image\/"},"sameAs":["https:\/\/www.facebook.com\/PressenzaItalia","https:\/\/x.com\/PressenzaIPA"]},{"@type":"Person","@id":"https:\/\/www.pressenza.com\/es\/#\/schema\/person\/235c51d13ccf6d3897c991369403f976","name":"ALBA TV","url":"https:\/\/www.pressenza.com\/es\/author\/alba-tv\/"}]}},"place":"Caracas, Venezuela","original_article_url":"http:\/\/www.albatv.org\/Los-cachorros-de-la-derecha.html?platform=hootsuite","_links":{"self":[{"href":"https:\/\/www.pressenza.com\/es\/wp-json\/wp\/v2\/posts\/365495","targetHints":{"allow":["GET"]}}],"collection":[{"href":"https:\/\/www.pressenza.com\/es\/wp-json\/wp\/v2\/posts"}],"about":[{"href":"https:\/\/www.pressenza.com\/es\/wp-json\/wp\/v2\/types\/post"}],"author":[{"embeddable":true,"href":"https:\/\/www.pressenza.com\/es\/wp-json\/wp\/v2\/users\/1330"}],"replies":[{"embeddable":true,"href":"https:\/\/www.pressenza.com\/es\/wp-json\/wp\/v2\/comments?post=365495"}],"version-history":[{"count":0,"href":"https:\/\/www.pressenza.com\/es\/wp-json\/wp\/v2\/posts\/365495\/revisions"}],"wp:featuredmedia":[{"embeddable":true,"href":"https:\/\/www.pressenza.com\/es\/wp-json\/wp\/v2\/media\/365496"}],"wp:attachment":[{"href":"https:\/\/www.pressenza.com\/es\/wp-json\/wp\/v2\/media?parent=365495"}],"wp:term":[{"taxonomy":"category","embeddable":true,"href":"https:\/\/www.pressenza.com\/es\/wp-json\/wp\/v2\/categories?post=365495"},{"taxonomy":"post_tag","embeddable":true,"href":"https:\/\/www.pressenza.com\/es\/wp-json\/wp\/v2\/tags?post=365495"}],"curies":[{"name":"wp","href":"https:\/\/api.w.org\/{rel}","templated":true}]}}