{"id":36315,"date":"2013-02-02T16:11:00","date_gmt":"2013-02-02T16:11:00","guid":{"rendered":"http:\/\/www.pressenza.com\/?p=36315"},"modified":"2013-02-02T16:11:00","modified_gmt":"2013-02-02T16:11:00","slug":"agricultura-familiar-y-campesina-en-ecuador","status":"publish","type":"post","link":"https:\/\/www.pressenza.com\/es\/2013\/02\/agricultura-familiar-y-campesina-en-ecuador\/","title":{"rendered":"Agricultura familiar y campesina en Ecuador"},"content":{"rendered":"<p>14.000 familias son beneficiadas por los Circuitos Alternativos de Comercializaci\u00f3n, instancia cuyo objetivo es \u201cacercar al productor lo que m\u00e1s se pueda al consumidor, es decir, reducir dr\u00e1sticamente la intermediaci\u00f3n comercial\u201d, explic\u00f3 Marcelo Silva, coordinador general de Redes Comerciales del Viceministerio de Desarrollo Rural.<\/p>\n<p>\u201cEstos no son los t\u00edpicos mercados o ferias, son espacios dignos de producci\u00f3n que proponen a los usuarios un consumo responsable\u201d, indic\u00f3 el funcionario. Cecilia Ponce, directora de Gesti\u00f3n de Circuitos Alternativos de Comercializaci\u00f3n, a\u00f1adi\u00f3 que adem\u00e1s de los beneficios econ\u00f3micos que representan estos mercados para el usuario, la salud es otra de las ventajas, pues los productos utilizan menos qu\u00edmicos y trabajan en equilibrio con el ambiente y el ser humano.<\/p>\n<p>\u201cLa expectativa a futuro es que m\u00e1s all\u00e1 de ser espacios de comercializaci\u00f3n sean espacios de debate y crecimiento para los ciudadanos rurales,\u00a0 una forma de articular\u00a0 y crear redes de productores de la agricultura familiar y campesina\u201d, expuso Silva. El apoyo en capacitaciones, cr\u00e9ditos, emprendimientos y proyecciones internacionales es otra expectativa que esperan cumplir.<\/p>\n<p>En los \u00faltimos meses, la inversi\u00f3n en infraestructura fue de un mill\u00f3n de d\u00f3lares, con la que se realiz\u00f3 64 ferias en 14 provincias. La econom\u00eda familiar y campesina comprende todas las actividades desarrolladas por las familias como agricultura, ganader\u00eda, artesan\u00eda, acuacultura recolecci\u00f3n y pesca.<\/p>\n<p>La funcionaria indic\u00f3 que la principal caracter\u00edstica de estos mercados es que la mayor parte de la mano de obra es familiar y que todos los ingresos quedan en casa. \u201cEste modelo es parte de la soberan\u00eda alimentaria ecuatoriana, un principio fundamental de la Constituci\u00f3n que exige implementar pol\u00edticas, para mejorar las condiciones de vida de los agricultores, que trabajan en condiciones precarias e inequitativas.<\/p>\n<p>Marcelo Silva inform\u00f3 que firmar\u00e1n un decreto del Instituto de Provisi\u00f3n de Alimentos adscrito al Ministerio de Agricultura para articular estos espacios, que generan un mercado de alrededor de 200 millones de d\u00f3lares anuales, al sistema de compras p\u00fablicas.<\/p>\n<p>Esperan que el convenio permita alimentar a todas las instituciones p\u00fablicas y del Estado incluyendo hospitales, escuelas, c\u00e1rceles y permitan privilegiar a los peque\u00f1os productores y asociaciones de agricultura familiar y campesina.<\/p>\n<p>Las ferias se realizan en Tumbaco, el segundo domingo de cada mes de 9:00 a 14:00, en el parque La Carolina, el primer y tercer domingo de cada mes de 8:00 a 14:00, en la Tribuna del Sur el segundo domingo de cada mes de 9:00 a 12:00 y en La Floresta los mi\u00e9rcoles de 17:00 a 19:30.<\/p>\n","protected":false},"excerpt":{"rendered":"<p>14.000 familias son beneficiadas por los Circuitos Alternativos de Comercializaci\u00f3n, instancia cuyo objetivo es \u201cacercar al productor lo que m\u00e1s se pueda al consumidor, es decir, reducir dr\u00e1sticamente la intermediaci\u00f3n comercial\u201d, explic\u00f3 Marcelo Silva, coordinador general de Redes Comerciales del&hellip;<\/p>\n","protected":false},"author":640,"featured_media":19128,"comment_status":"closed","ping_status":"open","sticky":false,"template":"","format":"standard","meta":{"footnotes":""},"categories":[149,81,67],"tags":[838],"class_list":["post-36315","post","type-post","status-publish","format-standard","has-post-thumbnail","hentry","category-comunicados-de-prensa","category-economia-es","category-sudamerica","tag-alimentos"],"yoast_head":"<!-- This site is optimized with the Yoast SEO plugin v27.1.1 - https:\/\/yoast.com\/product\/yoast-seo-wordpress\/ -->\n<title>Agricultura familiar y campesina en Ecuador<\/title>\n<meta name=\"description\" content=\"14.000 familias son beneficiadas por los Circuitos Alternativos de Comercializaci\u00f3n, instancia cuyo objetivo es \u201cacercar al productor lo que m\u00e1s se pueda\" \/>\n<meta name=\"robots\" content=\"index, follow, max-snippet:-1, max-image-preview:large, max-video-preview:-1\" \/>\n<link rel=\"canonical\" href=\"https:\/\/www.pressenza.com\/es\/2013\/02\/agricultura-familiar-y-campesina-en-ecuador\/\" \/>\n<meta property=\"og:locale\" content=\"es_ES\" \/>\n<meta property=\"og:type\" content=\"article\" \/>\n<meta property=\"og:title\" content=\"Agricultura familiar y campesina en Ecuador\" \/>\n<meta property=\"og:description\" content=\"14.000 familias son beneficiadas por los Circuitos Alternativos de Comercializaci\u00f3n, instancia cuyo objetivo es \u201cacercar al productor lo que m\u00e1s se pueda\" \/>\n<meta property=\"og:url\" content=\"https:\/\/www.pressenza.com\/es\/2013\/02\/agricultura-familiar-y-campesina-en-ecuador\/\" \/>\n<meta property=\"og:site_name\" content=\"Pressenza\" \/>\n<meta property=\"article:publisher\" content=\"https:\/\/www.facebook.com\/PressenzaItalia\" \/>\n<meta property=\"article:author\" content=\"https:\/\/www.facebook.com\/AgenciasUlan\" \/>\n<meta property=\"article:published_time\" content=\"2013-02-02T16:11:00+00:00\" \/>\n<meta property=\"og:image\" content=\"https:\/\/www.pressenza.com\/wp-content\/uploads\/2012\/10\/Alimentos.jpg\" \/>\n\t<meta property=\"og:image:width\" content=\"644\" \/>\n\t<meta property=\"og:image:height\" content=\"509\" \/>\n\t<meta property=\"og:image:type\" content=\"image\/jpeg\" \/>\n<meta name=\"author\" content=\"Uni\u00f3n Latinoamericana de Agencias de Noticias\" \/>\n<meta name=\"twitter:card\" content=\"summary_large_image\" \/>\n<meta name=\"twitter:creator\" content=\"@agenciasulan\" \/>\n<meta name=\"twitter:site\" content=\"@PressenzaIPA\" \/>\n<meta name=\"twitter:label1\" content=\"Escrito por\" \/>\n\t<meta name=\"twitter:data1\" content=\"Uni\u00f3n Latinoamericana de Agencias de Noticias\" \/>\n\t<meta name=\"twitter:label2\" content=\"Tiempo de lectura\" \/>\n\t<meta name=\"twitter:data2\" content=\"2 minutos\" \/>\n<script type=\"application\/ld+json\" class=\"yoast-schema-graph\">{\"@context\":\"https:\/\/schema.org\",\"@graph\":[{\"@type\":\"Article\",\"@id\":\"https:\/\/www.pressenza.com\/es\/2013\/02\/agricultura-familiar-y-campesina-en-ecuador\/#article\",\"isPartOf\":{\"@id\":\"https:\/\/www.pressenza.com\/es\/2013\/02\/agricultura-familiar-y-campesina-en-ecuador\/\"},\"author\":{\"name\":\"Uni\u00f3n Latinoamericana de Agencias de Noticias\",\"@id\":\"https:\/\/www.pressenza.com\/es\/#\/schema\/person\/a9efe8d7b19eb4689fcbcb71bc21dba6\"},\"headline\":\"Agricultura familiar y campesina en Ecuador\",\"datePublished\":\"2013-02-02T16:11:00+00:00\",\"mainEntityOfPage\":{\"@id\":\"https:\/\/www.pressenza.com\/es\/2013\/02\/agricultura-familiar-y-campesina-en-ecuador\/\"},\"wordCount\":438,\"publisher\":{\"@id\":\"https:\/\/www.pressenza.com\/es\/#organization\"},\"image\":{\"@id\":\"https:\/\/www.pressenza.com\/es\/2013\/02\/agricultura-familiar-y-campesina-en-ecuador\/#primaryimage\"},\"thumbnailUrl\":\"https:\/\/www.pressenza.com\/wp-content\/uploads\/2012\/10\/Alimentos.jpg\",\"keywords\":[\"alimentos\"],\"articleSection\":[\"Comunicados de Prensa\",\"Econom\u00eda\",\"Sudam\u00e9rica\"],\"inLanguage\":\"es\"},{\"@type\":\"WebPage\",\"@id\":\"https:\/\/www.pressenza.com\/es\/2013\/02\/agricultura-familiar-y-campesina-en-ecuador\/\",\"url\":\"https:\/\/www.pressenza.com\/es\/2013\/02\/agricultura-familiar-y-campesina-en-ecuador\/\",\"name\":\"Agricultura familiar y campesina en Ecuador\",\"isPartOf\":{\"@id\":\"https:\/\/www.pressenza.com\/es\/#website\"},\"primaryImageOfPage\":{\"@id\":\"https:\/\/www.pressenza.com\/es\/2013\/02\/agricultura-familiar-y-campesina-en-ecuador\/#primaryimage\"},\"image\":{\"@id\":\"https:\/\/www.pressenza.com\/es\/2013\/02\/agricultura-familiar-y-campesina-en-ecuador\/#primaryimage\"},\"thumbnailUrl\":\"https:\/\/www.pressenza.com\/wp-content\/uploads\/2012\/10\/Alimentos.jpg\",\"datePublished\":\"2013-02-02T16:11:00+00:00\",\"description\":\"14.000 familias son beneficiadas por los Circuitos Alternativos de Comercializaci\u00f3n, instancia cuyo objetivo es \u201cacercar al productor lo que m\u00e1s se pueda\",\"breadcrumb\":{\"@id\":\"https:\/\/www.pressenza.com\/es\/2013\/02\/agricultura-familiar-y-campesina-en-ecuador\/#breadcrumb\"},\"inLanguage\":\"es\",\"potentialAction\":[{\"@type\":\"ReadAction\",\"target\":[\"https:\/\/www.pressenza.com\/es\/2013\/02\/agricultura-familiar-y-campesina-en-ecuador\/\"]}]},{\"@type\":\"ImageObject\",\"inLanguage\":\"es\",\"@id\":\"https:\/\/www.pressenza.com\/es\/2013\/02\/agricultura-familiar-y-campesina-en-ecuador\/#primaryimage\",\"url\":\"https:\/\/www.pressenza.com\/wp-content\/uploads\/2012\/10\/Alimentos.jpg\",\"contentUrl\":\"https:\/\/www.pressenza.com\/wp-content\/uploads\/2012\/10\/Alimentos.jpg\",\"width\":\"644\",\"height\":\"509\"},{\"@type\":\"BreadcrumbList\",\"@id\":\"https:\/\/www.pressenza.com\/es\/2013\/02\/agricultura-familiar-y-campesina-en-ecuador\/#breadcrumb\",\"itemListElement\":[{\"@type\":\"ListItem\",\"position\":1,\"name\":\"Accueil\",\"item\":\"https:\/\/www.pressenza.com\/es\/\"},{\"@type\":\"ListItem\",\"position\":2,\"name\":\"Agricultura familiar y campesina en Ecuador\"}]},{\"@type\":\"WebSite\",\"@id\":\"https:\/\/www.pressenza.com\/es\/#website\",\"url\":\"https:\/\/www.pressenza.com\/es\/\",\"name\":\"Pressenza\",\"description\":\"International Press Agency\",\"publisher\":{\"@id\":\"https:\/\/www.pressenza.com\/es\/#organization\"},\"potentialAction\":[{\"@type\":\"SearchAction\",\"target\":{\"@type\":\"EntryPoint\",\"urlTemplate\":\"https:\/\/www.pressenza.com\/es\/?s={search_term_string}\"},\"query-input\":{\"@type\":\"PropertyValueSpecification\",\"valueRequired\":true,\"valueName\":\"search_term_string\"}}],\"inLanguage\":\"es\"},{\"@type\":\"Organization\",\"@id\":\"https:\/\/www.pressenza.com\/es\/#organization\",\"name\":\"Pressenza\",\"url\":\"https:\/\/www.pressenza.com\/es\/\",\"logo\":{\"@type\":\"ImageObject\",\"inLanguage\":\"es\",\"@id\":\"https:\/\/www.pressenza.com\/es\/#\/schema\/logo\/image\/\",\"url\":\"https:\/\/www.pressenza.com\/wp-content\/uploads\/2022\/10\/pressenza_logo_200x200.jpg\",\"contentUrl\":\"https:\/\/www.pressenza.com\/wp-content\/uploads\/2022\/10\/pressenza_logo_200x200.jpg\",\"width\":200,\"height\":200,\"caption\":\"Pressenza\"},\"image\":{\"@id\":\"https:\/\/www.pressenza.com\/es\/#\/schema\/logo\/image\/\"},\"sameAs\":[\"https:\/\/www.facebook.com\/PressenzaItalia\",\"https:\/\/x.com\/PressenzaIPA\"]},{\"@type\":\"Person\",\"@id\":\"https:\/\/www.pressenza.com\/es\/#\/schema\/person\/a9efe8d7b19eb4689fcbcb71bc21dba6\",\"name\":\"Uni\u00f3n Latinoamericana de Agencias de Noticias\",\"description\":\"Una asociaci\u00f3n supranacional que re\u00fane a las agencias de noticias de Am\u00e9rica Latina y el Caribe. agenciasulan.org\",\"sameAs\":[\"https:\/\/www.facebook.com\/AgenciasUlan\",\"https:\/\/x.com\/agenciasulan\"],\"url\":\"https:\/\/www.pressenza.com\/es\/author\/union-latinoamericana-de-agencias-de-noticias\/\"}]}<\/script>\n<!-- \/ Yoast SEO plugin. -->","yoast_head_json":{"title":"Agricultura familiar y campesina en Ecuador","description":"14.000 familias son beneficiadas por los Circuitos Alternativos de Comercializaci\u00f3n, instancia cuyo objetivo es \u201cacercar al productor lo que m\u00e1s se pueda","robots":{"index":"index","follow":"follow","max-snippet":"max-snippet:-1","max-image-preview":"max-image-preview:large","max-video-preview":"max-video-preview:-1"},"canonical":"https:\/\/www.pressenza.com\/es\/2013\/02\/agricultura-familiar-y-campesina-en-ecuador\/","og_locale":"es_ES","og_type":"article","og_title":"Agricultura familiar y campesina en Ecuador","og_description":"14.000 familias son beneficiadas por los Circuitos Alternativos de Comercializaci\u00f3n, instancia cuyo objetivo es \u201cacercar al productor lo que m\u00e1s se pueda","og_url":"https:\/\/www.pressenza.com\/es\/2013\/02\/agricultura-familiar-y-campesina-en-ecuador\/","og_site_name":"Pressenza","article_publisher":"https:\/\/www.facebook.com\/PressenzaItalia","article_author":"https:\/\/www.facebook.com\/AgenciasUlan","article_published_time":"2013-02-02T16:11:00+00:00","og_image":[{"width":644,"height":509,"url":"https:\/\/www.pressenza.com\/wp-content\/uploads\/2012\/10\/Alimentos.jpg","type":"image\/jpeg"}],"author":"Uni\u00f3n Latinoamericana de Agencias de Noticias","twitter_card":"summary_large_image","twitter_creator":"@agenciasulan","twitter_site":"@PressenzaIPA","twitter_misc":{"Escrito por":"Uni\u00f3n Latinoamericana de Agencias de Noticias","Tiempo de lectura":"2 minutos"},"schema":{"@context":"https:\/\/schema.org","@graph":[{"@type":"Article","@id":"https:\/\/www.pressenza.com\/es\/2013\/02\/agricultura-familiar-y-campesina-en-ecuador\/#article","isPartOf":{"@id":"https:\/\/www.pressenza.com\/es\/2013\/02\/agricultura-familiar-y-campesina-en-ecuador\/"},"author":{"name":"Uni\u00f3n Latinoamericana de Agencias de Noticias","@id":"https:\/\/www.pressenza.com\/es\/#\/schema\/person\/a9efe8d7b19eb4689fcbcb71bc21dba6"},"headline":"Agricultura familiar y campesina en Ecuador","datePublished":"2013-02-02T16:11:00+00:00","mainEntityOfPage":{"@id":"https:\/\/www.pressenza.com\/es\/2013\/02\/agricultura-familiar-y-campesina-en-ecuador\/"},"wordCount":438,"publisher":{"@id":"https:\/\/www.pressenza.com\/es\/#organization"},"image":{"@id":"https:\/\/www.pressenza.com\/es\/2013\/02\/agricultura-familiar-y-campesina-en-ecuador\/#primaryimage"},"thumbnailUrl":"https:\/\/www.pressenza.com\/wp-content\/uploads\/2012\/10\/Alimentos.jpg","keywords":["alimentos"],"articleSection":["Comunicados de Prensa","Econom\u00eda","Sudam\u00e9rica"],"inLanguage":"es"},{"@type":"WebPage","@id":"https:\/\/www.pressenza.com\/es\/2013\/02\/agricultura-familiar-y-campesina-en-ecuador\/","url":"https:\/\/www.pressenza.com\/es\/2013\/02\/agricultura-familiar-y-campesina-en-ecuador\/","name":"Agricultura familiar y campesina en Ecuador","isPartOf":{"@id":"https:\/\/www.pressenza.com\/es\/#website"},"primaryImageOfPage":{"@id":"https:\/\/www.pressenza.com\/es\/2013\/02\/agricultura-familiar-y-campesina-en-ecuador\/#primaryimage"},"image":{"@id":"https:\/\/www.pressenza.com\/es\/2013\/02\/agricultura-familiar-y-campesina-en-ecuador\/#primaryimage"},"thumbnailUrl":"https:\/\/www.pressenza.com\/wp-content\/uploads\/2012\/10\/Alimentos.jpg","datePublished":"2013-02-02T16:11:00+00:00","description":"14.000 familias son beneficiadas por los Circuitos Alternativos de Comercializaci\u00f3n, instancia cuyo objetivo es \u201cacercar al productor lo que m\u00e1s se pueda","breadcrumb":{"@id":"https:\/\/www.pressenza.com\/es\/2013\/02\/agricultura-familiar-y-campesina-en-ecuador\/#breadcrumb"},"inLanguage":"es","potentialAction":[{"@type":"ReadAction","target":["https:\/\/www.pressenza.com\/es\/2013\/02\/agricultura-familiar-y-campesina-en-ecuador\/"]}]},{"@type":"ImageObject","inLanguage":"es","@id":"https:\/\/www.pressenza.com\/es\/2013\/02\/agricultura-familiar-y-campesina-en-ecuador\/#primaryimage","url":"https:\/\/www.pressenza.com\/wp-content\/uploads\/2012\/10\/Alimentos.jpg","contentUrl":"https:\/\/www.pressenza.com\/wp-content\/uploads\/2012\/10\/Alimentos.jpg","width":"644","height":"509"},{"@type":"BreadcrumbList","@id":"https:\/\/www.pressenza.com\/es\/2013\/02\/agricultura-familiar-y-campesina-en-ecuador\/#breadcrumb","itemListElement":[{"@type":"ListItem","position":1,"name":"Accueil","item":"https:\/\/www.pressenza.com\/es\/"},{"@type":"ListItem","position":2,"name":"Agricultura familiar y campesina en Ecuador"}]},{"@type":"WebSite","@id":"https:\/\/www.pressenza.com\/es\/#website","url":"https:\/\/www.pressenza.com\/es\/","name":"Pressenza","description":"International Press Agency","publisher":{"@id":"https:\/\/www.pressenza.com\/es\/#organization"},"potentialAction":[{"@type":"SearchAction","target":{"@type":"EntryPoint","urlTemplate":"https:\/\/www.pressenza.com\/es\/?s={search_term_string}"},"query-input":{"@type":"PropertyValueSpecification","valueRequired":true,"valueName":"search_term_string"}}],"inLanguage":"es"},{"@type":"Organization","@id":"https:\/\/www.pressenza.com\/es\/#organization","name":"Pressenza","url":"https:\/\/www.pressenza.com\/es\/","logo":{"@type":"ImageObject","inLanguage":"es","@id":"https:\/\/www.pressenza.com\/es\/#\/schema\/logo\/image\/","url":"https:\/\/www.pressenza.com\/wp-content\/uploads\/2022\/10\/pressenza_logo_200x200.jpg","contentUrl":"https:\/\/www.pressenza.com\/wp-content\/uploads\/2022\/10\/pressenza_logo_200x200.jpg","width":200,"height":200,"caption":"Pressenza"},"image":{"@id":"https:\/\/www.pressenza.com\/es\/#\/schema\/logo\/image\/"},"sameAs":["https:\/\/www.facebook.com\/PressenzaItalia","https:\/\/x.com\/PressenzaIPA"]},{"@type":"Person","@id":"https:\/\/www.pressenza.com\/es\/#\/schema\/person\/a9efe8d7b19eb4689fcbcb71bc21dba6","name":"Uni\u00f3n Latinoamericana de Agencias de Noticias","description":"Una asociaci\u00f3n supranacional que re\u00fane a las agencias de noticias de Am\u00e9rica Latina y el Caribe. agenciasulan.org","sameAs":["https:\/\/www.facebook.com\/AgenciasUlan","https:\/\/x.com\/agenciasulan"],"url":"https:\/\/www.pressenza.com\/es\/author\/union-latinoamericana-de-agencias-de-noticias\/"}]}},"place":"Quito","original_article_url":"","_links":{"self":[{"href":"https:\/\/www.pressenza.com\/es\/wp-json\/wp\/v2\/posts\/36315","targetHints":{"allow":["GET"]}}],"collection":[{"href":"https:\/\/www.pressenza.com\/es\/wp-json\/wp\/v2\/posts"}],"about":[{"href":"https:\/\/www.pressenza.com\/es\/wp-json\/wp\/v2\/types\/post"}],"author":[{"embeddable":true,"href":"https:\/\/www.pressenza.com\/es\/wp-json\/wp\/v2\/users\/640"}],"replies":[{"embeddable":true,"href":"https:\/\/www.pressenza.com\/es\/wp-json\/wp\/v2\/comments?post=36315"}],"version-history":[{"count":0,"href":"https:\/\/www.pressenza.com\/es\/wp-json\/wp\/v2\/posts\/36315\/revisions"}],"wp:featuredmedia":[{"embeddable":true,"href":"https:\/\/www.pressenza.com\/es\/wp-json\/wp\/v2\/media\/19128"}],"wp:attachment":[{"href":"https:\/\/www.pressenza.com\/es\/wp-json\/wp\/v2\/media?parent=36315"}],"wp:term":[{"taxonomy":"category","embeddable":true,"href":"https:\/\/www.pressenza.com\/es\/wp-json\/wp\/v2\/categories?post=36315"},{"taxonomy":"post_tag","embeddable":true,"href":"https:\/\/www.pressenza.com\/es\/wp-json\/wp\/v2\/tags?post=36315"}],"curies":[{"name":"wp","href":"https:\/\/api.w.org\/{rel}","templated":true}]}}