{"id":359760,"date":"2016-09-03T01:26:39","date_gmt":"2016-09-03T00:26:39","guid":{"rendered":"http:\/\/www.pressenza.com\/es\/?p=359760"},"modified":"2016-09-03T01:26:39","modified_gmt":"2016-09-03T00:26:39","slug":"desacato-la-moral-hetero","status":"publish","type":"post","link":"https:\/\/www.pressenza.com\/es\/2016\/09\/desacato-la-moral-hetero\/","title":{"rendered":"Desacato a la moral hetero"},"content":{"rendered":"<p><em>Por <strong>Revista Furias<\/strong><\/em><\/p>\n<p>El lunes 29 de agosto a las 23.30.hs. Bel\u00e9n Arena y la chica con la que se encontraba fueron echadas por lesbianas del Bar \u201cLa Biela\u201d, mientras se encontraban tomando un caf\u00e9. Bel\u00e9n le acariciaba el hombro y la cara mientras ella lloraba por una situaci\u00f3n personal. En ese momento se acerca un mozo de forma violenta a decirles <em>que se tranquilicen<\/em>. Bel\u00e9n -a quien es la cuarta vez que le pasa la misma situaci\u00f3n- pregunt\u00f3 a qu\u00e9 se refer\u00eda con eso y la respuesta fue que lo que estaban haciendo <em>no era apropiado para el lugar<\/em>.<\/p>\n<p>En palabras de Bel\u00e9n: \u201cLe pregunt\u00e9 si era conciente de que vivimos en un pa\u00eds con Ley de Matrimonio Igualitario, y se re\u00eda de m\u00ed despectivamente. Fui a hablar con el encargado buscando algo de coherencia en el mundo del rev\u00e9s, le dije \u2018el mozo me est\u00e1 discriminando por lesbiana\u2019, se acerca y me dice \u2018lo que est\u00e1n haciendo no es apropiado para este lugar\u2019\u201d.<\/p>\n<p>Bel\u00e9n se\u00f1al\u00f3 que no le ped\u00edan el mismo decoro a la pareja heterosexual que se besaba en la mesa de al lado, y por decir esto fue adjetivada de <em>\u201crid\u00edcula\u201d<\/em>. Mientras Bel\u00e9n marcaba el 911 para llamar a la polic\u00eda, el encargado le dice <em>\u201cac\u00e1 ten\u00e9s a la polic\u00eda\u201d<\/em>. Explica la situaci\u00f3n a una agente que efectivamente se encontraba en el local, y la misma procede a sacarlas dici\u00e9ndoles c\u00f3mo <em>deb\u00edan<\/em> denunciarlos. Mientras, tres mozos las acercaban hacia la puerta del local.<\/p>\n<p>La \u00fanica reacci\u00f3n de apoyo en el lugar fue una chica que se acerc\u00f3 diciendo que era lesbiana, pero ninguna otra persona se alarm\u00f3 o mostr\u00f3 signos de rechazo ante lo que estaba pasando. La voz y la mirada de la heteronorma eran la mayor\u00eda.<\/p>\n<p>Bel\u00e9n -artista y feminista- cont\u00f3 lo ocurrido a trav\u00e9s de las redes sociales que viralizaron la noticia en menos de una hora. En comunicaci\u00f3n con Furias remarc\u00f3 que se siente <em>\u201cindignada, avergonzada y enervada\u201d.<\/em><\/p>\n<p>Se convoca a un escrache p\u00fablico para el lunes 5 de septiembre a las 20 hs. en la puerta del local \u201cLa Biela\u201d en Av. Presidente Manuel Quintana 596, Recoleta.<\/p>\n<p><a href=\"https:\/\/www.facebook.com\/events\/1646834688963567\/?notif_t=plan_user_invited&amp;notif_id=1472577706078056\" target=\"_blank\">Evento en Facebook: Escrache p\u00fablico \u201cTortazo\u201d en el Bar La Biela<\/a><\/p>\n","protected":false},"excerpt":{"rendered":"<p>Por Revista Furias El lunes 29 de agosto a las 23.30.hs. Bel\u00e9n Arena y la chica con la que se encontraba fueron echadas por lesbianas del Bar \u201cLa Biela\u201d, mientras se encontraban tomando un caf\u00e9. Bel\u00e9n le acariciaba el hombro&hellip;<\/p>\n","protected":false},"author":1254,"featured_media":359761,"comment_status":"closed","ping_status":"closed","sticky":false,"template":"","format":"standard","meta":{"footnotes":""},"categories":[79,1241,161,67],"tags":[26,4094,503,30356,21542,30355,3281],"class_list":["post-359760","post","type-post","status-publish","format-standard","has-post-thumbnail","hentry","category-derechos-humanos","category-diversidad","category-opiniones","category-sudamerica","tag-argentina","tag-buenos-aires","tag-genero","tag-heterosexual","tag-homosexual","tag-lesbianas","tag-matrimonio-igualitario"],"yoast_head":"<!-- This site is optimized with the Yoast SEO plugin v27.1.1 - https:\/\/yoast.com\/product\/yoast-seo-wordpress\/ -->\n<title>Desacato a la moral hetero<\/title>\n<meta name=\"description\" content=\"Por Revista Furias El lunes 29 de agosto a las 23.30.hs. Bel\u00e9n Arena y la chica con la que se encontraba fueron echadas por lesbianas del Bar \u201cLa Biela\u201d,\" \/>\n<meta name=\"robots\" content=\"index, follow, max-snippet:-1, max-image-preview:large, max-video-preview:-1\" \/>\n<link rel=\"canonical\" href=\"https:\/\/www.pressenza.com\/es\/2016\/09\/desacato-la-moral-hetero\/\" \/>\n<meta property=\"og:locale\" content=\"es_ES\" \/>\n<meta property=\"og:type\" content=\"article\" \/>\n<meta property=\"og:title\" content=\"Desacato a la moral hetero\" \/>\n<meta property=\"og:description\" content=\"Por Revista Furias El lunes 29 de agosto a las 23.30.hs. Bel\u00e9n Arena y la chica con la que se encontraba fueron echadas por lesbianas del Bar \u201cLa Biela\u201d,\" \/>\n<meta property=\"og:url\" content=\"https:\/\/www.pressenza.com\/es\/2016\/09\/desacato-la-moral-hetero\/\" \/>\n<meta property=\"og:site_name\" content=\"Pressenza\" \/>\n<meta property=\"article:publisher\" content=\"https:\/\/www.facebook.com\/PressenzaItalia\" \/>\n<meta property=\"article:author\" content=\"https:\/\/www.facebook.com\/pressenza\" \/>\n<meta property=\"article:published_time\" content=\"2016-09-03T00:26:39+00:00\" \/>\n<meta property=\"og:image\" content=\"https:\/\/www.pressenza.com\/wp-content\/uploads\/2016\/09\/Bele--n.jpg\" \/>\n\t<meta property=\"og:image:width\" content=\"800\" \/>\n\t<meta property=\"og:image:height\" content=\"600\" \/>\n\t<meta property=\"og:image:type\" content=\"image\/jpeg\" \/>\n<meta name=\"author\" content=\"Redacci\u00f3n Mar del Plata\" \/>\n<meta name=\"twitter:card\" content=\"summary_large_image\" \/>\n<meta name=\"twitter:creator\" content=\"@Pressenza\" \/>\n<meta name=\"twitter:site\" content=\"@PressenzaIPA\" \/>\n<meta name=\"twitter:label1\" content=\"Escrito por\" \/>\n\t<meta name=\"twitter:data1\" content=\"Redacci\u00f3n Mar del Plata\" \/>\n\t<meta name=\"twitter:label2\" content=\"Tiempo de lectura\" \/>\n\t<meta name=\"twitter:data2\" content=\"2 minutos\" \/>\n<script type=\"application\/ld+json\" class=\"yoast-schema-graph\">{\"@context\":\"https:\/\/schema.org\",\"@graph\":[{\"@type\":\"Article\",\"@id\":\"https:\/\/www.pressenza.com\/es\/2016\/09\/desacato-la-moral-hetero\/#article\",\"isPartOf\":{\"@id\":\"https:\/\/www.pressenza.com\/es\/2016\/09\/desacato-la-moral-hetero\/\"},\"author\":{\"name\":\"Redacci\u00f3n Mar del Plata\",\"@id\":\"https:\/\/www.pressenza.com\/es\/#\/schema\/person\/738658b5125ecea661a8a0b96dba8b69\"},\"headline\":\"Desacato a la moral hetero\",\"datePublished\":\"2016-09-03T00:26:39+00:00\",\"mainEntityOfPage\":{\"@id\":\"https:\/\/www.pressenza.com\/es\/2016\/09\/desacato-la-moral-hetero\/\"},\"wordCount\":397,\"publisher\":{\"@id\":\"https:\/\/www.pressenza.com\/es\/#organization\"},\"image\":{\"@id\":\"https:\/\/www.pressenza.com\/es\/2016\/09\/desacato-la-moral-hetero\/#primaryimage\"},\"thumbnailUrl\":\"https:\/\/www.pressenza.com\/wp-content\/uploads\/2016\/09\/Bele--n.jpg\",\"keywords\":[\"Argentina\",\"Buenos Aires\",\"G\u00e9nero\",\"heterosexual\",\"homosexual\",\"lesbianas\",\"matrimonio igualitario\"],\"articleSection\":[\"Derechos Humanos\",\"Diversidad\",\"Opiniones\",\"Sudam\u00e9rica\"],\"inLanguage\":\"es\"},{\"@type\":\"WebPage\",\"@id\":\"https:\/\/www.pressenza.com\/es\/2016\/09\/desacato-la-moral-hetero\/\",\"url\":\"https:\/\/www.pressenza.com\/es\/2016\/09\/desacato-la-moral-hetero\/\",\"name\":\"Desacato a la moral hetero\",\"isPartOf\":{\"@id\":\"https:\/\/www.pressenza.com\/es\/#website\"},\"primaryImageOfPage\":{\"@id\":\"https:\/\/www.pressenza.com\/es\/2016\/09\/desacato-la-moral-hetero\/#primaryimage\"},\"image\":{\"@id\":\"https:\/\/www.pressenza.com\/es\/2016\/09\/desacato-la-moral-hetero\/#primaryimage\"},\"thumbnailUrl\":\"https:\/\/www.pressenza.com\/wp-content\/uploads\/2016\/09\/Bele--n.jpg\",\"datePublished\":\"2016-09-03T00:26:39+00:00\",\"description\":\"Por Revista Furias El lunes 29 de agosto a las 23.30.hs. Bel\u00e9n Arena y la chica con la que se encontraba fueron echadas por lesbianas del Bar \u201cLa Biela\u201d,\",\"breadcrumb\":{\"@id\":\"https:\/\/www.pressenza.com\/es\/2016\/09\/desacato-la-moral-hetero\/#breadcrumb\"},\"inLanguage\":\"es\",\"potentialAction\":[{\"@type\":\"ReadAction\",\"target\":[\"https:\/\/www.pressenza.com\/es\/2016\/09\/desacato-la-moral-hetero\/\"]}]},{\"@type\":\"ImageObject\",\"inLanguage\":\"es\",\"@id\":\"https:\/\/www.pressenza.com\/es\/2016\/09\/desacato-la-moral-hetero\/#primaryimage\",\"url\":\"https:\/\/www.pressenza.com\/wp-content\/uploads\/2016\/09\/Bele--n.jpg\",\"contentUrl\":\"https:\/\/www.pressenza.com\/wp-content\/uploads\/2016\/09\/Bele--n.jpg\",\"width\":800,\"height\":600},{\"@type\":\"BreadcrumbList\",\"@id\":\"https:\/\/www.pressenza.com\/es\/2016\/09\/desacato-la-moral-hetero\/#breadcrumb\",\"itemListElement\":[{\"@type\":\"ListItem\",\"position\":1,\"name\":\"Accueil\",\"item\":\"https:\/\/www.pressenza.com\/es\/\"},{\"@type\":\"ListItem\",\"position\":2,\"name\":\"Desacato a la moral hetero\"}]},{\"@type\":\"WebSite\",\"@id\":\"https:\/\/www.pressenza.com\/es\/#website\",\"url\":\"https:\/\/www.pressenza.com\/es\/\",\"name\":\"Pressenza\",\"description\":\"International Press Agency\",\"publisher\":{\"@id\":\"https:\/\/www.pressenza.com\/es\/#organization\"},\"potentialAction\":[{\"@type\":\"SearchAction\",\"target\":{\"@type\":\"EntryPoint\",\"urlTemplate\":\"https:\/\/www.pressenza.com\/es\/?s={search_term_string}\"},\"query-input\":{\"@type\":\"PropertyValueSpecification\",\"valueRequired\":true,\"valueName\":\"search_term_string\"}}],\"inLanguage\":\"es\"},{\"@type\":\"Organization\",\"@id\":\"https:\/\/www.pressenza.com\/es\/#organization\",\"name\":\"Pressenza\",\"url\":\"https:\/\/www.pressenza.com\/es\/\",\"logo\":{\"@type\":\"ImageObject\",\"inLanguage\":\"es\",\"@id\":\"https:\/\/www.pressenza.com\/es\/#\/schema\/logo\/image\/\",\"url\":\"https:\/\/www.pressenza.com\/wp-content\/uploads\/2022\/10\/pressenza_logo_200x200.jpg\",\"contentUrl\":\"https:\/\/www.pressenza.com\/wp-content\/uploads\/2022\/10\/pressenza_logo_200x200.jpg\",\"width\":200,\"height\":200,\"caption\":\"Pressenza\"},\"image\":{\"@id\":\"https:\/\/www.pressenza.com\/es\/#\/schema\/logo\/image\/\"},\"sameAs\":[\"https:\/\/www.facebook.com\/PressenzaItalia\",\"https:\/\/x.com\/PressenzaIPA\"]},{\"@type\":\"Person\",\"@id\":\"https:\/\/www.pressenza.com\/es\/#\/schema\/person\/738658b5125ecea661a8a0b96dba8b69\",\"name\":\"Redacci\u00f3n Mar del Plata\",\"description\":\"News published by the Pressenza bureau in Mar Del Plata, Argentina\",\"sameAs\":[\"https:\/\/www.facebook.com\/pressenza\",\"https:\/\/x.com\/Pressenza\"],\"url\":\"https:\/\/www.pressenza.com\/es\/author\/redaccion-mar-del-plata\/\"}]}<\/script>\n<!-- \/ Yoast SEO plugin. -->","yoast_head_json":{"title":"Desacato a la moral hetero","description":"Por Revista Furias El lunes 29 de agosto a las 23.30.hs. Bel\u00e9n Arena y la chica con la que se encontraba fueron echadas por lesbianas del Bar \u201cLa Biela\u201d,","robots":{"index":"index","follow":"follow","max-snippet":"max-snippet:-1","max-image-preview":"max-image-preview:large","max-video-preview":"max-video-preview:-1"},"canonical":"https:\/\/www.pressenza.com\/es\/2016\/09\/desacato-la-moral-hetero\/","og_locale":"es_ES","og_type":"article","og_title":"Desacato a la moral hetero","og_description":"Por Revista Furias El lunes 29 de agosto a las 23.30.hs. Bel\u00e9n Arena y la chica con la que se encontraba fueron echadas por lesbianas del Bar \u201cLa Biela\u201d,","og_url":"https:\/\/www.pressenza.com\/es\/2016\/09\/desacato-la-moral-hetero\/","og_site_name":"Pressenza","article_publisher":"https:\/\/www.facebook.com\/PressenzaItalia","article_author":"https:\/\/www.facebook.com\/pressenza","article_published_time":"2016-09-03T00:26:39+00:00","og_image":[{"width":800,"height":600,"url":"https:\/\/www.pressenza.com\/wp-content\/uploads\/2016\/09\/Bele--n.jpg","type":"image\/jpeg"}],"author":"Redacci\u00f3n Mar del Plata","twitter_card":"summary_large_image","twitter_creator":"@Pressenza","twitter_site":"@PressenzaIPA","twitter_misc":{"Escrito por":"Redacci\u00f3n Mar del Plata","Tiempo de lectura":"2 minutos"},"schema":{"@context":"https:\/\/schema.org","@graph":[{"@type":"Article","@id":"https:\/\/www.pressenza.com\/es\/2016\/09\/desacato-la-moral-hetero\/#article","isPartOf":{"@id":"https:\/\/www.pressenza.com\/es\/2016\/09\/desacato-la-moral-hetero\/"},"author":{"name":"Redacci\u00f3n Mar del Plata","@id":"https:\/\/www.pressenza.com\/es\/#\/schema\/person\/738658b5125ecea661a8a0b96dba8b69"},"headline":"Desacato a la moral hetero","datePublished":"2016-09-03T00:26:39+00:00","mainEntityOfPage":{"@id":"https:\/\/www.pressenza.com\/es\/2016\/09\/desacato-la-moral-hetero\/"},"wordCount":397,"publisher":{"@id":"https:\/\/www.pressenza.com\/es\/#organization"},"image":{"@id":"https:\/\/www.pressenza.com\/es\/2016\/09\/desacato-la-moral-hetero\/#primaryimage"},"thumbnailUrl":"https:\/\/www.pressenza.com\/wp-content\/uploads\/2016\/09\/Bele--n.jpg","keywords":["Argentina","Buenos Aires","G\u00e9nero","heterosexual","homosexual","lesbianas","matrimonio igualitario"],"articleSection":["Derechos Humanos","Diversidad","Opiniones","Sudam\u00e9rica"],"inLanguage":"es"},{"@type":"WebPage","@id":"https:\/\/www.pressenza.com\/es\/2016\/09\/desacato-la-moral-hetero\/","url":"https:\/\/www.pressenza.com\/es\/2016\/09\/desacato-la-moral-hetero\/","name":"Desacato a la moral hetero","isPartOf":{"@id":"https:\/\/www.pressenza.com\/es\/#website"},"primaryImageOfPage":{"@id":"https:\/\/www.pressenza.com\/es\/2016\/09\/desacato-la-moral-hetero\/#primaryimage"},"image":{"@id":"https:\/\/www.pressenza.com\/es\/2016\/09\/desacato-la-moral-hetero\/#primaryimage"},"thumbnailUrl":"https:\/\/www.pressenza.com\/wp-content\/uploads\/2016\/09\/Bele--n.jpg","datePublished":"2016-09-03T00:26:39+00:00","description":"Por Revista Furias El lunes 29 de agosto a las 23.30.hs. Bel\u00e9n Arena y la chica con la que se encontraba fueron echadas por lesbianas del Bar \u201cLa Biela\u201d,","breadcrumb":{"@id":"https:\/\/www.pressenza.com\/es\/2016\/09\/desacato-la-moral-hetero\/#breadcrumb"},"inLanguage":"es","potentialAction":[{"@type":"ReadAction","target":["https:\/\/www.pressenza.com\/es\/2016\/09\/desacato-la-moral-hetero\/"]}]},{"@type":"ImageObject","inLanguage":"es","@id":"https:\/\/www.pressenza.com\/es\/2016\/09\/desacato-la-moral-hetero\/#primaryimage","url":"https:\/\/www.pressenza.com\/wp-content\/uploads\/2016\/09\/Bele--n.jpg","contentUrl":"https:\/\/www.pressenza.com\/wp-content\/uploads\/2016\/09\/Bele--n.jpg","width":800,"height":600},{"@type":"BreadcrumbList","@id":"https:\/\/www.pressenza.com\/es\/2016\/09\/desacato-la-moral-hetero\/#breadcrumb","itemListElement":[{"@type":"ListItem","position":1,"name":"Accueil","item":"https:\/\/www.pressenza.com\/es\/"},{"@type":"ListItem","position":2,"name":"Desacato a la moral hetero"}]},{"@type":"WebSite","@id":"https:\/\/www.pressenza.com\/es\/#website","url":"https:\/\/www.pressenza.com\/es\/","name":"Pressenza","description":"International Press Agency","publisher":{"@id":"https:\/\/www.pressenza.com\/es\/#organization"},"potentialAction":[{"@type":"SearchAction","target":{"@type":"EntryPoint","urlTemplate":"https:\/\/www.pressenza.com\/es\/?s={search_term_string}"},"query-input":{"@type":"PropertyValueSpecification","valueRequired":true,"valueName":"search_term_string"}}],"inLanguage":"es"},{"@type":"Organization","@id":"https:\/\/www.pressenza.com\/es\/#organization","name":"Pressenza","url":"https:\/\/www.pressenza.com\/es\/","logo":{"@type":"ImageObject","inLanguage":"es","@id":"https:\/\/www.pressenza.com\/es\/#\/schema\/logo\/image\/","url":"https:\/\/www.pressenza.com\/wp-content\/uploads\/2022\/10\/pressenza_logo_200x200.jpg","contentUrl":"https:\/\/www.pressenza.com\/wp-content\/uploads\/2022\/10\/pressenza_logo_200x200.jpg","width":200,"height":200,"caption":"Pressenza"},"image":{"@id":"https:\/\/www.pressenza.com\/es\/#\/schema\/logo\/image\/"},"sameAs":["https:\/\/www.facebook.com\/PressenzaItalia","https:\/\/x.com\/PressenzaIPA"]},{"@type":"Person","@id":"https:\/\/www.pressenza.com\/es\/#\/schema\/person\/738658b5125ecea661a8a0b96dba8b69","name":"Redacci\u00f3n Mar del Plata","description":"News published by the Pressenza bureau in Mar Del Plata, Argentina","sameAs":["https:\/\/www.facebook.com\/pressenza","https:\/\/x.com\/Pressenza"],"url":"https:\/\/www.pressenza.com\/es\/author\/redaccion-mar-del-plata\/"}]}},"place":"Ciudad de Buenos Aires, Argentina","original_article_url":"http:\/\/revistafurias.com\/desacato-la-moral-hetero\/","_links":{"self":[{"href":"https:\/\/www.pressenza.com\/es\/wp-json\/wp\/v2\/posts\/359760","targetHints":{"allow":["GET"]}}],"collection":[{"href":"https:\/\/www.pressenza.com\/es\/wp-json\/wp\/v2\/posts"}],"about":[{"href":"https:\/\/www.pressenza.com\/es\/wp-json\/wp\/v2\/types\/post"}],"author":[{"embeddable":true,"href":"https:\/\/www.pressenza.com\/es\/wp-json\/wp\/v2\/users\/1254"}],"replies":[{"embeddable":true,"href":"https:\/\/www.pressenza.com\/es\/wp-json\/wp\/v2\/comments?post=359760"}],"version-history":[{"count":0,"href":"https:\/\/www.pressenza.com\/es\/wp-json\/wp\/v2\/posts\/359760\/revisions"}],"wp:featuredmedia":[{"embeddable":true,"href":"https:\/\/www.pressenza.com\/es\/wp-json\/wp\/v2\/media\/359761"}],"wp:attachment":[{"href":"https:\/\/www.pressenza.com\/es\/wp-json\/wp\/v2\/media?parent=359760"}],"wp:term":[{"taxonomy":"category","embeddable":true,"href":"https:\/\/www.pressenza.com\/es\/wp-json\/wp\/v2\/categories?post=359760"},{"taxonomy":"post_tag","embeddable":true,"href":"https:\/\/www.pressenza.com\/es\/wp-json\/wp\/v2\/tags?post=359760"}],"curies":[{"name":"wp","href":"https:\/\/api.w.org\/{rel}","templated":true}]}}