{"id":359609,"date":"2016-09-02T11:49:26","date_gmt":"2016-09-02T10:49:26","guid":{"rendered":"http:\/\/www.pressenza.com\/es\/?p=359609"},"modified":"2016-09-02T11:56:41","modified_gmt":"2016-09-02T10:56:41","slug":"leonardo-boff-dia-triste-del-brasil-golpe-parlamentario","status":"publish","type":"post","link":"https:\/\/www.pressenza.com\/es\/2016\/09\/leonardo-boff-dia-triste-del-brasil-golpe-parlamentario\/","title":{"rendered":"Leonardo Boff: \u201cEl d\u00eda triste\u201c del Brasil, el golpe parlamentario"},"content":{"rendered":"<p><em>Por <strong>Leonardo Boff\u00b9\/<a href=\"http:\/\/cartamaior.com.br\/\" target=\"_blank\">Carta Maior<\/a>\/<\/strong>Traducci\u00f3n de<strong> Pressenza<\/strong><\/em><\/p>\n<p>Y sucedi\u00f3 que en aquellos d\u00edas, sicarios se disfrazaron de senadores en gran n\u00famero, no todos, y decidieron atacar a una dama honrada e incorruptible que les cortaba el paso para llegar al poder del Estado. A partir del Estado har\u00edan lo que siempre hicieron: aprovecharse de los bienes p\u00fablicos para auto enriquecerse, escapar desesperadamente del brazo de la justicia y llevar adelante su situaci\u00f3n de privilegio siempre a costa del pueblo pobre que quieren mantener lejos, en las periferias, un ej\u00e9rcio de reserva \u00fatil para su servicio, casi como esclavos.<\/p>\n<p>Desangraron a la dama incorruptible y honrada bajo el pretexto de que sus pr\u00e1cticas fiscales eran crimen, cosa que los mayores especialistas en derecho y econom\u00eda \u2013\u2026as\u00ed como instancias oficiales\u2013 negaron. Crearon una farsa e hicieron pedazos la Constituci\u00f3n. Destituir una presidenta sin delito comprobado, es golpe. Golpe parlamentario: esa es la palabra correcta a ser usada.<\/p>\n<p>Se mostraban felices, diciendo hip\u00f3critamente que se sent\u00edan mal, pero hablando de que inauguraban una \u201cera, una nueva primavera, el comienzo de un nuevo Brasil pr\u00f3spero y justo\u201d. Mentira.<\/p>\n<p>El plan \u201cUn puente para el futuro\u201d, en realidad es un puente al atraso porque trata de deshacer los avances que los trabajadores, las mujeres, los negros, los pueblos ind\u00edgenas, la poblaci\u00f3n LGBT, los pobres e \u201cinvisibles\u201d alcanzaron, por primera vez en nuestra historia, en el \u00e1mbito de la inclusi\u00f3n social, los salarios, la salud, la educaci\u00f3n, las leyes laborales, las jubilaciones y el acceso a la ense\u00f1anza t\u00e9cnica y superior. Y lo m\u00e1s grave: quieren mantenerlos en el analfabetismo porque as\u00ed quedan silenciados e incapaces de reclamar derechos y dignidad.<\/p>\n<p>Ahora lo que importa es el Mercado. Quien quiera salud, que vaya al Mercado y pague. Quien quiera estudiar en la universidad, que vaya al Mercado y pague. Todas las cosas se convertir\u00e1n en mercader\u00eda a ser vendida y comprada. \u00bfSe compra dignidad? \u00bfSe compra solidaridad? \u00bfSe paga por el amor? No importa. Son cosas que para ellos no entran en la contabilidad. Pero \u00bfalguien puede vivir y ser feliz sin todo eso?<\/p>\n<p>En los albores de la conquista y dominaci\u00f3n de M\u00e9jico, en 1520, sucedi\u00f3 \u201cla noche triste\u201d cuando gran parte del ej\u00e9rcito espa\u00f1ol fue diezmado. Hoy, en 2016, tenemos \u201cel d\u00eda triste\u201d en el que una presidenta fue injustamente retirada\u00a0del poder conquistado en las urnas.<\/p>\n<p>Por los espacios y corredores del Senado hay sangre derramada. Una \u201cnoche pol\u00edtica triste\u201d cay\u00f3 sobre el Brasil, robando la esperanza de los que salieron de la miseria y hoy corren el riesgo de caer nuevamente en ella.<\/p>\n<p>Y todos los que lucharon para que se consolidara la democracia de signo social y que se respetara la voluntad popular en las urnas, fueron nuevamente traicionados. Este d\u00eda es el d\u00eda de los \u201clargos pu\u00f1ales\u201d que desangraron a una dama honrada e hirieron gravemente la soberan\u00eda popular.<\/p>\n<p>Hoy, 31 de agosto, es el d\u00eda de la tristeza pero no del desaliento. Los que tramaron este teatro y los senadores-sicarios llevaran la mancha de golpistas y farsantes por toda la vida. La conciencia los perseguir\u00e1 y su memoria ser\u00e1 polvo. El deseo de condenar no sustituye la raz\u00f3n que se orienta por la verdad. Ellos pisotearon la verdad bajo el mando de la injusticia. Estar\u00e1n en siniestra compa\u00f1\u00eda, la de aquellos que a\u00f1os atr\u00e1s asaltaron el Estado, oprimieron al pueblo, torturaron \u2013como a la presidenta Dilma\u2013 y asesinaron a tantos que buscaban la restauraci\u00f3n de la democracia.<\/p>\n<p>Y al atardecer de la vida, enfrentar\u00e1n un Juez mayor que develar\u00e1 toda la injusticia que concientemente cometieron.<\/p>\n<p>&#8212;&#8212;&#8212;&#8212;&#8212;&#8212;&#8212;&#8212;&#8212;-<\/p>\n<p>\u00b9 Leonardo Boff, profesor em\u00e9rito de \u00e9tica de la UERJ (Universidad del Estado de R\u00edo de Janeiro) y escritor.<\/p>\n","protected":false},"excerpt":{"rendered":"<p>Por Leonardo Boff\u00b9\/Carta Maior\/Traducci\u00f3n de Pressenza Y sucedi\u00f3 que en aquellos d\u00edas, sicarios se disfrazaron de senadores en gran n\u00famero, no todos, y decidieron atacar a una dama honrada e incorruptible que les cortaba el paso para llegar al poder&hellip;<\/p>\n","protected":false},"author":44,"featured_media":359604,"comment_status":"closed","ping_status":"closed","sticky":false,"template":"","format":"standard","meta":{"footnotes":""},"categories":[161,74,67],"tags":[2749,26758,1417,6713,24965,18402,6958],"class_list":["post-359609","post","type-post","status-publish","format-standard","has-post-thumbnail","hentry","category-opiniones","category-politica-es","category-sudamerica","tag-brasil-es","tag-dilma","tag-dilma-rousseff-es","tag-golpe","tag-leonardo-boff","tag-mercado","tag-senado"],"yoast_head":"<!-- This site is optimized with the Yoast SEO plugin v27.1.1 - https:\/\/yoast.com\/product\/yoast-seo-wordpress\/ -->\n<title>Leonardo Boff: \u201cEl d\u00eda triste\u201c del Brasil, el golpe parlamentario<\/title>\n<meta name=\"description\" content=\"Por Leonardo Boff\u00b9\/Carta Maior\/Traducci\u00f3n de Pressenza Y sucedi\u00f3 que en aquellos d\u00edas, sicarios se disfrazaron de senadores en gran n\u00famero, no todos, y\" \/>\n<meta name=\"robots\" content=\"index, follow, max-snippet:-1, max-image-preview:large, max-video-preview:-1\" \/>\n<link rel=\"canonical\" href=\"https:\/\/www.pressenza.com\/es\/2016\/09\/leonardo-boff-dia-triste-del-brasil-golpe-parlamentario\/\" \/>\n<meta property=\"og:locale\" content=\"es_ES\" \/>\n<meta property=\"og:type\" content=\"article\" \/>\n<meta property=\"og:title\" content=\"Leonardo Boff: \u201cEl d\u00eda triste\u201c del Brasil, el golpe parlamentario\" \/>\n<meta property=\"og:description\" content=\"Por Leonardo Boff\u00b9\/Carta Maior\/Traducci\u00f3n de Pressenza Y sucedi\u00f3 que en aquellos d\u00edas, sicarios se disfrazaron de senadores en gran n\u00famero, no todos, y\" \/>\n<meta property=\"og:url\" content=\"https:\/\/www.pressenza.com\/es\/2016\/09\/leonardo-boff-dia-triste-del-brasil-golpe-parlamentario\/\" \/>\n<meta property=\"og:site_name\" content=\"Pressenza\" \/>\n<meta property=\"article:publisher\" content=\"https:\/\/www.facebook.com\/PressenzaItalia\" \/>\n<meta property=\"article:author\" content=\"https:\/\/www.facebook.com\/PressenzaPortugues\" \/>\n<meta property=\"article:published_time\" content=\"2016-09-02T10:49:26+00:00\" \/>\n<meta property=\"article:modified_time\" content=\"2016-09-02T10:56:41+00:00\" \/>\n<meta property=\"og:image\" content=\"https:\/\/www.pressenza.com\/wp-content\/uploads\/2016\/09\/Dilma-Rousseff.jpg\" \/>\n\t<meta property=\"og:image:width\" content=\"1024\" \/>\n\t<meta property=\"og:image:height\" content=\"683\" \/>\n\t<meta property=\"og:image:type\" content=\"image\/jpeg\" \/>\n<meta name=\"author\" content=\"Reda\u00e7\u00e3o S\u00e3o Paulo\" \/>\n<meta name=\"twitter:card\" content=\"summary_large_image\" \/>\n<meta name=\"twitter:creator\" content=\"@pressenza_pt\" \/>\n<meta name=\"twitter:site\" content=\"@PressenzaIPA\" \/>\n<meta name=\"twitter:label1\" content=\"Escrito por\" \/>\n\t<meta name=\"twitter:data1\" content=\"Reda\u00e7\u00e3o S\u00e3o Paulo\" \/>\n\t<meta name=\"twitter:label2\" content=\"Tiempo de lectura\" \/>\n\t<meta name=\"twitter:data2\" content=\"3 minutos\" \/>\n<script type=\"application\/ld+json\" class=\"yoast-schema-graph\">{\"@context\":\"https:\/\/schema.org\",\"@graph\":[{\"@type\":\"Article\",\"@id\":\"https:\/\/www.pressenza.com\/es\/2016\/09\/leonardo-boff-dia-triste-del-brasil-golpe-parlamentario\/#article\",\"isPartOf\":{\"@id\":\"https:\/\/www.pressenza.com\/es\/2016\/09\/leonardo-boff-dia-triste-del-brasil-golpe-parlamentario\/\"},\"author\":{\"name\":\"Reda\u00e7\u00e3o S\u00e3o Paulo\",\"@id\":\"https:\/\/www.pressenza.com\/es\/#\/schema\/person\/d171826afb7693cfc394da95892bfd93\"},\"headline\":\"Leonardo Boff: \u201cEl d\u00eda triste\u201c del Brasil, el golpe parlamentario\",\"datePublished\":\"2016-09-02T10:49:26+00:00\",\"dateModified\":\"2016-09-02T10:56:41+00:00\",\"mainEntityOfPage\":{\"@id\":\"https:\/\/www.pressenza.com\/es\/2016\/09\/leonardo-boff-dia-triste-del-brasil-golpe-parlamentario\/\"},\"wordCount\":666,\"publisher\":{\"@id\":\"https:\/\/www.pressenza.com\/es\/#organization\"},\"image\":{\"@id\":\"https:\/\/www.pressenza.com\/es\/2016\/09\/leonardo-boff-dia-triste-del-brasil-golpe-parlamentario\/#primaryimage\"},\"thumbnailUrl\":\"https:\/\/www.pressenza.com\/wp-content\/uploads\/2016\/09\/Dilma-Rousseff.jpg\",\"keywords\":[\"Brasil\",\"Dilma\",\"Dilma Rousseff\",\"golpe\",\"Leonardo Boff\",\"Mercado\",\"Senado\"],\"articleSection\":[\"Opiniones\",\"Pol\u00edtica\",\"Sudam\u00e9rica\"],\"inLanguage\":\"es\"},{\"@type\":\"WebPage\",\"@id\":\"https:\/\/www.pressenza.com\/es\/2016\/09\/leonardo-boff-dia-triste-del-brasil-golpe-parlamentario\/\",\"url\":\"https:\/\/www.pressenza.com\/es\/2016\/09\/leonardo-boff-dia-triste-del-brasil-golpe-parlamentario\/\",\"name\":\"Leonardo Boff: \u201cEl d\u00eda triste\u201c del Brasil, el golpe parlamentario\",\"isPartOf\":{\"@id\":\"https:\/\/www.pressenza.com\/es\/#website\"},\"primaryImageOfPage\":{\"@id\":\"https:\/\/www.pressenza.com\/es\/2016\/09\/leonardo-boff-dia-triste-del-brasil-golpe-parlamentario\/#primaryimage\"},\"image\":{\"@id\":\"https:\/\/www.pressenza.com\/es\/2016\/09\/leonardo-boff-dia-triste-del-brasil-golpe-parlamentario\/#primaryimage\"},\"thumbnailUrl\":\"https:\/\/www.pressenza.com\/wp-content\/uploads\/2016\/09\/Dilma-Rousseff.jpg\",\"datePublished\":\"2016-09-02T10:49:26+00:00\",\"dateModified\":\"2016-09-02T10:56:41+00:00\",\"description\":\"Por Leonardo Boff\u00b9\/Carta Maior\/Traducci\u00f3n de Pressenza Y sucedi\u00f3 que en aquellos d\u00edas, sicarios se disfrazaron de senadores en gran n\u00famero, no todos, y\",\"breadcrumb\":{\"@id\":\"https:\/\/www.pressenza.com\/es\/2016\/09\/leonardo-boff-dia-triste-del-brasil-golpe-parlamentario\/#breadcrumb\"},\"inLanguage\":\"es\",\"potentialAction\":[{\"@type\":\"ReadAction\",\"target\":[\"https:\/\/www.pressenza.com\/es\/2016\/09\/leonardo-boff-dia-triste-del-brasil-golpe-parlamentario\/\"]}]},{\"@type\":\"ImageObject\",\"inLanguage\":\"es\",\"@id\":\"https:\/\/www.pressenza.com\/es\/2016\/09\/leonardo-boff-dia-triste-del-brasil-golpe-parlamentario\/#primaryimage\",\"url\":\"https:\/\/www.pressenza.com\/wp-content\/uploads\/2016\/09\/Dilma-Rousseff.jpg\",\"contentUrl\":\"https:\/\/www.pressenza.com\/wp-content\/uploads\/2016\/09\/Dilma-Rousseff.jpg\",\"width\":1024,\"height\":683},{\"@type\":\"BreadcrumbList\",\"@id\":\"https:\/\/www.pressenza.com\/es\/2016\/09\/leonardo-boff-dia-triste-del-brasil-golpe-parlamentario\/#breadcrumb\",\"itemListElement\":[{\"@type\":\"ListItem\",\"position\":1,\"name\":\"Accueil\",\"item\":\"https:\/\/www.pressenza.com\/es\/\"},{\"@type\":\"ListItem\",\"position\":2,\"name\":\"Leonardo Boff: \u201cEl d\u00eda triste\u201c del Brasil, el golpe parlamentario\"}]},{\"@type\":\"WebSite\",\"@id\":\"https:\/\/www.pressenza.com\/es\/#website\",\"url\":\"https:\/\/www.pressenza.com\/es\/\",\"name\":\"Pressenza\",\"description\":\"International Press Agency\",\"publisher\":{\"@id\":\"https:\/\/www.pressenza.com\/es\/#organization\"},\"potentialAction\":[{\"@type\":\"SearchAction\",\"target\":{\"@type\":\"EntryPoint\",\"urlTemplate\":\"https:\/\/www.pressenza.com\/es\/?s={search_term_string}\"},\"query-input\":{\"@type\":\"PropertyValueSpecification\",\"valueRequired\":true,\"valueName\":\"search_term_string\"}}],\"inLanguage\":\"es\"},{\"@type\":\"Organization\",\"@id\":\"https:\/\/www.pressenza.com\/es\/#organization\",\"name\":\"Pressenza\",\"url\":\"https:\/\/www.pressenza.com\/es\/\",\"logo\":{\"@type\":\"ImageObject\",\"inLanguage\":\"es\",\"@id\":\"https:\/\/www.pressenza.com\/es\/#\/schema\/logo\/image\/\",\"url\":\"https:\/\/www.pressenza.com\/wp-content\/uploads\/2022\/10\/pressenza_logo_200x200.jpg\",\"contentUrl\":\"https:\/\/www.pressenza.com\/wp-content\/uploads\/2022\/10\/pressenza_logo_200x200.jpg\",\"width\":200,\"height\":200,\"caption\":\"Pressenza\"},\"image\":{\"@id\":\"https:\/\/www.pressenza.com\/es\/#\/schema\/logo\/image\/\"},\"sameAs\":[\"https:\/\/www.facebook.com\/PressenzaItalia\",\"https:\/\/x.com\/PressenzaIPA\"]},{\"@type\":\"Person\",\"@id\":\"https:\/\/www.pressenza.com\/es\/#\/schema\/person\/d171826afb7693cfc394da95892bfd93\",\"name\":\"Reda\u00e7\u00e3o S\u00e3o Paulo\",\"description\":\"News from the Pressenza bureau in Sao Paulo, Brazil\",\"sameAs\":[\"https:\/\/www.facebook.com\/PressenzaPortugues\",\"https:\/\/x.com\/pressenza_pt\"],\"url\":\"https:\/\/www.pressenza.com\/es\/author\/redaccao-sao-paulo\/\"}]}<\/script>\n<!-- \/ Yoast SEO plugin. -->","yoast_head_json":{"title":"Leonardo Boff: \u201cEl d\u00eda triste\u201c del Brasil, el golpe parlamentario","description":"Por Leonardo Boff\u00b9\/Carta Maior\/Traducci\u00f3n de Pressenza Y sucedi\u00f3 que en aquellos d\u00edas, sicarios se disfrazaron de senadores en gran n\u00famero, no todos, y","robots":{"index":"index","follow":"follow","max-snippet":"max-snippet:-1","max-image-preview":"max-image-preview:large","max-video-preview":"max-video-preview:-1"},"canonical":"https:\/\/www.pressenza.com\/es\/2016\/09\/leonardo-boff-dia-triste-del-brasil-golpe-parlamentario\/","og_locale":"es_ES","og_type":"article","og_title":"Leonardo Boff: \u201cEl d\u00eda triste\u201c del Brasil, el golpe parlamentario","og_description":"Por Leonardo Boff\u00b9\/Carta Maior\/Traducci\u00f3n de Pressenza Y sucedi\u00f3 que en aquellos d\u00edas, sicarios se disfrazaron de senadores en gran n\u00famero, no todos, y","og_url":"https:\/\/www.pressenza.com\/es\/2016\/09\/leonardo-boff-dia-triste-del-brasil-golpe-parlamentario\/","og_site_name":"Pressenza","article_publisher":"https:\/\/www.facebook.com\/PressenzaItalia","article_author":"https:\/\/www.facebook.com\/PressenzaPortugues","article_published_time":"2016-09-02T10:49:26+00:00","article_modified_time":"2016-09-02T10:56:41+00:00","og_image":[{"width":1024,"height":683,"url":"https:\/\/www.pressenza.com\/wp-content\/uploads\/2016\/09\/Dilma-Rousseff.jpg","type":"image\/jpeg"}],"author":"Reda\u00e7\u00e3o S\u00e3o Paulo","twitter_card":"summary_large_image","twitter_creator":"@pressenza_pt","twitter_site":"@PressenzaIPA","twitter_misc":{"Escrito por":"Reda\u00e7\u00e3o S\u00e3o Paulo","Tiempo de lectura":"3 minutos"},"schema":{"@context":"https:\/\/schema.org","@graph":[{"@type":"Article","@id":"https:\/\/www.pressenza.com\/es\/2016\/09\/leonardo-boff-dia-triste-del-brasil-golpe-parlamentario\/#article","isPartOf":{"@id":"https:\/\/www.pressenza.com\/es\/2016\/09\/leonardo-boff-dia-triste-del-brasil-golpe-parlamentario\/"},"author":{"name":"Reda\u00e7\u00e3o S\u00e3o Paulo","@id":"https:\/\/www.pressenza.com\/es\/#\/schema\/person\/d171826afb7693cfc394da95892bfd93"},"headline":"Leonardo Boff: \u201cEl d\u00eda triste\u201c del Brasil, el golpe parlamentario","datePublished":"2016-09-02T10:49:26+00:00","dateModified":"2016-09-02T10:56:41+00:00","mainEntityOfPage":{"@id":"https:\/\/www.pressenza.com\/es\/2016\/09\/leonardo-boff-dia-triste-del-brasil-golpe-parlamentario\/"},"wordCount":666,"publisher":{"@id":"https:\/\/www.pressenza.com\/es\/#organization"},"image":{"@id":"https:\/\/www.pressenza.com\/es\/2016\/09\/leonardo-boff-dia-triste-del-brasil-golpe-parlamentario\/#primaryimage"},"thumbnailUrl":"https:\/\/www.pressenza.com\/wp-content\/uploads\/2016\/09\/Dilma-Rousseff.jpg","keywords":["Brasil","Dilma","Dilma Rousseff","golpe","Leonardo Boff","Mercado","Senado"],"articleSection":["Opiniones","Pol\u00edtica","Sudam\u00e9rica"],"inLanguage":"es"},{"@type":"WebPage","@id":"https:\/\/www.pressenza.com\/es\/2016\/09\/leonardo-boff-dia-triste-del-brasil-golpe-parlamentario\/","url":"https:\/\/www.pressenza.com\/es\/2016\/09\/leonardo-boff-dia-triste-del-brasil-golpe-parlamentario\/","name":"Leonardo Boff: \u201cEl d\u00eda triste\u201c del Brasil, el golpe parlamentario","isPartOf":{"@id":"https:\/\/www.pressenza.com\/es\/#website"},"primaryImageOfPage":{"@id":"https:\/\/www.pressenza.com\/es\/2016\/09\/leonardo-boff-dia-triste-del-brasil-golpe-parlamentario\/#primaryimage"},"image":{"@id":"https:\/\/www.pressenza.com\/es\/2016\/09\/leonardo-boff-dia-triste-del-brasil-golpe-parlamentario\/#primaryimage"},"thumbnailUrl":"https:\/\/www.pressenza.com\/wp-content\/uploads\/2016\/09\/Dilma-Rousseff.jpg","datePublished":"2016-09-02T10:49:26+00:00","dateModified":"2016-09-02T10:56:41+00:00","description":"Por Leonardo Boff\u00b9\/Carta Maior\/Traducci\u00f3n de Pressenza Y sucedi\u00f3 que en aquellos d\u00edas, sicarios se disfrazaron de senadores en gran n\u00famero, no todos, y","breadcrumb":{"@id":"https:\/\/www.pressenza.com\/es\/2016\/09\/leonardo-boff-dia-triste-del-brasil-golpe-parlamentario\/#breadcrumb"},"inLanguage":"es","potentialAction":[{"@type":"ReadAction","target":["https:\/\/www.pressenza.com\/es\/2016\/09\/leonardo-boff-dia-triste-del-brasil-golpe-parlamentario\/"]}]},{"@type":"ImageObject","inLanguage":"es","@id":"https:\/\/www.pressenza.com\/es\/2016\/09\/leonardo-boff-dia-triste-del-brasil-golpe-parlamentario\/#primaryimage","url":"https:\/\/www.pressenza.com\/wp-content\/uploads\/2016\/09\/Dilma-Rousseff.jpg","contentUrl":"https:\/\/www.pressenza.com\/wp-content\/uploads\/2016\/09\/Dilma-Rousseff.jpg","width":1024,"height":683},{"@type":"BreadcrumbList","@id":"https:\/\/www.pressenza.com\/es\/2016\/09\/leonardo-boff-dia-triste-del-brasil-golpe-parlamentario\/#breadcrumb","itemListElement":[{"@type":"ListItem","position":1,"name":"Accueil","item":"https:\/\/www.pressenza.com\/es\/"},{"@type":"ListItem","position":2,"name":"Leonardo Boff: \u201cEl d\u00eda triste\u201c del Brasil, el golpe parlamentario"}]},{"@type":"WebSite","@id":"https:\/\/www.pressenza.com\/es\/#website","url":"https:\/\/www.pressenza.com\/es\/","name":"Pressenza","description":"International Press Agency","publisher":{"@id":"https:\/\/www.pressenza.com\/es\/#organization"},"potentialAction":[{"@type":"SearchAction","target":{"@type":"EntryPoint","urlTemplate":"https:\/\/www.pressenza.com\/es\/?s={search_term_string}"},"query-input":{"@type":"PropertyValueSpecification","valueRequired":true,"valueName":"search_term_string"}}],"inLanguage":"es"},{"@type":"Organization","@id":"https:\/\/www.pressenza.com\/es\/#organization","name":"Pressenza","url":"https:\/\/www.pressenza.com\/es\/","logo":{"@type":"ImageObject","inLanguage":"es","@id":"https:\/\/www.pressenza.com\/es\/#\/schema\/logo\/image\/","url":"https:\/\/www.pressenza.com\/wp-content\/uploads\/2022\/10\/pressenza_logo_200x200.jpg","contentUrl":"https:\/\/www.pressenza.com\/wp-content\/uploads\/2022\/10\/pressenza_logo_200x200.jpg","width":200,"height":200,"caption":"Pressenza"},"image":{"@id":"https:\/\/www.pressenza.com\/es\/#\/schema\/logo\/image\/"},"sameAs":["https:\/\/www.facebook.com\/PressenzaItalia","https:\/\/x.com\/PressenzaIPA"]},{"@type":"Person","@id":"https:\/\/www.pressenza.com\/es\/#\/schema\/person\/d171826afb7693cfc394da95892bfd93","name":"Reda\u00e7\u00e3o S\u00e3o Paulo","description":"News from the Pressenza bureau in Sao Paulo, Brazil","sameAs":["https:\/\/www.facebook.com\/PressenzaPortugues","https:\/\/x.com\/pressenza_pt"],"url":"https:\/\/www.pressenza.com\/es\/author\/redaccao-sao-paulo\/"}]}},"place":"Brasil","original_article_url":"http:\/\/cartamaior.com.br\/?\/Editoria\/Politica\/-El-dia-triste-do-Brasil-o-golpe-parlamentar\/4\/36722","_links":{"self":[{"href":"https:\/\/www.pressenza.com\/es\/wp-json\/wp\/v2\/posts\/359609","targetHints":{"allow":["GET"]}}],"collection":[{"href":"https:\/\/www.pressenza.com\/es\/wp-json\/wp\/v2\/posts"}],"about":[{"href":"https:\/\/www.pressenza.com\/es\/wp-json\/wp\/v2\/types\/post"}],"author":[{"embeddable":true,"href":"https:\/\/www.pressenza.com\/es\/wp-json\/wp\/v2\/users\/44"}],"replies":[{"embeddable":true,"href":"https:\/\/www.pressenza.com\/es\/wp-json\/wp\/v2\/comments?post=359609"}],"version-history":[{"count":0,"href":"https:\/\/www.pressenza.com\/es\/wp-json\/wp\/v2\/posts\/359609\/revisions"}],"wp:featuredmedia":[{"embeddable":true,"href":"https:\/\/www.pressenza.com\/es\/wp-json\/wp\/v2\/media\/359604"}],"wp:attachment":[{"href":"https:\/\/www.pressenza.com\/es\/wp-json\/wp\/v2\/media?parent=359609"}],"wp:term":[{"taxonomy":"category","embeddable":true,"href":"https:\/\/www.pressenza.com\/es\/wp-json\/wp\/v2\/categories?post=359609"},{"taxonomy":"post_tag","embeddable":true,"href":"https:\/\/www.pressenza.com\/es\/wp-json\/wp\/v2\/tags?post=359609"}],"curies":[{"name":"wp","href":"https:\/\/api.w.org\/{rel}","templated":true}]}}