{"id":358563,"date":"2016-08-29T22:45:31","date_gmt":"2016-08-29T21:45:31","guid":{"rendered":"http:\/\/www.pressenza.com\/es\/?p=358563"},"modified":"2016-08-29T22:45:31","modified_gmt":"2016-08-29T21:45:31","slug":"el-ttip-fracaso-de-facto-dice-el-ministro-de-economia-aleman","status":"publish","type":"post","link":"https:\/\/www.pressenza.com\/es\/2016\/08\/el-ttip-fracaso-de-facto-dice-el-ministro-de-economia-aleman\/","title":{"rendered":"El TTIP \u201cfracas\u00f3 de facto\u00bb, dice el Ministro de Econom\u00eda alem\u00e1n"},"content":{"rendered":"<p style=\"text-align: justify;\"><strong><em>\u00abLas negociaciones con los EE.UU. fracasaron de facto, porque, por supuesto, los europeos no pod\u00edamos permitir que nos sometan a las exigencias estadounidenses\u201d.<\/em><\/strong><\/p>\n<p style=\"text-align: justify;\">Por <a href=\"http:\/\/www.commondreams.org\/author\/nika-knight-staff-writer\">Nika Knight, escritora estable<\/a> para <a href=\"http:\/\/www.commondreams.org\/news\/2016\/08\/28\/ttip-has-de-facto-failed-says-german-economic-minister\">Common Dreams<\/a><\/p>\n<p style=\"text-align: justify;\"><em>Este post ha sido actualizado.<\/em><\/p>\n<p style=\"text-align: justify;\">El vicecanciller de Alemania y Ministro de Econom\u00eda dijo que el pol\u00e9mico <a href=\"http:\/\/www.commondreams.org\/tag\/ttip\">Tratado Trans-Atl\u00e1ntico y Asociaci\u00f3n de Comercio e Inversi\u00f3n (TTIP)<\/a> ha \u00abfracasado de facto\u00bb, admitiendo que las negociaciones entre los EE.UU. y la U.E. se han estancado por completo.<\/p>\n<p style=\"text-align: justify;\">\u00abLas negociaciones con los EE.UU. han fracasado de facto, porque por supuesto que los europeos no pod\u00edamos permitir que nos sometan a las exigencias estadounidenses\u00bb, dijo Sigmar Gabriel a la emisora de noticias alemana <em><a href=\"http:\/\/www.zdf.de\/\">ZDF<\/a><\/em> en una entrevista que saldr\u00e1 al aire a las 7 p.m. hora alemana, el domingo, <a href=\"http:\/\/www.spiegel.de\/wirtschaft\/soziales\/ttip-sigmar-gabriel-erklaert-verhandlungen-fuer-gescheitert-a-1109807.html\">seg\u00fan<\/a> <em>Der Spiegel<\/em>.<\/p>\n<p style=\"text-align: justify;\">\u00abTodo se ha estancado\u00bb, dijo Gabriel.<\/p>\n<p style=\"text-align: justify;\">\u00abNadie est\u00e1 realmente admiti\u00e9ndolo\u201d, a\u00f1adi\u00f3 Gabriel, <a href=\"http:\/\/www.independent.co.uk\/news\/world\/europe\/ttip-trade-deal-agreement-failed-brexit-latest-news-eu-us-germany-vice-chancellor-a7213876.html\">de acuerdo con<\/a> el <em>Independent<\/em>.<\/p>\n<p style=\"text-align: justify;\">The Independent informa sobre el contexto de las declaraciones de Gabriel:<\/p>\n<blockquote>\n<p style=\"text-align: justify;\">La <a href=\"http:\/\/www.independent.co.uk\/news\/uk\/politics\/brexit-ttip-trade-deal-shockwaves-european-union-eu-a7127016.html\">14\u00aa ronda de negociaciones [TTIP]<\/a> entre Am\u00e9rica y funcionarios de la U.E. tuvo lugar en Bruselas en julio, y fue la tercera ronda en seis meses.<\/p>\n<p style=\"text-align: justify;\">[&#8230;] Dijo que, durante las conversaciones, ninguna de las partes ha convenido en un solo cap\u00edtulo com\u00fan de los 27 que fueron deliberados.<\/p>\n<\/blockquote>\n<p style=\"text-align: justify;\">El grupo de justicia econ\u00f3mica del Reino Unido, Global Justice Now, celebr\u00f3 los comentarios de Gabriel. Kevin Smith, un portavoz del grupo, <a href=\"http:\/\/www.commondreams.org\/newswire\/2016\/08\/28\/ttip-has-failed-global-justice-now-response\">dijo<\/a>:<\/p>\n<blockquote>\n<p style=\"text-align: justify;\">El hecho de que el TTIP haya fallado es el resultado de los cientos de miles de personas que salieron a las calles para protestar en contra de \u00e9l, de los tres millones de personas que firmaron una petici\u00f3n para que sea desechada, y de la gran coalici\u00f3n de grupos de la sociedad civil, uniones de comercio y activistas que se reunieron para detenerlo. El TTIP habr\u00eda dado lugar a una gran apropiaci\u00f3n por parte del poder corporativo, y las democracias soberanas en toda la U.E. se habr\u00edan visto profundamente comprometidas.<\/p>\n<p style=\"text-align: justify;\">Todav\u00eda no estamos fuera de peligro en t\u00e9rminos de tener que lidiar con el legado de los acuerdos comerciales t\u00f3xicos de la U.E. CETA, el acuerdo de libre comercio entre Canad\u00e1 y la U.E. ya ha sido ratificado, y si el Parlamento Europeo lo hace pasar, entrar\u00e1 en vigor antes de que el Parlamento del Reino Unido haya tenido alguna oportunidad de votar sobre ello. As\u00ed que muchos de los elementos controvertidos del TTIP habr\u00edan llegado efectivamente por la puerta trasera con el CETA, y personas en toda Europa ya se est\u00e1n movilizando en gran n\u00famero para detener este intento de golpe de estado corporativo, al igual que han hecho con el TTIP.<\/p>\n<\/blockquote>\n<p style=\"text-align: justify;\">De hecho, pese a haber indicado el fracaso de las negociaciones del TTIP, Gabriel tambi\u00e9n dijo a ZDF que cree que el <a href=\"http:\/\/www.commondreams.org\/tag\/ceta\">Acuerdo Econ\u00f3mico y Comercial Global (CETA)<\/a> entre Canad\u00e1 y la U.E. es un mejor acuerdo que el TTIP, pero tambi\u00e9n observ\u00f3 que est\u00e1 siendo percibido por el p\u00fablico como intercambiable con el TTIP, <a href=\"http:\/\/www.deutschlandfunk.de\/sigmar-gabriel-im-zdf-ttip-verhandlungen-sind-de-facto.1818.de.html?dram:article_id=364263\">seg\u00fan<\/a> <em>Deutschlandrundfunk<\/em>.<\/p>\n<p style=\"text-align: justify;\">Sin embargo, CETA est\u00e1 teniendo sus propios problemas de procedimiento, y su futuro puede estar en duda: como <em>CBC<\/em> <a href=\"http:\/\/www.cbc.ca\/news\/politics\/canada-european-union-ceta-trade-provisional-application-1.3715488\">inform\u00f3<\/a> a inicios de este mes, varios pa\u00edses europeos est\u00e1n todav\u00eda tratando de alterar y modificar el acuerdo, y no coinciden en la manera de ponerlo en pr\u00e1ctica, a tan s\u00f3lo dos meses antes de que, se supone, debe ser ratificado.<\/p>\n<p style=\"text-align: justify;\">Algunas notas de la reuni\u00f3n que han sido filtradas, citan a Jean-Luc Demarty, director general para el comercio de la U.E., diciendo que el CETA es una \u00abprueba de fuego\u00bb para la pol\u00edtica comercial de la U.E., informa <em>CBC<\/em>. Seg\u00fan los informes, Demarty a\u00f1adi\u00f3 que, ante la imposibilidad de ratificar el acuerdo, \u00abser\u00eda un gran problema de credibilidad para la U.E.: ser\u00eda estar &#8216;cerca de la muerte.'\u00bb<\/p>\n","protected":false},"excerpt":{"rendered":"<p>\u00abLas negociaciones con los EE.UU. fracasaron de facto, porque, por supuesto, los europeos no pod\u00edamos permitir que nos sometan a las exigencias estadounidenses\u201d. Por Nika Knight, escritora estable para Common Dreams Este post ha sido actualizado. El vicecanciller de Alemania&hellip;<\/p>\n","protected":false},"author":1013,"featured_media":358487,"comment_status":"closed","ping_status":"closed","sticky":false,"template":"","format":"standard","meta":{"footnotes":""},"categories":[11389,81,39],"tags":[5374,30239,12937],"class_list":["post-358563","post","type-post","status-publish","format-standard","has-post-thumbnail","hentry","category-contenido-original","category-economia-es","category-internacional","tag-alemania","tag-ministro-de-economia","tag-ttip-es"],"yoast_head":"<!-- This site is optimized with the Yoast SEO plugin v27.1.1 - https:\/\/yoast.com\/product\/yoast-seo-wordpress\/ -->\n<title>El TTIP \u201cfracas\u00f3 de facto&quot;, dice el Ministro de Econom\u00eda alem\u00e1n<\/title>\n<meta name=\"description\" content=\"&quot;Las negociaciones con los EE.UU. fracasaron de facto, porque, por supuesto, los europeos no pod\u00edamos permitir que nos sometan a las exigencias\" \/>\n<meta name=\"robots\" content=\"index, follow, max-snippet:-1, max-image-preview:large, max-video-preview:-1\" \/>\n<link rel=\"canonical\" href=\"https:\/\/www.pressenza.com\/es\/2016\/08\/el-ttip-fracaso-de-facto-dice-el-ministro-de-economia-aleman\/\" \/>\n<meta property=\"og:locale\" content=\"es_ES\" \/>\n<meta property=\"og:type\" content=\"article\" \/>\n<meta property=\"og:title\" content=\"El TTIP \u201cfracas\u00f3 de facto&quot;, dice el Ministro de Econom\u00eda alem\u00e1n\" \/>\n<meta property=\"og:description\" content=\"&quot;Las negociaciones con los EE.UU. fracasaron de facto, porque, por supuesto, los europeos no pod\u00edamos permitir que nos sometan a las exigencias\" \/>\n<meta property=\"og:url\" content=\"https:\/\/www.pressenza.com\/es\/2016\/08\/el-ttip-fracaso-de-facto-dice-el-ministro-de-economia-aleman\/\" \/>\n<meta property=\"og:site_name\" content=\"Pressenza\" \/>\n<meta property=\"article:publisher\" content=\"https:\/\/www.facebook.com\/PressenzaItalia\" \/>\n<meta property=\"article:author\" content=\"https:\/\/www.facebook.com\/PressenzaEnglish\/\" \/>\n<meta property=\"article:published_time\" content=\"2016-08-29T21:45:31+00:00\" \/>\n<meta property=\"og:image\" content=\"https:\/\/www.pressenza.com\/wp-content\/uploads\/2016\/08\/TTIPlobby.jpg\" \/>\n\t<meta property=\"og:image:width\" content=\"1481\" \/>\n\t<meta property=\"og:image:height\" content=\"731\" \/>\n\t<meta property=\"og:image:type\" content=\"image\/jpeg\" \/>\n<meta name=\"author\" content=\"Pressenza London\" \/>\n<meta name=\"twitter:card\" content=\"summary_large_image\" \/>\n<meta name=\"twitter:creator\" content=\"@PressenzaIPA\" \/>\n<meta name=\"twitter:site\" content=\"@PressenzaIPA\" \/>\n<meta name=\"twitter:label1\" content=\"Escrito por\" \/>\n\t<meta name=\"twitter:data1\" content=\"Pressenza London\" \/>\n\t<meta name=\"twitter:label2\" content=\"Tiempo de lectura\" \/>\n\t<meta name=\"twitter:data2\" content=\"3 minutos\" \/>\n<script type=\"application\/ld+json\" class=\"yoast-schema-graph\">{\"@context\":\"https:\/\/schema.org\",\"@graph\":[{\"@type\":\"Article\",\"@id\":\"https:\/\/www.pressenza.com\/es\/2016\/08\/el-ttip-fracaso-de-facto-dice-el-ministro-de-economia-aleman\/#article\",\"isPartOf\":{\"@id\":\"https:\/\/www.pressenza.com\/es\/2016\/08\/el-ttip-fracaso-de-facto-dice-el-ministro-de-economia-aleman\/\"},\"author\":{\"name\":\"Pressenza London\",\"@id\":\"https:\/\/www.pressenza.com\/es\/#\/schema\/person\/17c976cc856ec7e8e3f8cdd1a45eb1b0\"},\"headline\":\"El TTIP \u201cfracas\u00f3 de facto\u00bb, dice el Ministro de Econom\u00eda alem\u00e1n\",\"datePublished\":\"2016-08-29T21:45:31+00:00\",\"mainEntityOfPage\":{\"@id\":\"https:\/\/www.pressenza.com\/es\/2016\/08\/el-ttip-fracaso-de-facto-dice-el-ministro-de-economia-aleman\/\"},\"wordCount\":681,\"publisher\":{\"@id\":\"https:\/\/www.pressenza.com\/es\/#organization\"},\"image\":{\"@id\":\"https:\/\/www.pressenza.com\/es\/2016\/08\/el-ttip-fracaso-de-facto-dice-el-ministro-de-economia-aleman\/#primaryimage\"},\"thumbnailUrl\":\"https:\/\/www.pressenza.com\/wp-content\/uploads\/2016\/08\/TTIPlobby.jpg\",\"keywords\":[\"Alemania\",\"Ministro de Econom\u00eda\",\"TTIP\"],\"articleSection\":[\"Contenido Original\",\"Econom\u00eda\",\"Internacional\"],\"inLanguage\":\"es\"},{\"@type\":\"WebPage\",\"@id\":\"https:\/\/www.pressenza.com\/es\/2016\/08\/el-ttip-fracaso-de-facto-dice-el-ministro-de-economia-aleman\/\",\"url\":\"https:\/\/www.pressenza.com\/es\/2016\/08\/el-ttip-fracaso-de-facto-dice-el-ministro-de-economia-aleman\/\",\"name\":\"El TTIP \u201cfracas\u00f3 de facto\\\", dice el Ministro de Econom\u00eda alem\u00e1n\",\"isPartOf\":{\"@id\":\"https:\/\/www.pressenza.com\/es\/#website\"},\"primaryImageOfPage\":{\"@id\":\"https:\/\/www.pressenza.com\/es\/2016\/08\/el-ttip-fracaso-de-facto-dice-el-ministro-de-economia-aleman\/#primaryimage\"},\"image\":{\"@id\":\"https:\/\/www.pressenza.com\/es\/2016\/08\/el-ttip-fracaso-de-facto-dice-el-ministro-de-economia-aleman\/#primaryimage\"},\"thumbnailUrl\":\"https:\/\/www.pressenza.com\/wp-content\/uploads\/2016\/08\/TTIPlobby.jpg\",\"datePublished\":\"2016-08-29T21:45:31+00:00\",\"description\":\"\\\"Las negociaciones con los EE.UU. fracasaron de facto, porque, por supuesto, los europeos no pod\u00edamos permitir que nos sometan a las exigencias\",\"breadcrumb\":{\"@id\":\"https:\/\/www.pressenza.com\/es\/2016\/08\/el-ttip-fracaso-de-facto-dice-el-ministro-de-economia-aleman\/#breadcrumb\"},\"inLanguage\":\"es\",\"potentialAction\":[{\"@type\":\"ReadAction\",\"target\":[\"https:\/\/www.pressenza.com\/es\/2016\/08\/el-ttip-fracaso-de-facto-dice-el-ministro-de-economia-aleman\/\"]}]},{\"@type\":\"ImageObject\",\"inLanguage\":\"es\",\"@id\":\"https:\/\/www.pressenza.com\/es\/2016\/08\/el-ttip-fracaso-de-facto-dice-el-ministro-de-economia-aleman\/#primaryimage\",\"url\":\"https:\/\/www.pressenza.com\/wp-content\/uploads\/2016\/08\/TTIPlobby.jpg\",\"contentUrl\":\"https:\/\/www.pressenza.com\/wp-content\/uploads\/2016\/08\/TTIPlobby.jpg\",\"width\":1481,\"height\":731},{\"@type\":\"BreadcrumbList\",\"@id\":\"https:\/\/www.pressenza.com\/es\/2016\/08\/el-ttip-fracaso-de-facto-dice-el-ministro-de-economia-aleman\/#breadcrumb\",\"itemListElement\":[{\"@type\":\"ListItem\",\"position\":1,\"name\":\"Accueil\",\"item\":\"https:\/\/www.pressenza.com\/es\/\"},{\"@type\":\"ListItem\",\"position\":2,\"name\":\"El TTIP \u201cfracas\u00f3 de facto\u00bb, dice el Ministro de Econom\u00eda alem\u00e1n\"}]},{\"@type\":\"WebSite\",\"@id\":\"https:\/\/www.pressenza.com\/es\/#website\",\"url\":\"https:\/\/www.pressenza.com\/es\/\",\"name\":\"Pressenza\",\"description\":\"International Press Agency\",\"publisher\":{\"@id\":\"https:\/\/www.pressenza.com\/es\/#organization\"},\"potentialAction\":[{\"@type\":\"SearchAction\",\"target\":{\"@type\":\"EntryPoint\",\"urlTemplate\":\"https:\/\/www.pressenza.com\/es\/?s={search_term_string}\"},\"query-input\":{\"@type\":\"PropertyValueSpecification\",\"valueRequired\":true,\"valueName\":\"search_term_string\"}}],\"inLanguage\":\"es\"},{\"@type\":\"Organization\",\"@id\":\"https:\/\/www.pressenza.com\/es\/#organization\",\"name\":\"Pressenza\",\"url\":\"https:\/\/www.pressenza.com\/es\/\",\"logo\":{\"@type\":\"ImageObject\",\"inLanguage\":\"es\",\"@id\":\"https:\/\/www.pressenza.com\/es\/#\/schema\/logo\/image\/\",\"url\":\"https:\/\/www.pressenza.com\/wp-content\/uploads\/2022\/10\/pressenza_logo_200x200.jpg\",\"contentUrl\":\"https:\/\/www.pressenza.com\/wp-content\/uploads\/2022\/10\/pressenza_logo_200x200.jpg\",\"width\":200,\"height\":200,\"caption\":\"Pressenza\"},\"image\":{\"@id\":\"https:\/\/www.pressenza.com\/es\/#\/schema\/logo\/image\/\"},\"sameAs\":[\"https:\/\/www.facebook.com\/PressenzaItalia\",\"https:\/\/x.com\/PressenzaIPA\"]},{\"@type\":\"Person\",\"@id\":\"https:\/\/www.pressenza.com\/es\/#\/schema\/person\/17c976cc856ec7e8e3f8cdd1a45eb1b0\",\"name\":\"Pressenza London\",\"description\":\"News published by the Pressenza Bureau in London, United Kingdom\",\"sameAs\":[\"https:\/\/www.facebook.com\/PressenzaEnglish\/\",\"https:\/\/x.com\/PressenzaIPA\"],\"url\":\"https:\/\/www.pressenza.com\/es\/author\/pressenza-london\/\"}]}<\/script>\n<!-- \/ Yoast SEO plugin. -->","yoast_head_json":{"title":"El TTIP \u201cfracas\u00f3 de facto\", dice el Ministro de Econom\u00eda alem\u00e1n","description":"\"Las negociaciones con los EE.UU. fracasaron de facto, porque, por supuesto, los europeos no pod\u00edamos permitir que nos sometan a las exigencias","robots":{"index":"index","follow":"follow","max-snippet":"max-snippet:-1","max-image-preview":"max-image-preview:large","max-video-preview":"max-video-preview:-1"},"canonical":"https:\/\/www.pressenza.com\/es\/2016\/08\/el-ttip-fracaso-de-facto-dice-el-ministro-de-economia-aleman\/","og_locale":"es_ES","og_type":"article","og_title":"El TTIP \u201cfracas\u00f3 de facto\", dice el Ministro de Econom\u00eda alem\u00e1n","og_description":"\"Las negociaciones con los EE.UU. fracasaron de facto, porque, por supuesto, los europeos no pod\u00edamos permitir que nos sometan a las exigencias","og_url":"https:\/\/www.pressenza.com\/es\/2016\/08\/el-ttip-fracaso-de-facto-dice-el-ministro-de-economia-aleman\/","og_site_name":"Pressenza","article_publisher":"https:\/\/www.facebook.com\/PressenzaItalia","article_author":"https:\/\/www.facebook.com\/PressenzaEnglish\/","article_published_time":"2016-08-29T21:45:31+00:00","og_image":[{"width":1481,"height":731,"url":"https:\/\/www.pressenza.com\/wp-content\/uploads\/2016\/08\/TTIPlobby.jpg","type":"image\/jpeg"}],"author":"Pressenza London","twitter_card":"summary_large_image","twitter_creator":"@PressenzaIPA","twitter_site":"@PressenzaIPA","twitter_misc":{"Escrito por":"Pressenza London","Tiempo de lectura":"3 minutos"},"schema":{"@context":"https:\/\/schema.org","@graph":[{"@type":"Article","@id":"https:\/\/www.pressenza.com\/es\/2016\/08\/el-ttip-fracaso-de-facto-dice-el-ministro-de-economia-aleman\/#article","isPartOf":{"@id":"https:\/\/www.pressenza.com\/es\/2016\/08\/el-ttip-fracaso-de-facto-dice-el-ministro-de-economia-aleman\/"},"author":{"name":"Pressenza London","@id":"https:\/\/www.pressenza.com\/es\/#\/schema\/person\/17c976cc856ec7e8e3f8cdd1a45eb1b0"},"headline":"El TTIP \u201cfracas\u00f3 de facto\u00bb, dice el Ministro de Econom\u00eda alem\u00e1n","datePublished":"2016-08-29T21:45:31+00:00","mainEntityOfPage":{"@id":"https:\/\/www.pressenza.com\/es\/2016\/08\/el-ttip-fracaso-de-facto-dice-el-ministro-de-economia-aleman\/"},"wordCount":681,"publisher":{"@id":"https:\/\/www.pressenza.com\/es\/#organization"},"image":{"@id":"https:\/\/www.pressenza.com\/es\/2016\/08\/el-ttip-fracaso-de-facto-dice-el-ministro-de-economia-aleman\/#primaryimage"},"thumbnailUrl":"https:\/\/www.pressenza.com\/wp-content\/uploads\/2016\/08\/TTIPlobby.jpg","keywords":["Alemania","Ministro de Econom\u00eda","TTIP"],"articleSection":["Contenido Original","Econom\u00eda","Internacional"],"inLanguage":"es"},{"@type":"WebPage","@id":"https:\/\/www.pressenza.com\/es\/2016\/08\/el-ttip-fracaso-de-facto-dice-el-ministro-de-economia-aleman\/","url":"https:\/\/www.pressenza.com\/es\/2016\/08\/el-ttip-fracaso-de-facto-dice-el-ministro-de-economia-aleman\/","name":"El TTIP \u201cfracas\u00f3 de facto\", dice el Ministro de Econom\u00eda alem\u00e1n","isPartOf":{"@id":"https:\/\/www.pressenza.com\/es\/#website"},"primaryImageOfPage":{"@id":"https:\/\/www.pressenza.com\/es\/2016\/08\/el-ttip-fracaso-de-facto-dice-el-ministro-de-economia-aleman\/#primaryimage"},"image":{"@id":"https:\/\/www.pressenza.com\/es\/2016\/08\/el-ttip-fracaso-de-facto-dice-el-ministro-de-economia-aleman\/#primaryimage"},"thumbnailUrl":"https:\/\/www.pressenza.com\/wp-content\/uploads\/2016\/08\/TTIPlobby.jpg","datePublished":"2016-08-29T21:45:31+00:00","description":"\"Las negociaciones con los EE.UU. fracasaron de facto, porque, por supuesto, los europeos no pod\u00edamos permitir que nos sometan a las exigencias","breadcrumb":{"@id":"https:\/\/www.pressenza.com\/es\/2016\/08\/el-ttip-fracaso-de-facto-dice-el-ministro-de-economia-aleman\/#breadcrumb"},"inLanguage":"es","potentialAction":[{"@type":"ReadAction","target":["https:\/\/www.pressenza.com\/es\/2016\/08\/el-ttip-fracaso-de-facto-dice-el-ministro-de-economia-aleman\/"]}]},{"@type":"ImageObject","inLanguage":"es","@id":"https:\/\/www.pressenza.com\/es\/2016\/08\/el-ttip-fracaso-de-facto-dice-el-ministro-de-economia-aleman\/#primaryimage","url":"https:\/\/www.pressenza.com\/wp-content\/uploads\/2016\/08\/TTIPlobby.jpg","contentUrl":"https:\/\/www.pressenza.com\/wp-content\/uploads\/2016\/08\/TTIPlobby.jpg","width":1481,"height":731},{"@type":"BreadcrumbList","@id":"https:\/\/www.pressenza.com\/es\/2016\/08\/el-ttip-fracaso-de-facto-dice-el-ministro-de-economia-aleman\/#breadcrumb","itemListElement":[{"@type":"ListItem","position":1,"name":"Accueil","item":"https:\/\/www.pressenza.com\/es\/"},{"@type":"ListItem","position":2,"name":"El TTIP \u201cfracas\u00f3 de facto\u00bb, dice el Ministro de Econom\u00eda alem\u00e1n"}]},{"@type":"WebSite","@id":"https:\/\/www.pressenza.com\/es\/#website","url":"https:\/\/www.pressenza.com\/es\/","name":"Pressenza","description":"International Press Agency","publisher":{"@id":"https:\/\/www.pressenza.com\/es\/#organization"},"potentialAction":[{"@type":"SearchAction","target":{"@type":"EntryPoint","urlTemplate":"https:\/\/www.pressenza.com\/es\/?s={search_term_string}"},"query-input":{"@type":"PropertyValueSpecification","valueRequired":true,"valueName":"search_term_string"}}],"inLanguage":"es"},{"@type":"Organization","@id":"https:\/\/www.pressenza.com\/es\/#organization","name":"Pressenza","url":"https:\/\/www.pressenza.com\/es\/","logo":{"@type":"ImageObject","inLanguage":"es","@id":"https:\/\/www.pressenza.com\/es\/#\/schema\/logo\/image\/","url":"https:\/\/www.pressenza.com\/wp-content\/uploads\/2022\/10\/pressenza_logo_200x200.jpg","contentUrl":"https:\/\/www.pressenza.com\/wp-content\/uploads\/2022\/10\/pressenza_logo_200x200.jpg","width":200,"height":200,"caption":"Pressenza"},"image":{"@id":"https:\/\/www.pressenza.com\/es\/#\/schema\/logo\/image\/"},"sameAs":["https:\/\/www.facebook.com\/PressenzaItalia","https:\/\/x.com\/PressenzaIPA"]},{"@type":"Person","@id":"https:\/\/www.pressenza.com\/es\/#\/schema\/person\/17c976cc856ec7e8e3f8cdd1a45eb1b0","name":"Pressenza London","description":"News published by the Pressenza Bureau in London, United Kingdom","sameAs":["https:\/\/www.facebook.com\/PressenzaEnglish\/","https:\/\/x.com\/PressenzaIPA"],"url":"https:\/\/www.pressenza.com\/es\/author\/pressenza-london\/"}]}},"place":"Londres, R.U.","original_article_url":"","_links":{"self":[{"href":"https:\/\/www.pressenza.com\/es\/wp-json\/wp\/v2\/posts\/358563","targetHints":{"allow":["GET"]}}],"collection":[{"href":"https:\/\/www.pressenza.com\/es\/wp-json\/wp\/v2\/posts"}],"about":[{"href":"https:\/\/www.pressenza.com\/es\/wp-json\/wp\/v2\/types\/post"}],"author":[{"embeddable":true,"href":"https:\/\/www.pressenza.com\/es\/wp-json\/wp\/v2\/users\/1013"}],"replies":[{"embeddable":true,"href":"https:\/\/www.pressenza.com\/es\/wp-json\/wp\/v2\/comments?post=358563"}],"version-history":[{"count":0,"href":"https:\/\/www.pressenza.com\/es\/wp-json\/wp\/v2\/posts\/358563\/revisions"}],"wp:featuredmedia":[{"embeddable":true,"href":"https:\/\/www.pressenza.com\/es\/wp-json\/wp\/v2\/media\/358487"}],"wp:attachment":[{"href":"https:\/\/www.pressenza.com\/es\/wp-json\/wp\/v2\/media?parent=358563"}],"wp:term":[{"taxonomy":"category","embeddable":true,"href":"https:\/\/www.pressenza.com\/es\/wp-json\/wp\/v2\/categories?post=358563"},{"taxonomy":"post_tag","embeddable":true,"href":"https:\/\/www.pressenza.com\/es\/wp-json\/wp\/v2\/tags?post=358563"}],"curies":[{"name":"wp","href":"https:\/\/api.w.org\/{rel}","templated":true}]}}