{"id":357932,"date":"2016-08-26T19:46:10","date_gmt":"2016-08-26T18:46:10","guid":{"rendered":"http:\/\/www.pressenza.com\/es\/?p=357932"},"modified":"2016-08-26T19:46:10","modified_gmt":"2016-08-26T18:46:10","slug":"acuerdo-final-paz-colombia-prohibicion-armas-nucleares-la-oreja","status":"publish","type":"post","link":"https:\/\/www.pressenza.com\/es\/2016\/08\/acuerdo-final-paz-colombia-prohibicion-armas-nucleares-la-oreja\/","title":{"rendered":"Acuerdo Final de Paz en Colombia y prohibici\u00f3n de armas nucleares En la Oreja"},"content":{"rendered":"<p><iframe loading=\"lazy\" id=\"audio_12675523\" style=\"border: 1px solid #EEE; box-sizing: border-box; width: 100%;\" src=\"https:\/\/mx.ivoox.com\/es\/player_ej_12675523_4_1.html?c1=ff6600\" width=\"300\" height=\"200\" frameborder=\"0\" scrolling=\"no\" allowfullscreen=\"allowfullscreen\"><\/iframe><\/p>\n<p>Un programa de lujo, donde adem\u00e1s de hacer nuestro habitual recorrido planetario de las noticias m\u00e1s destacadas, hemos contado con amigos entra\u00f1ables como invitados. Y para contar novedades alentadoras!!!<br \/>\nPor un lado la declaraci\u00f3n del Acuerdo Final de Paz en Colombia y para hablar de ello lo tenemos a Iv\u00e1n Forero. Del otro lado la recomendaci\u00f3n de la comisi\u00f3n de Naciones Unidas para dictar en el 2017 la prohibici\u00f3n de las armas nucleares, para contarnos esto lo tenemos desde Costa Rica a Carlos Uma\u00f1a, coordinador de M\u00e9dicos Internacionales para la Prevenci\u00f3n de la Guerra Nuclear que forma parte de la Campa\u00f1a Internacional para la Abolici\u00f3n de las Armas Nucleares.<br \/>\nAs\u00ed que pong\u00e1nse c\u00f3modos y disfruten de esta casi hora de noticias y buenas nuevas.<\/p>\n<p>Escuchanos cada viernes desde las 9 am por Pichincha Universal 95.3 fm de Ecuador y desde la web pichinchauniversal.com.ec<\/p>\n","protected":false},"excerpt":{"rendered":"<p>Un programa de lujo, donde adem\u00e1s de hacer nuestro habitual recorrido planetario de las noticias m\u00e1s destacadas, hemos contado con amigos entra\u00f1ables como invitados. Y para contar novedades alentadoras!!! Por un lado la declaraci\u00f3n del Acuerdo Final de Paz en&hellip;<\/p>\n","protected":false},"author":1011,"featured_media":357934,"comment_status":"closed","ping_status":"closed","sticky":false,"template":"","format":"standard","meta":{"footnotes":""},"categories":[76,11389,75,39,1243,22754],"tags":[30,650,19640,2973,16943,649,419,16372,19984],"class_list":["post-357932","post","type-post","status-publish","format-standard","has-post-thumbnail","hentry","category-relaciones-exteriores","category-contenido-original","category-cultura-es","category-internacional","category-paz-desarme","category-radio-es","tag-colombia","tag-desarme-nuclear","tag-diplomacia","tag-ecuador-es","tag-en-la-oreja","tag-naciones-unidas","tag-paz","tag-pichincha-universal","tag-pressenza-internacional-en-la-oreja"],"yoast_head":"<!-- This site is optimized with the Yoast SEO plugin v27.1.1 - https:\/\/yoast.com\/product\/yoast-seo-wordpress\/ -->\n<title>Acuerdo Final de Paz en Colombia y prohibici\u00f3n de armas nucleares En la Oreja<\/title>\n<meta name=\"description\" content=\"Un programa de lujo, donde adem\u00e1s de hacer nuestro habitual recorrido planetario de las noticias m\u00e1s destacadas, hemos contado con amigos entra\u00f1ables como\" \/>\n<meta name=\"robots\" content=\"index, follow, max-snippet:-1, max-image-preview:large, max-video-preview:-1\" \/>\n<link rel=\"canonical\" href=\"https:\/\/www.pressenza.com\/es\/2016\/08\/acuerdo-final-paz-colombia-prohibicion-armas-nucleares-la-oreja\/\" \/>\n<meta property=\"og:locale\" content=\"es_ES\" \/>\n<meta property=\"og:type\" content=\"article\" \/>\n<meta property=\"og:title\" content=\"Acuerdo Final de Paz en Colombia y prohibici\u00f3n de armas nucleares En la Oreja\" \/>\n<meta property=\"og:description\" content=\"Un programa de lujo, donde adem\u00e1s de hacer nuestro habitual recorrido planetario de las noticias m\u00e1s destacadas, hemos contado con amigos entra\u00f1ables como\" \/>\n<meta property=\"og:url\" content=\"https:\/\/www.pressenza.com\/es\/2016\/08\/acuerdo-final-paz-colombia-prohibicion-armas-nucleares-la-oreja\/\" \/>\n<meta property=\"og:site_name\" content=\"Pressenza\" \/>\n<meta property=\"article:publisher\" content=\"https:\/\/www.facebook.com\/PressenzaItalia\" \/>\n<meta property=\"article:published_time\" content=\"2016-08-26T18:46:10+00:00\" \/>\n<meta property=\"og:image\" content=\"https:\/\/www.pressenza.com\/wp-content\/uploads\/2016\/08\/I-wonder-what-that-button-does-by-Frankieleon-23-09-2009-flickr.jpg\" \/>\n\t<meta property=\"og:image:width\" content=\"640\" \/>\n\t<meta property=\"og:image:height\" content=\"480\" \/>\n\t<meta property=\"og:image:type\" content=\"image\/jpeg\" \/>\n<meta name=\"author\" content=\"Redacci\u00f3n Ecuador\" \/>\n<meta name=\"twitter:card\" content=\"summary_large_image\" \/>\n<meta name=\"twitter:creator\" content=\"@PressenzaIPA\" \/>\n<meta name=\"twitter:site\" content=\"@PressenzaIPA\" \/>\n<meta name=\"twitter:label1\" content=\"Escrito por\" \/>\n\t<meta name=\"twitter:data1\" content=\"Redacci\u00f3n Ecuador\" \/>\n\t<meta name=\"twitter:label2\" content=\"Tiempo de lectura\" \/>\n\t<meta name=\"twitter:data2\" content=\"1 minuto\" \/>\n<script type=\"application\/ld+json\" class=\"yoast-schema-graph\">{\"@context\":\"https:\/\/schema.org\",\"@graph\":[{\"@type\":\"Article\",\"@id\":\"https:\/\/www.pressenza.com\/es\/2016\/08\/acuerdo-final-paz-colombia-prohibicion-armas-nucleares-la-oreja\/#article\",\"isPartOf\":{\"@id\":\"https:\/\/www.pressenza.com\/es\/2016\/08\/acuerdo-final-paz-colombia-prohibicion-armas-nucleares-la-oreja\/\"},\"author\":{\"name\":\"Redacci\u00f3n Ecuador\",\"@id\":\"https:\/\/www.pressenza.com\/es\/#\/schema\/person\/883a735c40665759bcc6fe0c26bcb46f\"},\"headline\":\"Acuerdo Final de Paz en Colombia y prohibici\u00f3n de armas nucleares En la Oreja\",\"datePublished\":\"2016-08-26T18:46:10+00:00\",\"mainEntityOfPage\":{\"@id\":\"https:\/\/www.pressenza.com\/es\/2016\/08\/acuerdo-final-paz-colombia-prohibicion-armas-nucleares-la-oreja\/\"},\"wordCount\":172,\"publisher\":{\"@id\":\"https:\/\/www.pressenza.com\/es\/#organization\"},\"image\":{\"@id\":\"https:\/\/www.pressenza.com\/es\/2016\/08\/acuerdo-final-paz-colombia-prohibicion-armas-nucleares-la-oreja\/#primaryimage\"},\"thumbnailUrl\":\"https:\/\/www.pressenza.com\/wp-content\/uploads\/2016\/08\/I-wonder-what-that-button-does-by-Frankieleon-23-09-2009-flickr.jpg\",\"keywords\":[\"Colombia\",\"Desarme nuclear\",\"diplomacia\",\"Ecuador\",\"En la oreja\",\"Naciones Unidas\",\"Paz\",\"Pichincha Universal\",\"Pressenza Internacional En la oreja\"],\"articleSection\":[\"Asuntos internacionales\",\"Contenido Original\",\"Cultura y Medios\",\"Internacional\",\"Paz y Desarme\",\"Radio\"],\"inLanguage\":\"es\"},{\"@type\":\"WebPage\",\"@id\":\"https:\/\/www.pressenza.com\/es\/2016\/08\/acuerdo-final-paz-colombia-prohibicion-armas-nucleares-la-oreja\/\",\"url\":\"https:\/\/www.pressenza.com\/es\/2016\/08\/acuerdo-final-paz-colombia-prohibicion-armas-nucleares-la-oreja\/\",\"name\":\"Acuerdo Final de Paz en Colombia y prohibici\u00f3n de armas nucleares En la Oreja\",\"isPartOf\":{\"@id\":\"https:\/\/www.pressenza.com\/es\/#website\"},\"primaryImageOfPage\":{\"@id\":\"https:\/\/www.pressenza.com\/es\/2016\/08\/acuerdo-final-paz-colombia-prohibicion-armas-nucleares-la-oreja\/#primaryimage\"},\"image\":{\"@id\":\"https:\/\/www.pressenza.com\/es\/2016\/08\/acuerdo-final-paz-colombia-prohibicion-armas-nucleares-la-oreja\/#primaryimage\"},\"thumbnailUrl\":\"https:\/\/www.pressenza.com\/wp-content\/uploads\/2016\/08\/I-wonder-what-that-button-does-by-Frankieleon-23-09-2009-flickr.jpg\",\"datePublished\":\"2016-08-26T18:46:10+00:00\",\"description\":\"Un programa de lujo, donde adem\u00e1s de hacer nuestro habitual recorrido planetario de las noticias m\u00e1s destacadas, hemos contado con amigos entra\u00f1ables como\",\"breadcrumb\":{\"@id\":\"https:\/\/www.pressenza.com\/es\/2016\/08\/acuerdo-final-paz-colombia-prohibicion-armas-nucleares-la-oreja\/#breadcrumb\"},\"inLanguage\":\"es\",\"potentialAction\":[{\"@type\":\"ReadAction\",\"target\":[\"https:\/\/www.pressenza.com\/es\/2016\/08\/acuerdo-final-paz-colombia-prohibicion-armas-nucleares-la-oreja\/\"]}]},{\"@type\":\"ImageObject\",\"inLanguage\":\"es\",\"@id\":\"https:\/\/www.pressenza.com\/es\/2016\/08\/acuerdo-final-paz-colombia-prohibicion-armas-nucleares-la-oreja\/#primaryimage\",\"url\":\"https:\/\/www.pressenza.com\/wp-content\/uploads\/2016\/08\/I-wonder-what-that-button-does-by-Frankieleon-23-09-2009-flickr.jpg\",\"contentUrl\":\"https:\/\/www.pressenza.com\/wp-content\/uploads\/2016\/08\/I-wonder-what-that-button-does-by-Frankieleon-23-09-2009-flickr.jpg\",\"width\":640,\"height\":480},{\"@type\":\"BreadcrumbList\",\"@id\":\"https:\/\/www.pressenza.com\/es\/2016\/08\/acuerdo-final-paz-colombia-prohibicion-armas-nucleares-la-oreja\/#breadcrumb\",\"itemListElement\":[{\"@type\":\"ListItem\",\"position\":1,\"name\":\"Accueil\",\"item\":\"https:\/\/www.pressenza.com\/es\/\"},{\"@type\":\"ListItem\",\"position\":2,\"name\":\"Acuerdo Final de Paz en Colombia y prohibici\u00f3n de armas nucleares En la Oreja\"}]},{\"@type\":\"WebSite\",\"@id\":\"https:\/\/www.pressenza.com\/es\/#website\",\"url\":\"https:\/\/www.pressenza.com\/es\/\",\"name\":\"Pressenza\",\"description\":\"International Press Agency\",\"publisher\":{\"@id\":\"https:\/\/www.pressenza.com\/es\/#organization\"},\"potentialAction\":[{\"@type\":\"SearchAction\",\"target\":{\"@type\":\"EntryPoint\",\"urlTemplate\":\"https:\/\/www.pressenza.com\/es\/?s={search_term_string}\"},\"query-input\":{\"@type\":\"PropertyValueSpecification\",\"valueRequired\":true,\"valueName\":\"search_term_string\"}}],\"inLanguage\":\"es\"},{\"@type\":\"Organization\",\"@id\":\"https:\/\/www.pressenza.com\/es\/#organization\",\"name\":\"Pressenza\",\"url\":\"https:\/\/www.pressenza.com\/es\/\",\"logo\":{\"@type\":\"ImageObject\",\"inLanguage\":\"es\",\"@id\":\"https:\/\/www.pressenza.com\/es\/#\/schema\/logo\/image\/\",\"url\":\"https:\/\/www.pressenza.com\/wp-content\/uploads\/2022\/10\/pressenza_logo_200x200.jpg\",\"contentUrl\":\"https:\/\/www.pressenza.com\/wp-content\/uploads\/2022\/10\/pressenza_logo_200x200.jpg\",\"width\":200,\"height\":200,\"caption\":\"Pressenza\"},\"image\":{\"@id\":\"https:\/\/www.pressenza.com\/es\/#\/schema\/logo\/image\/\"},\"sameAs\":[\"https:\/\/www.facebook.com\/PressenzaItalia\",\"https:\/\/x.com\/PressenzaIPA\"]},{\"@type\":\"Person\",\"@id\":\"https:\/\/www.pressenza.com\/es\/#\/schema\/person\/883a735c40665759bcc6fe0c26bcb46f\",\"name\":\"Redacci\u00f3n Ecuador\",\"description\":\"News published by the Pressenza bureau in Quito, Ecuador\",\"url\":\"https:\/\/www.pressenza.com\/es\/author\/redaccion-ecuador\/\"}]}<\/script>\n<!-- \/ Yoast SEO plugin. -->","yoast_head_json":{"title":"Acuerdo Final de Paz en Colombia y prohibici\u00f3n de armas nucleares En la Oreja","description":"Un programa de lujo, donde adem\u00e1s de hacer nuestro habitual recorrido planetario de las noticias m\u00e1s destacadas, hemos contado con amigos entra\u00f1ables como","robots":{"index":"index","follow":"follow","max-snippet":"max-snippet:-1","max-image-preview":"max-image-preview:large","max-video-preview":"max-video-preview:-1"},"canonical":"https:\/\/www.pressenza.com\/es\/2016\/08\/acuerdo-final-paz-colombia-prohibicion-armas-nucleares-la-oreja\/","og_locale":"es_ES","og_type":"article","og_title":"Acuerdo Final de Paz en Colombia y prohibici\u00f3n de armas nucleares En la Oreja","og_description":"Un programa de lujo, donde adem\u00e1s de hacer nuestro habitual recorrido planetario de las noticias m\u00e1s destacadas, hemos contado con amigos entra\u00f1ables como","og_url":"https:\/\/www.pressenza.com\/es\/2016\/08\/acuerdo-final-paz-colombia-prohibicion-armas-nucleares-la-oreja\/","og_site_name":"Pressenza","article_publisher":"https:\/\/www.facebook.com\/PressenzaItalia","article_published_time":"2016-08-26T18:46:10+00:00","og_image":[{"width":640,"height":480,"url":"https:\/\/www.pressenza.com\/wp-content\/uploads\/2016\/08\/I-wonder-what-that-button-does-by-Frankieleon-23-09-2009-flickr.jpg","type":"image\/jpeg"}],"author":"Redacci\u00f3n Ecuador","twitter_card":"summary_large_image","twitter_creator":"@PressenzaIPA","twitter_site":"@PressenzaIPA","twitter_misc":{"Escrito por":"Redacci\u00f3n Ecuador","Tiempo de lectura":"1 minuto"},"schema":{"@context":"https:\/\/schema.org","@graph":[{"@type":"Article","@id":"https:\/\/www.pressenza.com\/es\/2016\/08\/acuerdo-final-paz-colombia-prohibicion-armas-nucleares-la-oreja\/#article","isPartOf":{"@id":"https:\/\/www.pressenza.com\/es\/2016\/08\/acuerdo-final-paz-colombia-prohibicion-armas-nucleares-la-oreja\/"},"author":{"name":"Redacci\u00f3n Ecuador","@id":"https:\/\/www.pressenza.com\/es\/#\/schema\/person\/883a735c40665759bcc6fe0c26bcb46f"},"headline":"Acuerdo Final de Paz en Colombia y prohibici\u00f3n de armas nucleares En la Oreja","datePublished":"2016-08-26T18:46:10+00:00","mainEntityOfPage":{"@id":"https:\/\/www.pressenza.com\/es\/2016\/08\/acuerdo-final-paz-colombia-prohibicion-armas-nucleares-la-oreja\/"},"wordCount":172,"publisher":{"@id":"https:\/\/www.pressenza.com\/es\/#organization"},"image":{"@id":"https:\/\/www.pressenza.com\/es\/2016\/08\/acuerdo-final-paz-colombia-prohibicion-armas-nucleares-la-oreja\/#primaryimage"},"thumbnailUrl":"https:\/\/www.pressenza.com\/wp-content\/uploads\/2016\/08\/I-wonder-what-that-button-does-by-Frankieleon-23-09-2009-flickr.jpg","keywords":["Colombia","Desarme nuclear","diplomacia","Ecuador","En la oreja","Naciones Unidas","Paz","Pichincha Universal","Pressenza Internacional En la oreja"],"articleSection":["Asuntos internacionales","Contenido Original","Cultura y Medios","Internacional","Paz y Desarme","Radio"],"inLanguage":"es"},{"@type":"WebPage","@id":"https:\/\/www.pressenza.com\/es\/2016\/08\/acuerdo-final-paz-colombia-prohibicion-armas-nucleares-la-oreja\/","url":"https:\/\/www.pressenza.com\/es\/2016\/08\/acuerdo-final-paz-colombia-prohibicion-armas-nucleares-la-oreja\/","name":"Acuerdo Final de Paz en Colombia y prohibici\u00f3n de armas nucleares En la Oreja","isPartOf":{"@id":"https:\/\/www.pressenza.com\/es\/#website"},"primaryImageOfPage":{"@id":"https:\/\/www.pressenza.com\/es\/2016\/08\/acuerdo-final-paz-colombia-prohibicion-armas-nucleares-la-oreja\/#primaryimage"},"image":{"@id":"https:\/\/www.pressenza.com\/es\/2016\/08\/acuerdo-final-paz-colombia-prohibicion-armas-nucleares-la-oreja\/#primaryimage"},"thumbnailUrl":"https:\/\/www.pressenza.com\/wp-content\/uploads\/2016\/08\/I-wonder-what-that-button-does-by-Frankieleon-23-09-2009-flickr.jpg","datePublished":"2016-08-26T18:46:10+00:00","description":"Un programa de lujo, donde adem\u00e1s de hacer nuestro habitual recorrido planetario de las noticias m\u00e1s destacadas, hemos contado con amigos entra\u00f1ables como","breadcrumb":{"@id":"https:\/\/www.pressenza.com\/es\/2016\/08\/acuerdo-final-paz-colombia-prohibicion-armas-nucleares-la-oreja\/#breadcrumb"},"inLanguage":"es","potentialAction":[{"@type":"ReadAction","target":["https:\/\/www.pressenza.com\/es\/2016\/08\/acuerdo-final-paz-colombia-prohibicion-armas-nucleares-la-oreja\/"]}]},{"@type":"ImageObject","inLanguage":"es","@id":"https:\/\/www.pressenza.com\/es\/2016\/08\/acuerdo-final-paz-colombia-prohibicion-armas-nucleares-la-oreja\/#primaryimage","url":"https:\/\/www.pressenza.com\/wp-content\/uploads\/2016\/08\/I-wonder-what-that-button-does-by-Frankieleon-23-09-2009-flickr.jpg","contentUrl":"https:\/\/www.pressenza.com\/wp-content\/uploads\/2016\/08\/I-wonder-what-that-button-does-by-Frankieleon-23-09-2009-flickr.jpg","width":640,"height":480},{"@type":"BreadcrumbList","@id":"https:\/\/www.pressenza.com\/es\/2016\/08\/acuerdo-final-paz-colombia-prohibicion-armas-nucleares-la-oreja\/#breadcrumb","itemListElement":[{"@type":"ListItem","position":1,"name":"Accueil","item":"https:\/\/www.pressenza.com\/es\/"},{"@type":"ListItem","position":2,"name":"Acuerdo Final de Paz en Colombia y prohibici\u00f3n de armas nucleares En la Oreja"}]},{"@type":"WebSite","@id":"https:\/\/www.pressenza.com\/es\/#website","url":"https:\/\/www.pressenza.com\/es\/","name":"Pressenza","description":"International Press Agency","publisher":{"@id":"https:\/\/www.pressenza.com\/es\/#organization"},"potentialAction":[{"@type":"SearchAction","target":{"@type":"EntryPoint","urlTemplate":"https:\/\/www.pressenza.com\/es\/?s={search_term_string}"},"query-input":{"@type":"PropertyValueSpecification","valueRequired":true,"valueName":"search_term_string"}}],"inLanguage":"es"},{"@type":"Organization","@id":"https:\/\/www.pressenza.com\/es\/#organization","name":"Pressenza","url":"https:\/\/www.pressenza.com\/es\/","logo":{"@type":"ImageObject","inLanguage":"es","@id":"https:\/\/www.pressenza.com\/es\/#\/schema\/logo\/image\/","url":"https:\/\/www.pressenza.com\/wp-content\/uploads\/2022\/10\/pressenza_logo_200x200.jpg","contentUrl":"https:\/\/www.pressenza.com\/wp-content\/uploads\/2022\/10\/pressenza_logo_200x200.jpg","width":200,"height":200,"caption":"Pressenza"},"image":{"@id":"https:\/\/www.pressenza.com\/es\/#\/schema\/logo\/image\/"},"sameAs":["https:\/\/www.facebook.com\/PressenzaItalia","https:\/\/x.com\/PressenzaIPA"]},{"@type":"Person","@id":"https:\/\/www.pressenza.com\/es\/#\/schema\/person\/883a735c40665759bcc6fe0c26bcb46f","name":"Redacci\u00f3n Ecuador","description":"News published by the Pressenza bureau in Quito, Ecuador","url":"https:\/\/www.pressenza.com\/es\/author\/redaccion-ecuador\/"}]}},"place":"Quito - Buenos Aires - Madrid - San Jos\u00e9 de Costa Rica","original_article_url":"","_links":{"self":[{"href":"https:\/\/www.pressenza.com\/es\/wp-json\/wp\/v2\/posts\/357932","targetHints":{"allow":["GET"]}}],"collection":[{"href":"https:\/\/www.pressenza.com\/es\/wp-json\/wp\/v2\/posts"}],"about":[{"href":"https:\/\/www.pressenza.com\/es\/wp-json\/wp\/v2\/types\/post"}],"author":[{"embeddable":true,"href":"https:\/\/www.pressenza.com\/es\/wp-json\/wp\/v2\/users\/1011"}],"replies":[{"embeddable":true,"href":"https:\/\/www.pressenza.com\/es\/wp-json\/wp\/v2\/comments?post=357932"}],"version-history":[{"count":0,"href":"https:\/\/www.pressenza.com\/es\/wp-json\/wp\/v2\/posts\/357932\/revisions"}],"wp:featuredmedia":[{"embeddable":true,"href":"https:\/\/www.pressenza.com\/es\/wp-json\/wp\/v2\/media\/357934"}],"wp:attachment":[{"href":"https:\/\/www.pressenza.com\/es\/wp-json\/wp\/v2\/media?parent=357932"}],"wp:term":[{"taxonomy":"category","embeddable":true,"href":"https:\/\/www.pressenza.com\/es\/wp-json\/wp\/v2\/categories?post=357932"},{"taxonomy":"post_tag","embeddable":true,"href":"https:\/\/www.pressenza.com\/es\/wp-json\/wp\/v2\/tags?post=357932"}],"curies":[{"name":"wp","href":"https:\/\/api.w.org\/{rel}","templated":true}]}}