{"id":357458,"date":"2016-08-25T14:48:26","date_gmt":"2016-08-25T13:48:26","guid":{"rendered":"http:\/\/www.pressenza.com\/es\/?p=357458"},"modified":"2016-08-26T13:54:18","modified_gmt":"2016-08-26T12:54:18","slug":"bestia","status":"publish","type":"post","link":"https:\/\/www.pressenza.com\/es\/2016\/08\/bestia\/","title":{"rendered":"\u00abBestia\u00bb"},"content":{"rendered":"<p>Por <em>Marcelo Zero*\/<strong>Brasil de Fato. <\/strong>Traducci\u00f3n<strong> Pressenza<\/strong><\/em><\/p>\n<p><strong>Art\u00edculo en respuesta al comentario de Jos\u00e9 Serra sobre la OEA.<\/strong><br \/>\n<em>El soci\u00f3logo Marcelo Zero dice que calificar el documento de la OEA de \u201cbruto y malhecho\u201d es el colmo de la diplomacia del burro.<\/em><\/p>\n<p>&nbsp;<\/p>\n<p>La especialidad de la cartera de ministros de Temer es la destrucci\u00f3n. Como una banda de hunos se dedican a saquear el Estado y a\u00a0implosionar todo lo que se hizo con a\u00f1os de trabajos duros.<\/p>\n<p>Ciencia Sin Fronteras, DIES (Fondo de Financiamiento Estudiantil), Prouni (Programa Universidad para todos), Mi\u00a0 Casa Mi Vida, SUS (Sistema \u00danico de Salud), Cultura, etc., todo esta siendo \u201crevisado\u201d, reducido o simplemente destruido de modo\u00a0que sobre dinero para pagar intereses y la cuenta fisiol\u00f3gica del golpe. En el inter\u00edn, se dedica tambi\u00e9n a perseguir a los que defienden la democracia o a quienes ten\u00edan alg\u00fan lazo con el gobierno anterior. Despu\u00e9s de todo, adem\u00e1s de violentos los hunos eran mezquinos.<\/p>\n<p>En ese festival macabro de destrucci\u00f3n de pol\u00edticas y programas, hay un ministerio que se destaca: el Itamaraty\u00b9. Comandado con mano de hierro por el exuberante Bar\u00f3n de Mooca\u00b2, nuestro MRE (Ministerio de Relaciones Exteriores) se dedica con ah\u00ednco\u00a0a destruir la pol\u00edtica externa altiva y activa que fue decisiva para la superaci\u00f3n de nuestra vulnerabilidad externa, y el ascenso de nuestro protagonismo internacional.<\/p>\n<p>Quiz\u00e1s tratando de convertirse en una especie de Teodoro Roosevelt aut\u00f3ctono, en apenas 100 d\u00edas nuestro canciller ya reparti\u00f3 golpes de su \u201cgran garrote\u201d para todos lados.<\/p>\n<p>Agredi\u00f3 a Nicaragua y El Salvador por cuestionar el golpe. Promovi\u00f3 ataques verbales contra la Unasur por el mismo motivo. Amenaz\u00f3 al Caribe y al \u00c1frica con el cierre de embajadas, ofendiendo pa\u00edses amigos con\u00a0embajadas en Brasil. Distribuy\u00f3 pr\u00f3digas patadas contra el Mercosur y la integraci\u00f3n regional, sin esconder su desprecio por nuestros vecinos y su intenci\u00f3n de reubicar al Brasil en la \u00f3rbita estrat\u00e9gica de los Estados Unidos.<\/p>\n<p>Este gran diplom\u00e1tico \u2013un talento nato\u2013 consigui\u00f3 la fant\u00e1stica proeza de pelear con el <em>\u201cpeque\u00f1o Uruguay\u201d<\/em>, ya que fue hasta Montevideo a tratar de comprar el voto de los uruguayos para excluir a Venezuela del Mercosur.<\/p>\n<p>Sus mazazos y patadas son complementados con adecuados rebuznos. As\u00ed, cuando la Organizaci\u00f3n de las Naciones Unidas (ONU) y la Organizaci\u00f3n de los Estados Americanos (OEA) criticaron la transformaci\u00f3n de la Auditor\u00eda General de la Uni\u00f3n (CGU) en ministerio y el cambio de comando de la Empresa Brasil de Comunicaci\u00f3n (EBC), el Bar\u00f3n de Mooca afirm\u00f3 que: \u201cEso no tiene pie ni cabeza, ni importancia. La mayor\u00eda no sabe de lo que est\u00e1 hablando\u201d. La ONU y la OEA no saben de lo que est\u00e1n hablando. Pero \u00e9l sabe.<\/p>\n<p>Sabe tanto que en su visita a M\u00e9jico ofendi\u00f3 en p\u00fablico a la canciller mejicana con una broma mis\u00f3gina. Sabe todo de diplomacia nuestro Roosevelt.<\/p>\n<p>Sin embargo ahora el Roosevelt aut\u00f3ctono se super\u00f3. Despu\u00e9s de recibir el documento oficial de la Comisi\u00f3n Interamericana de Derechos Humanos de la OEA pidiendo informaciones sobre el proceso de impeachment sin crimen, afirm\u00f3 con gran tacto que el documento es \u201cbestia y malhecho\u201d y que \u201cBrasil no tiene nada que responder\u201d.<\/p>\n<p>El rebuzno\u00a0sorprendi\u00f3 por los decibeles y por la ignorancia en cuestiones frecuentes de\u00a0pol\u00edtica externa.<\/p>\n<p>La Convenci\u00f3n Interamericana de Derechos Humanos (CIDH) de la OEA, m\u00e1s conocida como Pacto de San Jos\u00e9, fue incorporada a nuestro ordenamiento jur\u00eddico interno el 6 de noviembre de 1992. Por lo tanto, desde aquella fecha, tiene fuerza de ley en el pa\u00eds. Adem\u00e1s en 1998, por Comunicado n\u00ba 1070 enviado al Congreso en r\u00e9gimen de urgencia, Brasil pas\u00f3 a reconocer como obligatorias y vinculantes las sentencias de la CIDH, que es el \u00f3rgano judicial que protege los derechos previstos en la citada convenci\u00f3n. Se entiende que los Estados que son parte de la Convenci\u00f3n no est\u00e1n obligados a reconocer tales sentencias. Ese reconocimiento es facultativo. As\u00ed, fue el gobierno del PSDB que integr\u00f3 Serra, el que tom\u00f3 la decisi\u00f3n de reconocer como obligatorias tales sentencias.<\/p>\n<p>Si la Corte decidiera que hubo violaci\u00f3n a los derechos protegidos por la Convenci\u00f3n, ella determinar\u00e1, a trav\u00e9s de sentencia, \u201cque se asegure al perjudicado el gozo de su derecho o libertad violados\u201d. Adem\u00e1s la Corte podr\u00e1 exigir a los Estados parte la reparaci\u00f3n de las consecuencias o el pago de indemnizaciones a las v\u00edctimas.<\/p>\n<p>Siendo as\u00ed, la Corte de la OEA puede efectivamente pedir explicaciones al Brasil. Y el Brasil, gracias a una decisi\u00f3n tomada en el antiguo gobierno de nuestro canciller, est\u00e1 obligado a responder. Es m\u00e1s: Brasil est\u00e1 obligado a cumplir las sentencias de la Corte.<\/p>\n<p>Obs\u00e9rvese que, por el art\u00edculo 48 de la Convenci\u00f3n, la solicitud de informaciones tiene que ser enviada al Gobierno del Estado, que ser\u00e1 responsable de la respuesta.<\/p>\n<p>Es incre\u00edble que la diplomacia brasilera haya ca\u00eddo tan bajo en tan poco tiempo. Hasta para el folkl\u00f3rico ministerio del gobierno golpista, se trata de un record de incapacidad e incompetencia. Como agravante, Serra tendr\u00e1 que v\u00e9rselas ahora con la huelga de los funcionarios del Ministerio, agredidos en sus derechos laborales.<\/p>\n<p>Calificar el documento de la Corte de la OEA de \u201cbestia y malhecho\u201d, es el colmo de la diplomacia asnal.<\/p>\n<p>Malhecho, muy malhecho fue su nombramiento para el Itamaraty. Se trata de un caso cl\u00e1sico de \u201cel hombre equivocado en el lugar equivocado\u201d.<\/p>\n<p>Y el documento de la Corte de la OEA no es \u201cbestia\u201d. Bestia es \u00e9l.<\/p>\n<p>&#8212;&#8212;&#8212;&#8212;&#8212;&#8212;&#8212;&#8212;&#8212;&#8212;-<\/p>\n<p>\u2217 Marcelo Zero es soci\u00f3logo, especialista en Relaciones Internacionales y miembro del Grupo de Reflexi\u00f3n sobre Relaciones Internacionales (GR-RI)<\/p>\n<p>\u00b9 As\u00ed se conoce al\u00a0Ministerio de Relaciones Exteriores,\u00a0por el nombre del edificio donde tiene su sede\u00a0en Brasilia.<br \/>\n\u00b2 Mooca es el nombre del barrio de San Pablo donde naci\u00f3 Jos\u00e9 Serra.<\/p>\n","protected":false},"excerpt":{"rendered":"<p>Por Marcelo Zero*\/Brasil de Fato. Traducci\u00f3n Pressenza Art\u00edculo en respuesta al comentario de Jos\u00e9 Serra sobre la OEA. El soci\u00f3logo Marcelo Zero dice que calificar el documento de la OEA de \u201cbruto y malhecho\u201d es el colmo de la diplomacia&hellip;<\/p>\n","protected":false},"author":1254,"featured_media":357461,"comment_status":"closed","ping_status":"closed","sticky":false,"template":"","format":"standard","meta":{"footnotes":""},"categories":[161,74,67],"tags":[30118,17497,6713,19163,29593,30115,30117,5286,679,30116,26538],"class_list":["post-357458","post","type-post","status-publish","format-standard","has-post-thumbnail","hentry","category-opiniones","category-politica-es","category-sudamerica","tag-bestia","tag-cidh","tag-golpe","tag-impeachment","tag-itamaraty","tag-jose-serra","tag-ministerio","tag-oea","tag-onu-es","tag-relaciones-exteriores","tag-temer"],"yoast_head":"<!-- This site is optimized with the Yoast SEO plugin v27.1.1 - https:\/\/yoast.com\/product\/yoast-seo-wordpress\/ -->\n<title>&quot;Bestia&quot;<\/title>\n<meta name=\"description\" content=\"Por Marcelo Zero*\/Brasil de Fato. Traducci\u00f3n Pressenza Art\u00edculo en respuesta al comentario de Jos\u00e9 Serra sobre la OEA. El soci\u00f3logo Marcelo Zero dice que\" \/>\n<meta name=\"robots\" content=\"index, follow, max-snippet:-1, max-image-preview:large, max-video-preview:-1\" \/>\n<link rel=\"canonical\" href=\"https:\/\/www.pressenza.com\/es\/2016\/08\/bestia\/\" \/>\n<meta property=\"og:locale\" content=\"es_ES\" \/>\n<meta property=\"og:type\" content=\"article\" \/>\n<meta property=\"og:title\" content=\"&quot;Bestia&quot;\" \/>\n<meta property=\"og:description\" content=\"Por Marcelo Zero*\/Brasil de Fato. Traducci\u00f3n Pressenza Art\u00edculo en respuesta al comentario de Jos\u00e9 Serra sobre la OEA. El soci\u00f3logo Marcelo Zero dice que\" \/>\n<meta property=\"og:url\" content=\"https:\/\/www.pressenza.com\/es\/2016\/08\/bestia\/\" \/>\n<meta property=\"og:site_name\" content=\"Pressenza\" \/>\n<meta property=\"article:publisher\" content=\"https:\/\/www.facebook.com\/PressenzaItalia\" \/>\n<meta property=\"article:author\" content=\"https:\/\/www.facebook.com\/pressenza\" \/>\n<meta property=\"article:published_time\" content=\"2016-08-25T13:48:26+00:00\" \/>\n<meta property=\"article:modified_time\" content=\"2016-08-26T12:54:18+00:00\" \/>\n<meta property=\"og:image\" content=\"https:\/\/www.pressenza.com\/wp-content\/uploads\/2016\/08\/Serra-agencia-brasil.jpg\" \/>\n\t<meta property=\"og:image:width\" content=\"1024\" \/>\n\t<meta property=\"og:image:height\" content=\"698\" \/>\n\t<meta property=\"og:image:type\" content=\"image\/jpeg\" \/>\n<meta name=\"author\" content=\"Redacci\u00f3n Mar del Plata\" \/>\n<meta name=\"twitter:card\" content=\"summary_large_image\" \/>\n<meta name=\"twitter:creator\" content=\"@Pressenza\" \/>\n<meta name=\"twitter:site\" content=\"@PressenzaIPA\" \/>\n<meta name=\"twitter:label1\" content=\"Escrito por\" \/>\n\t<meta name=\"twitter:data1\" content=\"Redacci\u00f3n Mar del Plata\" \/>\n\t<meta name=\"twitter:label2\" content=\"Tiempo de lectura\" \/>\n\t<meta name=\"twitter:data2\" content=\"5 minutos\" \/>\n<script type=\"application\/ld+json\" class=\"yoast-schema-graph\">{\"@context\":\"https:\/\/schema.org\",\"@graph\":[{\"@type\":\"Article\",\"@id\":\"https:\/\/www.pressenza.com\/es\/2016\/08\/bestia\/#article\",\"isPartOf\":{\"@id\":\"https:\/\/www.pressenza.com\/es\/2016\/08\/bestia\/\"},\"author\":{\"name\":\"Redacci\u00f3n Mar del Plata\",\"@id\":\"https:\/\/www.pressenza.com\/es\/#\/schema\/person\/738658b5125ecea661a8a0b96dba8b69\"},\"headline\":\"\u00abBestia\u00bb\",\"datePublished\":\"2016-08-25T13:48:26+00:00\",\"dateModified\":\"2016-08-26T12:54:18+00:00\",\"mainEntityOfPage\":{\"@id\":\"https:\/\/www.pressenza.com\/es\/2016\/08\/bestia\/\"},\"wordCount\":1019,\"publisher\":{\"@id\":\"https:\/\/www.pressenza.com\/es\/#organization\"},\"image\":{\"@id\":\"https:\/\/www.pressenza.com\/es\/2016\/08\/bestia\/#primaryimage\"},\"thumbnailUrl\":\"https:\/\/www.pressenza.com\/wp-content\/uploads\/2016\/08\/Serra-agencia-brasil.jpg\",\"keywords\":[\"bestia\",\"CIDH\",\"golpe\",\"Impeachment\",\"Itamaraty\",\"Jos\u00e9 Serra\",\"Ministerio\",\"OEA\",\"ONU\",\"Relaciones Exteriores\",\"Temer\"],\"articleSection\":[\"Opiniones\",\"Pol\u00edtica\",\"Sudam\u00e9rica\"],\"inLanguage\":\"es\"},{\"@type\":\"WebPage\",\"@id\":\"https:\/\/www.pressenza.com\/es\/2016\/08\/bestia\/\",\"url\":\"https:\/\/www.pressenza.com\/es\/2016\/08\/bestia\/\",\"name\":\"\\\"Bestia\\\"\",\"isPartOf\":{\"@id\":\"https:\/\/www.pressenza.com\/es\/#website\"},\"primaryImageOfPage\":{\"@id\":\"https:\/\/www.pressenza.com\/es\/2016\/08\/bestia\/#primaryimage\"},\"image\":{\"@id\":\"https:\/\/www.pressenza.com\/es\/2016\/08\/bestia\/#primaryimage\"},\"thumbnailUrl\":\"https:\/\/www.pressenza.com\/wp-content\/uploads\/2016\/08\/Serra-agencia-brasil.jpg\",\"datePublished\":\"2016-08-25T13:48:26+00:00\",\"dateModified\":\"2016-08-26T12:54:18+00:00\",\"description\":\"Por Marcelo Zero*\/Brasil de Fato. Traducci\u00f3n Pressenza Art\u00edculo en respuesta al comentario de Jos\u00e9 Serra sobre la OEA. El soci\u00f3logo Marcelo Zero dice que\",\"breadcrumb\":{\"@id\":\"https:\/\/www.pressenza.com\/es\/2016\/08\/bestia\/#breadcrumb\"},\"inLanguage\":\"es\",\"potentialAction\":[{\"@type\":\"ReadAction\",\"target\":[\"https:\/\/www.pressenza.com\/es\/2016\/08\/bestia\/\"]}]},{\"@type\":\"ImageObject\",\"inLanguage\":\"es\",\"@id\":\"https:\/\/www.pressenza.com\/es\/2016\/08\/bestia\/#primaryimage\",\"url\":\"https:\/\/www.pressenza.com\/wp-content\/uploads\/2016\/08\/Serra-agencia-brasil.jpg\",\"contentUrl\":\"https:\/\/www.pressenza.com\/wp-content\/uploads\/2016\/08\/Serra-agencia-brasil.jpg\",\"width\":1024,\"height\":698,\"caption\":\"Brasilia- - O candidato a presidencia da republica, JOS\u00c9 SERRA (PSDB) participa de Sess\u00e3o Plen\u00e1ria do Conselho Federal da OAB\"},{\"@type\":\"BreadcrumbList\",\"@id\":\"https:\/\/www.pressenza.com\/es\/2016\/08\/bestia\/#breadcrumb\",\"itemListElement\":[{\"@type\":\"ListItem\",\"position\":1,\"name\":\"Accueil\",\"item\":\"https:\/\/www.pressenza.com\/es\/\"},{\"@type\":\"ListItem\",\"position\":2,\"name\":\"\u00abBestia\u00bb\"}]},{\"@type\":\"WebSite\",\"@id\":\"https:\/\/www.pressenza.com\/es\/#website\",\"url\":\"https:\/\/www.pressenza.com\/es\/\",\"name\":\"Pressenza\",\"description\":\"International Press Agency\",\"publisher\":{\"@id\":\"https:\/\/www.pressenza.com\/es\/#organization\"},\"potentialAction\":[{\"@type\":\"SearchAction\",\"target\":{\"@type\":\"EntryPoint\",\"urlTemplate\":\"https:\/\/www.pressenza.com\/es\/?s={search_term_string}\"},\"query-input\":{\"@type\":\"PropertyValueSpecification\",\"valueRequired\":true,\"valueName\":\"search_term_string\"}}],\"inLanguage\":\"es\"},{\"@type\":\"Organization\",\"@id\":\"https:\/\/www.pressenza.com\/es\/#organization\",\"name\":\"Pressenza\",\"url\":\"https:\/\/www.pressenza.com\/es\/\",\"logo\":{\"@type\":\"ImageObject\",\"inLanguage\":\"es\",\"@id\":\"https:\/\/www.pressenza.com\/es\/#\/schema\/logo\/image\/\",\"url\":\"https:\/\/www.pressenza.com\/wp-content\/uploads\/2022\/10\/pressenza_logo_200x200.jpg\",\"contentUrl\":\"https:\/\/www.pressenza.com\/wp-content\/uploads\/2022\/10\/pressenza_logo_200x200.jpg\",\"width\":200,\"height\":200,\"caption\":\"Pressenza\"},\"image\":{\"@id\":\"https:\/\/www.pressenza.com\/es\/#\/schema\/logo\/image\/\"},\"sameAs\":[\"https:\/\/www.facebook.com\/PressenzaItalia\",\"https:\/\/x.com\/PressenzaIPA\"]},{\"@type\":\"Person\",\"@id\":\"https:\/\/www.pressenza.com\/es\/#\/schema\/person\/738658b5125ecea661a8a0b96dba8b69\",\"name\":\"Redacci\u00f3n Mar del Plata\",\"description\":\"News published by the Pressenza bureau in Mar Del Plata, Argentina\",\"sameAs\":[\"https:\/\/www.facebook.com\/pressenza\",\"https:\/\/x.com\/Pressenza\"],\"url\":\"https:\/\/www.pressenza.com\/es\/author\/redaccion-mar-del-plata\/\"}]}<\/script>\n<!-- \/ Yoast SEO plugin. -->","yoast_head_json":{"title":"\"Bestia\"","description":"Por Marcelo Zero*\/Brasil de Fato. Traducci\u00f3n Pressenza Art\u00edculo en respuesta al comentario de Jos\u00e9 Serra sobre la OEA. El soci\u00f3logo Marcelo Zero dice que","robots":{"index":"index","follow":"follow","max-snippet":"max-snippet:-1","max-image-preview":"max-image-preview:large","max-video-preview":"max-video-preview:-1"},"canonical":"https:\/\/www.pressenza.com\/es\/2016\/08\/bestia\/","og_locale":"es_ES","og_type":"article","og_title":"\"Bestia\"","og_description":"Por Marcelo Zero*\/Brasil de Fato. Traducci\u00f3n Pressenza Art\u00edculo en respuesta al comentario de Jos\u00e9 Serra sobre la OEA. El soci\u00f3logo Marcelo Zero dice que","og_url":"https:\/\/www.pressenza.com\/es\/2016\/08\/bestia\/","og_site_name":"Pressenza","article_publisher":"https:\/\/www.facebook.com\/PressenzaItalia","article_author":"https:\/\/www.facebook.com\/pressenza","article_published_time":"2016-08-25T13:48:26+00:00","article_modified_time":"2016-08-26T12:54:18+00:00","og_image":[{"width":1024,"height":698,"url":"https:\/\/www.pressenza.com\/wp-content\/uploads\/2016\/08\/Serra-agencia-brasil.jpg","type":"image\/jpeg"}],"author":"Redacci\u00f3n Mar del Plata","twitter_card":"summary_large_image","twitter_creator":"@Pressenza","twitter_site":"@PressenzaIPA","twitter_misc":{"Escrito por":"Redacci\u00f3n Mar del Plata","Tiempo de lectura":"5 minutos"},"schema":{"@context":"https:\/\/schema.org","@graph":[{"@type":"Article","@id":"https:\/\/www.pressenza.com\/es\/2016\/08\/bestia\/#article","isPartOf":{"@id":"https:\/\/www.pressenza.com\/es\/2016\/08\/bestia\/"},"author":{"name":"Redacci\u00f3n Mar del Plata","@id":"https:\/\/www.pressenza.com\/es\/#\/schema\/person\/738658b5125ecea661a8a0b96dba8b69"},"headline":"\u00abBestia\u00bb","datePublished":"2016-08-25T13:48:26+00:00","dateModified":"2016-08-26T12:54:18+00:00","mainEntityOfPage":{"@id":"https:\/\/www.pressenza.com\/es\/2016\/08\/bestia\/"},"wordCount":1019,"publisher":{"@id":"https:\/\/www.pressenza.com\/es\/#organization"},"image":{"@id":"https:\/\/www.pressenza.com\/es\/2016\/08\/bestia\/#primaryimage"},"thumbnailUrl":"https:\/\/www.pressenza.com\/wp-content\/uploads\/2016\/08\/Serra-agencia-brasil.jpg","keywords":["bestia","CIDH","golpe","Impeachment","Itamaraty","Jos\u00e9 Serra","Ministerio","OEA","ONU","Relaciones Exteriores","Temer"],"articleSection":["Opiniones","Pol\u00edtica","Sudam\u00e9rica"],"inLanguage":"es"},{"@type":"WebPage","@id":"https:\/\/www.pressenza.com\/es\/2016\/08\/bestia\/","url":"https:\/\/www.pressenza.com\/es\/2016\/08\/bestia\/","name":"\"Bestia\"","isPartOf":{"@id":"https:\/\/www.pressenza.com\/es\/#website"},"primaryImageOfPage":{"@id":"https:\/\/www.pressenza.com\/es\/2016\/08\/bestia\/#primaryimage"},"image":{"@id":"https:\/\/www.pressenza.com\/es\/2016\/08\/bestia\/#primaryimage"},"thumbnailUrl":"https:\/\/www.pressenza.com\/wp-content\/uploads\/2016\/08\/Serra-agencia-brasil.jpg","datePublished":"2016-08-25T13:48:26+00:00","dateModified":"2016-08-26T12:54:18+00:00","description":"Por Marcelo Zero*\/Brasil de Fato. Traducci\u00f3n Pressenza Art\u00edculo en respuesta al comentario de Jos\u00e9 Serra sobre la OEA. El soci\u00f3logo Marcelo Zero dice que","breadcrumb":{"@id":"https:\/\/www.pressenza.com\/es\/2016\/08\/bestia\/#breadcrumb"},"inLanguage":"es","potentialAction":[{"@type":"ReadAction","target":["https:\/\/www.pressenza.com\/es\/2016\/08\/bestia\/"]}]},{"@type":"ImageObject","inLanguage":"es","@id":"https:\/\/www.pressenza.com\/es\/2016\/08\/bestia\/#primaryimage","url":"https:\/\/www.pressenza.com\/wp-content\/uploads\/2016\/08\/Serra-agencia-brasil.jpg","contentUrl":"https:\/\/www.pressenza.com\/wp-content\/uploads\/2016\/08\/Serra-agencia-brasil.jpg","width":1024,"height":698,"caption":"Brasilia- - O candidato a presidencia da republica, JOS\u00c9 SERRA (PSDB) participa de Sess\u00e3o Plen\u00e1ria do Conselho Federal da OAB"},{"@type":"BreadcrumbList","@id":"https:\/\/www.pressenza.com\/es\/2016\/08\/bestia\/#breadcrumb","itemListElement":[{"@type":"ListItem","position":1,"name":"Accueil","item":"https:\/\/www.pressenza.com\/es\/"},{"@type":"ListItem","position":2,"name":"\u00abBestia\u00bb"}]},{"@type":"WebSite","@id":"https:\/\/www.pressenza.com\/es\/#website","url":"https:\/\/www.pressenza.com\/es\/","name":"Pressenza","description":"International Press Agency","publisher":{"@id":"https:\/\/www.pressenza.com\/es\/#organization"},"potentialAction":[{"@type":"SearchAction","target":{"@type":"EntryPoint","urlTemplate":"https:\/\/www.pressenza.com\/es\/?s={search_term_string}"},"query-input":{"@type":"PropertyValueSpecification","valueRequired":true,"valueName":"search_term_string"}}],"inLanguage":"es"},{"@type":"Organization","@id":"https:\/\/www.pressenza.com\/es\/#organization","name":"Pressenza","url":"https:\/\/www.pressenza.com\/es\/","logo":{"@type":"ImageObject","inLanguage":"es","@id":"https:\/\/www.pressenza.com\/es\/#\/schema\/logo\/image\/","url":"https:\/\/www.pressenza.com\/wp-content\/uploads\/2022\/10\/pressenza_logo_200x200.jpg","contentUrl":"https:\/\/www.pressenza.com\/wp-content\/uploads\/2022\/10\/pressenza_logo_200x200.jpg","width":200,"height":200,"caption":"Pressenza"},"image":{"@id":"https:\/\/www.pressenza.com\/es\/#\/schema\/logo\/image\/"},"sameAs":["https:\/\/www.facebook.com\/PressenzaItalia","https:\/\/x.com\/PressenzaIPA"]},{"@type":"Person","@id":"https:\/\/www.pressenza.com\/es\/#\/schema\/person\/738658b5125ecea661a8a0b96dba8b69","name":"Redacci\u00f3n Mar del Plata","description":"News published by the Pressenza bureau in Mar Del Plata, Argentina","sameAs":["https:\/\/www.facebook.com\/pressenza","https:\/\/x.com\/Pressenza"],"url":"https:\/\/www.pressenza.com\/es\/author\/redaccion-mar-del-plata\/"}]}},"place":"Brasil","original_article_url":"https:\/\/www.brasildefato.com.br\/2016\/08\/23\/besta-artigo-em-resposta-ao-comentario-de-jose-serra-sobre-a-oea\/","_links":{"self":[{"href":"https:\/\/www.pressenza.com\/es\/wp-json\/wp\/v2\/posts\/357458","targetHints":{"allow":["GET"]}}],"collection":[{"href":"https:\/\/www.pressenza.com\/es\/wp-json\/wp\/v2\/posts"}],"about":[{"href":"https:\/\/www.pressenza.com\/es\/wp-json\/wp\/v2\/types\/post"}],"author":[{"embeddable":true,"href":"https:\/\/www.pressenza.com\/es\/wp-json\/wp\/v2\/users\/1254"}],"replies":[{"embeddable":true,"href":"https:\/\/www.pressenza.com\/es\/wp-json\/wp\/v2\/comments?post=357458"}],"version-history":[{"count":0,"href":"https:\/\/www.pressenza.com\/es\/wp-json\/wp\/v2\/posts\/357458\/revisions"}],"wp:featuredmedia":[{"embeddable":true,"href":"https:\/\/www.pressenza.com\/es\/wp-json\/wp\/v2\/media\/357461"}],"wp:attachment":[{"href":"https:\/\/www.pressenza.com\/es\/wp-json\/wp\/v2\/media?parent=357458"}],"wp:term":[{"taxonomy":"category","embeddable":true,"href":"https:\/\/www.pressenza.com\/es\/wp-json\/wp\/v2\/categories?post=357458"},{"taxonomy":"post_tag","embeddable":true,"href":"https:\/\/www.pressenza.com\/es\/wp-json\/wp\/v2\/tags?post=357458"}],"curies":[{"name":"wp","href":"https:\/\/api.w.org\/{rel}","templated":true}]}}