{"id":357374,"date":"2016-08-25T02:47:22","date_gmt":"2016-08-25T01:47:22","guid":{"rendered":"http:\/\/www.pressenza.com\/es\/?p=357374"},"modified":"2016-08-25T02:47:22","modified_gmt":"2016-08-25T01:47:22","slug":"en-regional-y-popular-luces-y-sombras-para-la-paz-en-america-latina-y-el-caribe","status":"publish","type":"post","link":"https:\/\/www.pressenza.com\/es\/2016\/08\/en-regional-y-popular-luces-y-sombras-para-la-paz-en-america-latina-y-el-caribe\/","title":{"rendered":"En Regional y Popular: Luces y sombras para la Paz en Am\u00e9rica Latina y el Caribe"},"content":{"rendered":"<p>Este es un momento decisivo para la historia de Colombia, en el que se busca poner fin a una guerra que se ha prolongado por casi sesenta a\u00f1os y que ha dejado millones de v\u00edctimas, entre asesinados, desplazados y desaparecidos.<\/p>\n<p>El 23 de Junio pasado, en la Habana, Cuba, luego de casi 4 a\u00f1os de negociaciones, el Gobierno colombiano y la principal guerrilla del pa\u00eds, las Fuerzas Armadas Revolucionarias de Colombia (FARC-EP) firmaron el acuerdo sobre \u201cCese al fuego y de hostilidades, bilateral y definitivo, y dejaci\u00f3n de las armas.\u201d<\/p>\n<p>El acuerdo final, alcanzado en estas horas, ser\u00e1 validado mediante un plebiscito vinculante que probablemente ocurra en Octubre pr\u00f3ximo, luego de que el texto definitivo sea firmado oficialmente, dado a conocer y difundido convenientemente entre la poblaci\u00f3n.<\/p>\n<p>Pero no todas son luces para la paz en la regi\u00f3n.<\/p>\n<p>Es inquietante la agudizaci\u00f3n de algunos conflictos entre algunos pa\u00edses, motivados sin duda por la injerencia norteamericana y sus intereses de recuperar la hegemon\u00eda perdida.<\/p>\n<p>Tal es el intento de aislamiento y desprestigio que hoy sufre Venezuela con el objetivo claro de derrocar a cualquier costo al gobierno bolivariano. Pero tambi\u00e9n se ha incrementado la tensi\u00f3n entre Chile y Bolivia por los manantiales del Silala y la instalaci\u00f3n de una base militar chilena muy cerca de la frontera con el vecino pa\u00eds. Tampoco pueden dejar de mencionarse, como agravante, los ejercicios conjuntos realizados en Julio entre fuerzas militares de Chile y los EEUU.<\/p>\n<p>Una enorme preocupaci\u00f3n suscita tambi\u00e9n el anuncio del gobierno de Macri de permitir la instalaci\u00f3n de dos bases norteamericanas en suelo argentino.<\/p>\n<p>Para profundizar sobre estas circunstancias y enterarnos de la justa resistencia que est\u00e1 comenzando a moverse para evitar la instalaci\u00f3n de esas bases, conversamos en la presente entrega del programa radial \u201cRegional y Popular\u201d con C\u00e9sar Almada, presidente de la Asociaci\u00f3n humanista \u201cMundo sin Guerras y sin Violencia\u201d (filial C\u00f3rdoba), integrante del Movimiento Humanista Internacional.<\/p>\n<p>El v\u00ednculo para escuchar, descargar, compartir o emitir el programa es <a href=\"https:\/\/ar.ivoox.com\/es\/12650174\">https:\/\/ar.ivoox.com\/es\/12650174<\/a><br \/>\n<iframe loading=\"lazy\" id=\"audio_12650174\" style=\"border: 1px solid #EEE; box-sizing: border-box; width: 100%;\" src=\"https:\/\/ar.ivoox.com\/es\/player_ej_12650174_4_1.html?c1=ff6600\" width=\"300\" height=\"200\" frameborder=\"0\" scrolling=\"no\" allowfullscreen=\"allowfullscreen\"><\/iframe><br \/>\n<em>\u201cRegional y Popular\u201d es un segmento radial semanal de quince minutos dedicado a temas relacionados con la integraci\u00f3n de Latinoam\u00e9rica y el Caribe. Es una producci\u00f3n de Pressenza de libre utilizaci\u00f3n realizada desde C\u00f3rdoba, Argentina, en colaboraci\u00f3n con radio comunitaria La Ranchada y que se emite regularmente en una decena de emisoras y redes de la regi\u00f3n. Si una emisora quiere difundir nuestros programas, puede conectarnos en nuestro <\/em><a href=\"mailto:javiertolcachier@gmail.com\"><em>correo<\/em><\/a><em> de referencia y se lo enviaremos cada semana.<\/em><\/p>\n","protected":false},"excerpt":{"rendered":"<p>Este es un momento decisivo para la historia de Colombia, en el que se busca poner fin a una guerra que se ha prolongado por casi sesenta a\u00f1os y que ha dejado millones de v\u00edctimas, entre asesinados, desplazados y desaparecidos.&hellip;<\/p>\n","protected":false},"author":970,"featured_media":357392,"comment_status":"closed","ping_status":"closed","sticky":false,"template":"","format":"standard","meta":{"footnotes":""},"categories":[69,11389,75,39,1243,22754,67],"tags":[15662,30,451,20866,419,26364,21254],"class_list":["post-357374","post","type-post","status-publish","format-standard","has-post-thumbnail","hentry","category-america-central","category-contenido-original","category-cultura-es","category-internacional","category-paz-desarme","category-radio-es","category-sudamerica","tag-america-latina-es","tag-colombia","tag-integracion","tag-la-ranchada","tag-paz","tag-regional","tag-regional-y-popular"],"yoast_head":"<!-- This site is optimized with the Yoast SEO plugin v27.1.1 - https:\/\/yoast.com\/product\/yoast-seo-wordpress\/ -->\n<title>En Regional y Popular: Luces y sombras para la Paz en Am\u00e9rica Latina y el Caribe<\/title>\n<meta name=\"description\" content=\"Este es un momento decisivo para la historia de Colombia, en el que se busca poner fin a una guerra que se ha prolongado por casi sesenta a\u00f1os y que ha\" \/>\n<meta name=\"robots\" content=\"index, follow, max-snippet:-1, max-image-preview:large, max-video-preview:-1\" \/>\n<link rel=\"canonical\" href=\"https:\/\/www.pressenza.com\/es\/2016\/08\/en-regional-y-popular-luces-y-sombras-para-la-paz-en-america-latina-y-el-caribe\/\" \/>\n<meta property=\"og:locale\" content=\"es_ES\" \/>\n<meta property=\"og:type\" content=\"article\" \/>\n<meta property=\"og:title\" content=\"En Regional y Popular: Luces y sombras para la Paz en Am\u00e9rica Latina y el Caribe\" \/>\n<meta property=\"og:description\" content=\"Este es un momento decisivo para la historia de Colombia, en el que se busca poner fin a una guerra que se ha prolongado por casi sesenta a\u00f1os y que ha\" \/>\n<meta property=\"og:url\" content=\"https:\/\/www.pressenza.com\/es\/2016\/08\/en-regional-y-popular-luces-y-sombras-para-la-paz-en-america-latina-y-el-caribe\/\" \/>\n<meta property=\"og:site_name\" content=\"Pressenza\" \/>\n<meta property=\"article:publisher\" content=\"https:\/\/www.facebook.com\/PressenzaItalia\" \/>\n<meta property=\"article:author\" content=\"https:\/\/www.facebook.com\/javier.tolcachier?fref=ts\" \/>\n<meta property=\"article:published_time\" content=\"2016-08-25T01:47:22+00:00\" \/>\n<meta property=\"og:image\" content=\"https:\/\/www.pressenza.com\/wp-content\/uploads\/2016\/08\/Self-Portrait_-16_Knee-2.jpg\" \/>\n\t<meta property=\"og:image:width\" content=\"1024\" \/>\n\t<meta property=\"og:image:height\" content=\"682\" \/>\n\t<meta property=\"og:image:type\" content=\"image\/jpeg\" \/>\n<meta name=\"author\" content=\"Javier Tolcachier\" \/>\n<meta name=\"twitter:card\" content=\"summary_large_image\" \/>\n<meta name=\"twitter:creator\" content=\"@jtolcachier\" \/>\n<meta name=\"twitter:site\" content=\"@PressenzaIPA\" \/>\n<meta name=\"twitter:label1\" content=\"Escrito por\" \/>\n\t<meta name=\"twitter:data1\" content=\"Javier Tolcachier\" \/>\n\t<meta name=\"twitter:label2\" content=\"Tiempo de lectura\" \/>\n\t<meta name=\"twitter:data2\" content=\"2 minutos\" \/>\n<script type=\"application\/ld+json\" class=\"yoast-schema-graph\">{\"@context\":\"https:\/\/schema.org\",\"@graph\":[{\"@type\":\"Article\",\"@id\":\"https:\/\/www.pressenza.com\/es\/2016\/08\/en-regional-y-popular-luces-y-sombras-para-la-paz-en-america-latina-y-el-caribe\/#article\",\"isPartOf\":{\"@id\":\"https:\/\/www.pressenza.com\/es\/2016\/08\/en-regional-y-popular-luces-y-sombras-para-la-paz-en-america-latina-y-el-caribe\/\"},\"author\":{\"name\":\"Javier Tolcachier\",\"@id\":\"https:\/\/www.pressenza.com\/es\/#\/schema\/person\/f353f6d4eed144101dedba60e6227564\"},\"headline\":\"En Regional y Popular: Luces y sombras para la Paz en Am\u00e9rica Latina y el Caribe\",\"datePublished\":\"2016-08-25T01:47:22+00:00\",\"mainEntityOfPage\":{\"@id\":\"https:\/\/www.pressenza.com\/es\/2016\/08\/en-regional-y-popular-luces-y-sombras-para-la-paz-en-america-latina-y-el-caribe\/\"},\"wordCount\":456,\"publisher\":{\"@id\":\"https:\/\/www.pressenza.com\/es\/#organization\"},\"image\":{\"@id\":\"https:\/\/www.pressenza.com\/es\/2016\/08\/en-regional-y-popular-luces-y-sombras-para-la-paz-en-america-latina-y-el-caribe\/#primaryimage\"},\"thumbnailUrl\":\"https:\/\/www.pressenza.com\/wp-content\/uploads\/2016\/08\/Self-Portrait_-16_Knee-2.jpg\",\"keywords\":[\"America Latina\",\"Colombia\",\"Integraci\u00f3n\",\"La Ranchada\",\"Paz\",\"regional\",\"Regional y Popular\"],\"articleSection\":[\"Am\u00e9rica Central\",\"Contenido Original\",\"Cultura y Medios\",\"Internacional\",\"Paz y Desarme\",\"Radio\",\"Sudam\u00e9rica\"],\"inLanguage\":\"es\"},{\"@type\":\"WebPage\",\"@id\":\"https:\/\/www.pressenza.com\/es\/2016\/08\/en-regional-y-popular-luces-y-sombras-para-la-paz-en-america-latina-y-el-caribe\/\",\"url\":\"https:\/\/www.pressenza.com\/es\/2016\/08\/en-regional-y-popular-luces-y-sombras-para-la-paz-en-america-latina-y-el-caribe\/\",\"name\":\"En Regional y Popular: Luces y sombras para la Paz en Am\u00e9rica Latina y el Caribe\",\"isPartOf\":{\"@id\":\"https:\/\/www.pressenza.com\/es\/#website\"},\"primaryImageOfPage\":{\"@id\":\"https:\/\/www.pressenza.com\/es\/2016\/08\/en-regional-y-popular-luces-y-sombras-para-la-paz-en-america-latina-y-el-caribe\/#primaryimage\"},\"image\":{\"@id\":\"https:\/\/www.pressenza.com\/es\/2016\/08\/en-regional-y-popular-luces-y-sombras-para-la-paz-en-america-latina-y-el-caribe\/#primaryimage\"},\"thumbnailUrl\":\"https:\/\/www.pressenza.com\/wp-content\/uploads\/2016\/08\/Self-Portrait_-16_Knee-2.jpg\",\"datePublished\":\"2016-08-25T01:47:22+00:00\",\"description\":\"Este es un momento decisivo para la historia de Colombia, en el que se busca poner fin a una guerra que se ha prolongado por casi sesenta a\u00f1os y que ha\",\"breadcrumb\":{\"@id\":\"https:\/\/www.pressenza.com\/es\/2016\/08\/en-regional-y-popular-luces-y-sombras-para-la-paz-en-america-latina-y-el-caribe\/#breadcrumb\"},\"inLanguage\":\"es\",\"potentialAction\":[{\"@type\":\"ReadAction\",\"target\":[\"https:\/\/www.pressenza.com\/es\/2016\/08\/en-regional-y-popular-luces-y-sombras-para-la-paz-en-america-latina-y-el-caribe\/\"]}]},{\"@type\":\"ImageObject\",\"inLanguage\":\"es\",\"@id\":\"https:\/\/www.pressenza.com\/es\/2016\/08\/en-regional-y-popular-luces-y-sombras-para-la-paz-en-america-latina-y-el-caribe\/#primaryimage\",\"url\":\"https:\/\/www.pressenza.com\/wp-content\/uploads\/2016\/08\/Self-Portrait_-16_Knee-2.jpg\",\"contentUrl\":\"https:\/\/www.pressenza.com\/wp-content\/uploads\/2016\/08\/Self-Portrait_-16_Knee-2.jpg\",\"width\":1024,\"height\":682},{\"@type\":\"BreadcrumbList\",\"@id\":\"https:\/\/www.pressenza.com\/es\/2016\/08\/en-regional-y-popular-luces-y-sombras-para-la-paz-en-america-latina-y-el-caribe\/#breadcrumb\",\"itemListElement\":[{\"@type\":\"ListItem\",\"position\":1,\"name\":\"Accueil\",\"item\":\"https:\/\/www.pressenza.com\/es\/\"},{\"@type\":\"ListItem\",\"position\":2,\"name\":\"En Regional y Popular: Luces y sombras para la Paz en Am\u00e9rica Latina y el Caribe\"}]},{\"@type\":\"WebSite\",\"@id\":\"https:\/\/www.pressenza.com\/es\/#website\",\"url\":\"https:\/\/www.pressenza.com\/es\/\",\"name\":\"Pressenza\",\"description\":\"International Press Agency\",\"publisher\":{\"@id\":\"https:\/\/www.pressenza.com\/es\/#organization\"},\"potentialAction\":[{\"@type\":\"SearchAction\",\"target\":{\"@type\":\"EntryPoint\",\"urlTemplate\":\"https:\/\/www.pressenza.com\/es\/?s={search_term_string}\"},\"query-input\":{\"@type\":\"PropertyValueSpecification\",\"valueRequired\":true,\"valueName\":\"search_term_string\"}}],\"inLanguage\":\"es\"},{\"@type\":\"Organization\",\"@id\":\"https:\/\/www.pressenza.com\/es\/#organization\",\"name\":\"Pressenza\",\"url\":\"https:\/\/www.pressenza.com\/es\/\",\"logo\":{\"@type\":\"ImageObject\",\"inLanguage\":\"es\",\"@id\":\"https:\/\/www.pressenza.com\/es\/#\/schema\/logo\/image\/\",\"url\":\"https:\/\/www.pressenza.com\/wp-content\/uploads\/2022\/10\/pressenza_logo_200x200.jpg\",\"contentUrl\":\"https:\/\/www.pressenza.com\/wp-content\/uploads\/2022\/10\/pressenza_logo_200x200.jpg\",\"width\":200,\"height\":200,\"caption\":\"Pressenza\"},\"image\":{\"@id\":\"https:\/\/www.pressenza.com\/es\/#\/schema\/logo\/image\/\"},\"sameAs\":[\"https:\/\/www.facebook.com\/PressenzaItalia\",\"https:\/\/x.com\/PressenzaIPA\"]},{\"@type\":\"Person\",\"@id\":\"https:\/\/www.pressenza.com\/es\/#\/schema\/person\/f353f6d4eed144101dedba60e6227564\",\"name\":\"Javier Tolcachier\",\"description\":\"Javier Tolcachier is a researcher from the World Centre of Humanist Studies, an organism of the Humanist Movement. Mail: javiertolcachier@disroot.org Twitter: @jtolcachier\",\"sameAs\":[\"https:\/\/www.facebook.com\/javier.tolcachier?fref=ts\",\"https:\/\/x.com\/jtolcachier\"],\"url\":\"https:\/\/www.pressenza.com\/es\/author\/javier-tolcachier\/\"}]}<\/script>\n<!-- \/ Yoast SEO plugin. -->","yoast_head_json":{"title":"En Regional y Popular: Luces y sombras para la Paz en Am\u00e9rica Latina y el Caribe","description":"Este es un momento decisivo para la historia de Colombia, en el que se busca poner fin a una guerra que se ha prolongado por casi sesenta a\u00f1os y que ha","robots":{"index":"index","follow":"follow","max-snippet":"max-snippet:-1","max-image-preview":"max-image-preview:large","max-video-preview":"max-video-preview:-1"},"canonical":"https:\/\/www.pressenza.com\/es\/2016\/08\/en-regional-y-popular-luces-y-sombras-para-la-paz-en-america-latina-y-el-caribe\/","og_locale":"es_ES","og_type":"article","og_title":"En Regional y Popular: Luces y sombras para la Paz en Am\u00e9rica Latina y el Caribe","og_description":"Este es un momento decisivo para la historia de Colombia, en el que se busca poner fin a una guerra que se ha prolongado por casi sesenta a\u00f1os y que ha","og_url":"https:\/\/www.pressenza.com\/es\/2016\/08\/en-regional-y-popular-luces-y-sombras-para-la-paz-en-america-latina-y-el-caribe\/","og_site_name":"Pressenza","article_publisher":"https:\/\/www.facebook.com\/PressenzaItalia","article_author":"https:\/\/www.facebook.com\/javier.tolcachier?fref=ts","article_published_time":"2016-08-25T01:47:22+00:00","og_image":[{"width":1024,"height":682,"url":"https:\/\/www.pressenza.com\/wp-content\/uploads\/2016\/08\/Self-Portrait_-16_Knee-2.jpg","type":"image\/jpeg"}],"author":"Javier Tolcachier","twitter_card":"summary_large_image","twitter_creator":"@jtolcachier","twitter_site":"@PressenzaIPA","twitter_misc":{"Escrito por":"Javier Tolcachier","Tiempo de lectura":"2 minutos"},"schema":{"@context":"https:\/\/schema.org","@graph":[{"@type":"Article","@id":"https:\/\/www.pressenza.com\/es\/2016\/08\/en-regional-y-popular-luces-y-sombras-para-la-paz-en-america-latina-y-el-caribe\/#article","isPartOf":{"@id":"https:\/\/www.pressenza.com\/es\/2016\/08\/en-regional-y-popular-luces-y-sombras-para-la-paz-en-america-latina-y-el-caribe\/"},"author":{"name":"Javier Tolcachier","@id":"https:\/\/www.pressenza.com\/es\/#\/schema\/person\/f353f6d4eed144101dedba60e6227564"},"headline":"En Regional y Popular: Luces y sombras para la Paz en Am\u00e9rica Latina y el Caribe","datePublished":"2016-08-25T01:47:22+00:00","mainEntityOfPage":{"@id":"https:\/\/www.pressenza.com\/es\/2016\/08\/en-regional-y-popular-luces-y-sombras-para-la-paz-en-america-latina-y-el-caribe\/"},"wordCount":456,"publisher":{"@id":"https:\/\/www.pressenza.com\/es\/#organization"},"image":{"@id":"https:\/\/www.pressenza.com\/es\/2016\/08\/en-regional-y-popular-luces-y-sombras-para-la-paz-en-america-latina-y-el-caribe\/#primaryimage"},"thumbnailUrl":"https:\/\/www.pressenza.com\/wp-content\/uploads\/2016\/08\/Self-Portrait_-16_Knee-2.jpg","keywords":["America Latina","Colombia","Integraci\u00f3n","La Ranchada","Paz","regional","Regional y Popular"],"articleSection":["Am\u00e9rica Central","Contenido Original","Cultura y Medios","Internacional","Paz y Desarme","Radio","Sudam\u00e9rica"],"inLanguage":"es"},{"@type":"WebPage","@id":"https:\/\/www.pressenza.com\/es\/2016\/08\/en-regional-y-popular-luces-y-sombras-para-la-paz-en-america-latina-y-el-caribe\/","url":"https:\/\/www.pressenza.com\/es\/2016\/08\/en-regional-y-popular-luces-y-sombras-para-la-paz-en-america-latina-y-el-caribe\/","name":"En Regional y Popular: Luces y sombras para la Paz en Am\u00e9rica Latina y el Caribe","isPartOf":{"@id":"https:\/\/www.pressenza.com\/es\/#website"},"primaryImageOfPage":{"@id":"https:\/\/www.pressenza.com\/es\/2016\/08\/en-regional-y-popular-luces-y-sombras-para-la-paz-en-america-latina-y-el-caribe\/#primaryimage"},"image":{"@id":"https:\/\/www.pressenza.com\/es\/2016\/08\/en-regional-y-popular-luces-y-sombras-para-la-paz-en-america-latina-y-el-caribe\/#primaryimage"},"thumbnailUrl":"https:\/\/www.pressenza.com\/wp-content\/uploads\/2016\/08\/Self-Portrait_-16_Knee-2.jpg","datePublished":"2016-08-25T01:47:22+00:00","description":"Este es un momento decisivo para la historia de Colombia, en el que se busca poner fin a una guerra que se ha prolongado por casi sesenta a\u00f1os y que ha","breadcrumb":{"@id":"https:\/\/www.pressenza.com\/es\/2016\/08\/en-regional-y-popular-luces-y-sombras-para-la-paz-en-america-latina-y-el-caribe\/#breadcrumb"},"inLanguage":"es","potentialAction":[{"@type":"ReadAction","target":["https:\/\/www.pressenza.com\/es\/2016\/08\/en-regional-y-popular-luces-y-sombras-para-la-paz-en-america-latina-y-el-caribe\/"]}]},{"@type":"ImageObject","inLanguage":"es","@id":"https:\/\/www.pressenza.com\/es\/2016\/08\/en-regional-y-popular-luces-y-sombras-para-la-paz-en-america-latina-y-el-caribe\/#primaryimage","url":"https:\/\/www.pressenza.com\/wp-content\/uploads\/2016\/08\/Self-Portrait_-16_Knee-2.jpg","contentUrl":"https:\/\/www.pressenza.com\/wp-content\/uploads\/2016\/08\/Self-Portrait_-16_Knee-2.jpg","width":1024,"height":682},{"@type":"BreadcrumbList","@id":"https:\/\/www.pressenza.com\/es\/2016\/08\/en-regional-y-popular-luces-y-sombras-para-la-paz-en-america-latina-y-el-caribe\/#breadcrumb","itemListElement":[{"@type":"ListItem","position":1,"name":"Accueil","item":"https:\/\/www.pressenza.com\/es\/"},{"@type":"ListItem","position":2,"name":"En Regional y Popular: Luces y sombras para la Paz en Am\u00e9rica Latina y el Caribe"}]},{"@type":"WebSite","@id":"https:\/\/www.pressenza.com\/es\/#website","url":"https:\/\/www.pressenza.com\/es\/","name":"Pressenza","description":"International Press Agency","publisher":{"@id":"https:\/\/www.pressenza.com\/es\/#organization"},"potentialAction":[{"@type":"SearchAction","target":{"@type":"EntryPoint","urlTemplate":"https:\/\/www.pressenza.com\/es\/?s={search_term_string}"},"query-input":{"@type":"PropertyValueSpecification","valueRequired":true,"valueName":"search_term_string"}}],"inLanguage":"es"},{"@type":"Organization","@id":"https:\/\/www.pressenza.com\/es\/#organization","name":"Pressenza","url":"https:\/\/www.pressenza.com\/es\/","logo":{"@type":"ImageObject","inLanguage":"es","@id":"https:\/\/www.pressenza.com\/es\/#\/schema\/logo\/image\/","url":"https:\/\/www.pressenza.com\/wp-content\/uploads\/2022\/10\/pressenza_logo_200x200.jpg","contentUrl":"https:\/\/www.pressenza.com\/wp-content\/uploads\/2022\/10\/pressenza_logo_200x200.jpg","width":200,"height":200,"caption":"Pressenza"},"image":{"@id":"https:\/\/www.pressenza.com\/es\/#\/schema\/logo\/image\/"},"sameAs":["https:\/\/www.facebook.com\/PressenzaItalia","https:\/\/x.com\/PressenzaIPA"]},{"@type":"Person","@id":"https:\/\/www.pressenza.com\/es\/#\/schema\/person\/f353f6d4eed144101dedba60e6227564","name":"Javier Tolcachier","description":"Javier Tolcachier is a researcher from the World Centre of Humanist Studies, an organism of the Humanist Movement. Mail: javiertolcachier@disroot.org Twitter: @jtolcachier","sameAs":["https:\/\/www.facebook.com\/javier.tolcachier?fref=ts","https:\/\/x.com\/jtolcachier"],"url":"https:\/\/www.pressenza.com\/es\/author\/javier-tolcachier\/"}]}},"place":"C\u00f3rdoba, Argentina","original_article_url":"","_links":{"self":[{"href":"https:\/\/www.pressenza.com\/es\/wp-json\/wp\/v2\/posts\/357374","targetHints":{"allow":["GET"]}}],"collection":[{"href":"https:\/\/www.pressenza.com\/es\/wp-json\/wp\/v2\/posts"}],"about":[{"href":"https:\/\/www.pressenza.com\/es\/wp-json\/wp\/v2\/types\/post"}],"author":[{"embeddable":true,"href":"https:\/\/www.pressenza.com\/es\/wp-json\/wp\/v2\/users\/970"}],"replies":[{"embeddable":true,"href":"https:\/\/www.pressenza.com\/es\/wp-json\/wp\/v2\/comments?post=357374"}],"version-history":[{"count":0,"href":"https:\/\/www.pressenza.com\/es\/wp-json\/wp\/v2\/posts\/357374\/revisions"}],"wp:featuredmedia":[{"embeddable":true,"href":"https:\/\/www.pressenza.com\/es\/wp-json\/wp\/v2\/media\/357392"}],"wp:attachment":[{"href":"https:\/\/www.pressenza.com\/es\/wp-json\/wp\/v2\/media?parent=357374"}],"wp:term":[{"taxonomy":"category","embeddable":true,"href":"https:\/\/www.pressenza.com\/es\/wp-json\/wp\/v2\/categories?post=357374"},{"taxonomy":"post_tag","embeddable":true,"href":"https:\/\/www.pressenza.com\/es\/wp-json\/wp\/v2\/tags?post=357374"}],"curies":[{"name":"wp","href":"https:\/\/api.w.org\/{rel}","templated":true}]}}