{"id":356,"date":"2009-05-13T00:00:00","date_gmt":"2009-05-13T00:00:00","guid":{"rendered":""},"modified":"2012-11-01T19:10:04","modified_gmt":"2012-11-01T19:10:04","slug":"escritor-osvaldo-bayer-se-pronuncix-nuevamente-a-favor-de-la-paz","status":"publish","type":"post","link":"https:\/\/www.pressenza.com\/es\/2009\/05\/escritor-osvaldo-bayer-se-pronuncix-nuevamente-a-favor-de-la-paz\/","title":{"rendered":"Escritor Osvaldo Bayer se pronunci\u00f3 nuevamente a favor de la paz"},"content":{"rendered":"<p>Entrevistado por una de las m\u00e1s destacadas periodistas de la Argentina en su vivienda del barrio de Belgrano, conocida como \u201cEl Tugurio\u201d, nombre que le adscribi\u00f3 otro escritor, Osvaldo Soriano; recorri\u00f3 distintos aspectos de su nutrida actividad period\u00edstica, literaria, cinematogr\u00e1fica y social. <\/p>\n<p>Ya en el final de dicha entrevista Rosario Lufrano le consult\u00f3 \u201custed se define como un anarquista y pacifista, \u00bfQu\u00e9 cosas siente que le quedan por hacer o le gustar\u00eda resaltar de lo que hizo?\u201d a lo que Bayer respondi\u00f3 profundamente emocionado, *\u201d\u2026Bueno, a mi sinceramente me gustar\u00eda ver eso \u00bfno? Encontrar en el mundo el sue\u00f1o de ese gran fil\u00f3sofo Kant, la paz eterna, el no a las armas, el no a los ej\u00e9rcitos, el no a las fronteras y quisiera que en la Argentina pudi\u00e9ramos leer las estad\u00edsticas que el nivel de desnutrici\u00f3n de nuestros ni\u00f1os es igual a cero.\u201d*<\/p>\n<p>Es menester destacar que Osvaldo Bayer hace unos meses sum\u00f3 su adhesi\u00f3n personal a La Marcha Mundial por la Paz y la No-Violencia. Entonces  este destacado intelectual argentino declar\u00f3 *\u201cme adhiero fervorosamente a la Marcha por la Paz en el mundo y la No-Violencia. Es la obligaci\u00f3n de todo ser humano: repudiar toda acci\u00f3n de guerra, negarse a matar, ayudar a vivir, a construir y no a destruir. S\u00ed a la Paz, no a las infames guerras: S\u00ed a la Vida, no a la muerte. S\u00ed a la Ciencia, no a las armas. El que manda a matar, a destruir, no es otra cosa que un asesino, por m\u00e1s altos cargos que ocupe. Y aquel que mira a otro lado en vez de oponerse fervorosamente a toda acci\u00f3n b\u00e9lica, no es otra cosa que un c\u00ednico ego\u00edsta. Marchemos todos por la Paz Eterna aquella con la que so\u00f1aba el fil\u00f3sofo Kant. \u00a1Hag\u00e1moslo por nuestros ni\u00f1os, por los ni\u00f1os de todo el mundo!\u201d*<\/p>\n<p>La Marcha Mundial cruzar\u00e1 6 continentes y m\u00e1s de un centenar de pa\u00edses procurando crear conciencia sobre la necesidad de desarticular el peligro nuclear latente, generando el desarme total mundial. Seg\u00fan los organizadores \u201cser\u00e1 la Marcha de las mujeres y los hombres valientes del mundo que alzar\u00e1n su voz\u201d<\/p>\n","protected":false},"excerpt":{"rendered":"<p>El escritor santafesino Osvaldo Bayer en reciente di\u00e1logo con la televisi\u00f3n p\u00fablica de Argentina se reconoci\u00f3 como un pacifista indeclinable<\/p>\n","protected":false},"author":19,"featured_media":0,"comment_status":"closed","ping_status":"open","sticky":false,"template":"","format":"standard","meta":{"footnotes":""},"categories":[1243,67],"tags":[],"class_list":["post-356","post","type-post","status-publish","format-standard","hentry","category-paz-desarme","category-sudamerica"],"yoast_head":"<!-- This site is optimized with the Yoast SEO plugin v27.1.1 - https:\/\/yoast.com\/product\/yoast-seo-wordpress\/ -->\n<title>Escritor Osvaldo Bayer se pronunci\u00f3 nuevamente a favor de la paz<\/title>\n<meta name=\"description\" content=\"El escritor santafesino Osvaldo Bayer en reciente di\u00e1logo con la televisi\u00f3n p\u00fablica de Argentina se reconoci\u00f3 como un pacifista indeclinable\" \/>\n<meta name=\"robots\" content=\"index, follow, max-snippet:-1, max-image-preview:large, max-video-preview:-1\" \/>\n<link rel=\"canonical\" href=\"https:\/\/www.pressenza.com\/es\/2009\/05\/escritor-osvaldo-bayer-se-pronuncix-nuevamente-a-favor-de-la-paz\/\" \/>\n<meta property=\"og:locale\" content=\"es_ES\" \/>\n<meta property=\"og:type\" content=\"article\" \/>\n<meta property=\"og:title\" content=\"Escritor Osvaldo Bayer se pronunci\u00f3 nuevamente a favor de la paz\" \/>\n<meta property=\"og:description\" content=\"El escritor santafesino Osvaldo Bayer en reciente di\u00e1logo con la televisi\u00f3n p\u00fablica de Argentina se reconoci\u00f3 como un pacifista indeclinable\" \/>\n<meta property=\"og:url\" content=\"https:\/\/www.pressenza.com\/es\/2009\/05\/escritor-osvaldo-bayer-se-pronuncix-nuevamente-a-favor-de-la-paz\/\" \/>\n<meta property=\"og:site_name\" content=\"Pressenza\" \/>\n<meta property=\"article:publisher\" content=\"https:\/\/www.facebook.com\/PressenzaItalia\" \/>\n<meta property=\"article:author\" content=\"https:\/\/www.facebook.com\/pressenza\" \/>\n<meta property=\"article:published_time\" content=\"2009-05-13T00:00:00+00:00\" \/>\n<meta property=\"article:modified_time\" content=\"2012-11-01T19:10:04+00:00\" \/>\n<meta name=\"author\" content=\"Pressenza IPA\" \/>\n<meta name=\"twitter:card\" content=\"summary_large_image\" \/>\n<meta name=\"twitter:creator\" content=\"@PressenzaIPA\" \/>\n<meta name=\"twitter:site\" content=\"@PressenzaIPA\" \/>\n<meta name=\"twitter:label1\" content=\"Escrito por\" \/>\n\t<meta name=\"twitter:data1\" content=\"Pressenza IPA\" \/>\n\t<meta name=\"twitter:label2\" content=\"Tiempo de lectura\" \/>\n\t<meta name=\"twitter:data2\" content=\"2 minutos\" \/>\n<script type=\"application\/ld+json\" class=\"yoast-schema-graph\">{\"@context\":\"https:\/\/schema.org\",\"@graph\":[{\"@type\":\"Article\",\"@id\":\"https:\/\/www.pressenza.com\/es\/2009\/05\/escritor-osvaldo-bayer-se-pronuncix-nuevamente-a-favor-de-la-paz\/#article\",\"isPartOf\":{\"@id\":\"https:\/\/www.pressenza.com\/es\/2009\/05\/escritor-osvaldo-bayer-se-pronuncix-nuevamente-a-favor-de-la-paz\/\"},\"author\":{\"name\":\"Pressenza IPA\",\"@id\":\"https:\/\/www.pressenza.com\/es\/#\/schema\/person\/010e5d02bcf40965427a1289a4cc8d75\"},\"headline\":\"Escritor Osvaldo Bayer se pronunci\u00f3 nuevamente a favor de la paz\",\"datePublished\":\"2009-05-13T00:00:00+00:00\",\"dateModified\":\"2012-11-01T19:10:04+00:00\",\"mainEntityOfPage\":{\"@id\":\"https:\/\/www.pressenza.com\/es\/2009\/05\/escritor-osvaldo-bayer-se-pronuncix-nuevamente-a-favor-de-la-paz\/\"},\"wordCount\":394,\"publisher\":{\"@id\":\"https:\/\/www.pressenza.com\/es\/#organization\"},\"articleSection\":[\"Paz y Desarme\",\"Sudam\u00e9rica\"],\"inLanguage\":\"es\"},{\"@type\":\"WebPage\",\"@id\":\"https:\/\/www.pressenza.com\/es\/2009\/05\/escritor-osvaldo-bayer-se-pronuncix-nuevamente-a-favor-de-la-paz\/\",\"url\":\"https:\/\/www.pressenza.com\/es\/2009\/05\/escritor-osvaldo-bayer-se-pronuncix-nuevamente-a-favor-de-la-paz\/\",\"name\":\"Escritor Osvaldo Bayer se pronunci\u00f3 nuevamente a favor de la paz\",\"isPartOf\":{\"@id\":\"https:\/\/www.pressenza.com\/es\/#website\"},\"datePublished\":\"2009-05-13T00:00:00+00:00\",\"dateModified\":\"2012-11-01T19:10:04+00:00\",\"description\":\"El escritor santafesino Osvaldo Bayer en reciente di\u00e1logo con la televisi\u00f3n p\u00fablica de Argentina se reconoci\u00f3 como un pacifista indeclinable\",\"breadcrumb\":{\"@id\":\"https:\/\/www.pressenza.com\/es\/2009\/05\/escritor-osvaldo-bayer-se-pronuncix-nuevamente-a-favor-de-la-paz\/#breadcrumb\"},\"inLanguage\":\"es\",\"potentialAction\":[{\"@type\":\"ReadAction\",\"target\":[\"https:\/\/www.pressenza.com\/es\/2009\/05\/escritor-osvaldo-bayer-se-pronuncix-nuevamente-a-favor-de-la-paz\/\"]}]},{\"@type\":\"BreadcrumbList\",\"@id\":\"https:\/\/www.pressenza.com\/es\/2009\/05\/escritor-osvaldo-bayer-se-pronuncix-nuevamente-a-favor-de-la-paz\/#breadcrumb\",\"itemListElement\":[{\"@type\":\"ListItem\",\"position\":1,\"name\":\"Accueil\",\"item\":\"https:\/\/www.pressenza.com\/es\/\"},{\"@type\":\"ListItem\",\"position\":2,\"name\":\"Escritor Osvaldo Bayer se pronunci\u00f3 nuevamente a favor de la paz\"}]},{\"@type\":\"WebSite\",\"@id\":\"https:\/\/www.pressenza.com\/es\/#website\",\"url\":\"https:\/\/www.pressenza.com\/es\/\",\"name\":\"Pressenza\",\"description\":\"International Press Agency\",\"publisher\":{\"@id\":\"https:\/\/www.pressenza.com\/es\/#organization\"},\"potentialAction\":[{\"@type\":\"SearchAction\",\"target\":{\"@type\":\"EntryPoint\",\"urlTemplate\":\"https:\/\/www.pressenza.com\/es\/?s={search_term_string}\"},\"query-input\":{\"@type\":\"PropertyValueSpecification\",\"valueRequired\":true,\"valueName\":\"search_term_string\"}}],\"inLanguage\":\"es\"},{\"@type\":\"Organization\",\"@id\":\"https:\/\/www.pressenza.com\/es\/#organization\",\"name\":\"Pressenza\",\"url\":\"https:\/\/www.pressenza.com\/es\/\",\"logo\":{\"@type\":\"ImageObject\",\"inLanguage\":\"es\",\"@id\":\"https:\/\/www.pressenza.com\/es\/#\/schema\/logo\/image\/\",\"url\":\"https:\/\/www.pressenza.com\/wp-content\/uploads\/2022\/10\/pressenza_logo_200x200.jpg\",\"contentUrl\":\"https:\/\/www.pressenza.com\/wp-content\/uploads\/2022\/10\/pressenza_logo_200x200.jpg\",\"width\":200,\"height\":200,\"caption\":\"Pressenza\"},\"image\":{\"@id\":\"https:\/\/www.pressenza.com\/es\/#\/schema\/logo\/image\/\"},\"sameAs\":[\"https:\/\/www.facebook.com\/PressenzaItalia\",\"https:\/\/x.com\/PressenzaIPA\"]},{\"@type\":\"Person\",\"@id\":\"https:\/\/www.pressenza.com\/es\/#\/schema\/person\/010e5d02bcf40965427a1289a4cc8d75\",\"name\":\"Pressenza IPA\",\"description\":\"News from Pressenza IPA correspondents\",\"sameAs\":[\"https:\/\/www.facebook.com\/pressenza\",\"https:\/\/x.com\/PressenzaIPA\"],\"url\":\"https:\/\/www.pressenza.com\/es\/author\/pressenza-ipa\/\"}]}<\/script>\n<!-- \/ Yoast SEO plugin. -->","yoast_head_json":{"title":"Escritor Osvaldo Bayer se pronunci\u00f3 nuevamente a favor de la paz","description":"El escritor santafesino Osvaldo Bayer en reciente di\u00e1logo con la televisi\u00f3n p\u00fablica de Argentina se reconoci\u00f3 como un pacifista indeclinable","robots":{"index":"index","follow":"follow","max-snippet":"max-snippet:-1","max-image-preview":"max-image-preview:large","max-video-preview":"max-video-preview:-1"},"canonical":"https:\/\/www.pressenza.com\/es\/2009\/05\/escritor-osvaldo-bayer-se-pronuncix-nuevamente-a-favor-de-la-paz\/","og_locale":"es_ES","og_type":"article","og_title":"Escritor Osvaldo Bayer se pronunci\u00f3 nuevamente a favor de la paz","og_description":"El escritor santafesino Osvaldo Bayer en reciente di\u00e1logo con la televisi\u00f3n p\u00fablica de Argentina se reconoci\u00f3 como un pacifista indeclinable","og_url":"https:\/\/www.pressenza.com\/es\/2009\/05\/escritor-osvaldo-bayer-se-pronuncix-nuevamente-a-favor-de-la-paz\/","og_site_name":"Pressenza","article_publisher":"https:\/\/www.facebook.com\/PressenzaItalia","article_author":"https:\/\/www.facebook.com\/pressenza","article_published_time":"2009-05-13T00:00:00+00:00","article_modified_time":"2012-11-01T19:10:04+00:00","author":"Pressenza IPA","twitter_card":"summary_large_image","twitter_creator":"@PressenzaIPA","twitter_site":"@PressenzaIPA","twitter_misc":{"Escrito por":"Pressenza IPA","Tiempo de lectura":"2 minutos"},"schema":{"@context":"https:\/\/schema.org","@graph":[{"@type":"Article","@id":"https:\/\/www.pressenza.com\/es\/2009\/05\/escritor-osvaldo-bayer-se-pronuncix-nuevamente-a-favor-de-la-paz\/#article","isPartOf":{"@id":"https:\/\/www.pressenza.com\/es\/2009\/05\/escritor-osvaldo-bayer-se-pronuncix-nuevamente-a-favor-de-la-paz\/"},"author":{"name":"Pressenza IPA","@id":"https:\/\/www.pressenza.com\/es\/#\/schema\/person\/010e5d02bcf40965427a1289a4cc8d75"},"headline":"Escritor Osvaldo Bayer se pronunci\u00f3 nuevamente a favor de la paz","datePublished":"2009-05-13T00:00:00+00:00","dateModified":"2012-11-01T19:10:04+00:00","mainEntityOfPage":{"@id":"https:\/\/www.pressenza.com\/es\/2009\/05\/escritor-osvaldo-bayer-se-pronuncix-nuevamente-a-favor-de-la-paz\/"},"wordCount":394,"publisher":{"@id":"https:\/\/www.pressenza.com\/es\/#organization"},"articleSection":["Paz y Desarme","Sudam\u00e9rica"],"inLanguage":"es"},{"@type":"WebPage","@id":"https:\/\/www.pressenza.com\/es\/2009\/05\/escritor-osvaldo-bayer-se-pronuncix-nuevamente-a-favor-de-la-paz\/","url":"https:\/\/www.pressenza.com\/es\/2009\/05\/escritor-osvaldo-bayer-se-pronuncix-nuevamente-a-favor-de-la-paz\/","name":"Escritor Osvaldo Bayer se pronunci\u00f3 nuevamente a favor de la paz","isPartOf":{"@id":"https:\/\/www.pressenza.com\/es\/#website"},"datePublished":"2009-05-13T00:00:00+00:00","dateModified":"2012-11-01T19:10:04+00:00","description":"El escritor santafesino Osvaldo Bayer en reciente di\u00e1logo con la televisi\u00f3n p\u00fablica de Argentina se reconoci\u00f3 como un pacifista indeclinable","breadcrumb":{"@id":"https:\/\/www.pressenza.com\/es\/2009\/05\/escritor-osvaldo-bayer-se-pronuncix-nuevamente-a-favor-de-la-paz\/#breadcrumb"},"inLanguage":"es","potentialAction":[{"@type":"ReadAction","target":["https:\/\/www.pressenza.com\/es\/2009\/05\/escritor-osvaldo-bayer-se-pronuncix-nuevamente-a-favor-de-la-paz\/"]}]},{"@type":"BreadcrumbList","@id":"https:\/\/www.pressenza.com\/es\/2009\/05\/escritor-osvaldo-bayer-se-pronuncix-nuevamente-a-favor-de-la-paz\/#breadcrumb","itemListElement":[{"@type":"ListItem","position":1,"name":"Accueil","item":"https:\/\/www.pressenza.com\/es\/"},{"@type":"ListItem","position":2,"name":"Escritor Osvaldo Bayer se pronunci\u00f3 nuevamente a favor de la paz"}]},{"@type":"WebSite","@id":"https:\/\/www.pressenza.com\/es\/#website","url":"https:\/\/www.pressenza.com\/es\/","name":"Pressenza","description":"International Press Agency","publisher":{"@id":"https:\/\/www.pressenza.com\/es\/#organization"},"potentialAction":[{"@type":"SearchAction","target":{"@type":"EntryPoint","urlTemplate":"https:\/\/www.pressenza.com\/es\/?s={search_term_string}"},"query-input":{"@type":"PropertyValueSpecification","valueRequired":true,"valueName":"search_term_string"}}],"inLanguage":"es"},{"@type":"Organization","@id":"https:\/\/www.pressenza.com\/es\/#organization","name":"Pressenza","url":"https:\/\/www.pressenza.com\/es\/","logo":{"@type":"ImageObject","inLanguage":"es","@id":"https:\/\/www.pressenza.com\/es\/#\/schema\/logo\/image\/","url":"https:\/\/www.pressenza.com\/wp-content\/uploads\/2022\/10\/pressenza_logo_200x200.jpg","contentUrl":"https:\/\/www.pressenza.com\/wp-content\/uploads\/2022\/10\/pressenza_logo_200x200.jpg","width":200,"height":200,"caption":"Pressenza"},"image":{"@id":"https:\/\/www.pressenza.com\/es\/#\/schema\/logo\/image\/"},"sameAs":["https:\/\/www.facebook.com\/PressenzaItalia","https:\/\/x.com\/PressenzaIPA"]},{"@type":"Person","@id":"https:\/\/www.pressenza.com\/es\/#\/schema\/person\/010e5d02bcf40965427a1289a4cc8d75","name":"Pressenza IPA","description":"News from Pressenza IPA correspondents","sameAs":["https:\/\/www.facebook.com\/pressenza","https:\/\/x.com\/PressenzaIPA"],"url":"https:\/\/www.pressenza.com\/es\/author\/pressenza-ipa\/"}]}},"place":"Buenos Aires","original_article_url":"","_links":{"self":[{"href":"https:\/\/www.pressenza.com\/es\/wp-json\/wp\/v2\/posts\/356","targetHints":{"allow":["GET"]}}],"collection":[{"href":"https:\/\/www.pressenza.com\/es\/wp-json\/wp\/v2\/posts"}],"about":[{"href":"https:\/\/www.pressenza.com\/es\/wp-json\/wp\/v2\/types\/post"}],"author":[{"embeddable":true,"href":"https:\/\/www.pressenza.com\/es\/wp-json\/wp\/v2\/users\/19"}],"replies":[{"embeddable":true,"href":"https:\/\/www.pressenza.com\/es\/wp-json\/wp\/v2\/comments?post=356"}],"version-history":[{"count":0,"href":"https:\/\/www.pressenza.com\/es\/wp-json\/wp\/v2\/posts\/356\/revisions"}],"wp:attachment":[{"href":"https:\/\/www.pressenza.com\/es\/wp-json\/wp\/v2\/media?parent=356"}],"wp:term":[{"taxonomy":"category","embeddable":true,"href":"https:\/\/www.pressenza.com\/es\/wp-json\/wp\/v2\/categories?post=356"},{"taxonomy":"post_tag","embeddable":true,"href":"https:\/\/www.pressenza.com\/es\/wp-json\/wp\/v2\/tags?post=356"}],"curies":[{"name":"wp","href":"https:\/\/api.w.org\/{rel}","templated":true}]}}