{"id":35505,"date":"2013-01-27T23:29:49","date_gmt":"2013-01-27T23:29:49","guid":{"rendered":"http:\/\/www.pressenza.com\/?p=35505"},"modified":"2013-01-27T23:29:49","modified_gmt":"2013-01-27T23:29:49","slug":"un-nuevo-periodo-historico","status":"publish","type":"post","link":"https:\/\/www.pressenza.com\/es\/2013\/01\/un-nuevo-periodo-historico\/","title":{"rendered":"\u00bfUn nuevo periodo hist\u00f3rico?"},"content":{"rendered":"<p align=\"JUSTIFY\"><strong>Crisis civilizatoria, l\u00edmites del planeta, desigualdad, asaltos a la democracia, estado de guerra permanente y pueblos en resistencia<\/strong><\/p>\n<p align=\"JUSTIFY\">\u00a0<em style=\"font-size: small; font-family: Arial, sans-serif; color: #000000;\">Ofrecemos a nuestros lectores extractos de la ponencia de <strong>Edgardo Lander,<\/strong> soci\u00f3logo venezolano, en el Foro Social Mundial, Porto Alegre, Brasil, Enero 2012. <strong>Lander<\/strong> nos ofrece elementos de informaci\u00f3n y an\u00e1lisis que aportan, a nuestro modo de ver, a la comprensi\u00f3n del momento regional y mundial por el que atravesamos. Se han tomado extractos literales de la ponencia, tratando de recuperar ideas centrales y sin alterar su redacci\u00f3n original. El documento completo en PDF se puede encontrar en:\u00a0www.rebelion.org\/noticia.php?id=144967. El video puede encontrarse en:\u00a0\u00a0<cite>www.youtube.com\/watch?v=UyLRwh1jycs.<\/cite><\/em><\/p>\n<p align=\"JUSTIFY\">\n<p align=\"JUSTIFY\"><strong style=\"font-size: small; font-family: Arial, sans-serif; color: #000000;\">Crisis del patr\u00f3n civilizatorio hegem\u00f3nico<\/strong><\/p>\n<p align=\"JUSTIFY\">\u00a0<span style=\"font-size: small; font-family: Arial, sans-serif; color: #000000;\">Estamos en presencia de la crisis terminal de un patr\u00f3n civilizatorio antropoc\u00e9ntrico, monocultural y patriarcal, de crecimiento sin fin y de guerra sistem\u00e1tica contra las condiciones que hacen posible la vida en el planeta Tierra. La civilizaci\u00f3n de dominio cient\u00edfico tecnol\u00f3gico sobre el conjunto de la llamada \u201cnaturaleza\u201d, que identifica el bienestar humano con la acumulaci\u00f3n de objetos materiales y el crecimiento econ\u00f3mico sin l\u00edmite -que tiene al capitalismo como su m\u00e1xima expresi\u00f3n hist\u00f3rica- est\u00e1 llegando al l\u00edmite.<\/span><\/p>\n<p align=\"JUSTIFY\"><span style=\"color: #000000;\"><span style=\"font-family: Arial, sans-serif;\"><span style=\"font-size: medium;\"><span style=\"color: #000000;\"><span style=\"font-family: Arial, sans-serif;\"><span style=\"font-size: small;\">En el momento hist\u00f3rico en que la humanidad tiene mayor urgencia de la diversidad y multiplicidad de culturas, formas de conocer, pensar, formas de vivir dentro del conjunto de las redes de la vida (como condici\u00f3n de posibilidad para responder a esta crisis civilizatoria), pueblos y culturas ind\u00edgenas y campesinas del todo el planeta est\u00e1n siendo amenazadas por el avance inexorable de la l\u00f3gica del proceso de <\/span><\/span><\/span><span style=\"color: #000000;\"><span style=\"font-family: Arial, sans-serif;\"><span style=\"font-size: small;\"><em>acumulaci\u00f3n por desposesi\u00f3n<\/em><\/span><\/span><\/span><span style=\"color: #000000;\"><span style=\"font-family: Arial, sans-serif;\"><span style=\"font-size: small;\">. <\/span><\/span><\/span><\/span><\/span><\/span><\/p>\n<p align=\"JUSTIFY\"><span style=\"font-size: small; font-family: Arial, sans-serif; color: #000000;\">Hoy, el asunto que confrontamos no es si el capitalismo podr\u00e1 o no sobrevivir esta crisis terminal. Si en poco tiempo no logramos ponerle freno a esta maquinaria de destrucci\u00f3n sistem\u00e1tica, lo que est\u00e1 en juego es si la humanidad podr\u00e1 o no sobrevivir el colapso final del capitalismo.<\/span><\/p>\n<p align=\"JUSTIFY\"><span style=\"color: #000000;\"><span style=\"font-family: Arial, sans-serif;\"><span style=\"font-size: small;\"><strong>La crisis ambiental y los l\u00edmites del planeta <\/strong><\/span><\/span><\/span><\/p>\n<p align=\"JUSTIFY\"><span style=\"font-size: small; font-family: Arial, sans-serif; color: #000000;\">Est\u00e1 fuera de toda duda el hecho de que se est\u00e1n produciendo alteraciones profundas en los sistemas clim\u00e1ticos y en las condiciones que hacen posible la vida en el planeta Tierra. Esto se refiere no s\u00f3lo al cambio clim\u00e1tico, sino igualmente a otros asuntos tan cr\u00edticos como la perdida de la diversidad biol\u00f3gica, de suelos f\u00e9rtiles, deforestaci\u00f3n, contaminaci\u00f3n de aguas, etc. No se trata s\u00f3lo de mediciones y consensos cient\u00edficos.<\/span><\/p>\n<p align=\"JUSTIFY\"><span style=\"color: #000000;\"><span><span style=\"font-size: small;\">Los impactos de estas severas transformaciones constituyen parte de la experiencia cotidiana de centenares de millones de personas: sequ\u00edas, inundaciones, reducci\u00f3n de la disponibilidad de agua, p\u00e9rdida de diversidad gen\u00e9tica, calores extremos, p\u00e9rdidas masivas de cosechas, etc. <\/span><\/span><\/span><span style=\"color: #000000;\"><span><span style=\"font-size: small;\">Sin un freno a muy corto plazo de esta l\u00f3gica expansiva de asalto a la naturaleza, la vida humana est\u00e1 severamente amenazada.<\/span><\/span><\/span><\/p>\n<p align=\"JUSTIFY\"><span style=\"color: #000000;\"><span style=\"font-family: Arial, sans-serif;\"><span style=\"font-size: small;\"><strong>Profunda y creciente desigualdad<\/strong><\/span><\/span><\/span><\/p>\n<p align=\"JUSTIFY\">E<span style=\"font-size: small; font-family: Arial, sans-serif; color: #000000;\">st\u00e1n amenazados la totalidad de los sistemas de vida del planeta, pero en el presente inmediato y a corto plazo, los impactos son extraordinariamente desiguales. Existe una relaci\u00f3n inversa entre los pa\u00edses, regiones y pueblos del planeta que han tenido hist\u00f3ricamente (y contin\u00faan teniendo) mayor responsabilidad en las din\u00e1micas depredadoras (incluida la acumulaci\u00f3n de gases de efecto invernadero en la atm\u00f3sfera), y las regiones y poblaciones mas afectadas. Los mayores responsables, los pa\u00edses industrializados del Norte, no s\u00f3lo est\u00e1n situados en regiones templadas, en las cuales los impactos del cambio clim\u00e1tico han sido m\u00e1s moderados, sino que cuentan con mayores recursos financieros y capacidades tecnol\u00f3gicas para responder. Esto parece contribuir a la poca urgencia que se le da a estos asuntos, especialmente en los Estados Unidos.<\/span><\/p>\n<p align=\"JUSTIFY\"><span style=\"color: #000000;\"><span><span style=\"font-size: small;\">La actual desigualdad en la distribuci\u00f3n de la riqueza no tiene precedentes en la historia de la humanidad.<\/span><\/span><\/span><span style=\"color: #000000;\"><span><span style=\"font-size: small;\">Es notoria esta creciente concentraci\u00f3n en manos de una oligarqu\u00eda del dinero global. Se cuenta cada vez m\u00e1s informaci\u00f3n sobre este proceso.<\/span><\/span><\/span><\/p>\n<p align=\"JUSTIFY\"><span style=\"color: #000000;\"><span style=\"font-family: Arial, sans-serif;\"><span style=\"font-size: medium;\"><span style=\"color: #000000;\"><span style=\"font-family: Arial, sans-serif;\"><span style=\"font-size: small;\">El grupo financiero Credit Suisse, ha comenzado una publicaci\u00f3n anual en la que analiza la distribuci\u00f3n de la riqueza (bienes reales como viviendas, mas bienes financieros) de la poblaci\u00f3n adulta de todo el planeta.<\/span><\/span><\/span><span style=\"color: #000000;\"><span style=\"font-family: Arial, sans-serif;\"><span style=\"font-size: small;\">De acuerdo a sus c\u00e1lculos, la mitad m\u00e1s pobre de la poblaci\u00f3n adulta global es due\u00f1a de s\u00f3lo 1% de la riqueza global. Un total de 3.051 millones de adultos, que representan 67,6% de la poblaci\u00f3n adulta global, es due\u00f1a de s\u00f3lo 3,3% de la riqueza global. En contraste con esto, el 10% m\u00e1s rico es due\u00f1o de 84% de la riqueza global, el 1% m\u00e1s rico posee 44%de la riqueza global, y el 0,5% m\u00e1s rico es due\u00f1o de 38,5% de la riqueza global.<\/span><\/span><\/span><\/span><\/span><\/span><\/p>\n<p align=\"JUSTIFY\"><span style=\"color: #000000;\"><span><span style=\"font-size: small;\">La crisis econ\u00f3mica de los \u00faltimos a\u00f1os, lejos de frenar estas tendencias a la concentraci\u00f3n de elevadas proporciones de la riqueza en una peque\u00f1a minor\u00eda, la ha acentuado. <\/span><\/span><\/span><span style=\"color: #000000;\"><span><span style=\"font-size: small;\">No se trata s\u00f3lo de tendencias que operan en el llamado mundo desarrollado. El incremento porcentual del n\u00famero de ricos y ultra-ricos y de los vol\u00famenes de riqueza que poseen se ha incrementado en forma a\u00fan m\u00e1s acelerada en el grupo de los llamados pa\u00edses emergentes. En la India, el pa\u00eds con la mayor cantidad de personas que pasan hambre en el mundo, el hombre m\u00e1s rico del pa\u00eds se ha construido una residencia familiar de 27 pisos que entre otras cosas, tiene tres helipuertos. Se estima su costo en unos mil millones de d\u00f3lares<\/span><\/span><\/span><span style=\"color: #000000;\"><span><span style=\"font-size: small;\">.<\/span><\/span><\/span><\/p>\n<p align=\"JUSTIFY\">\u00a0<strong style=\"font-size: small; font-family: Arial, sans-serif; color: #000000;\">Los m\u00faltiples asaltos a la democracia<\/strong><\/p>\n<p align=\"JUSTIFY\"><span style=\"color: #000000;\"><span><span style=\"font-size: small;\">Estas profundas desigualdades no son compatibles con la democracia.<\/span><\/span><\/span><span style=\"color: #000000;\"><span><span style=\"font-size: small;\">Esta concentraci\u00f3n de la riqueza (y del poder pol\u00edtico que necesariamente la acompa\u00f1a), es la expresi\u00f3n m\u00e1s dram\u00e1tica del car\u00e1cter limitadamente democr\u00e1tico del mundo en que vivimos. En la gran mayor\u00eda de los pa\u00edses, independientemente del r\u00e9gimen pol\u00edtico (democr\u00e1tico, autoritario, autocr\u00e1tico, secular o religioso), las instituciones estatales operan m\u00e1s como instrumentos de los due\u00f1os del dinero, que como representantes de los intereses de los ciudadanos.<\/span><\/span><\/span><\/p>\n<p align=\"JUSTIFY\"><span style=\"font-size: small; font-family: Arial, sans-serif; color: #000000;\">Toda alternativa a la actual crisis civilizatoria, y a las consecuencias de la destrucci\u00f3n de las condiciones que hacen posible la vida, que no incorpore como dimensi\u00f3n medular la lucha contra esta obscena desigualdad, necesariamente tiene que fracasar. En primer lugar, porque s\u00f3lo con una radical redistribuci\u00f3n, con una transferencia extraordinariamente masiva de recursos y de acceso a los bienes comunes hoy apropiados por los m\u00e1s ricos al resto de la poblaci\u00f3n, ser\u00eda posible lograr, tanto una reducci\u00f3n de la presi\u00f3n humana insostenible sobre los sistemas ecol\u00f3gicos que sostienen la vida, como el que la mayor\u00eda de la poblaci\u00f3n tenga unas condiciones dignas de vida.<\/span><\/p>\n<p align=\"JUSTIFY\"><span style=\"font-size: small; font-family: Arial, sans-serif; color: #000000;\">En segundo lugar, porque ninguna transformaci\u00f3n significativa de la l\u00f3gica depredadora es posible mientras una peque\u00f1a minor\u00eda, precisamente la que m\u00e1s se beneficia de las condiciones actuales, tenga una concentraci\u00f3n tan monumental de la riqueza global y de la capacidad de incidencia sobre las decisiones pol\u00edticas y de inversi\u00f3n.<\/span><\/p>\n<p align=\"JUSTIFY\"><span style=\"font-size: small; font-family: Arial, sans-serif; color: #000000;\">Son m\u00faltiples los mecanismos mediante los cuales la desigualdad y las restricciones a la democracia se retro-alimentan. Las pol\u00edticas impositivas de los Estados Unidos son ilustrativas al respecto. Gracias al creciente poder pol\u00edtico corporativo, en las \u00faltimas d\u00e9cadas la estructura de impuestos en dicho pa\u00eds se ha ido sesgando a favor de los intereses corporativos y en contra de la mayor\u00eda de los asalariados.<\/span><\/p>\n<p align=\"JUSTIFY\"><span style=\"color: #000000;\"><span><span style=\"font-size: small;\">Otra amenaza igualmente severa a la democracia en todo el mundo es la proveniente de las m\u00faltiples expresiones que adquieren en la actualidad las pol\u00edticas de <\/span><\/span><\/span><span style=\"color: #000000;\"><span><span style=\"font-size: small;\"><em>seguridad nacional<\/em><\/span><\/span><\/span><span style=\"color: #000000;\"><span><span style=\"font-size: small;\">. Un estado permanente de miedo fue alimentado sistem\u00e1ticamente por los medios de comunicaci\u00f3n y la industria del entretenimiento: miedo al terrorismo, a las drogas, la inseguridad personal, a los migrantes indeseados, a las amenazas representadas por los nuevos poderes globales.<\/span><\/span><\/span><\/p>\n<p align=\"JUSTIFY\"><span style=\"color: #000000;\"><span><span style=\"font-size: small;\">El miedo y la inseguridad que los medios y pol\u00edticos de la derecha instalan operan como dispositivos que buscan reducir la resistencia a la imposici\u00f3n de medidas que avanzan paso a paso en la direcci\u00f3n de una <\/span><\/span><\/span><span style=\"color: #000000;\"><span><span style=\"font-size: small;\"><em>sociedad de vigilancia<\/em><\/span><\/span><\/span><span style=\"color: #000000;\"><span><span style=\"font-size: small;\">, con tecnolog\u00edas m\u00e1s all\u00e1 de todo lo que pudo imaginar Orwell. Surgen en estas condiciones enormes oportunidades comerciales que ofrecen las nuevas tecnolog\u00edas de vigilancia para las empresas que trabajan en lo que ha sido denominado el <\/span><\/span><\/span><span style=\"color: #000000;\"><span><span style=\"font-size: small;\"><em>complejo-industrial de seguridad<\/em><\/span><\/span><\/span><span style=\"color: #000000;\"><span><span style=\"font-size: small;\">.<\/span><\/span><\/span><\/p>\n<p align=\"JUSTIFY\"><strong style=\"font-size: small; font-family: Arial, sans-serif; color: #000000;\">Reacomodos globales y declive del poder imperial unilateral de los Estados Unidos<\/strong><\/p>\n<p align=\"JUSTIFY\"><span style=\"font-size: small; font-family: Arial, sans-serif; color: #000000;\">En el terreno econ\u00f3mico, los desplazamientos de la hegemon\u00eda de los Estados Unidos en el sistema mundo, con la emergencia de nuevos actores est\u00e1 operando a pasos vertiginosos. La diferencia entre las aceleradas tasas de crecimiento econ\u00f3mico de las llamadas econom\u00edas emergentes y el letargo de los pa\u00edses industrializados es tal, que el peso relativo de los diferentes grupos de pa\u00edses en la econom\u00eda global est\u00e1 en permanente reacomodo. Ha sido particularmente r\u00e1pido el surgimiento de China como serio rival a la hegemon\u00eda de los Estados Unidos en el terreno econ\u00f3mico.<\/span><\/p>\n<p align=\"JUSTIFY\"><span style=\"color: #000000;\"><span><span style=\"font-size: small;\">Otra expresi\u00f3n s de estos reacomodos globales lo constituye el hecho de que, de acuerdo al <\/span><\/span><\/span><span style=\"color: #000000;\"><span><span style=\"font-size: small;\"><em>Centre for Economic and Business Research <\/em><\/span><\/span><\/span><span style=\"color: #000000;\"><span><span style=\"font-size: small;\">de Londres, en el a\u00f1o 2011, Brasil sobrepas\u00f3 al Reino Unido para convertirse en la sexta econom\u00eda del mundo. De acuerdo a esa misma fuente, mientras en el a\u00f1o 2011 la econom\u00eda china representaba menos de la mitad de la econom\u00eda de los Estados Unidos, una d\u00e9cada m\u00e1s tarde, en el a\u00f1o 2020, representar\u00e1 un 84% de la econom\u00eda de los Estados Unidos. Estiman igualmente que esos nueve a\u00f1os la econom\u00eda rusa pasar\u00e1 de ser la novena econom\u00eda del mundo a ser la cuarta, y la India pasar\u00e1 del d\u00e9cimo lugar, al quinto lugar.<\/span><\/span><\/span><\/p>\n<p align=\"JUSTIFY\"><span style=\"font-size: small; font-family: Arial, sans-serif; color: #000000;\">Otra manifestaci\u00f3n de la progresiva perdida de la plena hegemon\u00eda de los Estados Unidos en el sistema mundo lo constituye los lentos pero significativos pasos que se han dado en direcci\u00f3n a reducir el papel del d\u00f3lar como divisa de reserva internacional. El d\u00f3lar ha sido un pilar fundamental de la hegemon\u00eda de los Estado Unidos, especialmente desde el momento en que bajo la presidencia de Richard Nixon, ese pa\u00eds abandon\u00f3 el patr\u00f3n or<\/span><\/p>\n<p align=\"JUSTIFY\"><strong style=\"font-size: small; font-family: Arial, sans-serif; color: #000000;\">La hegemon\u00eda militar de los Estados Unidos y el estado de guerra permanente<\/strong><\/p>\n<p align=\"JUSTIFY\"><span style=\"color: #000000;\"><span><span style=\"font-size: small;\">El terreno militar es el \u00e1mbito en el cual Estados Unidos preserva una plena hegemon\u00eda, cuando es posible con la participaci\u00f3n de sus aliados<\/span><\/span><\/span><span style=\"color: #000000;\"><span><span style=\"font-size: small;\">, pero con frecuencia en forma unilateral. Es \u00e9sta su principal ventaja estrat\u00e9gica en la b\u00fasqueda de preservar su hegemon\u00eda global. En los \u00faltimos a\u00f1os ha demostrado -independientemente del partido de gobierno- la disposici\u00f3n a utilizar este poder\u00edo militar con cada vez mayor frecuencia.<\/span><\/span><\/span><\/p>\n<p align=\"JUSTIFY\"><span style=\"color: #000000;\"><span><span style=\"font-size: small;\">Para que este estado de sangrienta y costosa <\/span><\/span><\/span><span style=\"color: #000000;\"><span><span style=\"font-size: small;\"><em>guerra permanente <\/em><\/span><\/span><\/span><span style=\"color: #000000;\"><span><span style=\"font-size: small;\">o <\/span><\/span><\/span><span style=\"color: #000000;\"><span><span style=\"font-size: small;\"><em>guerra sin fin <\/em><\/span><\/span><\/span><span style=\"color: #000000;\"><span><span style=\"font-size: small;\">fuese pol\u00edticamente sostenible en el tiempo fueron necesarias transformaciones fundamentales en las formas como se conduce la guerra. <\/span><\/span><\/span><span style=\"font-family: Arial, sans-serif;\"><span style=\"font-size: small;\">Esto lo han venido logrando mediante tres transformaciones fundamentales en sus formas de conducci\u00f3n, tanto en su personal como en su tecnolog\u00eda.<\/span><\/span><\/p>\n<p align=\"JUSTIFY\"><span style=\"font-family: Arial, sans-serif;\"><span style=\"font-size: small;\">En primer lugar, mediante la eliminaci\u00f3n de la recluta y su sustituci\u00f3n por mecanismos de \u201cenlistamiento <\/span><\/span><span style=\"color: #000000;\"><span><span style=\"font-size: small;\">voluntario\u201d<\/span><\/span><\/span><span style=\"color: #000000;\"><span><span style=\"font-size: small;\">basado en incentivos econ\u00f3micos. Con la eliminaci\u00f3n de la recluta obligatoria y su sustituci\u00f3n por modalidades de enlistamiento basados en incentivos econ\u00f3micos, la carne de ca\u00f1\u00f3n de las guerras de los Estados Unidos pasa a provenir casi exclusivamente de los sectores m\u00e1s pobres de la poblaci\u00f3n, con un menor impacto en la opini\u00f3n p\u00fablica.<\/span><\/span><\/span><\/p>\n<p align=\"JUSTIFY\"><span style=\"color: #000000;\"><span><span style=\"font-size: small;\">Otra modalidad de reducci\u00f3n de la recluta es mediante la sub-contrataci\u00f3n o privatizaci\u00f3n de la guerra. En el a\u00f1o 2011, estos mercenarios, denominados como <\/span><\/span><\/span><span style=\"color: #000000;\"><span><span style=\"font-size: small;\">\u201c<\/span><\/span><\/span><span style=\"color: #000000;\"><span><span style=\"font-size: small;\">contratistas militares privados<\/span><\/span><\/span><span style=\"color: #000000;\"><span><span style=\"font-size: small;\">\u201d<\/span><\/span><\/span><span style=\"color: #000000;\"><span><span style=\"font-size: small;\">, llegaron a superar el n\u00famero total de soldados uniformados activos en Irak y Afganist\u00e1n.<\/span><\/span><\/span><span style=\"color: #000000;\"><span><span style=\"font-size: small;\">F<\/span><\/span><\/span><span style=\"color: #000000;\"><span><span style=\"font-size: small;\">75<\/span><\/span><\/span><span style=\"color: #000000;\"><span><span style=\"font-size: small;\">F <\/span><\/span><\/span><span style=\"color: #000000;\"><span><span style=\"font-size: small;\">Con la privatizaci\u00f3n de la guerra, se ampl\u00eda el \u00e1mbito de competencia del <\/span><\/span><\/span><span style=\"color: #000000;\"><span><span style=\"font-size: small;\"><em>complejo militar-industrial, <\/em><\/span><\/span><\/span><span style=\"color: #000000;\"><span><span style=\"font-size: small;\">y con ello, <\/span><\/span><\/span><span style=\"color: #000000;\"><span><span style=\"font-size: small;\"> los sectores corporativos y laborales que dependen de la continuidad y ampliaci\u00f3n de las guerras.<\/span><\/span><\/span><\/p>\n<p align=\"JUSTIFY\"><span style=\"color: #000000;\"><span><span style=\"font-size: small;\">Son igualmente significativas las implicaciones de las transformaciones tecnol\u00f3gicas del <\/span><\/span><\/span><span style=\"color: #000000;\"><span><span style=\"font-size: small;\">\u201c<\/span><\/span><\/span><span style=\"color: #000000;\"><span><span style=\"font-size: small;\">arte de la guerra<\/span><\/span><\/span><span style=\"color: #000000;\"><span><span style=\"font-size: small;\">\u201d<\/span><\/span><\/span><span style=\"color: #000000;\"><span><span style=\"font-size: small;\">. Las nuevas armas alta tecnolog\u00eda que han sido desarrolladas al costo de miles de millones de d\u00f3lares han permitido -para algunos pa\u00edses, pero principalmente para los Estados Unidos-, la reducci\u00f3n de la participaci\u00f3n humana directa en campos de batalla. Esta es remplazada por nuevos armamentos que, adem\u00e1s de incrementar su poder letal, permiten operaciones a distancia que no ponen en peligro a los soldados de los Estados Unidos.<\/span><\/span><\/span><\/p>\n<p align=\"JUSTIFY\"><strong style=\"font-size: small; font-family: Arial, sans-serif; color: #000000;\">Pueblos en movimiento<\/strong><\/p>\n<p align=\"JUSTIFY\"><span style=\"font-size: small; font-family: Arial, sans-serif; color: #000000;\">Ante esta extraordinaria combinaci\u00f3n de amenazas no s\u00f3lo a la democracia, a la paz y dignidad humana sino a la vida misma, hoy nos encontramos con pueblos en movimiento y resistencia.<\/span><\/p>\n<p align=\"JUSTIFY\"><span style=\"color: #000000;\"><span>En Am\u00e9rica Latina, que durante las \u00faltimas dos d\u00e9cadas ha sido el continente m\u00e1s activo en este sentido<\/span><\/span><span style=\"color: #000000;\"><span><span style=\"font-size: small;\">, continuaron y en muchos casos se profundizaron y radicalizaron las movilizaciones y luchas, especialmente en contra de las m\u00faltiples modalidades del extractivismo: miner\u00eda a cielo abierto, extracci\u00f3n de hidrocarburos, monocultivos de soya transg\u00e9nica, eucaliptos, pinos y palma africana, grandes represas hidroel\u00e9ctricas. <\/span><\/span><\/span><span style=\"font-family: Arial, sans-serif;\"><span style=\"font-size: small;\">Han reaparecido en escena igualmente otros sujetos y otros asuntos. Destacan en este sentido las luchas estudiantiles colombianas y chilenas en defensa de la educaci\u00f3n p\u00fablica.<\/span><\/span><\/p>\n<p align=\"JUSTIFY\"><span style=\"font-family: Arial, sans-serif;\"><span style=\"font-size: small;\">En el mundo \u00e1rabe se est\u00e1n produciendo cambios pol\u00edticos que hasta hace poco tiempo parec\u00edan poco probables, comenzando por las multitudinarias y persistentes movilizaciones populares, la denominada <\/span><\/span><span style=\"color: #000000;\"><span><span style=\"font-size: small;\"><em>Primavera \u00e1rabe<\/em><\/span><\/span><\/span><span style=\"color: #000000;\"><span><span style=\"font-size: small;\">, que produjo el derrocamiento de los dictadores Ben Al\u00ed en T\u00fanez y Hosni Mubarak en Egipto. Organizaciones antes ilegales como la Hermandad Musulmana pasan a ocupar espacios pol\u00edticos centrales. La negaci\u00f3n de todo derecho democr\u00e1tico junto con la profundizaci\u00f3n de las condiciones de exclusi\u00f3n, pobreza y desigualdad que acentu\u00f3 el neoliberalismo terminaron por hacer estallar este centro neur\u00e1lgico de la geopol\u00edtica global y abrir una \u00e9poca de cambios profundos y gran inestabilidad.<\/span><\/span><\/span><\/p>\n<p align=\"JUSTIFY\"><span style=\"color: #000000;\"><span><span style=\"font-size: small;\">En Europa el movimiento m\u00e1s amplio, consistente y m\u00e1s continuado ha sido el de los llamados <\/span><\/span><\/span><span style=\"color: #000000;\"><span><span style=\"font-size: small;\"><em>indignados<\/em><\/span><\/span><\/span><span style=\"color: #000000;\"><span><span style=\"font-size: small;\">. Combinando acciones de ocupaci\u00f3n en los centros de las ciudades, multitudinarias movilizaciones (sobre todo en Madrid y Barcelona), y asambleas barriales, la demanda de <\/span><\/span><\/span><span style=\"color: #000000;\"><span><span style=\"font-size: small;\"><em>democracia real ya <\/em><\/span><\/span><\/span><span style=\"color: #000000;\"><span><span style=\"font-size: small;\">implic\u00f3 un cuestionamiento profundo del sistema pol\u00edtico espa\u00f1ol y de sus partidos, incluso los partidos de izquierda.<\/span><\/span><\/span><\/p>\n<p align=\"JUSTIFY\"><span style=\"color: #000000;\"><span><span style=\"font-size: small;\">En los Estados Unidos el movimiento que se inici\u00f3 con <\/span><\/span><\/span><span style=\"color: #000000;\"><span><span style=\"font-size: small;\"><em>Occupy Wall Street <\/em><\/span><\/span><\/span><span style=\"color: #000000;\"><span><span style=\"font-size: small;\">se extendi\u00f3 hacia unas mil localidades urbanas en todo el pa\u00eds. Como en el caso del movimiento espa\u00f1ol, asumen la democracia participativa, directa y transparente, rechazando las estructuras jer\u00e1rquicas y a las viejas formas de hacer pol\u00edtica.<\/span><\/span><\/span><\/p>\n<p align=\"JUSTIFY\"><span style=\"color: #000000;\"><span><span style=\"font-size: small;\">Estos movimientos de diversas partes del mundo tienen mucho en com\u00fan, as\u00ed como muchas diferencias. Son muy variados en la eficacia pol\u00edtica en cuanto al logro de sus objetivos inmediatos. <\/span><\/span><\/span><span style=\"color: #000000;\"><span><span style=\"font-size: small;\">Sin embargo en muchas de estas luchas el logro m\u00e1s importantes, -y es muy importante- parece haber sido a la politizaci\u00f3n de los y las j\u00f3venes que no encuentran sentido alguno en la pol\u00edtica institucional, y los cambios en los sentidos comunes de la sociedad, en el contenido del debate p\u00fablico, en desplazamientos pol\u00edticos culturales significativos respecto a asuntos b\u00e1sicos como la democracia, la igualdad y el valor de lo p\u00fablico.<\/span><\/span><\/span><\/p>\n<p align=\"JUSTIFY\">\u00a0<span style=\"color: #000000;\"><span><span style=\"font-size: small;\">Desde el punto de vista de lo que ha sido la amplia gama de movimientos y luchas asociadas al Foro Social Mundial, es indispensable profundizar el debate sobre el sentido y potencialidades de estos nuevos movimientos. <\/span><\/span><\/span><span style=\"color: #000000;\"><span><span style=\"font-size: small;\">)<\/span><\/span><\/span><span style=\"color: #000000;\"><span><span style=\"font-size: small;\">C\u00f3mo debatir, confluir y articular, con estas nuevas oleadas de protestas sin buscar apropiarse de ellas como har\u00edan los partidos pol\u00edticos?<\/span><\/span><\/span><\/p>\n<p align=\"JUSTIFY\">\u00a0<span style=\"font-size: small; font-family: Arial, sans-serif; color: #000000;\">Ante todo, es necesario partir del reconocimiento de la pluralidad y diferencias de los contextos en los cuales operan estos movimientos, as\u00ed como de la diversidad de sus historias, objetivos y concepciones de por qu\u00e9 se lucha y de las formas de lucha.\u00a0<\/span><\/p>\n","protected":false},"excerpt":{"rendered":"<p>Crisis civilizatoria, l\u00edmites del planeta, desigualdad, asaltos a la democracia, estado de guerra permanente y pueblos en resistencia \u00a0Ofrecemos a nuestros lectores extractos de la ponencia de Edgardo Lander, soci\u00f3logo venezolano, en el Foro Social Mundial, Porto Alegre, Brasil, Enero&hellip;<\/p>\n","protected":false},"author":454,"featured_media":35515,"comment_status":"closed","ping_status":"open","sticky":false,"template":"","format":"standard","meta":{"footnotes":""},"categories":[76,78,81,161,74],"tags":[],"class_list":["post-35505","post","type-post","status-publish","format-standard","has-post-thumbnail","hentry","category-relaciones-exteriores","category-medio-ambiente-ecologia","category-economia-es","category-opiniones","category-politica-es"],"yoast_head":"<!-- This site is optimized with the Yoast SEO plugin v27.1.1 - https:\/\/yoast.com\/product\/yoast-seo-wordpress\/ -->\n<title>\u00bfUn nuevo periodo hist\u00f3rico?<\/title>\n<meta name=\"description\" content=\"Crisis civilizatoria, l\u00edmites del planeta, desigualdad, asaltos a la democracia, estado de guerra permanente y pueblos en resistencia \u00a0Ofrecemos a\" \/>\n<meta name=\"robots\" content=\"index, follow, max-snippet:-1, max-image-preview:large, max-video-preview:-1\" \/>\n<link rel=\"canonical\" href=\"https:\/\/www.pressenza.com\/es\/2013\/01\/un-nuevo-periodo-historico\/\" \/>\n<meta property=\"og:locale\" content=\"es_ES\" \/>\n<meta property=\"og:type\" content=\"article\" \/>\n<meta property=\"og:title\" content=\"\u00bfUn nuevo periodo hist\u00f3rico?\" \/>\n<meta property=\"og:description\" content=\"Crisis civilizatoria, l\u00edmites del planeta, desigualdad, asaltos a la democracia, estado de guerra permanente y pueblos en resistencia \u00a0Ofrecemos a\" \/>\n<meta property=\"og:url\" content=\"https:\/\/www.pressenza.com\/es\/2013\/01\/un-nuevo-periodo-historico\/\" \/>\n<meta property=\"og:site_name\" content=\"Pressenza\" \/>\n<meta property=\"article:publisher\" content=\"https:\/\/www.facebook.com\/PressenzaItalia\" \/>\n<meta property=\"article:published_time\" content=\"2013-01-27T23:29:49+00:00\" \/>\n<meta property=\"og:image\" content=\"https:\/\/www.pressenza.com\/wp-content\/uploads\/2013\/01\/capitalismo.jpg\" \/>\n\t<meta property=\"og:image:width\" content=\"400\" \/>\n\t<meta property=\"og:image:height\" content=\"305\" \/>\n\t<meta property=\"og:image:type\" content=\"image\/jpeg\" \/>\n<meta name=\"author\" content=\"Nelsy Lizarazo\" \/>\n<meta name=\"twitter:card\" content=\"summary_large_image\" \/>\n<meta name=\"twitter:creator\" content=\"@PressenzaIPA\" \/>\n<meta name=\"twitter:site\" content=\"@PressenzaIPA\" \/>\n<meta name=\"twitter:label1\" content=\"Escrito por\" \/>\n\t<meta name=\"twitter:data1\" content=\"Nelsy Lizarazo\" \/>\n\t<meta name=\"twitter:label2\" content=\"Tiempo de lectura\" \/>\n\t<meta name=\"twitter:data2\" content=\"14 minutos\" \/>\n<script type=\"application\/ld+json\" class=\"yoast-schema-graph\">{\"@context\":\"https:\/\/schema.org\",\"@graph\":[{\"@type\":\"Article\",\"@id\":\"https:\/\/www.pressenza.com\/es\/2013\/01\/un-nuevo-periodo-historico\/#article\",\"isPartOf\":{\"@id\":\"https:\/\/www.pressenza.com\/es\/2013\/01\/un-nuevo-periodo-historico\/\"},\"author\":{\"name\":\"Nelsy Lizarazo\",\"@id\":\"https:\/\/www.pressenza.com\/es\/#\/schema\/person\/25aa5b5c387ba3badce63b165da09f9c\"},\"headline\":\"\u00bfUn nuevo periodo hist\u00f3rico?\",\"datePublished\":\"2013-01-27T23:29:49+00:00\",\"mainEntityOfPage\":{\"@id\":\"https:\/\/www.pressenza.com\/es\/2013\/01\/un-nuevo-periodo-historico\/\"},\"wordCount\":2755,\"publisher\":{\"@id\":\"https:\/\/www.pressenza.com\/es\/#organization\"},\"image\":{\"@id\":\"https:\/\/www.pressenza.com\/es\/2013\/01\/un-nuevo-periodo-historico\/#primaryimage\"},\"thumbnailUrl\":\"https:\/\/www.pressenza.com\/wp-content\/uploads\/2013\/01\/capitalismo.jpg\",\"articleSection\":[\"Asuntos internacionales\",\"Ecolog\u00eda y Medio Ambiente\",\"Econom\u00eda\",\"Opiniones\",\"Pol\u00edtica\"],\"inLanguage\":\"es\"},{\"@type\":\"WebPage\",\"@id\":\"https:\/\/www.pressenza.com\/es\/2013\/01\/un-nuevo-periodo-historico\/\",\"url\":\"https:\/\/www.pressenza.com\/es\/2013\/01\/un-nuevo-periodo-historico\/\",\"name\":\"\u00bfUn nuevo periodo hist\u00f3rico?\",\"isPartOf\":{\"@id\":\"https:\/\/www.pressenza.com\/es\/#website\"},\"primaryImageOfPage\":{\"@id\":\"https:\/\/www.pressenza.com\/es\/2013\/01\/un-nuevo-periodo-historico\/#primaryimage\"},\"image\":{\"@id\":\"https:\/\/www.pressenza.com\/es\/2013\/01\/un-nuevo-periodo-historico\/#primaryimage\"},\"thumbnailUrl\":\"https:\/\/www.pressenza.com\/wp-content\/uploads\/2013\/01\/capitalismo.jpg\",\"datePublished\":\"2013-01-27T23:29:49+00:00\",\"description\":\"Crisis civilizatoria, l\u00edmites del planeta, desigualdad, asaltos a la democracia, estado de guerra permanente y pueblos en resistencia \u00a0Ofrecemos a\",\"breadcrumb\":{\"@id\":\"https:\/\/www.pressenza.com\/es\/2013\/01\/un-nuevo-periodo-historico\/#breadcrumb\"},\"inLanguage\":\"es\",\"potentialAction\":[{\"@type\":\"ReadAction\",\"target\":[\"https:\/\/www.pressenza.com\/es\/2013\/01\/un-nuevo-periodo-historico\/\"]}]},{\"@type\":\"ImageObject\",\"inLanguage\":\"es\",\"@id\":\"https:\/\/www.pressenza.com\/es\/2013\/01\/un-nuevo-periodo-historico\/#primaryimage\",\"url\":\"https:\/\/www.pressenza.com\/wp-content\/uploads\/2013\/01\/capitalismo.jpg\",\"contentUrl\":\"https:\/\/www.pressenza.com\/wp-content\/uploads\/2013\/01\/capitalismo.jpg\",\"width\":\"400\",\"height\":\"305\"},{\"@type\":\"BreadcrumbList\",\"@id\":\"https:\/\/www.pressenza.com\/es\/2013\/01\/un-nuevo-periodo-historico\/#breadcrumb\",\"itemListElement\":[{\"@type\":\"ListItem\",\"position\":1,\"name\":\"Accueil\",\"item\":\"https:\/\/www.pressenza.com\/es\/\"},{\"@type\":\"ListItem\",\"position\":2,\"name\":\"\u00bfUn nuevo periodo hist\u00f3rico?\"}]},{\"@type\":\"WebSite\",\"@id\":\"https:\/\/www.pressenza.com\/es\/#website\",\"url\":\"https:\/\/www.pressenza.com\/es\/\",\"name\":\"Pressenza\",\"description\":\"International Press Agency\",\"publisher\":{\"@id\":\"https:\/\/www.pressenza.com\/es\/#organization\"},\"potentialAction\":[{\"@type\":\"SearchAction\",\"target\":{\"@type\":\"EntryPoint\",\"urlTemplate\":\"https:\/\/www.pressenza.com\/es\/?s={search_term_string}\"},\"query-input\":{\"@type\":\"PropertyValueSpecification\",\"valueRequired\":true,\"valueName\":\"search_term_string\"}}],\"inLanguage\":\"es\"},{\"@type\":\"Organization\",\"@id\":\"https:\/\/www.pressenza.com\/es\/#organization\",\"name\":\"Pressenza\",\"url\":\"https:\/\/www.pressenza.com\/es\/\",\"logo\":{\"@type\":\"ImageObject\",\"inLanguage\":\"es\",\"@id\":\"https:\/\/www.pressenza.com\/es\/#\/schema\/logo\/image\/\",\"url\":\"https:\/\/www.pressenza.com\/wp-content\/uploads\/2022\/10\/pressenza_logo_200x200.jpg\",\"contentUrl\":\"https:\/\/www.pressenza.com\/wp-content\/uploads\/2022\/10\/pressenza_logo_200x200.jpg\",\"width\":200,\"height\":200,\"caption\":\"Pressenza\"},\"image\":{\"@id\":\"https:\/\/www.pressenza.com\/es\/#\/schema\/logo\/image\/\"},\"sameAs\":[\"https:\/\/www.facebook.com\/PressenzaItalia\",\"https:\/\/x.com\/PressenzaIPA\"]},{\"@type\":\"Person\",\"@id\":\"https:\/\/www.pressenza.com\/es\/#\/schema\/person\/25aa5b5c387ba3badce63b165da09f9c\",\"name\":\"Nelsy Lizarazo\",\"description\":\"Nelsy Lizarazo, Colombian, living in Quito, Ecuador. Professional background in philosophy, literature, political sciences and international relations.\",\"url\":\"https:\/\/www.pressenza.com\/es\/author\/nelsy-lizarazo\/\"}]}<\/script>\n<!-- \/ Yoast SEO plugin. -->","yoast_head_json":{"title":"\u00bfUn nuevo periodo hist\u00f3rico?","description":"Crisis civilizatoria, l\u00edmites del planeta, desigualdad, asaltos a la democracia, estado de guerra permanente y pueblos en resistencia \u00a0Ofrecemos a","robots":{"index":"index","follow":"follow","max-snippet":"max-snippet:-1","max-image-preview":"max-image-preview:large","max-video-preview":"max-video-preview:-1"},"canonical":"https:\/\/www.pressenza.com\/es\/2013\/01\/un-nuevo-periodo-historico\/","og_locale":"es_ES","og_type":"article","og_title":"\u00bfUn nuevo periodo hist\u00f3rico?","og_description":"Crisis civilizatoria, l\u00edmites del planeta, desigualdad, asaltos a la democracia, estado de guerra permanente y pueblos en resistencia \u00a0Ofrecemos a","og_url":"https:\/\/www.pressenza.com\/es\/2013\/01\/un-nuevo-periodo-historico\/","og_site_name":"Pressenza","article_publisher":"https:\/\/www.facebook.com\/PressenzaItalia","article_published_time":"2013-01-27T23:29:49+00:00","og_image":[{"width":400,"height":305,"url":"https:\/\/www.pressenza.com\/wp-content\/uploads\/2013\/01\/capitalismo.jpg","type":"image\/jpeg"}],"author":"Nelsy Lizarazo","twitter_card":"summary_large_image","twitter_creator":"@PressenzaIPA","twitter_site":"@PressenzaIPA","twitter_misc":{"Escrito por":"Nelsy Lizarazo","Tiempo de lectura":"14 minutos"},"schema":{"@context":"https:\/\/schema.org","@graph":[{"@type":"Article","@id":"https:\/\/www.pressenza.com\/es\/2013\/01\/un-nuevo-periodo-historico\/#article","isPartOf":{"@id":"https:\/\/www.pressenza.com\/es\/2013\/01\/un-nuevo-periodo-historico\/"},"author":{"name":"Nelsy Lizarazo","@id":"https:\/\/www.pressenza.com\/es\/#\/schema\/person\/25aa5b5c387ba3badce63b165da09f9c"},"headline":"\u00bfUn nuevo periodo hist\u00f3rico?","datePublished":"2013-01-27T23:29:49+00:00","mainEntityOfPage":{"@id":"https:\/\/www.pressenza.com\/es\/2013\/01\/un-nuevo-periodo-historico\/"},"wordCount":2755,"publisher":{"@id":"https:\/\/www.pressenza.com\/es\/#organization"},"image":{"@id":"https:\/\/www.pressenza.com\/es\/2013\/01\/un-nuevo-periodo-historico\/#primaryimage"},"thumbnailUrl":"https:\/\/www.pressenza.com\/wp-content\/uploads\/2013\/01\/capitalismo.jpg","articleSection":["Asuntos internacionales","Ecolog\u00eda y Medio Ambiente","Econom\u00eda","Opiniones","Pol\u00edtica"],"inLanguage":"es"},{"@type":"WebPage","@id":"https:\/\/www.pressenza.com\/es\/2013\/01\/un-nuevo-periodo-historico\/","url":"https:\/\/www.pressenza.com\/es\/2013\/01\/un-nuevo-periodo-historico\/","name":"\u00bfUn nuevo periodo hist\u00f3rico?","isPartOf":{"@id":"https:\/\/www.pressenza.com\/es\/#website"},"primaryImageOfPage":{"@id":"https:\/\/www.pressenza.com\/es\/2013\/01\/un-nuevo-periodo-historico\/#primaryimage"},"image":{"@id":"https:\/\/www.pressenza.com\/es\/2013\/01\/un-nuevo-periodo-historico\/#primaryimage"},"thumbnailUrl":"https:\/\/www.pressenza.com\/wp-content\/uploads\/2013\/01\/capitalismo.jpg","datePublished":"2013-01-27T23:29:49+00:00","description":"Crisis civilizatoria, l\u00edmites del planeta, desigualdad, asaltos a la democracia, estado de guerra permanente y pueblos en resistencia \u00a0Ofrecemos a","breadcrumb":{"@id":"https:\/\/www.pressenza.com\/es\/2013\/01\/un-nuevo-periodo-historico\/#breadcrumb"},"inLanguage":"es","potentialAction":[{"@type":"ReadAction","target":["https:\/\/www.pressenza.com\/es\/2013\/01\/un-nuevo-periodo-historico\/"]}]},{"@type":"ImageObject","inLanguage":"es","@id":"https:\/\/www.pressenza.com\/es\/2013\/01\/un-nuevo-periodo-historico\/#primaryimage","url":"https:\/\/www.pressenza.com\/wp-content\/uploads\/2013\/01\/capitalismo.jpg","contentUrl":"https:\/\/www.pressenza.com\/wp-content\/uploads\/2013\/01\/capitalismo.jpg","width":"400","height":"305"},{"@type":"BreadcrumbList","@id":"https:\/\/www.pressenza.com\/es\/2013\/01\/un-nuevo-periodo-historico\/#breadcrumb","itemListElement":[{"@type":"ListItem","position":1,"name":"Accueil","item":"https:\/\/www.pressenza.com\/es\/"},{"@type":"ListItem","position":2,"name":"\u00bfUn nuevo periodo hist\u00f3rico?"}]},{"@type":"WebSite","@id":"https:\/\/www.pressenza.com\/es\/#website","url":"https:\/\/www.pressenza.com\/es\/","name":"Pressenza","description":"International Press Agency","publisher":{"@id":"https:\/\/www.pressenza.com\/es\/#organization"},"potentialAction":[{"@type":"SearchAction","target":{"@type":"EntryPoint","urlTemplate":"https:\/\/www.pressenza.com\/es\/?s={search_term_string}"},"query-input":{"@type":"PropertyValueSpecification","valueRequired":true,"valueName":"search_term_string"}}],"inLanguage":"es"},{"@type":"Organization","@id":"https:\/\/www.pressenza.com\/es\/#organization","name":"Pressenza","url":"https:\/\/www.pressenza.com\/es\/","logo":{"@type":"ImageObject","inLanguage":"es","@id":"https:\/\/www.pressenza.com\/es\/#\/schema\/logo\/image\/","url":"https:\/\/www.pressenza.com\/wp-content\/uploads\/2022\/10\/pressenza_logo_200x200.jpg","contentUrl":"https:\/\/www.pressenza.com\/wp-content\/uploads\/2022\/10\/pressenza_logo_200x200.jpg","width":200,"height":200,"caption":"Pressenza"},"image":{"@id":"https:\/\/www.pressenza.com\/es\/#\/schema\/logo\/image\/"},"sameAs":["https:\/\/www.facebook.com\/PressenzaItalia","https:\/\/x.com\/PressenzaIPA"]},{"@type":"Person","@id":"https:\/\/www.pressenza.com\/es\/#\/schema\/person\/25aa5b5c387ba3badce63b165da09f9c","name":"Nelsy Lizarazo","description":"Nelsy Lizarazo, Colombian, living in Quito, Ecuador. Professional background in philosophy, literature, political sciences and international relations.","url":"https:\/\/www.pressenza.com\/es\/author\/nelsy-lizarazo\/"}]}},"place":"","original_article_url":"","_links":{"self":[{"href":"https:\/\/www.pressenza.com\/es\/wp-json\/wp\/v2\/posts\/35505","targetHints":{"allow":["GET"]}}],"collection":[{"href":"https:\/\/www.pressenza.com\/es\/wp-json\/wp\/v2\/posts"}],"about":[{"href":"https:\/\/www.pressenza.com\/es\/wp-json\/wp\/v2\/types\/post"}],"author":[{"embeddable":true,"href":"https:\/\/www.pressenza.com\/es\/wp-json\/wp\/v2\/users\/454"}],"replies":[{"embeddable":true,"href":"https:\/\/www.pressenza.com\/es\/wp-json\/wp\/v2\/comments?post=35505"}],"version-history":[{"count":0,"href":"https:\/\/www.pressenza.com\/es\/wp-json\/wp\/v2\/posts\/35505\/revisions"}],"wp:featuredmedia":[{"embeddable":true,"href":"https:\/\/www.pressenza.com\/es\/wp-json\/wp\/v2\/media\/35515"}],"wp:attachment":[{"href":"https:\/\/www.pressenza.com\/es\/wp-json\/wp\/v2\/media?parent=35505"}],"wp:term":[{"taxonomy":"category","embeddable":true,"href":"https:\/\/www.pressenza.com\/es\/wp-json\/wp\/v2\/categories?post=35505"},{"taxonomy":"post_tag","embeddable":true,"href":"https:\/\/www.pressenza.com\/es\/wp-json\/wp\/v2\/tags?post=35505"}],"curies":[{"name":"wp","href":"https:\/\/api.w.org\/{rel}","templated":true}]}}