{"id":354467,"date":"2016-08-18T14:37:29","date_gmt":"2016-08-18T13:37:29","guid":{"rendered":"http:\/\/www.pressenza.com\/es\/?p=354467"},"modified":"2016-08-18T14:37:29","modified_gmt":"2016-08-18T13:37:29","slug":"el-foro-social-mundial-de-montreal-abre-en-tono-festivo","status":"publish","type":"post","link":"https:\/\/www.pressenza.com\/es\/2016\/08\/el-foro-social-mundial-de-montreal-abre-en-tono-festivo\/","title":{"rendered":"El Foro Social Mundial de Montreal abre en tono festivo"},"content":{"rendered":"<p style=\"text-align: justify;\">El 190 de agosto se inici\u00f3 el Foro Social Mundial en Montreal con miles de participantes. Se organiz\u00f3 una gran marcha de apertura con aires de fiesta en la tarde del 9 de agosto.\u00a0En el transcurso de los d\u00edas siguientes, diversos grupos civiles organizaron innumerables actividades. Los grupos y los participantes provienen de todas partes del mundo y se re\u00fanen en torno a un gran tema: \u201cConstruir alternativas concretas al modelo econ\u00f3mico neoliberal y a las pol\u00edticas basadas en la explotaci\u00f3n de los seres humanos y de la naturaleza\u201d.<\/p>\n<p style=\"text-align: justify;\">Por primera vez este foro se desarrolla en un pa\u00eds del hemisferio norte. En efecto, desde su creaci\u00f3n en 2001 en Puerto Alegre, Brasil, este evento se llev\u00f3 a cabo en India, Pakist\u00e1n, Mali, Kenia, Senegal y T\u00fanez. Seg\u00fan los organizadores, m\u00e1s de 170 invitados internacionales no pudieron participar en el Foro Social Mundial a ra\u00edz de que los servicios canadienses de inmigraci\u00f3n no les otorgaron la visa de estad\u00eda.<\/p>\n<p style=\"text-align: justify;\"><strong>Los desaf\u00edos del Foro de Montreal<\/strong><\/p>\n<p style=\"text-align: justify;\">A decir verdad, Montreal fue elegida por su vida comunitaria activa y por sus entusiastas organizaciones de la social civil. Se invit\u00f3 a varios conferencistas renombrados: profesores, pol\u00edticos, sindicalistas y militantes altermundialistas como el vicepresidente de Bolivia Alvaro Garc\u00eda Linera y el soci\u00f3logo y fil\u00f3sofo franc\u00e9s Edgar Morin.<\/p>\n<p style=\"text-align: justify;\">Los organizadores quieren reforzar el v\u00ednculo de solidaridad entre el Sur y el Norte mediante la discusi\u00f3n de propuestas para las problem\u00e1ticas localmente ancladas.<\/p>\n<p style=\"text-align: justify;\"><img loading=\"lazy\" decoding=\"async\" class=\"alignnone size-large wp-image-354468\" src=\"http:\/\/www.pressenza.com\/wp-content\/uploads\/2016\/08\/Le-Forum-Social-Mondial-de-Montr-al-souvre-sur-un-ton-festif1-720x405.jpg\" alt=\"Le-Forum-Social-Mondial-de-Montr--al-souvre-sur-un-ton-festif1\" width=\"720\" height=\"405\" srcset=\"https:\/\/www.pressenza.com\/wp-content\/uploads\/2016\/08\/Le-Forum-Social-Mondial-de-Montr-al-souvre-sur-un-ton-festif1-720x405.jpg 720w, https:\/\/www.pressenza.com\/wp-content\/uploads\/2016\/08\/Le-Forum-Social-Mondial-de-Montr-al-souvre-sur-un-ton-festif1-300x169.jpg 300w, https:\/\/www.pressenza.com\/wp-content\/uploads\/2016\/08\/Le-Forum-Social-Mondial-de-Montr-al-souvre-sur-un-ton-festif1-768x432.jpg 768w, https:\/\/www.pressenza.com\/wp-content\/uploads\/2016\/08\/Le-Forum-Social-Mondial-de-Montr-al-souvre-sur-un-ton-festif1-750x422.jpg 750w, https:\/\/www.pressenza.com\/wp-content\/uploads\/2016\/08\/Le-Forum-Social-Mondial-de-Montr-al-souvre-sur-un-ton-festif1.jpg 889w\" sizes=\"auto, (max-width: 720px) 100vw, 720px\" \/><\/p>\n<p style=\"text-align: justify;\">Se retuvieron 13 grandes temas para orientar los intercambios:<\/p>\n<ol>\n<li style=\"text-align: justify;\">Alternativas econ\u00f3micas, sociales y solidarias frente a la crisis capitalista;<\/li>\n<li style=\"text-align: justify;\">Democratizaci\u00f3n del conocimiento y derecho a la comunicaci\u00f3n;<\/li>\n<li style=\"text-align: justify;\">Cultura de paz y lucha por la justicia y la desmilitarizaci\u00f3n;<\/li>\n<li style=\"text-align: justify;\">Descolonizaci\u00f3n y autodeterminaci\u00f3n de los pueblos;<\/li>\n<li style=\"text-align: justify;\">Defensa de los derechos de la naturaleza y justicia ambiental;<\/li>\n<li style=\"text-align: justify;\">Luchas globales y solidaridad internacional;<\/li>\n<li style=\"text-align: justify;\">Derechos humanos y sociales, dignidad y luchas contra las desigualdades;<\/li>\n<li style=\"text-align: justify;\">Luchas contra el racismo, la xenofobia, el patriarcado y los fundamentalismos;<\/li>\n<li style=\"text-align: justify;\">Lucha contra la dictadura de las finanzas y por la redistribuci\u00f3n de los recursos;<\/li>\n<li style=\"text-align: justify;\">Migraciones y ciudadan\u00eda sin fronteras;<\/li>\n<li style=\"text-align: justify;\">Democracia, movimientos sociales y ciudadanos;<\/li>\n<li style=\"text-align: justify;\">El mundo del trabajo frente al neoliberalismo;<\/li>\n<li style=\"text-align: justify;\">Expresiones culturales, art\u00edsticas y filos\u00f3ficas para otro mundo posible.<\/li>\n<\/ol>\n","protected":false},"excerpt":{"rendered":"<p>El 190 de agosto se inici\u00f3 el Foro Social Mundial en Montreal con miles de participantes. Se organiz\u00f3 una gran marcha de apertura con aires de fiesta en la tarde del 9 de agosto.\u00a0En el transcurso de los d\u00edas siguientes,&hellip;<\/p>\n","protected":false},"author":63,"featured_media":351629,"comment_status":"closed","ping_status":"closed","sticky":false,"template":"","format":"standard","meta":{"footnotes":""},"categories":[76,81,39,68],"tags":[6967,4267,4278,29617],"class_list":["post-354467","post","type-post","status-publish","format-standard","has-post-thumbnail","hentry","category-relaciones-exteriores","category-economia-es","category-internacional","category-norteamerica","tag-canada-es","tag-foro-social-mundial","tag-fsm","tag-montreal"],"yoast_head":"<!-- This site is optimized with the Yoast SEO plugin v27.1.1 - https:\/\/yoast.com\/product\/yoast-seo-wordpress\/ -->\n<title>El Foro Social Mundial de Montreal abre en tono festivo<\/title>\n<meta name=\"description\" content=\"El 190 de agosto se inici\u00f3 el Foro Social Mundial en Montreal con miles de participantes. Se organiz\u00f3 una gran marcha de apertura con aires de fiesta en\" \/>\n<meta name=\"robots\" content=\"index, follow, max-snippet:-1, max-image-preview:large, max-video-preview:-1\" \/>\n<link rel=\"canonical\" href=\"https:\/\/www.pressenza.com\/es\/2016\/08\/el-foro-social-mundial-de-montreal-abre-en-tono-festivo\/\" \/>\n<meta property=\"og:locale\" content=\"es_ES\" \/>\n<meta property=\"og:type\" content=\"article\" \/>\n<meta property=\"og:title\" content=\"El Foro Social Mundial de Montreal abre en tono festivo\" \/>\n<meta property=\"og:description\" content=\"El 190 de agosto se inici\u00f3 el Foro Social Mundial en Montreal con miles de participantes. Se organiz\u00f3 una gran marcha de apertura con aires de fiesta en\" \/>\n<meta property=\"og:url\" content=\"https:\/\/www.pressenza.com\/es\/2016\/08\/el-foro-social-mundial-de-montreal-abre-en-tono-festivo\/\" \/>\n<meta property=\"og:site_name\" content=\"Pressenza\" \/>\n<meta property=\"article:publisher\" content=\"https:\/\/www.facebook.com\/PressenzaItalia\" \/>\n<meta property=\"article:published_time\" content=\"2016-08-18T13:37:29+00:00\" \/>\n<meta property=\"og:image\" content=\"https:\/\/www.pressenza.com\/wp-content\/uploads\/2016\/08\/Le-Forum-Social-Mondial-de-Montr--al-souvre-sur-un-ton-festif.jpg\" \/>\n\t<meta property=\"og:image:width\" content=\"835\" \/>\n\t<meta property=\"og:image:height\" content=\"500\" \/>\n\t<meta property=\"og:image:type\" content=\"image\/jpeg\" \/>\n<meta name=\"author\" content=\"Anne Farrell\" \/>\n<meta name=\"twitter:card\" content=\"summary_large_image\" \/>\n<meta name=\"twitter:creator\" content=\"@PressenzaIPA\" \/>\n<meta name=\"twitter:site\" content=\"@PressenzaIPA\" \/>\n<meta name=\"twitter:label1\" content=\"Escrito por\" \/>\n\t<meta name=\"twitter:data1\" content=\"Anne Farrell\" \/>\n\t<meta name=\"twitter:label2\" content=\"Tiempo de lectura\" \/>\n\t<meta name=\"twitter:data2\" content=\"2 minutos\" \/>\n<script type=\"application\/ld+json\" class=\"yoast-schema-graph\">{\"@context\":\"https:\/\/schema.org\",\"@graph\":[{\"@type\":\"Article\",\"@id\":\"https:\/\/www.pressenza.com\/es\/2016\/08\/el-foro-social-mundial-de-montreal-abre-en-tono-festivo\/#article\",\"isPartOf\":{\"@id\":\"https:\/\/www.pressenza.com\/es\/2016\/08\/el-foro-social-mundial-de-montreal-abre-en-tono-festivo\/\"},\"author\":{\"name\":\"Anne Farrell\",\"@id\":\"https:\/\/www.pressenza.com\/es\/#\/schema\/person\/06fe29d0640b1b3c6e87b05e162391e0\"},\"headline\":\"El Foro Social Mundial de Montreal abre en tono festivo\",\"datePublished\":\"2016-08-18T13:37:29+00:00\",\"mainEntityOfPage\":{\"@id\":\"https:\/\/www.pressenza.com\/es\/2016\/08\/el-foro-social-mundial-de-montreal-abre-en-tono-festivo\/\"},\"wordCount\":396,\"publisher\":{\"@id\":\"https:\/\/www.pressenza.com\/es\/#organization\"},\"image\":{\"@id\":\"https:\/\/www.pressenza.com\/es\/2016\/08\/el-foro-social-mundial-de-montreal-abre-en-tono-festivo\/#primaryimage\"},\"thumbnailUrl\":\"https:\/\/www.pressenza.com\/wp-content\/uploads\/2016\/08\/Le-Forum-Social-Mondial-de-Montr--al-souvre-sur-un-ton-festif.jpg\",\"keywords\":[\"Canad\u00e1\",\"Foro Social Mundial\",\"FSM\",\"Montr\u00e9al\"],\"articleSection\":[\"Asuntos internacionales\",\"Econom\u00eda\",\"Internacional\",\"Norteam\u00e9rica\"],\"inLanguage\":\"es\"},{\"@type\":\"WebPage\",\"@id\":\"https:\/\/www.pressenza.com\/es\/2016\/08\/el-foro-social-mundial-de-montreal-abre-en-tono-festivo\/\",\"url\":\"https:\/\/www.pressenza.com\/es\/2016\/08\/el-foro-social-mundial-de-montreal-abre-en-tono-festivo\/\",\"name\":\"El Foro Social Mundial de Montreal abre en tono festivo\",\"isPartOf\":{\"@id\":\"https:\/\/www.pressenza.com\/es\/#website\"},\"primaryImageOfPage\":{\"@id\":\"https:\/\/www.pressenza.com\/es\/2016\/08\/el-foro-social-mundial-de-montreal-abre-en-tono-festivo\/#primaryimage\"},\"image\":{\"@id\":\"https:\/\/www.pressenza.com\/es\/2016\/08\/el-foro-social-mundial-de-montreal-abre-en-tono-festivo\/#primaryimage\"},\"thumbnailUrl\":\"https:\/\/www.pressenza.com\/wp-content\/uploads\/2016\/08\/Le-Forum-Social-Mondial-de-Montr--al-souvre-sur-un-ton-festif.jpg\",\"datePublished\":\"2016-08-18T13:37:29+00:00\",\"description\":\"El 190 de agosto se inici\u00f3 el Foro Social Mundial en Montreal con miles de participantes. Se organiz\u00f3 una gran marcha de apertura con aires de fiesta en\",\"breadcrumb\":{\"@id\":\"https:\/\/www.pressenza.com\/es\/2016\/08\/el-foro-social-mundial-de-montreal-abre-en-tono-festivo\/#breadcrumb\"},\"inLanguage\":\"es\",\"potentialAction\":[{\"@type\":\"ReadAction\",\"target\":[\"https:\/\/www.pressenza.com\/es\/2016\/08\/el-foro-social-mundial-de-montreal-abre-en-tono-festivo\/\"]}]},{\"@type\":\"ImageObject\",\"inLanguage\":\"es\",\"@id\":\"https:\/\/www.pressenza.com\/es\/2016\/08\/el-foro-social-mundial-de-montreal-abre-en-tono-festivo\/#primaryimage\",\"url\":\"https:\/\/www.pressenza.com\/wp-content\/uploads\/2016\/08\/Le-Forum-Social-Mondial-de-Montr--al-souvre-sur-un-ton-festif.jpg\",\"contentUrl\":\"https:\/\/www.pressenza.com\/wp-content\/uploads\/2016\/08\/Le-Forum-Social-Mondial-de-Montr--al-souvre-sur-un-ton-festif.jpg\",\"width\":835,\"height\":500},{\"@type\":\"BreadcrumbList\",\"@id\":\"https:\/\/www.pressenza.com\/es\/2016\/08\/el-foro-social-mundial-de-montreal-abre-en-tono-festivo\/#breadcrumb\",\"itemListElement\":[{\"@type\":\"ListItem\",\"position\":1,\"name\":\"Accueil\",\"item\":\"https:\/\/www.pressenza.com\/es\/\"},{\"@type\":\"ListItem\",\"position\":2,\"name\":\"El Foro Social Mundial de Montreal abre en tono festivo\"}]},{\"@type\":\"WebSite\",\"@id\":\"https:\/\/www.pressenza.com\/es\/#website\",\"url\":\"https:\/\/www.pressenza.com\/es\/\",\"name\":\"Pressenza\",\"description\":\"International Press Agency\",\"publisher\":{\"@id\":\"https:\/\/www.pressenza.com\/es\/#organization\"},\"potentialAction\":[{\"@type\":\"SearchAction\",\"target\":{\"@type\":\"EntryPoint\",\"urlTemplate\":\"https:\/\/www.pressenza.com\/es\/?s={search_term_string}\"},\"query-input\":{\"@type\":\"PropertyValueSpecification\",\"valueRequired\":true,\"valueName\":\"search_term_string\"}}],\"inLanguage\":\"es\"},{\"@type\":\"Organization\",\"@id\":\"https:\/\/www.pressenza.com\/es\/#organization\",\"name\":\"Pressenza\",\"url\":\"https:\/\/www.pressenza.com\/es\/\",\"logo\":{\"@type\":\"ImageObject\",\"inLanguage\":\"es\",\"@id\":\"https:\/\/www.pressenza.com\/es\/#\/schema\/logo\/image\/\",\"url\":\"https:\/\/www.pressenza.com\/wp-content\/uploads\/2022\/10\/pressenza_logo_200x200.jpg\",\"contentUrl\":\"https:\/\/www.pressenza.com\/wp-content\/uploads\/2022\/10\/pressenza_logo_200x200.jpg\",\"width\":200,\"height\":200,\"caption\":\"Pressenza\"},\"image\":{\"@id\":\"https:\/\/www.pressenza.com\/es\/#\/schema\/logo\/image\/\"},\"sameAs\":[\"https:\/\/www.facebook.com\/PressenzaItalia\",\"https:\/\/x.com\/PressenzaIPA\"]},{\"@type\":\"Person\",\"@id\":\"https:\/\/www.pressenza.com\/es\/#\/schema\/person\/06fe29d0640b1b3c6e87b05e162391e0\",\"name\":\"Anne Farrell\",\"description\":\"Anne Farrell is the author of the books: A meaning of Life that defied the unbearable fate in mass extinction, A tribute to reconciliation and its missing image in the Western World\",\"url\":\"https:\/\/www.pressenza.com\/es\/author\/anne-farrell\/\"}]}<\/script>\n<!-- \/ Yoast SEO plugin. -->","yoast_head_json":{"title":"El Foro Social Mundial de Montreal abre en tono festivo","description":"El 190 de agosto se inici\u00f3 el Foro Social Mundial en Montreal con miles de participantes. Se organiz\u00f3 una gran marcha de apertura con aires de fiesta en","robots":{"index":"index","follow":"follow","max-snippet":"max-snippet:-1","max-image-preview":"max-image-preview:large","max-video-preview":"max-video-preview:-1"},"canonical":"https:\/\/www.pressenza.com\/es\/2016\/08\/el-foro-social-mundial-de-montreal-abre-en-tono-festivo\/","og_locale":"es_ES","og_type":"article","og_title":"El Foro Social Mundial de Montreal abre en tono festivo","og_description":"El 190 de agosto se inici\u00f3 el Foro Social Mundial en Montreal con miles de participantes. Se organiz\u00f3 una gran marcha de apertura con aires de fiesta en","og_url":"https:\/\/www.pressenza.com\/es\/2016\/08\/el-foro-social-mundial-de-montreal-abre-en-tono-festivo\/","og_site_name":"Pressenza","article_publisher":"https:\/\/www.facebook.com\/PressenzaItalia","article_published_time":"2016-08-18T13:37:29+00:00","og_image":[{"width":835,"height":500,"url":"https:\/\/www.pressenza.com\/wp-content\/uploads\/2016\/08\/Le-Forum-Social-Mondial-de-Montr--al-souvre-sur-un-ton-festif.jpg","type":"image\/jpeg"}],"author":"Anne Farrell","twitter_card":"summary_large_image","twitter_creator":"@PressenzaIPA","twitter_site":"@PressenzaIPA","twitter_misc":{"Escrito por":"Anne Farrell","Tiempo de lectura":"2 minutos"},"schema":{"@context":"https:\/\/schema.org","@graph":[{"@type":"Article","@id":"https:\/\/www.pressenza.com\/es\/2016\/08\/el-foro-social-mundial-de-montreal-abre-en-tono-festivo\/#article","isPartOf":{"@id":"https:\/\/www.pressenza.com\/es\/2016\/08\/el-foro-social-mundial-de-montreal-abre-en-tono-festivo\/"},"author":{"name":"Anne Farrell","@id":"https:\/\/www.pressenza.com\/es\/#\/schema\/person\/06fe29d0640b1b3c6e87b05e162391e0"},"headline":"El Foro Social Mundial de Montreal abre en tono festivo","datePublished":"2016-08-18T13:37:29+00:00","mainEntityOfPage":{"@id":"https:\/\/www.pressenza.com\/es\/2016\/08\/el-foro-social-mundial-de-montreal-abre-en-tono-festivo\/"},"wordCount":396,"publisher":{"@id":"https:\/\/www.pressenza.com\/es\/#organization"},"image":{"@id":"https:\/\/www.pressenza.com\/es\/2016\/08\/el-foro-social-mundial-de-montreal-abre-en-tono-festivo\/#primaryimage"},"thumbnailUrl":"https:\/\/www.pressenza.com\/wp-content\/uploads\/2016\/08\/Le-Forum-Social-Mondial-de-Montr--al-souvre-sur-un-ton-festif.jpg","keywords":["Canad\u00e1","Foro Social Mundial","FSM","Montr\u00e9al"],"articleSection":["Asuntos internacionales","Econom\u00eda","Internacional","Norteam\u00e9rica"],"inLanguage":"es"},{"@type":"WebPage","@id":"https:\/\/www.pressenza.com\/es\/2016\/08\/el-foro-social-mundial-de-montreal-abre-en-tono-festivo\/","url":"https:\/\/www.pressenza.com\/es\/2016\/08\/el-foro-social-mundial-de-montreal-abre-en-tono-festivo\/","name":"El Foro Social Mundial de Montreal abre en tono festivo","isPartOf":{"@id":"https:\/\/www.pressenza.com\/es\/#website"},"primaryImageOfPage":{"@id":"https:\/\/www.pressenza.com\/es\/2016\/08\/el-foro-social-mundial-de-montreal-abre-en-tono-festivo\/#primaryimage"},"image":{"@id":"https:\/\/www.pressenza.com\/es\/2016\/08\/el-foro-social-mundial-de-montreal-abre-en-tono-festivo\/#primaryimage"},"thumbnailUrl":"https:\/\/www.pressenza.com\/wp-content\/uploads\/2016\/08\/Le-Forum-Social-Mondial-de-Montr--al-souvre-sur-un-ton-festif.jpg","datePublished":"2016-08-18T13:37:29+00:00","description":"El 190 de agosto se inici\u00f3 el Foro Social Mundial en Montreal con miles de participantes. Se organiz\u00f3 una gran marcha de apertura con aires de fiesta en","breadcrumb":{"@id":"https:\/\/www.pressenza.com\/es\/2016\/08\/el-foro-social-mundial-de-montreal-abre-en-tono-festivo\/#breadcrumb"},"inLanguage":"es","potentialAction":[{"@type":"ReadAction","target":["https:\/\/www.pressenza.com\/es\/2016\/08\/el-foro-social-mundial-de-montreal-abre-en-tono-festivo\/"]}]},{"@type":"ImageObject","inLanguage":"es","@id":"https:\/\/www.pressenza.com\/es\/2016\/08\/el-foro-social-mundial-de-montreal-abre-en-tono-festivo\/#primaryimage","url":"https:\/\/www.pressenza.com\/wp-content\/uploads\/2016\/08\/Le-Forum-Social-Mondial-de-Montr--al-souvre-sur-un-ton-festif.jpg","contentUrl":"https:\/\/www.pressenza.com\/wp-content\/uploads\/2016\/08\/Le-Forum-Social-Mondial-de-Montr--al-souvre-sur-un-ton-festif.jpg","width":835,"height":500},{"@type":"BreadcrumbList","@id":"https:\/\/www.pressenza.com\/es\/2016\/08\/el-foro-social-mundial-de-montreal-abre-en-tono-festivo\/#breadcrumb","itemListElement":[{"@type":"ListItem","position":1,"name":"Accueil","item":"https:\/\/www.pressenza.com\/es\/"},{"@type":"ListItem","position":2,"name":"El Foro Social Mundial de Montreal abre en tono festivo"}]},{"@type":"WebSite","@id":"https:\/\/www.pressenza.com\/es\/#website","url":"https:\/\/www.pressenza.com\/es\/","name":"Pressenza","description":"International Press Agency","publisher":{"@id":"https:\/\/www.pressenza.com\/es\/#organization"},"potentialAction":[{"@type":"SearchAction","target":{"@type":"EntryPoint","urlTemplate":"https:\/\/www.pressenza.com\/es\/?s={search_term_string}"},"query-input":{"@type":"PropertyValueSpecification","valueRequired":true,"valueName":"search_term_string"}}],"inLanguage":"es"},{"@type":"Organization","@id":"https:\/\/www.pressenza.com\/es\/#organization","name":"Pressenza","url":"https:\/\/www.pressenza.com\/es\/","logo":{"@type":"ImageObject","inLanguage":"es","@id":"https:\/\/www.pressenza.com\/es\/#\/schema\/logo\/image\/","url":"https:\/\/www.pressenza.com\/wp-content\/uploads\/2022\/10\/pressenza_logo_200x200.jpg","contentUrl":"https:\/\/www.pressenza.com\/wp-content\/uploads\/2022\/10\/pressenza_logo_200x200.jpg","width":200,"height":200,"caption":"Pressenza"},"image":{"@id":"https:\/\/www.pressenza.com\/es\/#\/schema\/logo\/image\/"},"sameAs":["https:\/\/www.facebook.com\/PressenzaItalia","https:\/\/x.com\/PressenzaIPA"]},{"@type":"Person","@id":"https:\/\/www.pressenza.com\/es\/#\/schema\/person\/06fe29d0640b1b3c6e87b05e162391e0","name":"Anne Farrell","description":"Anne Farrell is the author of the books: A meaning of Life that defied the unbearable fate in mass extinction, A tribute to reconciliation and its missing image in the Western World","url":"https:\/\/www.pressenza.com\/es\/author\/anne-farrell\/"}]}},"place":"Canad\u00e1","original_article_url":"","_links":{"self":[{"href":"https:\/\/www.pressenza.com\/es\/wp-json\/wp\/v2\/posts\/354467","targetHints":{"allow":["GET"]}}],"collection":[{"href":"https:\/\/www.pressenza.com\/es\/wp-json\/wp\/v2\/posts"}],"about":[{"href":"https:\/\/www.pressenza.com\/es\/wp-json\/wp\/v2\/types\/post"}],"author":[{"embeddable":true,"href":"https:\/\/www.pressenza.com\/es\/wp-json\/wp\/v2\/users\/63"}],"replies":[{"embeddable":true,"href":"https:\/\/www.pressenza.com\/es\/wp-json\/wp\/v2\/comments?post=354467"}],"version-history":[{"count":0,"href":"https:\/\/www.pressenza.com\/es\/wp-json\/wp\/v2\/posts\/354467\/revisions"}],"wp:featuredmedia":[{"embeddable":true,"href":"https:\/\/www.pressenza.com\/es\/wp-json\/wp\/v2\/media\/351629"}],"wp:attachment":[{"href":"https:\/\/www.pressenza.com\/es\/wp-json\/wp\/v2\/media?parent=354467"}],"wp:term":[{"taxonomy":"category","embeddable":true,"href":"https:\/\/www.pressenza.com\/es\/wp-json\/wp\/v2\/categories?post=354467"},{"taxonomy":"post_tag","embeddable":true,"href":"https:\/\/www.pressenza.com\/es\/wp-json\/wp\/v2\/tags?post=354467"}],"curies":[{"name":"wp","href":"https:\/\/api.w.org\/{rel}","templated":true}]}}