{"id":353922,"date":"2016-08-16T22:09:20","date_gmt":"2016-08-16T21:09:20","guid":{"rendered":"http:\/\/www.pressenza.com\/es\/?p=353922"},"modified":"2016-08-16T22:09:20","modified_gmt":"2016-08-16T21:09:20","slug":"salto-la-valla","status":"publish","type":"post","link":"https:\/\/www.pressenza.com\/es\/2016\/08\/salto-la-valla\/","title":{"rendered":"El salto a la valla"},"content":{"rendered":"<p style=\"text-align: justify;\">Fue un salto frustrado. La madrugada el pasado s\u00e1bado las fuerzas marroqu\u00edes abortaban las intenciones de un numeroso grupo de migrantes dispuestos a franquear la valla de Benz\u00fa para acceder a Espa\u00f1a.<\/p>\n<p style=\"text-align: justify;\">La imagen de j\u00f3venes africanos encaramados al cercado fronterizo se ha convertido en un referente ic\u00f3nico de los fen\u00f3menos migratorios de los que son escenario las ciudades aut\u00f3nomas de Ceuta y Melilla. Aunque ya no parece ser un m\u00e9todo eficaz para acceder a territorio nacional espa\u00f1ol.<\/p>\n<p style=\"text-align: justify;\">El pasado 23 de abril se registr\u00f3 la \u00faltima tentativa masiva de entrada a la ciudad a trav\u00e9s de la valla fronteriza. Un n\u00famero indeterminado de migrantes subsaharianos retaba a las fuerzas policiales espa\u00f1olas y marroqu\u00edes y llegaba hasta la cerca de Benz\u00fa. 101 de ellos lograba su prop\u00f3sito, aunque 40 de los que consiguieron entrar precisaron de asistencia m\u00e9dica a causa de las heridas que se infligieron en el intento.<\/p>\n<p style=\"text-align: justify;\">Desde aquella fecha, han sido contados los casos en los que la escena se ha repetido. El pasado 4 de junio un grupo de 150 migrantes avanza desde Beliones hacia la valla, pero s\u00f3lo nueve consiguen trepar por ella. Tras siete horas encaramados a lo m\u00e1s alto, los j\u00f3venes son aceptados por la Guardia Civil y conducidos al Centro de Estancia Temporal de Inmigrantes (CETI).<\/p>\n<p style=\"text-align: justify;\">\u00a0Hasta el pasado s\u00e1bado, la valla hab\u00eda perdido protagonismo como estampa de la migraci\u00f3n, aunque los intentos no han cesado de repetirse. Sin embargo, desde abril, la mayor\u00eda de los acercamientos a la valla han sido aventuras individuales o de grupos muy reducidos.<\/p>\n<p style=\"text-align: justify;\">El 7 de junio, un chadiano de 25 a\u00f1os entra en territorio espa\u00f1ol despu\u00e9s de permanecer varias horas aferrado a un tramo de la valla ubicado en una zona cercana a Finca Berrocal. Seis d\u00edas m\u00e1s tarde, otros dos j\u00f3venes resultan heridos tras caer desde lo alto del cercado.<\/p>\n<p style=\"text-align: justify;\">El caso m\u00e1s llamativo, sin embargo, se produjo el 24 de junio cuando cuatro j\u00f3venes logran burlar la vigilancia policial y se hacen fuertes en un tramo de valla situado en el entorno de Fuerte Anyera. Poco a poco, las fuerzas les abandonan. Uno tras otro, son devueltos a territorio marroqu\u00ed. El \u00faltimo de ellos persever\u00f3 durante 30 horas, una actitud que se revel\u00f3 in\u00fatil. Los guardias tambi\u00e9n lo expulsaron al pa\u00eds vecino.<\/p>\n<p style=\"text-align: justify;\">La v\u00eda mar\u00edtima ha sido, desde entonces, el m\u00e9todo m\u00e1s profusamente utilizado por los migrantes que aguardan su oportunidad al otro lado de la frontera. Los traficantes, incluso, han recuperado viejos h\u00e1bitos. En los dos \u00faltimos meses, la Guardia Civil ha interceptado dos motos acu\u00e1ticas que intentaban introducir clandestinamente en el pa\u00eds a sus pasajeros. El pasado d\u00eda 10, en la playa de El Tarajal, fue detenido un piloto que acababa de desembarcar a dos guineanos, uno de ellos una mujer embarazada.<\/p>\n<p style=\"text-align: justify;\">Los \u201cmotores humanos\u201d tambi\u00e9n han vuelto a hacer acto de presencia en la costa. El pasador arrastra a su \u201ccliente\u201d, asegurado en una balsa neum\u00e1tica o en un flotador, mientras tira de \u00e9l nadando hasta la costa.<\/p>\n<p style=\"text-align: justify;\">El n\u00famero de migrantes que han conseguido entrar clandestinamente en la ciudad desde junio, y cuya presencia ha sido rastreada por las fuerzas de seguridad, asciende a 120.<\/p>\n","protected":false},"excerpt":{"rendered":"<p>Fue un salto frustrado. La madrugada el pasado s\u00e1bado las fuerzas marroqu\u00edes abortaban las intenciones de un numeroso grupo de migrantes dispuestos a franquear la valla de Benz\u00fa para acceder a Espa\u00f1a. La imagen de j\u00f3venes africanos encaramados al cercado&hellip;<\/p>\n","protected":false},"author":1278,"featured_media":353923,"comment_status":"closed","ping_status":"closed","sticky":false,"template":"","format":"standard","meta":{"footnotes":""},"categories":[79,66,39],"tags":[1155,29753,22931],"class_list":["post-353922","post","type-post","status-publish","format-standard","has-post-thumbnail","hentry","category-derechos-humanos","category-europa-es","category-internacional","tag-inmigracion","tag-salto","tag-valla-ceuta"],"yoast_head":"<!-- This site is optimized with the Yoast SEO plugin v27.1.1 - https:\/\/yoast.com\/product\/yoast-seo-wordpress\/ -->\n<title>El salto a la valla<\/title>\n<meta name=\"description\" content=\"Fue un salto frustrado. La madrugada el pasado s\u00e1bado las fuerzas marroqu\u00edes abortaban las intenciones de un numeroso grupo de migrantes dispuestos a\" \/>\n<meta name=\"robots\" content=\"index, follow, max-snippet:-1, max-image-preview:large, max-video-preview:-1\" \/>\n<link rel=\"canonical\" href=\"https:\/\/www.pressenza.com\/es\/2016\/08\/salto-la-valla\/\" \/>\n<meta property=\"og:locale\" content=\"es_ES\" \/>\n<meta property=\"og:type\" content=\"article\" \/>\n<meta property=\"og:title\" content=\"El salto a la valla\" \/>\n<meta property=\"og:description\" content=\"Fue un salto frustrado. La madrugada el pasado s\u00e1bado las fuerzas marroqu\u00edes abortaban las intenciones de un numeroso grupo de migrantes dispuestos a\" \/>\n<meta property=\"og:url\" content=\"https:\/\/www.pressenza.com\/es\/2016\/08\/salto-la-valla\/\" \/>\n<meta property=\"og:site_name\" content=\"Pressenza\" \/>\n<meta property=\"article:publisher\" content=\"https:\/\/www.facebook.com\/PressenzaItalia\" \/>\n<meta property=\"article:author\" content=\"https:\/\/www.facebook.com\/ceutaactualidad\/\" \/>\n<meta property=\"article:published_time\" content=\"2016-08-16T21:09:20+00:00\" \/>\n<meta property=\"og:image\" content=\"https:\/\/www.pressenza.com\/wp-content\/uploads\/2016\/08\/Tres-de-los-jovenes-que-lograron-entrar-en-la-ciudad-el-4-de-junio-tras-permanecer-durante-horas-encaramado-a-la-valla-de-Benz--.jpg\" \/>\n\t<meta property=\"og:image:width\" content=\"750\" \/>\n\t<meta property=\"og:image:height\" content=\"402\" \/>\n\t<meta property=\"og:image:type\" content=\"image\/jpeg\" \/>\n<meta name=\"author\" content=\"Ceuta Actualidad\" \/>\n<meta name=\"twitter:card\" content=\"summary_large_image\" \/>\n<meta name=\"twitter:creator\" content=\"@ceutaactualidad\" \/>\n<meta name=\"twitter:site\" content=\"@PressenzaIPA\" \/>\n<meta name=\"twitter:label1\" content=\"Escrito por\" \/>\n\t<meta name=\"twitter:data1\" content=\"Ceuta Actualidad\" \/>\n\t<meta name=\"twitter:label2\" content=\"Tiempo de lectura\" \/>\n\t<meta name=\"twitter:data2\" content=\"3 minutos\" \/>\n<script type=\"application\/ld+json\" class=\"yoast-schema-graph\">{\"@context\":\"https:\/\/schema.org\",\"@graph\":[{\"@type\":\"Article\",\"@id\":\"https:\/\/www.pressenza.com\/es\/2016\/08\/salto-la-valla\/#article\",\"isPartOf\":{\"@id\":\"https:\/\/www.pressenza.com\/es\/2016\/08\/salto-la-valla\/\"},\"author\":{\"name\":\"Ceuta Actualidad\",\"@id\":\"https:\/\/www.pressenza.com\/es\/#\/schema\/person\/6debab0be4d535c1a355c4db2b7cb125\"},\"headline\":\"El salto a la valla\",\"datePublished\":\"2016-08-16T21:09:20+00:00\",\"mainEntityOfPage\":{\"@id\":\"https:\/\/www.pressenza.com\/es\/2016\/08\/salto-la-valla\/\"},\"wordCount\":564,\"publisher\":{\"@id\":\"https:\/\/www.pressenza.com\/es\/#organization\"},\"image\":{\"@id\":\"https:\/\/www.pressenza.com\/es\/2016\/08\/salto-la-valla\/#primaryimage\"},\"thumbnailUrl\":\"https:\/\/www.pressenza.com\/wp-content\/uploads\/2016\/08\/Tres-de-los-jovenes-que-lograron-entrar-en-la-ciudad-el-4-de-junio-tras-permanecer-durante-horas-encaramado-a-la-valla-de-Benz--.jpg\",\"keywords\":[\"inmigraci\u00f3n\",\"Salto\",\"valla Ceuta\"],\"articleSection\":[\"Derechos Humanos\",\"Europa\",\"Internacional\"],\"inLanguage\":\"es\"},{\"@type\":\"WebPage\",\"@id\":\"https:\/\/www.pressenza.com\/es\/2016\/08\/salto-la-valla\/\",\"url\":\"https:\/\/www.pressenza.com\/es\/2016\/08\/salto-la-valla\/\",\"name\":\"El salto a la valla\",\"isPartOf\":{\"@id\":\"https:\/\/www.pressenza.com\/es\/#website\"},\"primaryImageOfPage\":{\"@id\":\"https:\/\/www.pressenza.com\/es\/2016\/08\/salto-la-valla\/#primaryimage\"},\"image\":{\"@id\":\"https:\/\/www.pressenza.com\/es\/2016\/08\/salto-la-valla\/#primaryimage\"},\"thumbnailUrl\":\"https:\/\/www.pressenza.com\/wp-content\/uploads\/2016\/08\/Tres-de-los-jovenes-que-lograron-entrar-en-la-ciudad-el-4-de-junio-tras-permanecer-durante-horas-encaramado-a-la-valla-de-Benz--.jpg\",\"datePublished\":\"2016-08-16T21:09:20+00:00\",\"description\":\"Fue un salto frustrado. La madrugada el pasado s\u00e1bado las fuerzas marroqu\u00edes abortaban las intenciones de un numeroso grupo de migrantes dispuestos a\",\"breadcrumb\":{\"@id\":\"https:\/\/www.pressenza.com\/es\/2016\/08\/salto-la-valla\/#breadcrumb\"},\"inLanguage\":\"es\",\"potentialAction\":[{\"@type\":\"ReadAction\",\"target\":[\"https:\/\/www.pressenza.com\/es\/2016\/08\/salto-la-valla\/\"]}]},{\"@type\":\"ImageObject\",\"inLanguage\":\"es\",\"@id\":\"https:\/\/www.pressenza.com\/es\/2016\/08\/salto-la-valla\/#primaryimage\",\"url\":\"https:\/\/www.pressenza.com\/wp-content\/uploads\/2016\/08\/Tres-de-los-jovenes-que-lograron-entrar-en-la-ciudad-el-4-de-junio-tras-permanecer-durante-horas-encaramado-a-la-valla-de-Benz--.jpg\",\"contentUrl\":\"https:\/\/www.pressenza.com\/wp-content\/uploads\/2016\/08\/Tres-de-los-jovenes-que-lograron-entrar-en-la-ciudad-el-4-de-junio-tras-permanecer-durante-horas-encaramado-a-la-valla-de-Benz--.jpg\",\"width\":750,\"height\":402},{\"@type\":\"BreadcrumbList\",\"@id\":\"https:\/\/www.pressenza.com\/es\/2016\/08\/salto-la-valla\/#breadcrumb\",\"itemListElement\":[{\"@type\":\"ListItem\",\"position\":1,\"name\":\"Accueil\",\"item\":\"https:\/\/www.pressenza.com\/es\/\"},{\"@type\":\"ListItem\",\"position\":2,\"name\":\"El salto a la valla\"}]},{\"@type\":\"WebSite\",\"@id\":\"https:\/\/www.pressenza.com\/es\/#website\",\"url\":\"https:\/\/www.pressenza.com\/es\/\",\"name\":\"Pressenza\",\"description\":\"International Press Agency\",\"publisher\":{\"@id\":\"https:\/\/www.pressenza.com\/es\/#organization\"},\"potentialAction\":[{\"@type\":\"SearchAction\",\"target\":{\"@type\":\"EntryPoint\",\"urlTemplate\":\"https:\/\/www.pressenza.com\/es\/?s={search_term_string}\"},\"query-input\":{\"@type\":\"PropertyValueSpecification\",\"valueRequired\":true,\"valueName\":\"search_term_string\"}}],\"inLanguage\":\"es\"},{\"@type\":\"Organization\",\"@id\":\"https:\/\/www.pressenza.com\/es\/#organization\",\"name\":\"Pressenza\",\"url\":\"https:\/\/www.pressenza.com\/es\/\",\"logo\":{\"@type\":\"ImageObject\",\"inLanguage\":\"es\",\"@id\":\"https:\/\/www.pressenza.com\/es\/#\/schema\/logo\/image\/\",\"url\":\"https:\/\/www.pressenza.com\/wp-content\/uploads\/2022\/10\/pressenza_logo_200x200.jpg\",\"contentUrl\":\"https:\/\/www.pressenza.com\/wp-content\/uploads\/2022\/10\/pressenza_logo_200x200.jpg\",\"width\":200,\"height\":200,\"caption\":\"Pressenza\"},\"image\":{\"@id\":\"https:\/\/www.pressenza.com\/es\/#\/schema\/logo\/image\/\"},\"sameAs\":[\"https:\/\/www.facebook.com\/PressenzaItalia\",\"https:\/\/x.com\/PressenzaIPA\"]},{\"@type\":\"Person\",\"@id\":\"https:\/\/www.pressenza.com\/es\/#\/schema\/person\/6debab0be4d535c1a355c4db2b7cb125\",\"name\":\"Ceuta Actualidad\",\"sameAs\":[\"https:\/\/www.facebook.com\/ceutaactualidad\/\",\"https:\/\/x.com\/ceutaactualidad\"],\"url\":\"https:\/\/www.pressenza.com\/es\/author\/ceuta-actualidad\/\"}]}<\/script>\n<!-- \/ Yoast SEO plugin. -->","yoast_head_json":{"title":"El salto a la valla","description":"Fue un salto frustrado. La madrugada el pasado s\u00e1bado las fuerzas marroqu\u00edes abortaban las intenciones de un numeroso grupo de migrantes dispuestos a","robots":{"index":"index","follow":"follow","max-snippet":"max-snippet:-1","max-image-preview":"max-image-preview:large","max-video-preview":"max-video-preview:-1"},"canonical":"https:\/\/www.pressenza.com\/es\/2016\/08\/salto-la-valla\/","og_locale":"es_ES","og_type":"article","og_title":"El salto a la valla","og_description":"Fue un salto frustrado. La madrugada el pasado s\u00e1bado las fuerzas marroqu\u00edes abortaban las intenciones de un numeroso grupo de migrantes dispuestos a","og_url":"https:\/\/www.pressenza.com\/es\/2016\/08\/salto-la-valla\/","og_site_name":"Pressenza","article_publisher":"https:\/\/www.facebook.com\/PressenzaItalia","article_author":"https:\/\/www.facebook.com\/ceutaactualidad\/","article_published_time":"2016-08-16T21:09:20+00:00","og_image":[{"width":750,"height":402,"url":"https:\/\/www.pressenza.com\/wp-content\/uploads\/2016\/08\/Tres-de-los-jovenes-que-lograron-entrar-en-la-ciudad-el-4-de-junio-tras-permanecer-durante-horas-encaramado-a-la-valla-de-Benz--.jpg","type":"image\/jpeg"}],"author":"Ceuta Actualidad","twitter_card":"summary_large_image","twitter_creator":"@ceutaactualidad","twitter_site":"@PressenzaIPA","twitter_misc":{"Escrito por":"Ceuta Actualidad","Tiempo de lectura":"3 minutos"},"schema":{"@context":"https:\/\/schema.org","@graph":[{"@type":"Article","@id":"https:\/\/www.pressenza.com\/es\/2016\/08\/salto-la-valla\/#article","isPartOf":{"@id":"https:\/\/www.pressenza.com\/es\/2016\/08\/salto-la-valla\/"},"author":{"name":"Ceuta Actualidad","@id":"https:\/\/www.pressenza.com\/es\/#\/schema\/person\/6debab0be4d535c1a355c4db2b7cb125"},"headline":"El salto a la valla","datePublished":"2016-08-16T21:09:20+00:00","mainEntityOfPage":{"@id":"https:\/\/www.pressenza.com\/es\/2016\/08\/salto-la-valla\/"},"wordCount":564,"publisher":{"@id":"https:\/\/www.pressenza.com\/es\/#organization"},"image":{"@id":"https:\/\/www.pressenza.com\/es\/2016\/08\/salto-la-valla\/#primaryimage"},"thumbnailUrl":"https:\/\/www.pressenza.com\/wp-content\/uploads\/2016\/08\/Tres-de-los-jovenes-que-lograron-entrar-en-la-ciudad-el-4-de-junio-tras-permanecer-durante-horas-encaramado-a-la-valla-de-Benz--.jpg","keywords":["inmigraci\u00f3n","Salto","valla Ceuta"],"articleSection":["Derechos Humanos","Europa","Internacional"],"inLanguage":"es"},{"@type":"WebPage","@id":"https:\/\/www.pressenza.com\/es\/2016\/08\/salto-la-valla\/","url":"https:\/\/www.pressenza.com\/es\/2016\/08\/salto-la-valla\/","name":"El salto a la valla","isPartOf":{"@id":"https:\/\/www.pressenza.com\/es\/#website"},"primaryImageOfPage":{"@id":"https:\/\/www.pressenza.com\/es\/2016\/08\/salto-la-valla\/#primaryimage"},"image":{"@id":"https:\/\/www.pressenza.com\/es\/2016\/08\/salto-la-valla\/#primaryimage"},"thumbnailUrl":"https:\/\/www.pressenza.com\/wp-content\/uploads\/2016\/08\/Tres-de-los-jovenes-que-lograron-entrar-en-la-ciudad-el-4-de-junio-tras-permanecer-durante-horas-encaramado-a-la-valla-de-Benz--.jpg","datePublished":"2016-08-16T21:09:20+00:00","description":"Fue un salto frustrado. La madrugada el pasado s\u00e1bado las fuerzas marroqu\u00edes abortaban las intenciones de un numeroso grupo de migrantes dispuestos a","breadcrumb":{"@id":"https:\/\/www.pressenza.com\/es\/2016\/08\/salto-la-valla\/#breadcrumb"},"inLanguage":"es","potentialAction":[{"@type":"ReadAction","target":["https:\/\/www.pressenza.com\/es\/2016\/08\/salto-la-valla\/"]}]},{"@type":"ImageObject","inLanguage":"es","@id":"https:\/\/www.pressenza.com\/es\/2016\/08\/salto-la-valla\/#primaryimage","url":"https:\/\/www.pressenza.com\/wp-content\/uploads\/2016\/08\/Tres-de-los-jovenes-que-lograron-entrar-en-la-ciudad-el-4-de-junio-tras-permanecer-durante-horas-encaramado-a-la-valla-de-Benz--.jpg","contentUrl":"https:\/\/www.pressenza.com\/wp-content\/uploads\/2016\/08\/Tres-de-los-jovenes-que-lograron-entrar-en-la-ciudad-el-4-de-junio-tras-permanecer-durante-horas-encaramado-a-la-valla-de-Benz--.jpg","width":750,"height":402},{"@type":"BreadcrumbList","@id":"https:\/\/www.pressenza.com\/es\/2016\/08\/salto-la-valla\/#breadcrumb","itemListElement":[{"@type":"ListItem","position":1,"name":"Accueil","item":"https:\/\/www.pressenza.com\/es\/"},{"@type":"ListItem","position":2,"name":"El salto a la valla"}]},{"@type":"WebSite","@id":"https:\/\/www.pressenza.com\/es\/#website","url":"https:\/\/www.pressenza.com\/es\/","name":"Pressenza","description":"International Press Agency","publisher":{"@id":"https:\/\/www.pressenza.com\/es\/#organization"},"potentialAction":[{"@type":"SearchAction","target":{"@type":"EntryPoint","urlTemplate":"https:\/\/www.pressenza.com\/es\/?s={search_term_string}"},"query-input":{"@type":"PropertyValueSpecification","valueRequired":true,"valueName":"search_term_string"}}],"inLanguage":"es"},{"@type":"Organization","@id":"https:\/\/www.pressenza.com\/es\/#organization","name":"Pressenza","url":"https:\/\/www.pressenza.com\/es\/","logo":{"@type":"ImageObject","inLanguage":"es","@id":"https:\/\/www.pressenza.com\/es\/#\/schema\/logo\/image\/","url":"https:\/\/www.pressenza.com\/wp-content\/uploads\/2022\/10\/pressenza_logo_200x200.jpg","contentUrl":"https:\/\/www.pressenza.com\/wp-content\/uploads\/2022\/10\/pressenza_logo_200x200.jpg","width":200,"height":200,"caption":"Pressenza"},"image":{"@id":"https:\/\/www.pressenza.com\/es\/#\/schema\/logo\/image\/"},"sameAs":["https:\/\/www.facebook.com\/PressenzaItalia","https:\/\/x.com\/PressenzaIPA"]},{"@type":"Person","@id":"https:\/\/www.pressenza.com\/es\/#\/schema\/person\/6debab0be4d535c1a355c4db2b7cb125","name":"Ceuta Actualidad","sameAs":["https:\/\/www.facebook.com\/ceutaactualidad\/","https:\/\/x.com\/ceutaactualidad"],"url":"https:\/\/www.pressenza.com\/es\/author\/ceuta-actualidad\/"}]}},"place":"Ceuta (Espa\u00f1a)","original_article_url":"http:\/\/www.ceutaactualidad.com\/articulo\/inmigracion\/salto-valla\/20160815094649029034.html","_links":{"self":[{"href":"https:\/\/www.pressenza.com\/es\/wp-json\/wp\/v2\/posts\/353922","targetHints":{"allow":["GET"]}}],"collection":[{"href":"https:\/\/www.pressenza.com\/es\/wp-json\/wp\/v2\/posts"}],"about":[{"href":"https:\/\/www.pressenza.com\/es\/wp-json\/wp\/v2\/types\/post"}],"author":[{"embeddable":true,"href":"https:\/\/www.pressenza.com\/es\/wp-json\/wp\/v2\/users\/1278"}],"replies":[{"embeddable":true,"href":"https:\/\/www.pressenza.com\/es\/wp-json\/wp\/v2\/comments?post=353922"}],"version-history":[{"count":0,"href":"https:\/\/www.pressenza.com\/es\/wp-json\/wp\/v2\/posts\/353922\/revisions"}],"wp:featuredmedia":[{"embeddable":true,"href":"https:\/\/www.pressenza.com\/es\/wp-json\/wp\/v2\/media\/353923"}],"wp:attachment":[{"href":"https:\/\/www.pressenza.com\/es\/wp-json\/wp\/v2\/media?parent=353922"}],"wp:term":[{"taxonomy":"category","embeddable":true,"href":"https:\/\/www.pressenza.com\/es\/wp-json\/wp\/v2\/categories?post=353922"},{"taxonomy":"post_tag","embeddable":true,"href":"https:\/\/www.pressenza.com\/es\/wp-json\/wp\/v2\/tags?post=353922"}],"curies":[{"name":"wp","href":"https:\/\/api.w.org\/{rel}","templated":true}]}}