{"id":353742,"date":"2016-08-16T14:20:17","date_gmt":"2016-08-16T13:20:17","guid":{"rendered":"http:\/\/www.pressenza.com\/es\/?p=353742"},"modified":"2016-08-16T14:20:17","modified_gmt":"2016-08-16T13:20:17","slug":"desierto-se-traga-al-territorio-africano","status":"publish","type":"post","link":"https:\/\/www.pressenza.com\/es\/2016\/08\/desierto-se-traga-al-territorio-africano\/","title":{"rendered":"El desierto se traga al territorio africano"},"content":{"rendered":"<p><span class=\"postauthor\"><em>Este art\u00edculo forma parte de una serie de dos reportajes sobre la llamada guerra contra el terror clim\u00e1tico.<\/em><\/p>\n<p><\/span><em><strong><span class=\"postauthor\">Por Baher Kamal<\/span><\/strong><\/em><\/p>\n<p>Las dos terceras partes del continente africano ya son desierto o est\u00e1n secas. Ese vasto territorio, el segundo mayor del mundo despu\u00e9s de Asia, es \u201cvital\u201d para la agricultura y para la producci\u00f3n de alimentos, pero casi tres cuartas partes de su superficie experimentan diversos grados de degradaci\u00f3n.<span id=\"more-132456\"><\/span><\/p>\n<p>El impactante diagn\u00f3stico de un continente con m\u00e1s de 30 millones de kil\u00f3metros cuadrados, donde viven 1.200 millones de personas dispersas en 54 pa\u00edses, pertenece al mayor foro dedicado a este problema, la <a href=\"http:\/\/www.unccd.int\/en\/Pages\/default.aspx\">Convenci\u00f3n de las Naciones Unidas para la Lucha contra la Desertificaci\u00f3n<\/a> (UNCCD).<\/p>\n<p>De hecho, en su informe \u201c<a href=\"http:\/\/www.unccd.int\/en\/regional-access\/Africa\/Pages\/alltext.aspx\">Atendiendo la desertificaci\u00f3n, la degradaci\u00f3n de tierras y la sequ\u00eda en \u00c1frica<\/a>\u201d, la UNCCD, con sede en Bonn, explica que ese continente sufre frecuentes sequ\u00edas severas, que han sido particularmente graves en los \u00faltimos a\u00f1os en el Cuerno de \u00c1frica y en la regi\u00f3n del Sahel.<\/p>\n<p>\u201cLa pobreza y la dif\u00edcil situaci\u00f3n socioecon\u00f3mica est\u00e1n generalizadas y, como resultado, muchas personas sobreviven recurriendo a los recursos naturales\u201d, subraya.<\/p>\n<p>La <a href=\"http:\/\/www.fao.org\/home\/es\/\">Organizaci\u00f3n de las Naciones Unidas para la Alimentaci\u00f3n y la Agricultura<\/a> (FAO), con sede en Roma, <a href=\"http:\/\/www.fao.org\/news\/story\/es\/item\/427098\/icode\/\">alert\u00f3<\/a> el 28 de julio que en \u201c\u00c1frica austral, agobiada por la sequ\u00eda, se corre una carrera contra el tiempo para garantizar que 23 millones de personas reciban asistencia agr\u00edcola\u201d.<\/p>\n<p>Para evitar que en 2018 dependan de la asistencia humanitaria, se necesitan con urgencia 109 millones de d\u00f3lares para distribuir semillas y otros insumos y servicios para plantar.<\/p>\n<p>La FAO inform\u00f3 que su <a href=\"http:\/\/www.fao.org\/emergencies\/recursos\/documentos\/recursos-detalle\/es\/c\/426926\/\">plan de respuesta<\/a> procura garantizar que se entreguen semillas, fertilizantes, herramientas y otros insumos y servicios para que los peque\u00f1os agricultores y pastores puedan hacer frente a las devastadoras consecuencias de la sequ\u00eda derivada del fen\u00f3meno de El Ni\u00f1o.<\/p>\n<p>\u201cLos agricultores tienen que poder plantar en octubre, de lo contrario en marzo de 2017 la cosecha volver\u00e1 a ser deficiente, lo que impactar\u00e1 severamente en la seguridad nutricional y alimentaria y en la subsistencia de la regi\u00f3n\u201d, detall\u00f3.<\/p>\n<p><strong>Situaci\u00f3n desesperada<\/strong><\/p>\n<p>El futuro cercano y el de mediano plazo no es nada prometedor para \u00c1frica; para 2020, entre 75 millones y 250 millones de personas podr\u00edan quedar expuestas a estr\u00e9s h\u00eddrico debido al cambio clim\u00e1tico. Adem\u00e1s, en algunos pa\u00edses, la producci\u00f3n que depende de las lluvias podr\u00eda reducirse 50 por ciento.<\/p>\n<div id=\"attachment_132459\" class=\"wp-caption alignleft\"><a href=\"http:\/\/cdn.ipsnoticias.net\/wp-content\/uploads\/2016\/08\/desierto2.jpg\"><img loading=\"lazy\" decoding=\"async\" class=\"size-full wp-image-132459\" title=\"El desierto se traga al territorio africano\" src=\"http:\/\/cdn.ipsnoticias.net\/wp-content\/uploads\/2016\/08\/desierto2.jpg\" alt=\"El desierto se traga al territorio africano\" width=\"629\" height=\"385\" \/><\/a><\/p>\n<p class=\"wp-caption-text\"><em>En \u00c1frica, hay 2.000 millones de hect\u00e1reas muy degradadas por la desertificaci\u00f3n. Cr\u00e9dito: Bigstock\/IPS.<\/em><\/p>\n<\/div>\n<p>La situaci\u00f3n es tan grave que la <a href=\"http:\/\/www.africandroughtconference.com\/\">Uni\u00f3n Africana<\/a> (UA), junto con la UNCCD y otros socios organizaron la Conferencia para la Sequ\u00eda en \u00c1frica, que se realizar\u00e1 del 15 al 19 de este mes en Windhoek, Namibia.<\/p>\n<p>En el encuentro participar\u00e1n unas 700 personas, que debatir\u00e1n sobre c\u00f3mo frenar y evitar el r\u00e1pido avance del desierto en este continente y, en particular, se concentrar\u00e1n en la mitigaci\u00f3n del impacto de las sequ\u00edas y en el desarrollo de pol\u00edticas nacionales para hacerle frente.<\/p>\n<p>La conferencia se realiza en un momento en que \u00c1frica oriental y austral sufren una de las peores sequ\u00edas de los \u00faltimos 50 a\u00f1os.<\/p>\n<p>Namibia parece una sede acorde para este encuentro porque, entre otras razones, figur\u00f3 en el lugar 51 entre los 120 pa\u00edses listados en el <a href=\"http:\/\/www.ifpri.org\/publication\/2014-global-hunger-index\">\u00cdndice Global del Hambre<\/a>, de 2014.<\/p>\n<p>La situaci\u00f3n en ese pa\u00eds mejor\u00f3, pero aun padece un \u201cgrave problema de alimentaci\u00f3n\u201d, <a href=\"http:\/\/www.na.undp.org\/content\/namibia\/en\/home\/ourwork\/our_stories\/african-drought-conference-launched-in-namibia.html\">se\u00f1al\u00f3<\/a> el <a href=\"http:\/\/www.undp.org\/\">Programa de las Naciones Unidas para el Desarrollo<\/a> (PNUD).<\/p>\n<p>\u201cLos continuos episodios de sequ\u00eda amenazan con desbaratar los logros obtenidos en el alivio a la pobreza, y es necesario que la respuesta sea colectiva\u201d, se\u00f1ala.<\/p>\n<p>En 2015, la sequ\u00eda redujo la producci\u00f3n agr\u00edcola nacional en 46 por ciento por debajo del promedio de 16 a\u00f1os, por lo que se estima que unas 370.300 personas corren el riesgo de pasar hambre, precisa el informe del PNUD.<\/p>\n<p>Las tres agencias que atienden cuestiones de alimentaci\u00f3n, la FAO, el <a href=\"https:\/\/www.ifad.org\/\">Fondo Internacional de Desarrollo Agr\u00edcola<\/a>(IFAD) y el <a href=\"http:\/\/es.wfp.org\/?_ga=1.135839089.1711677118.1468857561\">Programa Mundial de Alimentos<\/a> se\u00f1alan en su informe conjunto \u201c<a href=\"http:\/\/www.fao.org\/3\/a-i4646s.pdf\">El Estado de la Inseguridad Alimentaria en el Mundo<\/a>\u201d de 2015, que 42,7 por ciento de la poblaci\u00f3n de Namibia est\u00e1 subalimentada.<\/p>\n<p>Adem\u00e1s, diversas organizaciones de desarrollo estiman que m\u00e1s de 52 millones de personas sufren inseguridad alimentaria en \u00c1frica oriental y austral, y que el n\u00famero podr\u00eda aumentar.<\/p>\n<p>Cuatro de los 15 estados miembro de la <a href=\"http:\/\/www.sadc.int\/member-states\/\">Comunidad de Desarrollo de \u00c1frica Austral<\/a> (SADC) ya declararon una situaci\u00f3n de desastre nacional por la sequ\u00eda, y otros dos, denunciaron una emergencia parcial.<\/p>\n<p>A prop\u00f3sito, el primer ministro de Namibia, Saara Kuugongelwa-Amadhila, record\u00f3: \u201cLos recursos h\u00eddricos desempe\u00f1an un papel decisivo en el desarrollo econ\u00f3mico de todos los sectores. Invertir en garantizar la disponibilidad de agua no solo protege a la sociedad de riesgos concretos, sino que significa invertir para permitir el crecimiento econ\u00f3mico\u201d.<\/p>\n<p><strong>La peor sequ\u00eda en 35 a\u00f1os<\/strong><\/p>\n<p>Las \u00faltimas temporadas seguidas de sequ\u00edas, con el agregado de que la de este 2016 es la peor de los \u00faltimos 35 a\u00f1os, golpearon particularmente a las familias m\u00e1s vulnerables de las zonas rurales debido al aumento del precio del ma\u00edz y de otros cultivos b\u00e1sicos, precis\u00f3 la FAO.<\/p>\n<p>\u201cEl resultado es que casi 40 millones de personas en la regi\u00f3n podr\u00edan experimentar inseguridad alimentaria en el pico de escasez que se registrar\u00e1 a principios de 2017. Todos los pa\u00edses de \u00c1frica austral se ver\u00e1n afectados\u201d, observ\u00f3.<\/p>\n<p>\u201cEl elevado desempleo y las econom\u00edas paralizadas hacen que la principal forma de conseguir alimentos sea la producci\u00f3n propia. Ayudarlas a lograrlo representa un apoyo vital en la regi\u00f3n, donde por lo menos 70 por ciento de la poblaci\u00f3n depende de la agricultura para sobrevivir\u201d, alert\u00f3 David Phiri, coordinador para \u00c1frica austral de la FAO.<\/p>\n<p>Adem\u00e1s, la generalizada p\u00e9rdida de cultivos exacerb\u00f3 la malnutrici\u00f3n cr\u00f3nica. Hay denuncias de m\u00e1s de 640.000 animales muertos por la sequ\u00eda en Botswana, Swazilandia, Sud\u00e1frica, Namibia y Zimbabwe a ra\u00edz de la falta de pasturas, de agua y del brote de enfermedades.<\/p>\n<p>La FAO reclama inversiones que ofrezcan a las comunidades la capacidad de producir semillas tolerantes a la sequ\u00eda y forraje, adem\u00e1s de tecnolog\u00edas para practicar una <a href=\"http:\/\/www.fao.org\/climate-smart-agriculture\/es\/\">agricultura clim\u00e1ticamente inteligente<\/a>, como la agricultura de conservaci\u00f3n.<\/p>\n<p>El objetivo es permitir que las familias rurales construyan resiliencia y se preparen para futuros golpes, en especial porque aparecer\u00e1n nuevos desaf\u00edos.<\/p>\n<p>\u201cLa Ni\u00f1a, la otra parte del fen\u00f3meno de El Ni\u00f1o-Oscilaci\u00f3n del Sur, probablemente ocurra m\u00e1s adelante este a\u00f1o y, si bien puede traer buenas lluvias, que es bueno para la agricultura, hay que tomar medidas para mitigar el riesgo de inundaciones, que pueden destruir los cultivos y poner en riesgo al ganado, dej\u00e1ndolo m\u00e1s vulnerable a las enfermedades\u201d, alert\u00f3.<\/p>\n<p><em>Traducido por Ver\u00f3nica Firme<\/em><\/p>\n","protected":false},"excerpt":{"rendered":"<p>Este art\u00edculo forma parte de una serie de dos reportajes sobre la llamada guerra contra el terror clim\u00e1tico. Por Baher Kamal Las dos terceras partes del continente africano ya son desierto o est\u00e1n secas. Ese vasto territorio, el segundo mayor&hellip;<\/p>\n","protected":false},"author":347,"featured_media":353743,"comment_status":"closed","ping_status":"closed","sticky":false,"template":"","format":"standard","meta":{"footnotes":""},"categories":[64,76,78,39,161,1239],"tags":[16510,642,29741,29740,18922,631],"class_list":["post-353742","post","type-post","status-publish","format-standard","has-post-thumbnail","hentry","category-africa-es","category-relaciones-exteriores","category-medio-ambiente-ecologia","category-internacional","category-opiniones","category-salud","tag-africa-es","tag-agua","tag-desertificacion","tag-fao-unccd","tag-sequia","tag-violencia-economica"],"yoast_head":"<!-- This site is optimized with the Yoast SEO plugin v27.1.1 - https:\/\/yoast.com\/product\/yoast-seo-wordpress\/ -->\n<title>El desierto se traga al territorio africano<\/title>\n<meta name=\"description\" content=\"Este art\u00edculo forma parte de una serie de dos reportajes sobre la llamada guerra contra el terror clim\u00e1tico. Por Baher Kamal Las dos terceras partes del\" \/>\n<meta name=\"robots\" content=\"index, follow, max-snippet:-1, max-image-preview:large, max-video-preview:-1\" \/>\n<link rel=\"canonical\" href=\"https:\/\/www.pressenza.com\/es\/2016\/08\/desierto-se-traga-al-territorio-africano\/\" \/>\n<meta property=\"og:locale\" content=\"es_ES\" \/>\n<meta property=\"og:type\" content=\"article\" \/>\n<meta property=\"og:title\" content=\"El desierto se traga al territorio africano\" \/>\n<meta property=\"og:description\" content=\"Este art\u00edculo forma parte de una serie de dos reportajes sobre la llamada guerra contra el terror clim\u00e1tico. Por Baher Kamal Las dos terceras partes del\" \/>\n<meta property=\"og:url\" content=\"https:\/\/www.pressenza.com\/es\/2016\/08\/desierto-se-traga-al-territorio-africano\/\" \/>\n<meta property=\"og:site_name\" content=\"Pressenza\" \/>\n<meta property=\"article:publisher\" content=\"https:\/\/www.facebook.com\/PressenzaItalia\" \/>\n<meta property=\"article:author\" content=\"http:\/\/www.facebook.com\/ipsnoticias\" \/>\n<meta property=\"article:published_time\" content=\"2016-08-16T13:20:17+00:00\" \/>\n<meta property=\"og:image\" content=\"https:\/\/www.pressenza.com\/wp-content\/uploads\/2016\/08\/desierto-622x472.jpg\" \/>\n\t<meta property=\"og:image:width\" content=\"622\" \/>\n\t<meta property=\"og:image:height\" content=\"472\" \/>\n\t<meta property=\"og:image:type\" content=\"image\/jpeg\" \/>\n<meta name=\"author\" content=\"Inter Press Service\" \/>\n<meta name=\"twitter:card\" content=\"summary_large_image\" \/>\n<meta name=\"twitter:creator\" content=\"@ipsnoticias\" \/>\n<meta name=\"twitter:site\" content=\"@PressenzaIPA\" \/>\n<meta name=\"twitter:label1\" content=\"Escrito por\" \/>\n\t<meta name=\"twitter:data1\" content=\"Inter Press Service\" \/>\n\t<meta name=\"twitter:label2\" content=\"Tiempo de lectura\" \/>\n\t<meta name=\"twitter:data2\" content=\"6 minutos\" \/>\n<script type=\"application\/ld+json\" class=\"yoast-schema-graph\">{\"@context\":\"https:\/\/schema.org\",\"@graph\":[{\"@type\":\"Article\",\"@id\":\"https:\/\/www.pressenza.com\/es\/2016\/08\/desierto-se-traga-al-territorio-africano\/#article\",\"isPartOf\":{\"@id\":\"https:\/\/www.pressenza.com\/es\/2016\/08\/desierto-se-traga-al-territorio-africano\/\"},\"author\":{\"name\":\"Inter Press Service\",\"@id\":\"https:\/\/www.pressenza.com\/es\/#\/schema\/person\/7467f88f6765c239bdd52f3c432de81a\"},\"headline\":\"El desierto se traga al territorio africano\",\"datePublished\":\"2016-08-16T13:20:17+00:00\",\"mainEntityOfPage\":{\"@id\":\"https:\/\/www.pressenza.com\/es\/2016\/08\/desierto-se-traga-al-territorio-africano\/\"},\"wordCount\":1201,\"publisher\":{\"@id\":\"https:\/\/www.pressenza.com\/es\/#organization\"},\"image\":{\"@id\":\"https:\/\/www.pressenza.com\/es\/2016\/08\/desierto-se-traga-al-territorio-africano\/#primaryimage\"},\"thumbnailUrl\":\"https:\/\/www.pressenza.com\/wp-content\/uploads\/2016\/08\/desierto-622x472.jpg\",\"keywords\":[\"Africa\",\"Agua\",\"desertificaci\u00f3n\",\"FAO; UNCCD\",\"sequ\u00eda\",\"Violencia econ\u00f3mica\"],\"articleSection\":[\"Africa\",\"Asuntos internacionales\",\"Ecolog\u00eda y Medio Ambiente\",\"Internacional\",\"Opiniones\",\"Salud\"],\"inLanguage\":\"es\"},{\"@type\":\"WebPage\",\"@id\":\"https:\/\/www.pressenza.com\/es\/2016\/08\/desierto-se-traga-al-territorio-africano\/\",\"url\":\"https:\/\/www.pressenza.com\/es\/2016\/08\/desierto-se-traga-al-territorio-africano\/\",\"name\":\"El desierto se traga al territorio africano\",\"isPartOf\":{\"@id\":\"https:\/\/www.pressenza.com\/es\/#website\"},\"primaryImageOfPage\":{\"@id\":\"https:\/\/www.pressenza.com\/es\/2016\/08\/desierto-se-traga-al-territorio-africano\/#primaryimage\"},\"image\":{\"@id\":\"https:\/\/www.pressenza.com\/es\/2016\/08\/desierto-se-traga-al-territorio-africano\/#primaryimage\"},\"thumbnailUrl\":\"https:\/\/www.pressenza.com\/wp-content\/uploads\/2016\/08\/desierto-622x472.jpg\",\"datePublished\":\"2016-08-16T13:20:17+00:00\",\"description\":\"Este art\u00edculo forma parte de una serie de dos reportajes sobre la llamada guerra contra el terror clim\u00e1tico. Por Baher Kamal Las dos terceras partes del\",\"breadcrumb\":{\"@id\":\"https:\/\/www.pressenza.com\/es\/2016\/08\/desierto-se-traga-al-territorio-africano\/#breadcrumb\"},\"inLanguage\":\"es\",\"potentialAction\":[{\"@type\":\"ReadAction\",\"target\":[\"https:\/\/www.pressenza.com\/es\/2016\/08\/desierto-se-traga-al-territorio-africano\/\"]}]},{\"@type\":\"ImageObject\",\"inLanguage\":\"es\",\"@id\":\"https:\/\/www.pressenza.com\/es\/2016\/08\/desierto-se-traga-al-territorio-africano\/#primaryimage\",\"url\":\"https:\/\/www.pressenza.com\/wp-content\/uploads\/2016\/08\/desierto-622x472.jpg\",\"contentUrl\":\"https:\/\/www.pressenza.com\/wp-content\/uploads\/2016\/08\/desierto-622x472.jpg\",\"width\":622,\"height\":472},{\"@type\":\"BreadcrumbList\",\"@id\":\"https:\/\/www.pressenza.com\/es\/2016\/08\/desierto-se-traga-al-territorio-africano\/#breadcrumb\",\"itemListElement\":[{\"@type\":\"ListItem\",\"position\":1,\"name\":\"Accueil\",\"item\":\"https:\/\/www.pressenza.com\/es\/\"},{\"@type\":\"ListItem\",\"position\":2,\"name\":\"El desierto se traga al territorio africano\"}]},{\"@type\":\"WebSite\",\"@id\":\"https:\/\/www.pressenza.com\/es\/#website\",\"url\":\"https:\/\/www.pressenza.com\/es\/\",\"name\":\"Pressenza\",\"description\":\"International Press Agency\",\"publisher\":{\"@id\":\"https:\/\/www.pressenza.com\/es\/#organization\"},\"potentialAction\":[{\"@type\":\"SearchAction\",\"target\":{\"@type\":\"EntryPoint\",\"urlTemplate\":\"https:\/\/www.pressenza.com\/es\/?s={search_term_string}\"},\"query-input\":{\"@type\":\"PropertyValueSpecification\",\"valueRequired\":true,\"valueName\":\"search_term_string\"}}],\"inLanguage\":\"es\"},{\"@type\":\"Organization\",\"@id\":\"https:\/\/www.pressenza.com\/es\/#organization\",\"name\":\"Pressenza\",\"url\":\"https:\/\/www.pressenza.com\/es\/\",\"logo\":{\"@type\":\"ImageObject\",\"inLanguage\":\"es\",\"@id\":\"https:\/\/www.pressenza.com\/es\/#\/schema\/logo\/image\/\",\"url\":\"https:\/\/www.pressenza.com\/wp-content\/uploads\/2022\/10\/pressenza_logo_200x200.jpg\",\"contentUrl\":\"https:\/\/www.pressenza.com\/wp-content\/uploads\/2022\/10\/pressenza_logo_200x200.jpg\",\"width\":200,\"height\":200,\"caption\":\"Pressenza\"},\"image\":{\"@id\":\"https:\/\/www.pressenza.com\/es\/#\/schema\/logo\/image\/\"},\"sameAs\":[\"https:\/\/www.facebook.com\/PressenzaItalia\",\"https:\/\/x.com\/PressenzaIPA\"]},{\"@type\":\"Person\",\"@id\":\"https:\/\/www.pressenza.com\/es\/#\/schema\/person\/7467f88f6765c239bdd52f3c432de81a\",\"name\":\"Inter Press Service\",\"description\":\"IPS is an international communications institution at the heart of a global news agency that amplifies the voices of the South and civil society on development, globalisation, human rights and the environment. www.ipsnews.net\",\"sameAs\":[\"http:\/\/www.facebook.com\/ipsnoticias\",\"https:\/\/x.com\/ipsnoticias\"],\"url\":\"https:\/\/www.pressenza.com\/es\/author\/ips-inter-press-service\/\"}]}<\/script>\n<!-- \/ Yoast SEO plugin. -->","yoast_head_json":{"title":"El desierto se traga al territorio africano","description":"Este art\u00edculo forma parte de una serie de dos reportajes sobre la llamada guerra contra el terror clim\u00e1tico. Por Baher Kamal Las dos terceras partes del","robots":{"index":"index","follow":"follow","max-snippet":"max-snippet:-1","max-image-preview":"max-image-preview:large","max-video-preview":"max-video-preview:-1"},"canonical":"https:\/\/www.pressenza.com\/es\/2016\/08\/desierto-se-traga-al-territorio-africano\/","og_locale":"es_ES","og_type":"article","og_title":"El desierto se traga al territorio africano","og_description":"Este art\u00edculo forma parte de una serie de dos reportajes sobre la llamada guerra contra el terror clim\u00e1tico. Por Baher Kamal Las dos terceras partes del","og_url":"https:\/\/www.pressenza.com\/es\/2016\/08\/desierto-se-traga-al-territorio-africano\/","og_site_name":"Pressenza","article_publisher":"https:\/\/www.facebook.com\/PressenzaItalia","article_author":"http:\/\/www.facebook.com\/ipsnoticias","article_published_time":"2016-08-16T13:20:17+00:00","og_image":[{"width":622,"height":472,"url":"https:\/\/www.pressenza.com\/wp-content\/uploads\/2016\/08\/desierto-622x472.jpg","type":"image\/jpeg"}],"author":"Inter Press Service","twitter_card":"summary_large_image","twitter_creator":"@ipsnoticias","twitter_site":"@PressenzaIPA","twitter_misc":{"Escrito por":"Inter Press Service","Tiempo de lectura":"6 minutos"},"schema":{"@context":"https:\/\/schema.org","@graph":[{"@type":"Article","@id":"https:\/\/www.pressenza.com\/es\/2016\/08\/desierto-se-traga-al-territorio-africano\/#article","isPartOf":{"@id":"https:\/\/www.pressenza.com\/es\/2016\/08\/desierto-se-traga-al-territorio-africano\/"},"author":{"name":"Inter Press Service","@id":"https:\/\/www.pressenza.com\/es\/#\/schema\/person\/7467f88f6765c239bdd52f3c432de81a"},"headline":"El desierto se traga al territorio africano","datePublished":"2016-08-16T13:20:17+00:00","mainEntityOfPage":{"@id":"https:\/\/www.pressenza.com\/es\/2016\/08\/desierto-se-traga-al-territorio-africano\/"},"wordCount":1201,"publisher":{"@id":"https:\/\/www.pressenza.com\/es\/#organization"},"image":{"@id":"https:\/\/www.pressenza.com\/es\/2016\/08\/desierto-se-traga-al-territorio-africano\/#primaryimage"},"thumbnailUrl":"https:\/\/www.pressenza.com\/wp-content\/uploads\/2016\/08\/desierto-622x472.jpg","keywords":["Africa","Agua","desertificaci\u00f3n","FAO; UNCCD","sequ\u00eda","Violencia econ\u00f3mica"],"articleSection":["Africa","Asuntos internacionales","Ecolog\u00eda y Medio Ambiente","Internacional","Opiniones","Salud"],"inLanguage":"es"},{"@type":"WebPage","@id":"https:\/\/www.pressenza.com\/es\/2016\/08\/desierto-se-traga-al-territorio-africano\/","url":"https:\/\/www.pressenza.com\/es\/2016\/08\/desierto-se-traga-al-territorio-africano\/","name":"El desierto se traga al territorio africano","isPartOf":{"@id":"https:\/\/www.pressenza.com\/es\/#website"},"primaryImageOfPage":{"@id":"https:\/\/www.pressenza.com\/es\/2016\/08\/desierto-se-traga-al-territorio-africano\/#primaryimage"},"image":{"@id":"https:\/\/www.pressenza.com\/es\/2016\/08\/desierto-se-traga-al-territorio-africano\/#primaryimage"},"thumbnailUrl":"https:\/\/www.pressenza.com\/wp-content\/uploads\/2016\/08\/desierto-622x472.jpg","datePublished":"2016-08-16T13:20:17+00:00","description":"Este art\u00edculo forma parte de una serie de dos reportajes sobre la llamada guerra contra el terror clim\u00e1tico. Por Baher Kamal Las dos terceras partes del","breadcrumb":{"@id":"https:\/\/www.pressenza.com\/es\/2016\/08\/desierto-se-traga-al-territorio-africano\/#breadcrumb"},"inLanguage":"es","potentialAction":[{"@type":"ReadAction","target":["https:\/\/www.pressenza.com\/es\/2016\/08\/desierto-se-traga-al-territorio-africano\/"]}]},{"@type":"ImageObject","inLanguage":"es","@id":"https:\/\/www.pressenza.com\/es\/2016\/08\/desierto-se-traga-al-territorio-africano\/#primaryimage","url":"https:\/\/www.pressenza.com\/wp-content\/uploads\/2016\/08\/desierto-622x472.jpg","contentUrl":"https:\/\/www.pressenza.com\/wp-content\/uploads\/2016\/08\/desierto-622x472.jpg","width":622,"height":472},{"@type":"BreadcrumbList","@id":"https:\/\/www.pressenza.com\/es\/2016\/08\/desierto-se-traga-al-territorio-africano\/#breadcrumb","itemListElement":[{"@type":"ListItem","position":1,"name":"Accueil","item":"https:\/\/www.pressenza.com\/es\/"},{"@type":"ListItem","position":2,"name":"El desierto se traga al territorio africano"}]},{"@type":"WebSite","@id":"https:\/\/www.pressenza.com\/es\/#website","url":"https:\/\/www.pressenza.com\/es\/","name":"Pressenza","description":"International Press Agency","publisher":{"@id":"https:\/\/www.pressenza.com\/es\/#organization"},"potentialAction":[{"@type":"SearchAction","target":{"@type":"EntryPoint","urlTemplate":"https:\/\/www.pressenza.com\/es\/?s={search_term_string}"},"query-input":{"@type":"PropertyValueSpecification","valueRequired":true,"valueName":"search_term_string"}}],"inLanguage":"es"},{"@type":"Organization","@id":"https:\/\/www.pressenza.com\/es\/#organization","name":"Pressenza","url":"https:\/\/www.pressenza.com\/es\/","logo":{"@type":"ImageObject","inLanguage":"es","@id":"https:\/\/www.pressenza.com\/es\/#\/schema\/logo\/image\/","url":"https:\/\/www.pressenza.com\/wp-content\/uploads\/2022\/10\/pressenza_logo_200x200.jpg","contentUrl":"https:\/\/www.pressenza.com\/wp-content\/uploads\/2022\/10\/pressenza_logo_200x200.jpg","width":200,"height":200,"caption":"Pressenza"},"image":{"@id":"https:\/\/www.pressenza.com\/es\/#\/schema\/logo\/image\/"},"sameAs":["https:\/\/www.facebook.com\/PressenzaItalia","https:\/\/x.com\/PressenzaIPA"]},{"@type":"Person","@id":"https:\/\/www.pressenza.com\/es\/#\/schema\/person\/7467f88f6765c239bdd52f3c432de81a","name":"Inter Press Service","description":"IPS is an international communications institution at the heart of a global news agency that amplifies the voices of the South and civil society on development, globalisation, human rights and the environment. www.ipsnews.net","sameAs":["http:\/\/www.facebook.com\/ipsnoticias","https:\/\/x.com\/ipsnoticias"],"url":"https:\/\/www.pressenza.com\/es\/author\/ips-inter-press-service\/"}]}},"place":"Roma, Italia","original_article_url":"http:\/\/www.ipsnoticias.net\/2016\/08\/el-desierto-se-traga-al-territorio-africano\/","_links":{"self":[{"href":"https:\/\/www.pressenza.com\/es\/wp-json\/wp\/v2\/posts\/353742","targetHints":{"allow":["GET"]}}],"collection":[{"href":"https:\/\/www.pressenza.com\/es\/wp-json\/wp\/v2\/posts"}],"about":[{"href":"https:\/\/www.pressenza.com\/es\/wp-json\/wp\/v2\/types\/post"}],"author":[{"embeddable":true,"href":"https:\/\/www.pressenza.com\/es\/wp-json\/wp\/v2\/users\/347"}],"replies":[{"embeddable":true,"href":"https:\/\/www.pressenza.com\/es\/wp-json\/wp\/v2\/comments?post=353742"}],"version-history":[{"count":0,"href":"https:\/\/www.pressenza.com\/es\/wp-json\/wp\/v2\/posts\/353742\/revisions"}],"wp:featuredmedia":[{"embeddable":true,"href":"https:\/\/www.pressenza.com\/es\/wp-json\/wp\/v2\/media\/353743"}],"wp:attachment":[{"href":"https:\/\/www.pressenza.com\/es\/wp-json\/wp\/v2\/media?parent=353742"}],"wp:term":[{"taxonomy":"category","embeddable":true,"href":"https:\/\/www.pressenza.com\/es\/wp-json\/wp\/v2\/categories?post=353742"},{"taxonomy":"post_tag","embeddable":true,"href":"https:\/\/www.pressenza.com\/es\/wp-json\/wp\/v2\/tags?post=353742"}],"curies":[{"name":"wp","href":"https:\/\/api.w.org\/{rel}","templated":true}]}}