{"id":353180,"date":"2016-08-13T21:57:12","date_gmt":"2016-08-13T20:57:12","guid":{"rendered":"http:\/\/www.pressenza.com\/es\/?p=353180"},"modified":"2016-08-13T21:58:43","modified_gmt":"2016-08-13T20:58:43","slug":"353180","status":"publish","type":"post","link":"https:\/\/www.pressenza.com\/es\/2016\/08\/353180\/","title":{"rendered":"Madres de Plaza de Mayo realiz\u00f3 su hist\u00f3rica Marcha de los jueves, n\u00famero 2000"},"content":{"rendered":"<p>S\u00edmbolos hist\u00f3ricos de la resistencia contra la opresi\u00f3n en la Argentina, modelos de persistencia y de lucha noviolenta, las Madres de Plaza de Mayo cumplieron anteayer su Ronda de los jueves 2000. Desde el a\u00f1o 1977 cuando en plena dictadura los familiares de desaparecidos se juntaron en Plaza de Mayo para exigir que los dictadores respondieran a sus preguntas sobre el paradero de sus hijos, hijas, nietos y nietas. Estaba prohibido reunirse en lugares p\u00fablicos, con lo cual fueron obligadas a moverse, a circular, en la jerga policial. Y ese marchar alrededor de la Pir\u00e1mide de Mayo se repiti\u00f3 durante el resto de la dictadura, pero tambi\u00e9n con la llegada de la democracia.<\/p>\n<p>Esas madres se convirtieron en la vanguardia permanente de todos los reclamos, no solamente los que ten\u00edan que ver con los cr\u00edmenes cometidos durante la dictadura. Fue as\u00ed que en pleno estado de sitio en diciembre de 2001 cumplieron con su ceremonia y al ser reprimidas por la polic\u00eda, se desat\u00f3 la pueblada que deriv\u00f3 en la renuncia y huida en helic\u00f3ptero del presidente De la R\u00faa.<\/p>\n<p><em>Im\u00e1genes de Anne Thiebaut y Corinne Figueroa:<\/em><\/p>\n<div class=\"post-gallery\">\n\t\t\t<figure class=\"post-gallery-item\">\n\t\t\t\t<img decoding=\"async\" src=\"https:\/\/www.pressenza.com\/wp-content\/uploads\/2016\/08\/Anne-5-720x432.jpeg\" loading=\"lazy\">\n\t\t\t\t<figcaption>\n\t\t\t\t\t\n\t\t\t\t<\/figcaption>\n\t\t\t<\/figure>\n\t\t\t<figure class=\"post-gallery-item\">\n\t\t\t\t<img decoding=\"async\" src=\"https:\/\/www.pressenza.com\/wp-content\/uploads\/2016\/08\/Anne-4-720x432.jpeg\" loading=\"lazy\">\n\t\t\t\t<figcaption>\n\t\t\t\t\t\n\t\t\t\t<\/figcaption>\n\t\t\t<\/figure>\n\t\t\t<figure class=\"post-gallery-item\">\n\t\t\t\t<img decoding=\"async\" src=\"https:\/\/www.pressenza.com\/wp-content\/uploads\/2016\/08\/Anne-3-720x432.jpeg\" loading=\"lazy\">\n\t\t\t\t<figcaption>\n\t\t\t\t\t\n\t\t\t\t<\/figcaption>\n\t\t\t<\/figure>\n\t\t\t<figure class=\"post-gallery-item\">\n\t\t\t\t<img decoding=\"async\" src=\"https:\/\/www.pressenza.com\/wp-content\/uploads\/2016\/08\/Anne-2-720x432.jpeg\" loading=\"lazy\">\n\t\t\t\t<figcaption>\n\t\t\t\t\t\n\t\t\t\t<\/figcaption>\n\t\t\t<\/figure>\n\t\t\t<figure class=\"post-gallery-item\">\n\t\t\t\t<img decoding=\"async\" src=\"https:\/\/www.pressenza.com\/wp-content\/uploads\/2016\/08\/Anne-1-720x432.jpeg\" loading=\"lazy\">\n\t\t\t\t<figcaption>\n\t\t\t\t\t\n\t\t\t\t<\/figcaption>\n\t\t\t<\/figure>\n\t\t\t<figure class=\"post-gallery-item\">\n\t\t\t\t<img decoding=\"async\" src=\"https:\/\/www.pressenza.com\/wp-content\/uploads\/2016\/08\/coco-plaza-720x540.jpg\" loading=\"lazy\">\n\t\t\t\t<figcaption>\n\t\t\t\t\t\n\t\t\t\t<\/figcaption>\n\t\t\t<\/figure><\/div>\n<p>Hebe de Bonafini anunci\u00f3 ayer que volver\u00e1n las Marchas de la Resistencia, las que se detuvieron durante los a\u00f1os de gobierno kirchnerista. Es que la realidad argentina ha cambiado de manera dr\u00e1stica, del respeto hacia los organismos de derechos humanos de parte del poder ejecutivo, se ha pasado a la descalificaci\u00f3n; del fortalecimiento de las causas de Memoria, Verdad y Justicia, se ha pasado a la banalizaci\u00f3n del terrorismo de estado; del acompa\u00f1amiento gubernamental en los juicios contra los cr\u00edmenes de Lesa Humanidad, se ha pasado a favorecer la salida de las c\u00e1rceles de los genocidas condenados.<\/p>\n<p>Y as\u00ed como la semana anterior, la presidenta de las Madres de Plaza de Mayo, dio inicio a la rebeld\u00eda al poder judicial, el cual debe definir en los pr\u00f3ximos d\u00edas si los aumentos indiscriminados y feroces a las tarifas de servicios b\u00e1sicos son constitucionales o no, esta semana, y alcanzando ese n\u00famero incre\u00edble de 2000 jueves, se vuelve a poner al frente de los reclamos ante el gobierno de Mauricio Macri, al que declar\u00f3 \u201cenemigo\u201d.<\/p>\n<p><em>Im\u00e1genes de Paula Aiello, Esther Sosa, Iv\u00e1n Novotny y Carlos Luciani:<\/em><\/p>\n<div class=\"post-gallery\">\n\t\t\t<figure class=\"post-gallery-item\">\n\t\t\t\t<img decoding=\"async\" src=\"https:\/\/www.pressenza.com\/wp-content\/uploads\/2016\/08\/Esther-3-720x405.jpg\" loading=\"lazy\">\n\t\t\t\t<figcaption>\n\t\t\t\t\t\n\t\t\t\t<\/figcaption>\n\t\t\t<\/figure>\n\t\t\t<figure class=\"post-gallery-item\">\n\t\t\t\t<img decoding=\"async\" src=\"https:\/\/www.pressenza.com\/wp-content\/uploads\/2016\/08\/Esther-2.jpg\" loading=\"lazy\">\n\t\t\t\t<figcaption>\n\t\t\t\t\t\n\t\t\t\t<\/figcaption>\n\t\t\t<\/figure>\n\t\t\t<figure class=\"post-gallery-item\">\n\t\t\t\t<img decoding=\"async\" src=\"https:\/\/www.pressenza.com\/wp-content\/uploads\/2016\/08\/Paula-Aiello.jpg\" loading=\"lazy\">\n\t\t\t\t<figcaption>\n\t\t\t\t\t\n\t\t\t\t<\/figcaption>\n\t\t\t<\/figure>\n\t\t\t<figure class=\"post-gallery-item\">\n\t\t\t\t<img decoding=\"async\" src=\"https:\/\/www.pressenza.com\/wp-content\/uploads\/2016\/08\/Ivan-720x405.jpg\" loading=\"lazy\">\n\t\t\t\t<figcaption>\n\t\t\t\t\t\n\t\t\t\t<\/figcaption>\n\t\t\t<\/figure>\n\t\t\t<figure class=\"post-gallery-item\">\n\t\t\t\t<img decoding=\"async\" src=\"https:\/\/www.pressenza.com\/wp-content\/uploads\/2016\/08\/Carlos-Luciani-720x405.jpg\" loading=\"lazy\">\n\t\t\t\t<figcaption>\n\t\t\t\t\t\n\t\t\t\t<\/figcaption>\n\t\t\t<\/figure>\n\t\t\t<figure class=\"post-gallery-item\">\n\t\t\t\t<img decoding=\"async\" src=\"https:\/\/www.pressenza.com\/wp-content\/uploads\/2016\/08\/Esther-1-720x405.jpg\" loading=\"lazy\">\n\t\t\t\t<figcaption>\n\t\t\t\t\t\n\t\t\t\t<\/figcaption>\n\t\t\t<\/figure><\/div>\n<p>\u201cEstos d\u00edas han pasado cosas incre\u00edble: me plant\u00e9, s\u00ed, me plant\u00e9, dije basta. Pero no porque soy m\u00e1s macha, sino porque tengo claro que los pueblos podemos muchas cosas m\u00e1s de las que creemos. A veces los pueblos no sabemos cu\u00e1ntos instrumentos tenemos en nuestras manos. Nuestros hijos nos dec\u00edan que ten\u00edamos que llenar las calles y las plazas, por eso las Madres nunca fuimos Madres de escritorio, fuimos Madres de las calles. Hemos caminado mucho, pies ampollados y cansados, pero con qu\u00e9 honor, compa\u00f1eros, era por nuestros hijos\u201d les dijo a los miles de \u201csus otros hijos\u201d que la acompa\u00f1aron en la Plaza, pero tambi\u00e9n hacia todos los que sienten que se les estruje el alma ante las injusticias y la crueldad.<\/p>\n<p><em>La mirada de M.A.f.I.A.:<\/em><\/p>\n<div class=\"post-gallery\">\n\t\t\t<figure class=\"post-gallery-item\">\n\t\t\t\t<img decoding=\"async\" src=\"https:\/\/www.pressenza.com\/wp-content\/uploads\/2016\/08\/MAFIA-1-720x479.jpg\" loading=\"lazy\">\n\t\t\t\t<figcaption>\n\t\t\t\t\t\n\t\t\t\t<\/figcaption>\n\t\t\t<\/figure>\n\t\t\t<figure class=\"post-gallery-item\">\n\t\t\t\t<img decoding=\"async\" src=\"https:\/\/www.pressenza.com\/wp-content\/uploads\/2016\/08\/MAFIA-3-720x479.jpg\" loading=\"lazy\">\n\t\t\t\t<figcaption>\n\t\t\t\t\t\n\t\t\t\t<\/figcaption>\n\t\t\t<\/figure>\n\t\t\t<figure class=\"post-gallery-item\">\n\t\t\t\t<img decoding=\"async\" src=\"https:\/\/www.pressenza.com\/wp-content\/uploads\/2016\/08\/MAFIA-2-720x479.jpg\" loading=\"lazy\">\n\t\t\t\t<figcaption>\n\t\t\t\t\t\n\t\t\t\t<\/figcaption>\n\t\t\t<\/figure><\/div>\n<p>En varias ciudades del pa\u00eds y del mundo, se realizaron sendas rondas de apoyo y replicando esta lucha que se ha vuelto universal.<\/p>\n<p><em>Im\u00e1genes de Osvaldo Bocero y Coco Ya\u00f1ez:<\/em><\/p>\n<div class=\"post-gallery\">\n\t\t\t<figure class=\"post-gallery-item\">\n\t\t\t\t<img decoding=\"async\" src=\"https:\/\/www.pressenza.com\/wp-content\/uploads\/2016\/08\/Bocero-1-720x405.jpg\" loading=\"lazy\">\n\t\t\t\t<figcaption>\n\t\t\t\t\t\n\t\t\t\t<\/figcaption>\n\t\t\t<\/figure>\n\t\t\t<figure class=\"post-gallery-item\">\n\t\t\t\t<img decoding=\"async\" src=\"https:\/\/www.pressenza.com\/wp-content\/uploads\/2016\/08\/Coco-Ya--ez-720x480.jpg\" loading=\"lazy\">\n\t\t\t\t<figcaption>\n\t\t\t\t\t\n\t\t\t\t<\/figcaption>\n\t\t\t<\/figure>\n\t\t\t<figure class=\"post-gallery-item\">\n\t\t\t\t<img decoding=\"async\" src=\"https:\/\/www.pressenza.com\/wp-content\/uploads\/2016\/08\/julio-Rudman-720x480.jpg\" loading=\"lazy\">\n\t\t\t\t<figcaption>\n\t\t\t\t\t\n\t\t\t\t<\/figcaption>\n\t\t\t<\/figure>\n\t\t\t<figure class=\"post-gallery-item\">\n\t\t\t\t<img decoding=\"async\" src=\"https:\/\/www.pressenza.com\/wp-content\/uploads\/2016\/08\/Bocero-3-720x405.jpg\" loading=\"lazy\">\n\t\t\t\t<figcaption>\n\t\t\t\t\t\n\t\t\t\t<\/figcaption>\n\t\t\t<\/figure>\n\t\t\t<figure class=\"post-gallery-item\">\n\t\t\t\t<img decoding=\"async\" src=\"https:\/\/www.pressenza.com\/wp-content\/uploads\/2016\/08\/Bocero-2-720x405.jpg\" loading=\"lazy\">\n\t\t\t\t<figcaption>\n\t\t\t\t\t\n\t\t\t\t<\/figcaption>\n\t\t\t<\/figure><\/div>\n","protected":false},"excerpt":{"rendered":"<p>S\u00edmbolos hist\u00f3ricos de la resistencia contra la opresi\u00f3n en la Argentina, modelos de persistencia y de lucha noviolenta, las Madres de Plaza de Mayo cumplieron anteayer su Ronda de los jueves 2000. Desde el a\u00f1o 1977 cuando en plena dictadura&hellip;<\/p>\n","protected":false},"author":96,"featured_media":353182,"comment_status":"closed","ping_status":"closed","sticky":false,"template":"","format":"standard","meta":{"footnotes":""},"categories":[11389,79,5667,1242,67],"tags":[29690,26,441,22906,3977,29691,868,1030],"class_list":["post-353180","post","type-post","status-publish","format-standard","has-post-thumbnail","hentry","category-contenido-original","category-derechos-humanos","category-foto-reportajes","category-noviolencia-tema","category-sudamerica","tag-2000-rondas","tag-argentina","tag-derechos-humanos","tag-hebe-de-bonafini","tag-madres-de-plaza-de-mayo","tag-marcha-de-la-resistencia","tag-memoria","tag-verdad-y-justicia"],"yoast_head":"<!-- This site is optimized with the Yoast SEO plugin v27.1.1 - https:\/\/yoast.com\/product\/yoast-seo-wordpress\/ -->\n<title>Madres de Plaza de Mayo realiz\u00f3 su hist\u00f3rica Marcha de los jueves, n\u00famero 2000<\/title>\n<meta name=\"description\" content=\"S\u00edmbolos hist\u00f3ricos de la resistencia contra la opresi\u00f3n en la Argentina, modelos de persistencia y de lucha noviolenta, las Madres de Plaza de Mayo\" \/>\n<meta name=\"robots\" content=\"index, follow, max-snippet:-1, max-image-preview:large, max-video-preview:-1\" \/>\n<link rel=\"canonical\" href=\"https:\/\/www.pressenza.com\/es\/2016\/08\/353180\/\" \/>\n<meta property=\"og:locale\" content=\"es_ES\" \/>\n<meta property=\"og:type\" content=\"article\" \/>\n<meta property=\"og:title\" content=\"Madres de Plaza de Mayo realiz\u00f3 su hist\u00f3rica Marcha de los jueves, n\u00famero 2000\" \/>\n<meta property=\"og:description\" content=\"S\u00edmbolos hist\u00f3ricos de la resistencia contra la opresi\u00f3n en la Argentina, modelos de persistencia y de lucha noviolenta, las Madres de Plaza de Mayo\" \/>\n<meta property=\"og:url\" content=\"https:\/\/www.pressenza.com\/es\/2016\/08\/353180\/\" \/>\n<meta property=\"og:site_name\" content=\"Pressenza\" \/>\n<meta property=\"article:publisher\" content=\"https:\/\/www.facebook.com\/PressenzaItalia\" \/>\n<meta property=\"article:author\" content=\"https:\/\/www.facebook.com\/mariano.quiroga.779\" \/>\n<meta property=\"article:published_time\" content=\"2016-08-13T20:57:12+00:00\" \/>\n<meta property=\"article:modified_time\" content=\"2016-08-13T20:58:43+00:00\" \/>\n<meta property=\"og:image\" content=\"https:\/\/www.pressenza.com\/wp-content\/uploads\/2016\/08\/cartel-resistiendo.jpg\" \/>\n\t<meta property=\"og:image:width\" content=\"886\" \/>\n\t<meta property=\"og:image:height\" content=\"886\" \/>\n\t<meta property=\"og:image:type\" content=\"image\/jpeg\" \/>\n<meta name=\"author\" content=\"Mariano Quiroga\" \/>\n<meta name=\"twitter:card\" content=\"summary_large_image\" \/>\n<meta name=\"twitter:creator\" content=\"@MaruchoQuiroga\" \/>\n<meta name=\"twitter:site\" content=\"@PressenzaIPA\" \/>\n<meta name=\"twitter:label1\" content=\"Escrito por\" \/>\n\t<meta name=\"twitter:data1\" content=\"Mariano Quiroga\" \/>\n\t<meta name=\"twitter:label2\" content=\"Tiempo de lectura\" \/>\n\t<meta name=\"twitter:data2\" content=\"3 minutos\" \/>\n<script type=\"application\/ld+json\" class=\"yoast-schema-graph\">{\"@context\":\"https:\/\/schema.org\",\"@graph\":[{\"@type\":\"Article\",\"@id\":\"https:\/\/www.pressenza.com\/es\/2016\/08\/353180\/#article\",\"isPartOf\":{\"@id\":\"https:\/\/www.pressenza.com\/es\/2016\/08\/353180\/\"},\"author\":{\"name\":\"Mariano Quiroga\",\"@id\":\"https:\/\/www.pressenza.com\/es\/#\/schema\/person\/a0856fe41d8234b92503e6b28dc2585e\"},\"headline\":\"Madres de Plaza de Mayo realiz\u00f3 su hist\u00f3rica Marcha de los jueves, n\u00famero 2000\",\"datePublished\":\"2016-08-13T20:57:12+00:00\",\"dateModified\":\"2016-08-13T20:58:43+00:00\",\"mainEntityOfPage\":{\"@id\":\"https:\/\/www.pressenza.com\/es\/2016\/08\/353180\/\"},\"wordCount\":593,\"publisher\":{\"@id\":\"https:\/\/www.pressenza.com\/es\/#organization\"},\"image\":{\"@id\":\"https:\/\/www.pressenza.com\/es\/2016\/08\/353180\/#primaryimage\"},\"thumbnailUrl\":\"https:\/\/www.pressenza.com\/wp-content\/uploads\/2016\/08\/cartel-resistiendo.jpg\",\"keywords\":[\"2000 Rondas\",\"Argentina\",\"Derechos humanos\",\"Hebe de Bonafini\",\"Madres de Plaza de mayo\",\"Marcha de la resistencia\",\"memoria\",\"Verdad y Justicia\"],\"articleSection\":[\"Contenido Original\",\"Derechos Humanos\",\"Fotorreportajes\",\"Noviolencia\",\"Sudam\u00e9rica\"],\"inLanguage\":\"es\"},{\"@type\":\"WebPage\",\"@id\":\"https:\/\/www.pressenza.com\/es\/2016\/08\/353180\/\",\"url\":\"https:\/\/www.pressenza.com\/es\/2016\/08\/353180\/\",\"name\":\"Madres de Plaza de Mayo realiz\u00f3 su hist\u00f3rica Marcha de los jueves, n\u00famero 2000\",\"isPartOf\":{\"@id\":\"https:\/\/www.pressenza.com\/es\/#website\"},\"primaryImageOfPage\":{\"@id\":\"https:\/\/www.pressenza.com\/es\/2016\/08\/353180\/#primaryimage\"},\"image\":{\"@id\":\"https:\/\/www.pressenza.com\/es\/2016\/08\/353180\/#primaryimage\"},\"thumbnailUrl\":\"https:\/\/www.pressenza.com\/wp-content\/uploads\/2016\/08\/cartel-resistiendo.jpg\",\"datePublished\":\"2016-08-13T20:57:12+00:00\",\"dateModified\":\"2016-08-13T20:58:43+00:00\",\"description\":\"S\u00edmbolos hist\u00f3ricos de la resistencia contra la opresi\u00f3n en la Argentina, modelos de persistencia y de lucha noviolenta, las Madres de Plaza de Mayo\",\"breadcrumb\":{\"@id\":\"https:\/\/www.pressenza.com\/es\/2016\/08\/353180\/#breadcrumb\"},\"inLanguage\":\"es\",\"potentialAction\":[{\"@type\":\"ReadAction\",\"target\":[\"https:\/\/www.pressenza.com\/es\/2016\/08\/353180\/\"]}]},{\"@type\":\"ImageObject\",\"inLanguage\":\"es\",\"@id\":\"https:\/\/www.pressenza.com\/es\/2016\/08\/353180\/#primaryimage\",\"url\":\"https:\/\/www.pressenza.com\/wp-content\/uploads\/2016\/08\/cartel-resistiendo.jpg\",\"contentUrl\":\"https:\/\/www.pressenza.com\/wp-content\/uploads\/2016\/08\/cartel-resistiendo.jpg\",\"width\":886,\"height\":886},{\"@type\":\"BreadcrumbList\",\"@id\":\"https:\/\/www.pressenza.com\/es\/2016\/08\/353180\/#breadcrumb\",\"itemListElement\":[{\"@type\":\"ListItem\",\"position\":1,\"name\":\"Accueil\",\"item\":\"https:\/\/www.pressenza.com\/es\/\"},{\"@type\":\"ListItem\",\"position\":2,\"name\":\"Madres de Plaza de Mayo realiz\u00f3 su hist\u00f3rica Marcha de los jueves, n\u00famero 2000\"}]},{\"@type\":\"WebSite\",\"@id\":\"https:\/\/www.pressenza.com\/es\/#website\",\"url\":\"https:\/\/www.pressenza.com\/es\/\",\"name\":\"Pressenza\",\"description\":\"International Press Agency\",\"publisher\":{\"@id\":\"https:\/\/www.pressenza.com\/es\/#organization\"},\"potentialAction\":[{\"@type\":\"SearchAction\",\"target\":{\"@type\":\"EntryPoint\",\"urlTemplate\":\"https:\/\/www.pressenza.com\/es\/?s={search_term_string}\"},\"query-input\":{\"@type\":\"PropertyValueSpecification\",\"valueRequired\":true,\"valueName\":\"search_term_string\"}}],\"inLanguage\":\"es\"},{\"@type\":\"Organization\",\"@id\":\"https:\/\/www.pressenza.com\/es\/#organization\",\"name\":\"Pressenza\",\"url\":\"https:\/\/www.pressenza.com\/es\/\",\"logo\":{\"@type\":\"ImageObject\",\"inLanguage\":\"es\",\"@id\":\"https:\/\/www.pressenza.com\/es\/#\/schema\/logo\/image\/\",\"url\":\"https:\/\/www.pressenza.com\/wp-content\/uploads\/2022\/10\/pressenza_logo_200x200.jpg\",\"contentUrl\":\"https:\/\/www.pressenza.com\/wp-content\/uploads\/2022\/10\/pressenza_logo_200x200.jpg\",\"width\":200,\"height\":200,\"caption\":\"Pressenza\"},\"image\":{\"@id\":\"https:\/\/www.pressenza.com\/es\/#\/schema\/logo\/image\/\"},\"sameAs\":[\"https:\/\/www.facebook.com\/PressenzaItalia\",\"https:\/\/x.com\/PressenzaIPA\"]},{\"@type\":\"Person\",\"@id\":\"https:\/\/www.pressenza.com\/es\/#\/schema\/person\/a0856fe41d8234b92503e6b28dc2585e\",\"name\":\"Mariano Quiroga\",\"description\":\"Born in Buenos Aires, Argentina, in 1976, Mariano is a journalist, poet and international editor for Pressenza. His career includes publications in different countries and languages. Currently he is presenter on radio programmes in Ecuador and Argentina. A humanist communicator specialising in international politics, his vocation has led him to seek to build bridges that allow relationships to be made between data, events, people and contexts in order to create an inclusive look that synthesises the noblest searches for social justice and humanisation of the planet.\",\"sameAs\":[\"https:\/\/www.facebook.com\/mariano.quiroga.779\",\"https:\/\/x.com\/MaruchoQuiroga\"],\"url\":\"https:\/\/www.pressenza.com\/es\/author\/mariano-quiroga\/\"}]}<\/script>\n<!-- \/ Yoast SEO plugin. -->","yoast_head_json":{"title":"Madres de Plaza de Mayo realiz\u00f3 su hist\u00f3rica Marcha de los jueves, n\u00famero 2000","description":"S\u00edmbolos hist\u00f3ricos de la resistencia contra la opresi\u00f3n en la Argentina, modelos de persistencia y de lucha noviolenta, las Madres de Plaza de Mayo","robots":{"index":"index","follow":"follow","max-snippet":"max-snippet:-1","max-image-preview":"max-image-preview:large","max-video-preview":"max-video-preview:-1"},"canonical":"https:\/\/www.pressenza.com\/es\/2016\/08\/353180\/","og_locale":"es_ES","og_type":"article","og_title":"Madres de Plaza de Mayo realiz\u00f3 su hist\u00f3rica Marcha de los jueves, n\u00famero 2000","og_description":"S\u00edmbolos hist\u00f3ricos de la resistencia contra la opresi\u00f3n en la Argentina, modelos de persistencia y de lucha noviolenta, las Madres de Plaza de Mayo","og_url":"https:\/\/www.pressenza.com\/es\/2016\/08\/353180\/","og_site_name":"Pressenza","article_publisher":"https:\/\/www.facebook.com\/PressenzaItalia","article_author":"https:\/\/www.facebook.com\/mariano.quiroga.779","article_published_time":"2016-08-13T20:57:12+00:00","article_modified_time":"2016-08-13T20:58:43+00:00","og_image":[{"width":886,"height":886,"url":"https:\/\/www.pressenza.com\/wp-content\/uploads\/2016\/08\/cartel-resistiendo.jpg","type":"image\/jpeg"}],"author":"Mariano Quiroga","twitter_card":"summary_large_image","twitter_creator":"@MaruchoQuiroga","twitter_site":"@PressenzaIPA","twitter_misc":{"Escrito por":"Mariano Quiroga","Tiempo de lectura":"3 minutos"},"schema":{"@context":"https:\/\/schema.org","@graph":[{"@type":"Article","@id":"https:\/\/www.pressenza.com\/es\/2016\/08\/353180\/#article","isPartOf":{"@id":"https:\/\/www.pressenza.com\/es\/2016\/08\/353180\/"},"author":{"name":"Mariano Quiroga","@id":"https:\/\/www.pressenza.com\/es\/#\/schema\/person\/a0856fe41d8234b92503e6b28dc2585e"},"headline":"Madres de Plaza de Mayo realiz\u00f3 su hist\u00f3rica Marcha de los jueves, n\u00famero 2000","datePublished":"2016-08-13T20:57:12+00:00","dateModified":"2016-08-13T20:58:43+00:00","mainEntityOfPage":{"@id":"https:\/\/www.pressenza.com\/es\/2016\/08\/353180\/"},"wordCount":593,"publisher":{"@id":"https:\/\/www.pressenza.com\/es\/#organization"},"image":{"@id":"https:\/\/www.pressenza.com\/es\/2016\/08\/353180\/#primaryimage"},"thumbnailUrl":"https:\/\/www.pressenza.com\/wp-content\/uploads\/2016\/08\/cartel-resistiendo.jpg","keywords":["2000 Rondas","Argentina","Derechos humanos","Hebe de Bonafini","Madres de Plaza de mayo","Marcha de la resistencia","memoria","Verdad y Justicia"],"articleSection":["Contenido Original","Derechos Humanos","Fotorreportajes","Noviolencia","Sudam\u00e9rica"],"inLanguage":"es"},{"@type":"WebPage","@id":"https:\/\/www.pressenza.com\/es\/2016\/08\/353180\/","url":"https:\/\/www.pressenza.com\/es\/2016\/08\/353180\/","name":"Madres de Plaza de Mayo realiz\u00f3 su hist\u00f3rica Marcha de los jueves, n\u00famero 2000","isPartOf":{"@id":"https:\/\/www.pressenza.com\/es\/#website"},"primaryImageOfPage":{"@id":"https:\/\/www.pressenza.com\/es\/2016\/08\/353180\/#primaryimage"},"image":{"@id":"https:\/\/www.pressenza.com\/es\/2016\/08\/353180\/#primaryimage"},"thumbnailUrl":"https:\/\/www.pressenza.com\/wp-content\/uploads\/2016\/08\/cartel-resistiendo.jpg","datePublished":"2016-08-13T20:57:12+00:00","dateModified":"2016-08-13T20:58:43+00:00","description":"S\u00edmbolos hist\u00f3ricos de la resistencia contra la opresi\u00f3n en la Argentina, modelos de persistencia y de lucha noviolenta, las Madres de Plaza de Mayo","breadcrumb":{"@id":"https:\/\/www.pressenza.com\/es\/2016\/08\/353180\/#breadcrumb"},"inLanguage":"es","potentialAction":[{"@type":"ReadAction","target":["https:\/\/www.pressenza.com\/es\/2016\/08\/353180\/"]}]},{"@type":"ImageObject","inLanguage":"es","@id":"https:\/\/www.pressenza.com\/es\/2016\/08\/353180\/#primaryimage","url":"https:\/\/www.pressenza.com\/wp-content\/uploads\/2016\/08\/cartel-resistiendo.jpg","contentUrl":"https:\/\/www.pressenza.com\/wp-content\/uploads\/2016\/08\/cartel-resistiendo.jpg","width":886,"height":886},{"@type":"BreadcrumbList","@id":"https:\/\/www.pressenza.com\/es\/2016\/08\/353180\/#breadcrumb","itemListElement":[{"@type":"ListItem","position":1,"name":"Accueil","item":"https:\/\/www.pressenza.com\/es\/"},{"@type":"ListItem","position":2,"name":"Madres de Plaza de Mayo realiz\u00f3 su hist\u00f3rica Marcha de los jueves, n\u00famero 2000"}]},{"@type":"WebSite","@id":"https:\/\/www.pressenza.com\/es\/#website","url":"https:\/\/www.pressenza.com\/es\/","name":"Pressenza","description":"International Press Agency","publisher":{"@id":"https:\/\/www.pressenza.com\/es\/#organization"},"potentialAction":[{"@type":"SearchAction","target":{"@type":"EntryPoint","urlTemplate":"https:\/\/www.pressenza.com\/es\/?s={search_term_string}"},"query-input":{"@type":"PropertyValueSpecification","valueRequired":true,"valueName":"search_term_string"}}],"inLanguage":"es"},{"@type":"Organization","@id":"https:\/\/www.pressenza.com\/es\/#organization","name":"Pressenza","url":"https:\/\/www.pressenza.com\/es\/","logo":{"@type":"ImageObject","inLanguage":"es","@id":"https:\/\/www.pressenza.com\/es\/#\/schema\/logo\/image\/","url":"https:\/\/www.pressenza.com\/wp-content\/uploads\/2022\/10\/pressenza_logo_200x200.jpg","contentUrl":"https:\/\/www.pressenza.com\/wp-content\/uploads\/2022\/10\/pressenza_logo_200x200.jpg","width":200,"height":200,"caption":"Pressenza"},"image":{"@id":"https:\/\/www.pressenza.com\/es\/#\/schema\/logo\/image\/"},"sameAs":["https:\/\/www.facebook.com\/PressenzaItalia","https:\/\/x.com\/PressenzaIPA"]},{"@type":"Person","@id":"https:\/\/www.pressenza.com\/es\/#\/schema\/person\/a0856fe41d8234b92503e6b28dc2585e","name":"Mariano Quiroga","description":"Born in Buenos Aires, Argentina, in 1976, Mariano is a journalist, poet and international editor for Pressenza. His career includes publications in different countries and languages. Currently he is presenter on radio programmes in Ecuador and Argentina. A humanist communicator specialising in international politics, his vocation has led him to seek to build bridges that allow relationships to be made between data, events, people and contexts in order to create an inclusive look that synthesises the noblest searches for social justice and humanisation of the planet.","sameAs":["https:\/\/www.facebook.com\/mariano.quiroga.779","https:\/\/x.com\/MaruchoQuiroga"],"url":"https:\/\/www.pressenza.com\/es\/author\/mariano-quiroga\/"}]}},"place":"Ciudad de Buenos Aires, Argentina","original_article_url":"","_links":{"self":[{"href":"https:\/\/www.pressenza.com\/es\/wp-json\/wp\/v2\/posts\/353180","targetHints":{"allow":["GET"]}}],"collection":[{"href":"https:\/\/www.pressenza.com\/es\/wp-json\/wp\/v2\/posts"}],"about":[{"href":"https:\/\/www.pressenza.com\/es\/wp-json\/wp\/v2\/types\/post"}],"author":[{"embeddable":true,"href":"https:\/\/www.pressenza.com\/es\/wp-json\/wp\/v2\/users\/96"}],"replies":[{"embeddable":true,"href":"https:\/\/www.pressenza.com\/es\/wp-json\/wp\/v2\/comments?post=353180"}],"version-history":[{"count":0,"href":"https:\/\/www.pressenza.com\/es\/wp-json\/wp\/v2\/posts\/353180\/revisions"}],"wp:featuredmedia":[{"embeddable":true,"href":"https:\/\/www.pressenza.com\/es\/wp-json\/wp\/v2\/media\/353182"}],"wp:attachment":[{"href":"https:\/\/www.pressenza.com\/es\/wp-json\/wp\/v2\/media?parent=353180"}],"wp:term":[{"taxonomy":"category","embeddable":true,"href":"https:\/\/www.pressenza.com\/es\/wp-json\/wp\/v2\/categories?post=353180"},{"taxonomy":"post_tag","embeddable":true,"href":"https:\/\/www.pressenza.com\/es\/wp-json\/wp\/v2\/tags?post=353180"}],"curies":[{"name":"wp","href":"https:\/\/api.w.org\/{rel}","templated":true}]}}