{"id":35307,"date":"2013-01-26T14:47:14","date_gmt":"2013-01-26T14:47:14","guid":{"rendered":"http:\/\/www.pressenza.com\/?p=35307"},"modified":"2013-01-27T10:05:46","modified_gmt":"2013-01-27T10:05:46","slug":"pocas-esperanzas-tras-la-segunda-ronda-de-dialogos-entre-lideres-mapuche-y-el-gobierno-de-chile","status":"publish","type":"post","link":"https:\/\/www.pressenza.com\/es\/2013\/01\/pocas-esperanzas-tras-la-segunda-ronda-de-dialogos-entre-lideres-mapuche-y-el-gobierno-de-chile\/","title":{"rendered":"Pocas esperanzas tras la segunda ronda de di\u00e1logos entre l\u00edderes mapuche y el gobierno de Chile"},"content":{"rendered":"<p><strong>Por: Fabi\u00e1n Cu\u00e9llar para <a href=\"http:\/\/revoluciontrespuntocero.com\/pocas-esperanzas-tras-la-segunda-ronda-de-dialogos-entre-lideres-mapuche-y-el-gobierno-de-chile\/?utm_medium=facebook&amp;utm_source=twitterfeed\">Revoluci\u00f3n Trespuntocero<\/a><br \/>\n<\/strong><\/p>\n<p><strong>\u00a0@FCuellar3_0<\/strong><\/p>\n<p>L\u00edderes de las comunidades mapuche de La Araucan\u00eda participaron en una segunda ronda de conversaciones con el gobierno chileno con el fin de replantear sus demandas de autodeterminaci\u00f3n y autogobierno.<\/p>\n<p>La \u201ccercan\u00eda\u201d gubernamental se dio semanas despu\u00e9s de los ataques violentos presuntamente perpetrados por indios mapuches en la regi\u00f3n araucana. El discurso del presidente de Chile, Sebasti\u00e1n Pi\u00f1era, gira en torno a una supuesta <a href=\"http:\/\/revoluciontrespuntocero.com\/chile\/pinera-da-urgencia-a-reconocimiento-constitucional-de-pueblos-originarios\/\" target=\"_blank\">\u201cm\u00e1xima urgencia al reconocimiento constitucional de los pueblos originarios\u201d<\/a> aunque de igual forma afirm\u00f3 que en su gobierno est\u00e1n \u00a0\u201cabsolutamente convencidos de que Chile es un solo pa\u00eds, una sola naci\u00f3n, tenemos varios pueblos, tenemos muchas culturas, pero un solo pa\u00eds\u201d. \u00a0La declaraci\u00f3n desecha cualquier posibilidad de autonom\u00eda para la comunidad mapuche.<\/p>\n<p>Los ministros del Interior, Andr\u00e9s Chadwick, y de Desarrollo Social, Joaqu\u00edn Lav\u00edn, han sido los encargados de establecer comunicaci\u00f3n con l\u00edderes ind\u00edgenas, aunque algunos han sido excluidos de las conversaciones. Tal es el caso de Auc\u00e1n Huicalman, vocero del Consejo de Todas las Tierras y principal promotor de la autodeterminaci\u00f3n mapuche.<\/p>\n<p>La zona de La Araucan\u00eda, territorio de conflictos hist\u00f3ricos por el reclamo de tierras ancestrales, ha visto resurgir la violencia entre ind\u00ecgenas y agricultores. La l\u00f3gica del gobierno de Pi\u00f1era se inclina m\u00e1s hacia la resoluci\u00f3n del conflicto con intervenci\u00f3n \u00a0policial, y se cree que se busca justificarla con los ataques incendiarios y violentos de las \u00faltimas semanas.<\/p>\n<p>La verdadera urgencia de Pi\u00f1era se enfoca en conseguir el apoyo del Congreso de Chile para aprobar el proyecto de ley conocido como <a href=\"http:\/\/www.slideshare.net\/movilizatechile3\/pdf-leyhinzpeter\" target=\"_blank\">Ley Hinzpeter<\/a> que reformar\u00eda el art\u00edculo 269 del C\u00f3digo Penal en lo relativo a disturbios p\u00fablicos y que pretende criminalizar la protesta p\u00fablica.<\/p>\n<p>El ministro de Gobierno de Chile, Cristian Larroulet, asegur\u00f3 que la comunidad mapuche ten\u00eda apoyo de organizaciones extranjeras como las Fuerzas Armadas Revolucionarias de Colombia (FARC), declaraci\u00f3n que <a href=\"http:\/\/revoluciontrespuntocero.com\/chile\/el-gobierno-niega-ahora-que-los-mapuches-tengan-nexos-con-las-farc\/\" target=\"_blank\">desminti\u00f3 d\u00edas despu\u00e9s<\/a>.<\/p>\n<p>Entre las contradicciones y la decisi\u00f3n del gobierno de Pi\u00f1era de resolver el asunto sin un di\u00e1logo democr\u00e1tico, los \u00a0movimientos del gobierno chileno s\u00f3lo aportan a la opacidad. El verdadero conflicto sigue creciendo entre agricultores \u00a0y mapuches, quienes pelean las tierras que ambos creen suyas por derecho.<\/p>\n","protected":false},"excerpt":{"rendered":"<p>Por: Fabi\u00e1n Cu\u00e9llar para Revoluci\u00f3n Trespuntocero \u00a0@FCuellar3_0 L\u00edderes de las comunidades mapuche de La Araucan\u00eda participaron en una segunda ronda de conversaciones con el gobierno chileno con el fin de replantear sus demandas de autodeterminaci\u00f3n y autogobierno. La \u201ccercan\u00eda\u201d gubernamental&hellip;<\/p>\n","protected":false},"author":19,"featured_media":35310,"comment_status":"closed","ping_status":"open","sticky":false,"template":"","format":"standard","meta":{"footnotes":""},"categories":[80,67],"tags":[29,696,441,407,22210,381,702,729],"class_list":["post-35307","post","type-post","status-publish","format-standard","has-post-thumbnail","hentry","category-pueblos-originarios","category-sudamerica","tag-chile","tag-democracia","tag-derechos-humanos","tag-medio-ambiente","tag-pueblos-originarios","tag-recursos-naturales","tag-represion","tag-violencia-policial"],"yoast_head":"<!-- This site is optimized with the Yoast SEO plugin v27.1.1 - https:\/\/yoast.com\/product\/yoast-seo-wordpress\/ -->\n<title>Pocas esperanzas tras la segunda ronda de di\u00e1logos entre l\u00edderes mapuche y el gobierno de Chile<\/title>\n<meta name=\"description\" content=\"Por: Fabi\u00e1n Cu\u00e9llar para Revoluci\u00f3n Trespuntocero \u00a0@FCuellar3_0 L\u00edderes de las comunidades mapuche de La Araucan\u00eda participaron en una segunda ronda de\" \/>\n<meta name=\"robots\" content=\"index, follow, max-snippet:-1, max-image-preview:large, max-video-preview:-1\" \/>\n<link rel=\"canonical\" href=\"https:\/\/www.pressenza.com\/es\/2013\/01\/pocas-esperanzas-tras-la-segunda-ronda-de-dialogos-entre-lideres-mapuche-y-el-gobierno-de-chile\/\" \/>\n<meta property=\"og:locale\" content=\"es_ES\" \/>\n<meta property=\"og:type\" content=\"article\" \/>\n<meta property=\"og:title\" content=\"Pocas esperanzas tras la segunda ronda de di\u00e1logos entre l\u00edderes mapuche y el gobierno de Chile\" \/>\n<meta property=\"og:description\" content=\"Por: Fabi\u00e1n Cu\u00e9llar para Revoluci\u00f3n Trespuntocero \u00a0@FCuellar3_0 L\u00edderes de las comunidades mapuche de La Araucan\u00eda participaron en una segunda ronda de\" \/>\n<meta property=\"og:url\" content=\"https:\/\/www.pressenza.com\/es\/2013\/01\/pocas-esperanzas-tras-la-segunda-ronda-de-dialogos-entre-lideres-mapuche-y-el-gobierno-de-chile\/\" \/>\n<meta property=\"og:site_name\" content=\"Pressenza\" \/>\n<meta property=\"article:publisher\" content=\"https:\/\/www.facebook.com\/PressenzaItalia\" \/>\n<meta property=\"article:author\" content=\"https:\/\/www.facebook.com\/pressenza\" \/>\n<meta property=\"article:published_time\" content=\"2013-01-26T14:47:14+00:00\" \/>\n<meta property=\"article:modified_time\" content=\"2013-01-27T10:05:46+00:00\" \/>\n<meta property=\"og:image\" content=\"https:\/\/www.pressenza.com\/wp-content\/uploads\/2013\/01\/CHILE-MovilizacinMapuche-1024x664.jpg\" \/>\n\t<meta property=\"og:image:width\" content=\"1024\" \/>\n\t<meta property=\"og:image:height\" content=\"664\" \/>\n\t<meta property=\"og:image:type\" content=\"image\/jpeg\" \/>\n<meta name=\"author\" content=\"Pressenza IPA\" \/>\n<meta name=\"twitter:card\" content=\"summary_large_image\" \/>\n<meta name=\"twitter:creator\" content=\"@PressenzaIPA\" \/>\n<meta name=\"twitter:site\" content=\"@PressenzaIPA\" \/>\n<meta name=\"twitter:label1\" content=\"Escrito por\" \/>\n\t<meta name=\"twitter:data1\" content=\"Pressenza IPA\" \/>\n\t<meta name=\"twitter:label2\" content=\"Tiempo de lectura\" \/>\n\t<meta name=\"twitter:data2\" content=\"2 minutos\" \/>\n<script type=\"application\/ld+json\" class=\"yoast-schema-graph\">{\"@context\":\"https:\/\/schema.org\",\"@graph\":[{\"@type\":\"Article\",\"@id\":\"https:\/\/www.pressenza.com\/es\/2013\/01\/pocas-esperanzas-tras-la-segunda-ronda-de-dialogos-entre-lideres-mapuche-y-el-gobierno-de-chile\/#article\",\"isPartOf\":{\"@id\":\"https:\/\/www.pressenza.com\/es\/2013\/01\/pocas-esperanzas-tras-la-segunda-ronda-de-dialogos-entre-lideres-mapuche-y-el-gobierno-de-chile\/\"},\"author\":{\"name\":\"Pressenza IPA\",\"@id\":\"https:\/\/www.pressenza.com\/es\/#\/schema\/person\/010e5d02bcf40965427a1289a4cc8d75\"},\"headline\":\"Pocas esperanzas tras la segunda ronda de di\u00e1logos entre l\u00edderes mapuche y el gobierno de Chile\",\"datePublished\":\"2013-01-26T14:47:14+00:00\",\"dateModified\":\"2013-01-27T10:05:46+00:00\",\"mainEntityOfPage\":{\"@id\":\"https:\/\/www.pressenza.com\/es\/2013\/01\/pocas-esperanzas-tras-la-segunda-ronda-de-dialogos-entre-lideres-mapuche-y-el-gobierno-de-chile\/\"},\"wordCount\":422,\"publisher\":{\"@id\":\"https:\/\/www.pressenza.com\/es\/#organization\"},\"image\":{\"@id\":\"https:\/\/www.pressenza.com\/es\/2013\/01\/pocas-esperanzas-tras-la-segunda-ronda-de-dialogos-entre-lideres-mapuche-y-el-gobierno-de-chile\/#primaryimage\"},\"thumbnailUrl\":\"https:\/\/www.pressenza.com\/wp-content\/uploads\/2013\/01\/CHILE-MovilizacinMapuche-1024x664.jpg\",\"keywords\":[\"Chile\",\"Democracia\",\"Derechos humanos\",\"medio ambiente\",\"Pueblos Originarios\",\"Recursos naturales\",\"represi\u00f3n\",\"Violencia policial\"],\"articleSection\":[\"Pueblos Originarios\",\"Sudam\u00e9rica\"],\"inLanguage\":\"es\"},{\"@type\":\"WebPage\",\"@id\":\"https:\/\/www.pressenza.com\/es\/2013\/01\/pocas-esperanzas-tras-la-segunda-ronda-de-dialogos-entre-lideres-mapuche-y-el-gobierno-de-chile\/\",\"url\":\"https:\/\/www.pressenza.com\/es\/2013\/01\/pocas-esperanzas-tras-la-segunda-ronda-de-dialogos-entre-lideres-mapuche-y-el-gobierno-de-chile\/\",\"name\":\"Pocas esperanzas tras la segunda ronda de di\u00e1logos entre l\u00edderes mapuche y el gobierno de Chile\",\"isPartOf\":{\"@id\":\"https:\/\/www.pressenza.com\/es\/#website\"},\"primaryImageOfPage\":{\"@id\":\"https:\/\/www.pressenza.com\/es\/2013\/01\/pocas-esperanzas-tras-la-segunda-ronda-de-dialogos-entre-lideres-mapuche-y-el-gobierno-de-chile\/#primaryimage\"},\"image\":{\"@id\":\"https:\/\/www.pressenza.com\/es\/2013\/01\/pocas-esperanzas-tras-la-segunda-ronda-de-dialogos-entre-lideres-mapuche-y-el-gobierno-de-chile\/#primaryimage\"},\"thumbnailUrl\":\"https:\/\/www.pressenza.com\/wp-content\/uploads\/2013\/01\/CHILE-MovilizacinMapuche-1024x664.jpg\",\"datePublished\":\"2013-01-26T14:47:14+00:00\",\"dateModified\":\"2013-01-27T10:05:46+00:00\",\"description\":\"Por: Fabi\u00e1n Cu\u00e9llar para Revoluci\u00f3n Trespuntocero \u00a0@FCuellar3_0 L\u00edderes de las comunidades mapuche de La Araucan\u00eda participaron en una segunda ronda de\",\"breadcrumb\":{\"@id\":\"https:\/\/www.pressenza.com\/es\/2013\/01\/pocas-esperanzas-tras-la-segunda-ronda-de-dialogos-entre-lideres-mapuche-y-el-gobierno-de-chile\/#breadcrumb\"},\"inLanguage\":\"es\",\"potentialAction\":[{\"@type\":\"ReadAction\",\"target\":[\"https:\/\/www.pressenza.com\/es\/2013\/01\/pocas-esperanzas-tras-la-segunda-ronda-de-dialogos-entre-lideres-mapuche-y-el-gobierno-de-chile\/\"]}]},{\"@type\":\"ImageObject\",\"inLanguage\":\"es\",\"@id\":\"https:\/\/www.pressenza.com\/es\/2013\/01\/pocas-esperanzas-tras-la-segunda-ronda-de-dialogos-entre-lideres-mapuche-y-el-gobierno-de-chile\/#primaryimage\",\"url\":\"https:\/\/www.pressenza.com\/wp-content\/uploads\/2013\/01\/CHILE-MovilizacinMapuche-1024x664.jpg\",\"contentUrl\":\"https:\/\/www.pressenza.com\/wp-content\/uploads\/2013\/01\/CHILE-MovilizacinMapuche-1024x664.jpg\",\"width\":\"1024\",\"height\":\"664\"},{\"@type\":\"BreadcrumbList\",\"@id\":\"https:\/\/www.pressenza.com\/es\/2013\/01\/pocas-esperanzas-tras-la-segunda-ronda-de-dialogos-entre-lideres-mapuche-y-el-gobierno-de-chile\/#breadcrumb\",\"itemListElement\":[{\"@type\":\"ListItem\",\"position\":1,\"name\":\"Accueil\",\"item\":\"https:\/\/www.pressenza.com\/es\/\"},{\"@type\":\"ListItem\",\"position\":2,\"name\":\"Pocas esperanzas tras la segunda ronda de di\u00e1logos entre l\u00edderes mapuche y el gobierno de Chile\"}]},{\"@type\":\"WebSite\",\"@id\":\"https:\/\/www.pressenza.com\/es\/#website\",\"url\":\"https:\/\/www.pressenza.com\/es\/\",\"name\":\"Pressenza\",\"description\":\"International Press Agency\",\"publisher\":{\"@id\":\"https:\/\/www.pressenza.com\/es\/#organization\"},\"potentialAction\":[{\"@type\":\"SearchAction\",\"target\":{\"@type\":\"EntryPoint\",\"urlTemplate\":\"https:\/\/www.pressenza.com\/es\/?s={search_term_string}\"},\"query-input\":{\"@type\":\"PropertyValueSpecification\",\"valueRequired\":true,\"valueName\":\"search_term_string\"}}],\"inLanguage\":\"es\"},{\"@type\":\"Organization\",\"@id\":\"https:\/\/www.pressenza.com\/es\/#organization\",\"name\":\"Pressenza\",\"url\":\"https:\/\/www.pressenza.com\/es\/\",\"logo\":{\"@type\":\"ImageObject\",\"inLanguage\":\"es\",\"@id\":\"https:\/\/www.pressenza.com\/es\/#\/schema\/logo\/image\/\",\"url\":\"https:\/\/www.pressenza.com\/wp-content\/uploads\/2022\/10\/pressenza_logo_200x200.jpg\",\"contentUrl\":\"https:\/\/www.pressenza.com\/wp-content\/uploads\/2022\/10\/pressenza_logo_200x200.jpg\",\"width\":200,\"height\":200,\"caption\":\"Pressenza\"},\"image\":{\"@id\":\"https:\/\/www.pressenza.com\/es\/#\/schema\/logo\/image\/\"},\"sameAs\":[\"https:\/\/www.facebook.com\/PressenzaItalia\",\"https:\/\/x.com\/PressenzaIPA\"]},{\"@type\":\"Person\",\"@id\":\"https:\/\/www.pressenza.com\/es\/#\/schema\/person\/010e5d02bcf40965427a1289a4cc8d75\",\"name\":\"Pressenza IPA\",\"description\":\"News from Pressenza IPA correspondents\",\"sameAs\":[\"https:\/\/www.facebook.com\/pressenza\",\"https:\/\/x.com\/PressenzaIPA\"],\"url\":\"https:\/\/www.pressenza.com\/es\/author\/pressenza-ipa\/\"}]}<\/script>\n<!-- \/ Yoast SEO plugin. -->","yoast_head_json":{"title":"Pocas esperanzas tras la segunda ronda de di\u00e1logos entre l\u00edderes mapuche y el gobierno de Chile","description":"Por: Fabi\u00e1n Cu\u00e9llar para Revoluci\u00f3n Trespuntocero \u00a0@FCuellar3_0 L\u00edderes de las comunidades mapuche de La Araucan\u00eda participaron en una segunda ronda de","robots":{"index":"index","follow":"follow","max-snippet":"max-snippet:-1","max-image-preview":"max-image-preview:large","max-video-preview":"max-video-preview:-1"},"canonical":"https:\/\/www.pressenza.com\/es\/2013\/01\/pocas-esperanzas-tras-la-segunda-ronda-de-dialogos-entre-lideres-mapuche-y-el-gobierno-de-chile\/","og_locale":"es_ES","og_type":"article","og_title":"Pocas esperanzas tras la segunda ronda de di\u00e1logos entre l\u00edderes mapuche y el gobierno de Chile","og_description":"Por: Fabi\u00e1n Cu\u00e9llar para Revoluci\u00f3n Trespuntocero \u00a0@FCuellar3_0 L\u00edderes de las comunidades mapuche de La Araucan\u00eda participaron en una segunda ronda de","og_url":"https:\/\/www.pressenza.com\/es\/2013\/01\/pocas-esperanzas-tras-la-segunda-ronda-de-dialogos-entre-lideres-mapuche-y-el-gobierno-de-chile\/","og_site_name":"Pressenza","article_publisher":"https:\/\/www.facebook.com\/PressenzaItalia","article_author":"https:\/\/www.facebook.com\/pressenza","article_published_time":"2013-01-26T14:47:14+00:00","article_modified_time":"2013-01-27T10:05:46+00:00","og_image":[{"width":1024,"height":664,"url":"https:\/\/www.pressenza.com\/wp-content\/uploads\/2013\/01\/CHILE-MovilizacinMapuche-1024x664.jpg","type":"image\/jpeg"}],"author":"Pressenza IPA","twitter_card":"summary_large_image","twitter_creator":"@PressenzaIPA","twitter_site":"@PressenzaIPA","twitter_misc":{"Escrito por":"Pressenza IPA","Tiempo de lectura":"2 minutos"},"schema":{"@context":"https:\/\/schema.org","@graph":[{"@type":"Article","@id":"https:\/\/www.pressenza.com\/es\/2013\/01\/pocas-esperanzas-tras-la-segunda-ronda-de-dialogos-entre-lideres-mapuche-y-el-gobierno-de-chile\/#article","isPartOf":{"@id":"https:\/\/www.pressenza.com\/es\/2013\/01\/pocas-esperanzas-tras-la-segunda-ronda-de-dialogos-entre-lideres-mapuche-y-el-gobierno-de-chile\/"},"author":{"name":"Pressenza IPA","@id":"https:\/\/www.pressenza.com\/es\/#\/schema\/person\/010e5d02bcf40965427a1289a4cc8d75"},"headline":"Pocas esperanzas tras la segunda ronda de di\u00e1logos entre l\u00edderes mapuche y el gobierno de Chile","datePublished":"2013-01-26T14:47:14+00:00","dateModified":"2013-01-27T10:05:46+00:00","mainEntityOfPage":{"@id":"https:\/\/www.pressenza.com\/es\/2013\/01\/pocas-esperanzas-tras-la-segunda-ronda-de-dialogos-entre-lideres-mapuche-y-el-gobierno-de-chile\/"},"wordCount":422,"publisher":{"@id":"https:\/\/www.pressenza.com\/es\/#organization"},"image":{"@id":"https:\/\/www.pressenza.com\/es\/2013\/01\/pocas-esperanzas-tras-la-segunda-ronda-de-dialogos-entre-lideres-mapuche-y-el-gobierno-de-chile\/#primaryimage"},"thumbnailUrl":"https:\/\/www.pressenza.com\/wp-content\/uploads\/2013\/01\/CHILE-MovilizacinMapuche-1024x664.jpg","keywords":["Chile","Democracia","Derechos humanos","medio ambiente","Pueblos Originarios","Recursos naturales","represi\u00f3n","Violencia policial"],"articleSection":["Pueblos Originarios","Sudam\u00e9rica"],"inLanguage":"es"},{"@type":"WebPage","@id":"https:\/\/www.pressenza.com\/es\/2013\/01\/pocas-esperanzas-tras-la-segunda-ronda-de-dialogos-entre-lideres-mapuche-y-el-gobierno-de-chile\/","url":"https:\/\/www.pressenza.com\/es\/2013\/01\/pocas-esperanzas-tras-la-segunda-ronda-de-dialogos-entre-lideres-mapuche-y-el-gobierno-de-chile\/","name":"Pocas esperanzas tras la segunda ronda de di\u00e1logos entre l\u00edderes mapuche y el gobierno de Chile","isPartOf":{"@id":"https:\/\/www.pressenza.com\/es\/#website"},"primaryImageOfPage":{"@id":"https:\/\/www.pressenza.com\/es\/2013\/01\/pocas-esperanzas-tras-la-segunda-ronda-de-dialogos-entre-lideres-mapuche-y-el-gobierno-de-chile\/#primaryimage"},"image":{"@id":"https:\/\/www.pressenza.com\/es\/2013\/01\/pocas-esperanzas-tras-la-segunda-ronda-de-dialogos-entre-lideres-mapuche-y-el-gobierno-de-chile\/#primaryimage"},"thumbnailUrl":"https:\/\/www.pressenza.com\/wp-content\/uploads\/2013\/01\/CHILE-MovilizacinMapuche-1024x664.jpg","datePublished":"2013-01-26T14:47:14+00:00","dateModified":"2013-01-27T10:05:46+00:00","description":"Por: Fabi\u00e1n Cu\u00e9llar para Revoluci\u00f3n Trespuntocero \u00a0@FCuellar3_0 L\u00edderes de las comunidades mapuche de La Araucan\u00eda participaron en una segunda ronda de","breadcrumb":{"@id":"https:\/\/www.pressenza.com\/es\/2013\/01\/pocas-esperanzas-tras-la-segunda-ronda-de-dialogos-entre-lideres-mapuche-y-el-gobierno-de-chile\/#breadcrumb"},"inLanguage":"es","potentialAction":[{"@type":"ReadAction","target":["https:\/\/www.pressenza.com\/es\/2013\/01\/pocas-esperanzas-tras-la-segunda-ronda-de-dialogos-entre-lideres-mapuche-y-el-gobierno-de-chile\/"]}]},{"@type":"ImageObject","inLanguage":"es","@id":"https:\/\/www.pressenza.com\/es\/2013\/01\/pocas-esperanzas-tras-la-segunda-ronda-de-dialogos-entre-lideres-mapuche-y-el-gobierno-de-chile\/#primaryimage","url":"https:\/\/www.pressenza.com\/wp-content\/uploads\/2013\/01\/CHILE-MovilizacinMapuche-1024x664.jpg","contentUrl":"https:\/\/www.pressenza.com\/wp-content\/uploads\/2013\/01\/CHILE-MovilizacinMapuche-1024x664.jpg","width":"1024","height":"664"},{"@type":"BreadcrumbList","@id":"https:\/\/www.pressenza.com\/es\/2013\/01\/pocas-esperanzas-tras-la-segunda-ronda-de-dialogos-entre-lideres-mapuche-y-el-gobierno-de-chile\/#breadcrumb","itemListElement":[{"@type":"ListItem","position":1,"name":"Accueil","item":"https:\/\/www.pressenza.com\/es\/"},{"@type":"ListItem","position":2,"name":"Pocas esperanzas tras la segunda ronda de di\u00e1logos entre l\u00edderes mapuche y el gobierno de Chile"}]},{"@type":"WebSite","@id":"https:\/\/www.pressenza.com\/es\/#website","url":"https:\/\/www.pressenza.com\/es\/","name":"Pressenza","description":"International Press Agency","publisher":{"@id":"https:\/\/www.pressenza.com\/es\/#organization"},"potentialAction":[{"@type":"SearchAction","target":{"@type":"EntryPoint","urlTemplate":"https:\/\/www.pressenza.com\/es\/?s={search_term_string}"},"query-input":{"@type":"PropertyValueSpecification","valueRequired":true,"valueName":"search_term_string"}}],"inLanguage":"es"},{"@type":"Organization","@id":"https:\/\/www.pressenza.com\/es\/#organization","name":"Pressenza","url":"https:\/\/www.pressenza.com\/es\/","logo":{"@type":"ImageObject","inLanguage":"es","@id":"https:\/\/www.pressenza.com\/es\/#\/schema\/logo\/image\/","url":"https:\/\/www.pressenza.com\/wp-content\/uploads\/2022\/10\/pressenza_logo_200x200.jpg","contentUrl":"https:\/\/www.pressenza.com\/wp-content\/uploads\/2022\/10\/pressenza_logo_200x200.jpg","width":200,"height":200,"caption":"Pressenza"},"image":{"@id":"https:\/\/www.pressenza.com\/es\/#\/schema\/logo\/image\/"},"sameAs":["https:\/\/www.facebook.com\/PressenzaItalia","https:\/\/x.com\/PressenzaIPA"]},{"@type":"Person","@id":"https:\/\/www.pressenza.com\/es\/#\/schema\/person\/010e5d02bcf40965427a1289a4cc8d75","name":"Pressenza IPA","description":"News from Pressenza IPA correspondents","sameAs":["https:\/\/www.facebook.com\/pressenza","https:\/\/x.com\/PressenzaIPA"],"url":"https:\/\/www.pressenza.com\/es\/author\/pressenza-ipa\/"}]}},"place":"Santiago de Chile","original_article_url":"","_links":{"self":[{"href":"https:\/\/www.pressenza.com\/es\/wp-json\/wp\/v2\/posts\/35307","targetHints":{"allow":["GET"]}}],"collection":[{"href":"https:\/\/www.pressenza.com\/es\/wp-json\/wp\/v2\/posts"}],"about":[{"href":"https:\/\/www.pressenza.com\/es\/wp-json\/wp\/v2\/types\/post"}],"author":[{"embeddable":true,"href":"https:\/\/www.pressenza.com\/es\/wp-json\/wp\/v2\/users\/19"}],"replies":[{"embeddable":true,"href":"https:\/\/www.pressenza.com\/es\/wp-json\/wp\/v2\/comments?post=35307"}],"version-history":[{"count":0,"href":"https:\/\/www.pressenza.com\/es\/wp-json\/wp\/v2\/posts\/35307\/revisions"}],"wp:featuredmedia":[{"embeddable":true,"href":"https:\/\/www.pressenza.com\/es\/wp-json\/wp\/v2\/media\/35310"}],"wp:attachment":[{"href":"https:\/\/www.pressenza.com\/es\/wp-json\/wp\/v2\/media?parent=35307"}],"wp:term":[{"taxonomy":"category","embeddable":true,"href":"https:\/\/www.pressenza.com\/es\/wp-json\/wp\/v2\/categories?post=35307"},{"taxonomy":"post_tag","embeddable":true,"href":"https:\/\/www.pressenza.com\/es\/wp-json\/wp\/v2\/tags?post=35307"}],"curies":[{"name":"wp","href":"https:\/\/api.w.org\/{rel}","templated":true}]}}