{"id":353,"date":"2009-05-13T00:00:00","date_gmt":"2009-05-13T00:00:00","guid":{"rendered":""},"modified":"2012-11-01T19:06:35","modified_gmt":"2012-11-01T19:06:35","slug":"xapuntamos-a-que-sea-la-mayor-manifestacixn-por-la-paz-y-la-no-violencia-de-la-historiax","status":"publish","type":"post","link":"https:\/\/www.pressenza.com\/es\/2009\/05\/xapuntamos-a-que-sea-la-mayor-manifestacixn-por-la-paz-y-la-no-violencia-de-la-historiax\/","title":{"rendered":"\u201cApuntamos a que sea la mayor manifestaci\u00f3n por la Paz y la No Violencia de la historia\u201d"},"content":{"rendered":"<p>Esta ma\u00f1ana, en la Asociaci\u00f3n de la Prensa de Madrid, la organizaci\u00f3n humanista Mundo sin Guerras realiz\u00f3 la presentaci\u00f3n nacional de la Marcha Mundial por la Paz y la No violencia. En el acto estuvieron presentes un centenar de personas, provenientes de una gran diversidad de \u00e1mbitos, para manifestar su adhesi\u00f3n al proyecto y, en ciertos casos, informar de algunas de las iniciativas m\u00e1s significativas que se est\u00e1n impulsando.<\/p>\n<p>\u201cApuntamos a que sea la mayor manifestaci\u00f3n por la Paz y la No Violencia de la historia. \u00a1Tenemos que movilizarnos!\u00bb expresaba Rafael de la Rubia. Y prosegu\u00eda \u00abesta Marcha, que se construir\u00e1 con multitud de iniciativas simultaneas, entre el 2 de octubre de 2009 y el 2 de enero de 2010, exige la eliminaci\u00f3n de las armas nucleares, la retirada de las tropas invasoras de los territorios ocupados, la firma de tratados de no agresi\u00f3n entre pa\u00edses, el desarme proporcional y progresivo y el rechazo de la guerra entre pa\u00edses como m\u00e9todo de resoluci\u00f3n de conflictos. Queremos crear conciencia de la necesidad de repudiar todo tipo de violencia\u201d<\/p>\n<p>La Marcha Mundial por la Paz y la No violencia empez\u00f3 como proyecto de la asociaci\u00f3n humanista Mundo sin Guerras. Hasta el momento se han sumado cerca de 2000 organizaciones en todo el mundo. De un proyecto inicial de 40 pa\u00edses ya son m\u00e1s de 90 donde se celebrar\u00e1n actividades, y en m\u00e1s de 300 ciudades. Cuenta con cerca de 400.000 adhesiones, entre ellas 200 universidades y centros educativos, m\u00e1s de 800 personalidades de distintos \u00e1mbitos: premios Nobel (Esquivel, Saramago, Menchu); intelectuales (Galeano, Chomsky) y recientemente los artistas espa\u00f1oles Pen\u00e9lope Cruz y Pedro Almod\u00f3var.<\/p>\n<p>Los presidentes de Gobierno de Argentina, Chile, Croacia y Timor Oriental han adherido a la propuesta y en estas pr\u00f3ximas semanas se ir\u00e1n sumando otros gobernantes. Carmen Almendras, Embajadora de Bolivia en Espa\u00f1a, ha intervenido en la presentaci\u00f3n se\u00f1alando que \u201cBolivia es el primer estado que en su Constituci\u00f3n rechaza la guerra como forma de resolver conflictos\u201d .<\/p>\n<p>En el acto se cont\u00f3 con el testimonio de Nuria del Viso, investigadora del Centro de Investigaciones para la Paz CIP-Ecosocial, Hern\u00e1n Zin, periodista y reportero de guerra, el ciclista Abraham Olano, los cantantes Julio Castej\u00f3n (Asfalto) y Teo Cardalda (C\u00f3mplices) y Javier Gurruchaga, quienes animaron a apoyar y difundir la propuesta. \u201cNuestro gremio defiende la libertad y esta Marcha es una cuesti\u00f3n de libertad y de derechos\u201d, dijo Teo Cardalda. Por su parte, Javier Gurruchaga pidi\u00f3 a los medios de comunicaci\u00f3n que ayuden a crear conciencia: \u201cHay que crear una cultura de la no violencia. Hay que apoyar esta Marcha\u201d, dijo.<\/p>\n<p>En su intervenci\u00f3n, Pau Segado, portavoz del Movimiento Humanista en Espa\u00f1a, profundiz\u00f3 acerca del sentido y la oportunidad de esta Marcha Mundial. \u201cHasta hace poco\u201d, dijo Segado, \u201cestos objetivos hubieran sido rechazados por ut\u00f3picos e ingenuos. Hoy en cambio se discuten y aprueban en plenos de ayuntamientos y en organismos internacionales como Naciones Unidas. Se ha abierto una ventana de oportunidad en medio de la situaci\u00f3n m\u00e1s cr\u00edtica y turbulenta que recordamos. Es urgente y necesario crear conciencia por la paz y la no violencia\u201d <\/p>\n<p>\u201cLo que tienen en com\u00fan todos aquellos que adhieren a la Marcha Mundial por la Paz y la No violencia\u201d, expres\u00f3 el portavoz humanista, \u201ces que su adhesi\u00f3n nace del acto sencillo del que por conciencia adhiere a una causa digna y la comparte con otros. No discriminamos ni ponemos l\u00edmites a todos aquellos que quieren expresarse por la Paz y la No Violencia\u201d.<\/p>\n<p>Fotograf\u00edas del acto: http:\/\/picasaweb.google.com\/imagenpressenzaspain\/PresentacionMMEnEspana# <\/p>\n<p>V\u00eddeo: Para verlo en Youtube:<br \/>\n<iframe loading=\"lazy\" title=\"Presentaci\u00f3n en Espa\u00f1a de la Marcha Mundial\" width=\"500\" height=\"281\" src=\"https:\/\/www.youtube.com\/embed\/BNWsfMltHk8?feature=oembed\" frameborder=\"0\" allow=\"accelerometer; autoplay; clipboard-write; encrypted-media; gyroscope; picture-in-picture; web-share\" referrerpolicy=\"strict-origin-when-cross-origin\" allowfullscreen><\/iframe><\/p>\n<p>Para descargarlo en diferentes calidades y formatos:<br \/>\nhttp:\/\/marchamundial.tv\/Edicion\/20090513PresentacionMM\/<\/p>\n","protected":false},"excerpt":{"rendered":"<p>As\u00ed se ha manifestado Rafael de la Rubia, presidente de Mundo Sin Guerras y coordinador de esta Marcha, durante la presentaci\u00f3n en Espa\u00f1a de la Marcha Mundial por la Paz y la No Violencia.<\/p>\n","protected":false},"author":19,"featured_media":0,"comment_status":"closed","ping_status":"open","sticky":false,"template":"","format":"standard","meta":{"footnotes":""},"categories":[66,39,1242,1243],"tags":[],"class_list":["post-353","post","type-post","status-publish","format-standard","hentry","category-europa-es","category-internacional","category-noviolencia-tema","category-paz-desarme"],"yoast_head":"<!-- This site is optimized with the Yoast SEO plugin v27.1.1 - https:\/\/yoast.com\/product\/yoast-seo-wordpress\/ -->\n<title>\u201cApuntamos a que sea la mayor manifestaci\u00f3n por la Paz y la No Violencia de la historia\u201d<\/title>\n<meta name=\"description\" content=\"As\u00ed se ha manifestado Rafael de la Rubia, presidente de Mundo Sin Guerras y coordinador de esta Marcha, durante la presentaci\u00f3n en Espa\u00f1a de la Marcha Mundial por la Paz y la No Violencia.\" \/>\n<meta name=\"robots\" content=\"index, follow, max-snippet:-1, max-image-preview:large, max-video-preview:-1\" \/>\n<link rel=\"canonical\" href=\"https:\/\/www.pressenza.com\/es\/2009\/05\/xapuntamos-a-que-sea-la-mayor-manifestacixn-por-la-paz-y-la-no-violencia-de-la-historiax\/\" \/>\n<meta property=\"og:locale\" content=\"es_ES\" \/>\n<meta property=\"og:type\" content=\"article\" \/>\n<meta property=\"og:title\" content=\"\u201cApuntamos a que sea la mayor manifestaci\u00f3n por la Paz y la No Violencia de la historia\u201d\" \/>\n<meta property=\"og:description\" content=\"As\u00ed se ha manifestado Rafael de la Rubia, presidente de Mundo Sin Guerras y coordinador de esta Marcha, durante la presentaci\u00f3n en Espa\u00f1a de la Marcha Mundial por la Paz y la No Violencia.\" \/>\n<meta property=\"og:url\" content=\"https:\/\/www.pressenza.com\/es\/2009\/05\/xapuntamos-a-que-sea-la-mayor-manifestacixn-por-la-paz-y-la-no-violencia-de-la-historiax\/\" \/>\n<meta property=\"og:site_name\" content=\"Pressenza\" \/>\n<meta property=\"article:publisher\" content=\"https:\/\/www.facebook.com\/PressenzaItalia\" \/>\n<meta property=\"article:author\" content=\"https:\/\/www.facebook.com\/pressenza\" \/>\n<meta property=\"article:published_time\" content=\"2009-05-13T00:00:00+00:00\" \/>\n<meta property=\"article:modified_time\" content=\"2012-11-01T19:06:35+00:00\" \/>\n<meta name=\"author\" content=\"Pressenza IPA\" \/>\n<meta name=\"twitter:card\" content=\"summary_large_image\" \/>\n<meta name=\"twitter:creator\" content=\"@PressenzaIPA\" \/>\n<meta name=\"twitter:site\" content=\"@PressenzaIPA\" \/>\n<meta name=\"twitter:label1\" content=\"Escrito por\" \/>\n\t<meta name=\"twitter:data1\" content=\"Pressenza IPA\" \/>\n\t<meta name=\"twitter:label2\" content=\"Tiempo de lectura\" \/>\n\t<meta name=\"twitter:data2\" content=\"3 minutos\" \/>\n<script type=\"application\/ld+json\" class=\"yoast-schema-graph\">{\"@context\":\"https:\/\/schema.org\",\"@graph\":[{\"@type\":\"Article\",\"@id\":\"https:\/\/www.pressenza.com\/es\/2009\/05\/xapuntamos-a-que-sea-la-mayor-manifestacixn-por-la-paz-y-la-no-violencia-de-la-historiax\/#article\",\"isPartOf\":{\"@id\":\"https:\/\/www.pressenza.com\/es\/2009\/05\/xapuntamos-a-que-sea-la-mayor-manifestacixn-por-la-paz-y-la-no-violencia-de-la-historiax\/\"},\"author\":{\"name\":\"Pressenza IPA\",\"@id\":\"https:\/\/www.pressenza.com\/es\/#\/schema\/person\/010e5d02bcf40965427a1289a4cc8d75\"},\"headline\":\"\u201cApuntamos a que sea la mayor manifestaci\u00f3n por la Paz y la No Violencia de la historia\u201d\",\"datePublished\":\"2009-05-13T00:00:00+00:00\",\"dateModified\":\"2012-11-01T19:06:35+00:00\",\"mainEntityOfPage\":{\"@id\":\"https:\/\/www.pressenza.com\/es\/2009\/05\/xapuntamos-a-que-sea-la-mayor-manifestacixn-por-la-paz-y-la-no-violencia-de-la-historiax\/\"},\"wordCount\":665,\"publisher\":{\"@id\":\"https:\/\/www.pressenza.com\/es\/#organization\"},\"articleSection\":[\"Europa\",\"Internacional\",\"Noviolencia\",\"Paz y Desarme\"],\"inLanguage\":\"es\"},{\"@type\":\"WebPage\",\"@id\":\"https:\/\/www.pressenza.com\/es\/2009\/05\/xapuntamos-a-que-sea-la-mayor-manifestacixn-por-la-paz-y-la-no-violencia-de-la-historiax\/\",\"url\":\"https:\/\/www.pressenza.com\/es\/2009\/05\/xapuntamos-a-que-sea-la-mayor-manifestacixn-por-la-paz-y-la-no-violencia-de-la-historiax\/\",\"name\":\"\u201cApuntamos a que sea la mayor manifestaci\u00f3n por la Paz y la No Violencia de la historia\u201d\",\"isPartOf\":{\"@id\":\"https:\/\/www.pressenza.com\/es\/#website\"},\"datePublished\":\"2009-05-13T00:00:00+00:00\",\"dateModified\":\"2012-11-01T19:06:35+00:00\",\"description\":\"As\u00ed se ha manifestado Rafael de la Rubia, presidente de Mundo Sin Guerras y coordinador de esta Marcha, durante la presentaci\u00f3n en Espa\u00f1a de la Marcha Mundial por la Paz y la No Violencia.\",\"breadcrumb\":{\"@id\":\"https:\/\/www.pressenza.com\/es\/2009\/05\/xapuntamos-a-que-sea-la-mayor-manifestacixn-por-la-paz-y-la-no-violencia-de-la-historiax\/#breadcrumb\"},\"inLanguage\":\"es\",\"potentialAction\":[{\"@type\":\"ReadAction\",\"target\":[\"https:\/\/www.pressenza.com\/es\/2009\/05\/xapuntamos-a-que-sea-la-mayor-manifestacixn-por-la-paz-y-la-no-violencia-de-la-historiax\/\"]}]},{\"@type\":\"BreadcrumbList\",\"@id\":\"https:\/\/www.pressenza.com\/es\/2009\/05\/xapuntamos-a-que-sea-la-mayor-manifestacixn-por-la-paz-y-la-no-violencia-de-la-historiax\/#breadcrumb\",\"itemListElement\":[{\"@type\":\"ListItem\",\"position\":1,\"name\":\"Accueil\",\"item\":\"https:\/\/www.pressenza.com\/es\/\"},{\"@type\":\"ListItem\",\"position\":2,\"name\":\"\u201cApuntamos a que sea la mayor manifestaci\u00f3n por la Paz y la No Violencia de la historia\u201d\"}]},{\"@type\":\"WebSite\",\"@id\":\"https:\/\/www.pressenza.com\/es\/#website\",\"url\":\"https:\/\/www.pressenza.com\/es\/\",\"name\":\"Pressenza\",\"description\":\"International Press Agency\",\"publisher\":{\"@id\":\"https:\/\/www.pressenza.com\/es\/#organization\"},\"potentialAction\":[{\"@type\":\"SearchAction\",\"target\":{\"@type\":\"EntryPoint\",\"urlTemplate\":\"https:\/\/www.pressenza.com\/es\/?s={search_term_string}\"},\"query-input\":{\"@type\":\"PropertyValueSpecification\",\"valueRequired\":true,\"valueName\":\"search_term_string\"}}],\"inLanguage\":\"es\"},{\"@type\":\"Organization\",\"@id\":\"https:\/\/www.pressenza.com\/es\/#organization\",\"name\":\"Pressenza\",\"url\":\"https:\/\/www.pressenza.com\/es\/\",\"logo\":{\"@type\":\"ImageObject\",\"inLanguage\":\"es\",\"@id\":\"https:\/\/www.pressenza.com\/es\/#\/schema\/logo\/image\/\",\"url\":\"https:\/\/www.pressenza.com\/wp-content\/uploads\/2022\/10\/pressenza_logo_200x200.jpg\",\"contentUrl\":\"https:\/\/www.pressenza.com\/wp-content\/uploads\/2022\/10\/pressenza_logo_200x200.jpg\",\"width\":200,\"height\":200,\"caption\":\"Pressenza\"},\"image\":{\"@id\":\"https:\/\/www.pressenza.com\/es\/#\/schema\/logo\/image\/\"},\"sameAs\":[\"https:\/\/www.facebook.com\/PressenzaItalia\",\"https:\/\/x.com\/PressenzaIPA\"]},{\"@type\":\"Person\",\"@id\":\"https:\/\/www.pressenza.com\/es\/#\/schema\/person\/010e5d02bcf40965427a1289a4cc8d75\",\"name\":\"Pressenza IPA\",\"description\":\"News from Pressenza IPA correspondents\",\"sameAs\":[\"https:\/\/www.facebook.com\/pressenza\",\"https:\/\/x.com\/PressenzaIPA\"],\"url\":\"https:\/\/www.pressenza.com\/es\/author\/pressenza-ipa\/\"}]}<\/script>\n<!-- \/ Yoast SEO plugin. -->","yoast_head_json":{"title":"\u201cApuntamos a que sea la mayor manifestaci\u00f3n por la Paz y la No Violencia de la historia\u201d","description":"As\u00ed se ha manifestado Rafael de la Rubia, presidente de Mundo Sin Guerras y coordinador de esta Marcha, durante la presentaci\u00f3n en Espa\u00f1a de la Marcha Mundial por la Paz y la No Violencia.","robots":{"index":"index","follow":"follow","max-snippet":"max-snippet:-1","max-image-preview":"max-image-preview:large","max-video-preview":"max-video-preview:-1"},"canonical":"https:\/\/www.pressenza.com\/es\/2009\/05\/xapuntamos-a-que-sea-la-mayor-manifestacixn-por-la-paz-y-la-no-violencia-de-la-historiax\/","og_locale":"es_ES","og_type":"article","og_title":"\u201cApuntamos a que sea la mayor manifestaci\u00f3n por la Paz y la No Violencia de la historia\u201d","og_description":"As\u00ed se ha manifestado Rafael de la Rubia, presidente de Mundo Sin Guerras y coordinador de esta Marcha, durante la presentaci\u00f3n en Espa\u00f1a de la Marcha Mundial por la Paz y la No Violencia.","og_url":"https:\/\/www.pressenza.com\/es\/2009\/05\/xapuntamos-a-que-sea-la-mayor-manifestacixn-por-la-paz-y-la-no-violencia-de-la-historiax\/","og_site_name":"Pressenza","article_publisher":"https:\/\/www.facebook.com\/PressenzaItalia","article_author":"https:\/\/www.facebook.com\/pressenza","article_published_time":"2009-05-13T00:00:00+00:00","article_modified_time":"2012-11-01T19:06:35+00:00","author":"Pressenza IPA","twitter_card":"summary_large_image","twitter_creator":"@PressenzaIPA","twitter_site":"@PressenzaIPA","twitter_misc":{"Escrito por":"Pressenza IPA","Tiempo de lectura":"3 minutos"},"schema":{"@context":"https:\/\/schema.org","@graph":[{"@type":"Article","@id":"https:\/\/www.pressenza.com\/es\/2009\/05\/xapuntamos-a-que-sea-la-mayor-manifestacixn-por-la-paz-y-la-no-violencia-de-la-historiax\/#article","isPartOf":{"@id":"https:\/\/www.pressenza.com\/es\/2009\/05\/xapuntamos-a-que-sea-la-mayor-manifestacixn-por-la-paz-y-la-no-violencia-de-la-historiax\/"},"author":{"name":"Pressenza IPA","@id":"https:\/\/www.pressenza.com\/es\/#\/schema\/person\/010e5d02bcf40965427a1289a4cc8d75"},"headline":"\u201cApuntamos a que sea la mayor manifestaci\u00f3n por la Paz y la No Violencia de la historia\u201d","datePublished":"2009-05-13T00:00:00+00:00","dateModified":"2012-11-01T19:06:35+00:00","mainEntityOfPage":{"@id":"https:\/\/www.pressenza.com\/es\/2009\/05\/xapuntamos-a-que-sea-la-mayor-manifestacixn-por-la-paz-y-la-no-violencia-de-la-historiax\/"},"wordCount":665,"publisher":{"@id":"https:\/\/www.pressenza.com\/es\/#organization"},"articleSection":["Europa","Internacional","Noviolencia","Paz y Desarme"],"inLanguage":"es"},{"@type":"WebPage","@id":"https:\/\/www.pressenza.com\/es\/2009\/05\/xapuntamos-a-que-sea-la-mayor-manifestacixn-por-la-paz-y-la-no-violencia-de-la-historiax\/","url":"https:\/\/www.pressenza.com\/es\/2009\/05\/xapuntamos-a-que-sea-la-mayor-manifestacixn-por-la-paz-y-la-no-violencia-de-la-historiax\/","name":"\u201cApuntamos a que sea la mayor manifestaci\u00f3n por la Paz y la No Violencia de la historia\u201d","isPartOf":{"@id":"https:\/\/www.pressenza.com\/es\/#website"},"datePublished":"2009-05-13T00:00:00+00:00","dateModified":"2012-11-01T19:06:35+00:00","description":"As\u00ed se ha manifestado Rafael de la Rubia, presidente de Mundo Sin Guerras y coordinador de esta Marcha, durante la presentaci\u00f3n en Espa\u00f1a de la Marcha Mundial por la Paz y la No Violencia.","breadcrumb":{"@id":"https:\/\/www.pressenza.com\/es\/2009\/05\/xapuntamos-a-que-sea-la-mayor-manifestacixn-por-la-paz-y-la-no-violencia-de-la-historiax\/#breadcrumb"},"inLanguage":"es","potentialAction":[{"@type":"ReadAction","target":["https:\/\/www.pressenza.com\/es\/2009\/05\/xapuntamos-a-que-sea-la-mayor-manifestacixn-por-la-paz-y-la-no-violencia-de-la-historiax\/"]}]},{"@type":"BreadcrumbList","@id":"https:\/\/www.pressenza.com\/es\/2009\/05\/xapuntamos-a-que-sea-la-mayor-manifestacixn-por-la-paz-y-la-no-violencia-de-la-historiax\/#breadcrumb","itemListElement":[{"@type":"ListItem","position":1,"name":"Accueil","item":"https:\/\/www.pressenza.com\/es\/"},{"@type":"ListItem","position":2,"name":"\u201cApuntamos a que sea la mayor manifestaci\u00f3n por la Paz y la No Violencia de la historia\u201d"}]},{"@type":"WebSite","@id":"https:\/\/www.pressenza.com\/es\/#website","url":"https:\/\/www.pressenza.com\/es\/","name":"Pressenza","description":"International Press Agency","publisher":{"@id":"https:\/\/www.pressenza.com\/es\/#organization"},"potentialAction":[{"@type":"SearchAction","target":{"@type":"EntryPoint","urlTemplate":"https:\/\/www.pressenza.com\/es\/?s={search_term_string}"},"query-input":{"@type":"PropertyValueSpecification","valueRequired":true,"valueName":"search_term_string"}}],"inLanguage":"es"},{"@type":"Organization","@id":"https:\/\/www.pressenza.com\/es\/#organization","name":"Pressenza","url":"https:\/\/www.pressenza.com\/es\/","logo":{"@type":"ImageObject","inLanguage":"es","@id":"https:\/\/www.pressenza.com\/es\/#\/schema\/logo\/image\/","url":"https:\/\/www.pressenza.com\/wp-content\/uploads\/2022\/10\/pressenza_logo_200x200.jpg","contentUrl":"https:\/\/www.pressenza.com\/wp-content\/uploads\/2022\/10\/pressenza_logo_200x200.jpg","width":200,"height":200,"caption":"Pressenza"},"image":{"@id":"https:\/\/www.pressenza.com\/es\/#\/schema\/logo\/image\/"},"sameAs":["https:\/\/www.facebook.com\/PressenzaItalia","https:\/\/x.com\/PressenzaIPA"]},{"@type":"Person","@id":"https:\/\/www.pressenza.com\/es\/#\/schema\/person\/010e5d02bcf40965427a1289a4cc8d75","name":"Pressenza IPA","description":"News from Pressenza IPA correspondents","sameAs":["https:\/\/www.facebook.com\/pressenza","https:\/\/x.com\/PressenzaIPA"],"url":"https:\/\/www.pressenza.com\/es\/author\/pressenza-ipa\/"}]}},"place":"Madrid","original_article_url":"","_links":{"self":[{"href":"https:\/\/www.pressenza.com\/es\/wp-json\/wp\/v2\/posts\/353","targetHints":{"allow":["GET"]}}],"collection":[{"href":"https:\/\/www.pressenza.com\/es\/wp-json\/wp\/v2\/posts"}],"about":[{"href":"https:\/\/www.pressenza.com\/es\/wp-json\/wp\/v2\/types\/post"}],"author":[{"embeddable":true,"href":"https:\/\/www.pressenza.com\/es\/wp-json\/wp\/v2\/users\/19"}],"replies":[{"embeddable":true,"href":"https:\/\/www.pressenza.com\/es\/wp-json\/wp\/v2\/comments?post=353"}],"version-history":[{"count":0,"href":"https:\/\/www.pressenza.com\/es\/wp-json\/wp\/v2\/posts\/353\/revisions"}],"wp:attachment":[{"href":"https:\/\/www.pressenza.com\/es\/wp-json\/wp\/v2\/media?parent=353"}],"wp:term":[{"taxonomy":"category","embeddable":true,"href":"https:\/\/www.pressenza.com\/es\/wp-json\/wp\/v2\/categories?post=353"},{"taxonomy":"post_tag","embeddable":true,"href":"https:\/\/www.pressenza.com\/es\/wp-json\/wp\/v2\/tags?post=353"}],"curies":[{"name":"wp","href":"https:\/\/api.w.org\/{rel}","templated":true}]}}