{"id":351966,"date":"2016-08-11T15:52:50","date_gmt":"2016-08-11T14:52:50","guid":{"rendered":"http:\/\/www.pressenza.com\/es\/?p=351966"},"modified":"2016-08-11T15:52:50","modified_gmt":"2016-08-11T14:52:50","slug":"malestar-las-victimas-del-atentado-la-amia-inoperancia-del-fiscal-nisman","status":"publish","type":"post","link":"https:\/\/www.pressenza.com\/es\/2016\/08\/malestar-las-victimas-del-atentado-la-amia-inoperancia-del-fiscal-nisman\/","title":{"rendered":"Malestar entre las v\u00edctimas del atentado de la AMIA por inoperancia del fiscal Nisman"},"content":{"rendered":"<p><strong>Comunicado de Memoria Activa \u2013 10 de Agosto de 2016<\/strong><\/p>\n<p>AMIA: De un n\u00famero a un nombre<\/p>\n<div class=\"text_exposed_show\">\n<p>Augusto Daniel Jes\u00fas ten\u00eda 20 a\u00f1os el 18 de julio de 1994, cuando junto a su mam\u00e1 Mar\u00eda Lourdes Jes\u00fas y a 83 personas, fue asesinado en el atentado terrorista contra la sede de la AMIA.<br \/>\nEl maquiav\u00e9lico armado de la causa AMIA siempre puso el eje sobre el final, desde el d\u00eda uno inventaron una historia que deb\u00eda cerrar a como diera lugar, r\u00e1pido, sin oposiciones ni contratiempos. Las pruebas no importaban, se inventaban, los testimonios se consegu\u00edan, las declaraciones se pagaban, y en medio de esto los muertos no importaban.<br \/>\nPrimero eran 86 pero uno se les apareci\u00f3 vivito y coleando de repente, as\u00ed que de pronto los muertos eran 85.<br \/>\n85 n\u00fameros con 84 nombres, pero tampoco importaba<br \/>\n.<br \/>\nPrimero el ex juez Juan Jos\u00e9 Galeano, los ex fiscales Eamon Mullen y Jos\u00e9 Barbaccia, el ex director de la Unidad Antiterrorista Jorge Fino Palacios, y despu\u00e9s el fallecido fiscal Alberto Nisman: todos ellos siempre preocupados por hacerles caso a sus \u201cjefes de turno\u201d e intentando convencernos que ten\u00edan algo m\u00e1s, eso que iba a ser importante y que iba a destrabar m\u00e1gicamente la oscura trama.<\/p>\n<p>Jam\u00e1s en 20 a\u00f1os hicieron ni lo que deb\u00edan ni lo que pod\u00edan hacer.<br \/>\nNos mintieron, nos mintieron siempre, su \u00fanico trabajo consisti\u00f3 en armar un encubrimiento para que nunca lleguemos a la verdad.<br \/>\nEs probable que les hayan prometido negocios, alfombras rojas, puestos importantes, viajes; y a cambio de esto muchos de ellos hoy est\u00e1n en el banquillo de los acusados en un juicio oral, y el ex fiscal Nisman tambi\u00e9n estar\u00eda imputado.Durante a\u00f1os le pedimos a Nisman que haga los estudios de ADN y se negaba sistem\u00e1ticamente argumentando que eso podr\u00eda enojar o entristecer a los familiares de las v\u00edctimas.<\/p>\n<p>Los dirigentes de la DAIA nos dicen que \u201cya se sabe todo\u201d que curioso y ofensivo, lo \u00fanico que realmente sabemos es el uso y manoseo pol\u00edtico que todos le dan a la Causa AMIA desde hace 22 a\u00f1os.<\/p>\n<p>A ninguno de ellos nunca les import\u00f3 la verdad, ni la justicia, ni los muertos, ni los heridos, ni sus familiares.<br \/>\nTodos estas personas que representaron a la justicia nos averg\u00fcenzan y deben ser condenados.<br \/>\nHoy el trabajo de la UFI AMIA a cargo de los Doctores Namer, Salum y Fillipini le devolvieron su nombre a Augusto.<br \/>\nHoy las querellas de familiares que no permitimos que la causa AMIA se cierre con mentiras y pactos espurios de alguna manera le devolvemos a Augusto su nombre.<br \/>\nLos muertos de la AMIA si importan, los muertos de la AMIA s\u00ed nos importan.<br \/>\nHoy todos los muertos tienen nombre.<br \/>\nPor Augusto decimos: PRESENTE.<br \/>\nJusticia, Justicia perseguiremos\u2026..<br \/>\nAdriana Reisfeld \u2013 Presidente<br \/>\nDiana Malamud \u2013 Secretaria General<\/p>\n<\/div>\n","protected":false},"excerpt":{"rendered":"<p>Comunicado de Memoria Activa \u2013 10 de Agosto de 2016 AMIA: De un n\u00famero a un nombre Augusto Daniel Jes\u00fas ten\u00eda 20 a\u00f1os el 18 de julio de 1994, cuando junto a su mam\u00e1 Mar\u00eda Lourdes Jes\u00fas y a 83&hellip;<\/p>\n","protected":false},"author":87,"featured_media":351967,"comment_status":"closed","ping_status":"closed","sticky":false,"template":"","format":"standard","meta":{"footnotes":""},"categories":[149,79,67],"tags":[16401,3804,26,29641,11212,19235,398,350],"class_list":["post-351966","post","type-post","status-publish","format-standard","has-post-thumbnail","hentry","category-comunicados-de-prensa","category-derechos-humanos","category-sudamerica","tag-alberto-nisman","tag-amia","tag-argentina","tag-atentado-de-la-amia","tag-daia","tag-encubrimiento","tag-justicia","tag-terrorismo-es"],"yoast_head":"<!-- This site is optimized with the Yoast SEO plugin v27.1.1 - https:\/\/yoast.com\/product\/yoast-seo-wordpress\/ -->\n<title>Malestar entre las v\u00edctimas del atentado de la AMIA por inoperancia del fiscal Nisman<\/title>\n<meta name=\"description\" content=\"Comunicado de Memoria Activa \u2013 10 de Agosto de 2016 AMIA: De un n\u00famero a un nombre Augusto Daniel Jes\u00fas ten\u00eda 20 a\u00f1os el 18 de julio de 1994, cuando junto\" \/>\n<meta name=\"robots\" content=\"index, follow, max-snippet:-1, max-image-preview:large, max-video-preview:-1\" \/>\n<link rel=\"canonical\" href=\"https:\/\/www.pressenza.com\/es\/2016\/08\/malestar-las-victimas-del-atentado-la-amia-inoperancia-del-fiscal-nisman\/\" \/>\n<meta property=\"og:locale\" content=\"es_ES\" \/>\n<meta property=\"og:type\" content=\"article\" \/>\n<meta property=\"og:title\" content=\"Malestar entre las v\u00edctimas del atentado de la AMIA por inoperancia del fiscal Nisman\" \/>\n<meta property=\"og:description\" content=\"Comunicado de Memoria Activa \u2013 10 de Agosto de 2016 AMIA: De un n\u00famero a un nombre Augusto Daniel Jes\u00fas ten\u00eda 20 a\u00f1os el 18 de julio de 1994, cuando junto\" \/>\n<meta property=\"og:url\" content=\"https:\/\/www.pressenza.com\/es\/2016\/08\/malestar-las-victimas-del-atentado-la-amia-inoperancia-del-fiscal-nisman\/\" \/>\n<meta property=\"og:site_name\" content=\"Pressenza\" \/>\n<meta property=\"article:publisher\" content=\"https:\/\/www.facebook.com\/PressenzaItalia\" \/>\n<meta property=\"article:published_time\" content=\"2016-08-11T14:52:50+00:00\" \/>\n<meta property=\"og:image\" content=\"https:\/\/www.pressenza.com\/wp-content\/uploads\/2016\/08\/memoria-activa.jpg\" \/>\n\t<meta property=\"og:image:width\" content=\"875\" \/>\n\t<meta property=\"og:image:height\" content=\"377\" \/>\n\t<meta property=\"og:image:type\" content=\"image\/jpeg\" \/>\n<meta name=\"author\" content=\"Redacci\u00f3n Argentina\" \/>\n<meta name=\"twitter:card\" content=\"summary_large_image\" \/>\n<meta name=\"twitter:creator\" content=\"@pressenza\" \/>\n<meta name=\"twitter:site\" content=\"@PressenzaIPA\" \/>\n<meta name=\"twitter:label1\" content=\"Escrito por\" \/>\n\t<meta name=\"twitter:data1\" content=\"Redacci\u00f3n Argentina\" \/>\n\t<meta name=\"twitter:label2\" content=\"Tiempo de lectura\" \/>\n\t<meta name=\"twitter:data2\" content=\"2 minutos\" \/>\n<script type=\"application\/ld+json\" class=\"yoast-schema-graph\">{\"@context\":\"https:\/\/schema.org\",\"@graph\":[{\"@type\":\"Article\",\"@id\":\"https:\/\/www.pressenza.com\/es\/2016\/08\/malestar-las-victimas-del-atentado-la-amia-inoperancia-del-fiscal-nisman\/#article\",\"isPartOf\":{\"@id\":\"https:\/\/www.pressenza.com\/es\/2016\/08\/malestar-las-victimas-del-atentado-la-amia-inoperancia-del-fiscal-nisman\/\"},\"author\":{\"name\":\"Redacci\u00f3n Argentina\",\"@id\":\"https:\/\/www.pressenza.com\/es\/#\/schema\/person\/0dda7d1b68267ad95b1e1d83abc98c89\"},\"headline\":\"Malestar entre las v\u00edctimas del atentado de la AMIA por inoperancia del fiscal Nisman\",\"datePublished\":\"2016-08-11T14:52:50+00:00\",\"mainEntityOfPage\":{\"@id\":\"https:\/\/www.pressenza.com\/es\/2016\/08\/malestar-las-victimas-del-atentado-la-amia-inoperancia-del-fiscal-nisman\/\"},\"wordCount\":498,\"publisher\":{\"@id\":\"https:\/\/www.pressenza.com\/es\/#organization\"},\"image\":{\"@id\":\"https:\/\/www.pressenza.com\/es\/2016\/08\/malestar-las-victimas-del-atentado-la-amia-inoperancia-del-fiscal-nisman\/#primaryimage\"},\"thumbnailUrl\":\"https:\/\/www.pressenza.com\/wp-content\/uploads\/2016\/08\/memoria-activa.jpg\",\"keywords\":[\"Alberto Nisman\",\"AMIA\",\"Argentina\",\"atentado de la AMIA\",\"DAIA\",\"Encubrimiento\",\"justicia\",\"terrorismo\"],\"articleSection\":[\"Comunicados de Prensa\",\"Derechos Humanos\",\"Sudam\u00e9rica\"],\"inLanguage\":\"es\"},{\"@type\":\"WebPage\",\"@id\":\"https:\/\/www.pressenza.com\/es\/2016\/08\/malestar-las-victimas-del-atentado-la-amia-inoperancia-del-fiscal-nisman\/\",\"url\":\"https:\/\/www.pressenza.com\/es\/2016\/08\/malestar-las-victimas-del-atentado-la-amia-inoperancia-del-fiscal-nisman\/\",\"name\":\"Malestar entre las v\u00edctimas del atentado de la AMIA por inoperancia del fiscal Nisman\",\"isPartOf\":{\"@id\":\"https:\/\/www.pressenza.com\/es\/#website\"},\"primaryImageOfPage\":{\"@id\":\"https:\/\/www.pressenza.com\/es\/2016\/08\/malestar-las-victimas-del-atentado-la-amia-inoperancia-del-fiscal-nisman\/#primaryimage\"},\"image\":{\"@id\":\"https:\/\/www.pressenza.com\/es\/2016\/08\/malestar-las-victimas-del-atentado-la-amia-inoperancia-del-fiscal-nisman\/#primaryimage\"},\"thumbnailUrl\":\"https:\/\/www.pressenza.com\/wp-content\/uploads\/2016\/08\/memoria-activa.jpg\",\"datePublished\":\"2016-08-11T14:52:50+00:00\",\"description\":\"Comunicado de Memoria Activa \u2013 10 de Agosto de 2016 AMIA: De un n\u00famero a un nombre Augusto Daniel Jes\u00fas ten\u00eda 20 a\u00f1os el 18 de julio de 1994, cuando junto\",\"breadcrumb\":{\"@id\":\"https:\/\/www.pressenza.com\/es\/2016\/08\/malestar-las-victimas-del-atentado-la-amia-inoperancia-del-fiscal-nisman\/#breadcrumb\"},\"inLanguage\":\"es\",\"potentialAction\":[{\"@type\":\"ReadAction\",\"target\":[\"https:\/\/www.pressenza.com\/es\/2016\/08\/malestar-las-victimas-del-atentado-la-amia-inoperancia-del-fiscal-nisman\/\"]}]},{\"@type\":\"ImageObject\",\"inLanguage\":\"es\",\"@id\":\"https:\/\/www.pressenza.com\/es\/2016\/08\/malestar-las-victimas-del-atentado-la-amia-inoperancia-del-fiscal-nisman\/#primaryimage\",\"url\":\"https:\/\/www.pressenza.com\/wp-content\/uploads\/2016\/08\/memoria-activa.jpg\",\"contentUrl\":\"https:\/\/www.pressenza.com\/wp-content\/uploads\/2016\/08\/memoria-activa.jpg\",\"width\":875,\"height\":377},{\"@type\":\"BreadcrumbList\",\"@id\":\"https:\/\/www.pressenza.com\/es\/2016\/08\/malestar-las-victimas-del-atentado-la-amia-inoperancia-del-fiscal-nisman\/#breadcrumb\",\"itemListElement\":[{\"@type\":\"ListItem\",\"position\":1,\"name\":\"Accueil\",\"item\":\"https:\/\/www.pressenza.com\/es\/\"},{\"@type\":\"ListItem\",\"position\":2,\"name\":\"Malestar entre las v\u00edctimas del atentado de la AMIA por inoperancia del fiscal Nisman\"}]},{\"@type\":\"WebSite\",\"@id\":\"https:\/\/www.pressenza.com\/es\/#website\",\"url\":\"https:\/\/www.pressenza.com\/es\/\",\"name\":\"Pressenza\",\"description\":\"International Press Agency\",\"publisher\":{\"@id\":\"https:\/\/www.pressenza.com\/es\/#organization\"},\"potentialAction\":[{\"@type\":\"SearchAction\",\"target\":{\"@type\":\"EntryPoint\",\"urlTemplate\":\"https:\/\/www.pressenza.com\/es\/?s={search_term_string}\"},\"query-input\":{\"@type\":\"PropertyValueSpecification\",\"valueRequired\":true,\"valueName\":\"search_term_string\"}}],\"inLanguage\":\"es\"},{\"@type\":\"Organization\",\"@id\":\"https:\/\/www.pressenza.com\/es\/#organization\",\"name\":\"Pressenza\",\"url\":\"https:\/\/www.pressenza.com\/es\/\",\"logo\":{\"@type\":\"ImageObject\",\"inLanguage\":\"es\",\"@id\":\"https:\/\/www.pressenza.com\/es\/#\/schema\/logo\/image\/\",\"url\":\"https:\/\/www.pressenza.com\/wp-content\/uploads\/2022\/10\/pressenza_logo_200x200.jpg\",\"contentUrl\":\"https:\/\/www.pressenza.com\/wp-content\/uploads\/2022\/10\/pressenza_logo_200x200.jpg\",\"width\":200,\"height\":200,\"caption\":\"Pressenza\"},\"image\":{\"@id\":\"https:\/\/www.pressenza.com\/es\/#\/schema\/logo\/image\/\"},\"sameAs\":[\"https:\/\/www.facebook.com\/PressenzaItalia\",\"https:\/\/x.com\/PressenzaIPA\"]},{\"@type\":\"Person\",\"@id\":\"https:\/\/www.pressenza.com\/es\/#\/schema\/person\/0dda7d1b68267ad95b1e1d83abc98c89\",\"name\":\"Redacci\u00f3n Argentina\",\"description\":\"News from the Pressenza Bureau in Argentina.\",\"sameAs\":[\"https:\/\/x.com\/pressenza\"],\"url\":\"https:\/\/www.pressenza.com\/es\/author\/redaccion-argentina\/\"}]}<\/script>\n<!-- \/ Yoast SEO plugin. -->","yoast_head_json":{"title":"Malestar entre las v\u00edctimas del atentado de la AMIA por inoperancia del fiscal Nisman","description":"Comunicado de Memoria Activa \u2013 10 de Agosto de 2016 AMIA: De un n\u00famero a un nombre Augusto Daniel Jes\u00fas ten\u00eda 20 a\u00f1os el 18 de julio de 1994, cuando junto","robots":{"index":"index","follow":"follow","max-snippet":"max-snippet:-1","max-image-preview":"max-image-preview:large","max-video-preview":"max-video-preview:-1"},"canonical":"https:\/\/www.pressenza.com\/es\/2016\/08\/malestar-las-victimas-del-atentado-la-amia-inoperancia-del-fiscal-nisman\/","og_locale":"es_ES","og_type":"article","og_title":"Malestar entre las v\u00edctimas del atentado de la AMIA por inoperancia del fiscal Nisman","og_description":"Comunicado de Memoria Activa \u2013 10 de Agosto de 2016 AMIA: De un n\u00famero a un nombre Augusto Daniel Jes\u00fas ten\u00eda 20 a\u00f1os el 18 de julio de 1994, cuando junto","og_url":"https:\/\/www.pressenza.com\/es\/2016\/08\/malestar-las-victimas-del-atentado-la-amia-inoperancia-del-fiscal-nisman\/","og_site_name":"Pressenza","article_publisher":"https:\/\/www.facebook.com\/PressenzaItalia","article_published_time":"2016-08-11T14:52:50+00:00","og_image":[{"width":875,"height":377,"url":"https:\/\/www.pressenza.com\/wp-content\/uploads\/2016\/08\/memoria-activa.jpg","type":"image\/jpeg"}],"author":"Redacci\u00f3n Argentina","twitter_card":"summary_large_image","twitter_creator":"@pressenza","twitter_site":"@PressenzaIPA","twitter_misc":{"Escrito por":"Redacci\u00f3n Argentina","Tiempo de lectura":"2 minutos"},"schema":{"@context":"https:\/\/schema.org","@graph":[{"@type":"Article","@id":"https:\/\/www.pressenza.com\/es\/2016\/08\/malestar-las-victimas-del-atentado-la-amia-inoperancia-del-fiscal-nisman\/#article","isPartOf":{"@id":"https:\/\/www.pressenza.com\/es\/2016\/08\/malestar-las-victimas-del-atentado-la-amia-inoperancia-del-fiscal-nisman\/"},"author":{"name":"Redacci\u00f3n Argentina","@id":"https:\/\/www.pressenza.com\/es\/#\/schema\/person\/0dda7d1b68267ad95b1e1d83abc98c89"},"headline":"Malestar entre las v\u00edctimas del atentado de la AMIA por inoperancia del fiscal Nisman","datePublished":"2016-08-11T14:52:50+00:00","mainEntityOfPage":{"@id":"https:\/\/www.pressenza.com\/es\/2016\/08\/malestar-las-victimas-del-atentado-la-amia-inoperancia-del-fiscal-nisman\/"},"wordCount":498,"publisher":{"@id":"https:\/\/www.pressenza.com\/es\/#organization"},"image":{"@id":"https:\/\/www.pressenza.com\/es\/2016\/08\/malestar-las-victimas-del-atentado-la-amia-inoperancia-del-fiscal-nisman\/#primaryimage"},"thumbnailUrl":"https:\/\/www.pressenza.com\/wp-content\/uploads\/2016\/08\/memoria-activa.jpg","keywords":["Alberto Nisman","AMIA","Argentina","atentado de la AMIA","DAIA","Encubrimiento","justicia","terrorismo"],"articleSection":["Comunicados de Prensa","Derechos Humanos","Sudam\u00e9rica"],"inLanguage":"es"},{"@type":"WebPage","@id":"https:\/\/www.pressenza.com\/es\/2016\/08\/malestar-las-victimas-del-atentado-la-amia-inoperancia-del-fiscal-nisman\/","url":"https:\/\/www.pressenza.com\/es\/2016\/08\/malestar-las-victimas-del-atentado-la-amia-inoperancia-del-fiscal-nisman\/","name":"Malestar entre las v\u00edctimas del atentado de la AMIA por inoperancia del fiscal Nisman","isPartOf":{"@id":"https:\/\/www.pressenza.com\/es\/#website"},"primaryImageOfPage":{"@id":"https:\/\/www.pressenza.com\/es\/2016\/08\/malestar-las-victimas-del-atentado-la-amia-inoperancia-del-fiscal-nisman\/#primaryimage"},"image":{"@id":"https:\/\/www.pressenza.com\/es\/2016\/08\/malestar-las-victimas-del-atentado-la-amia-inoperancia-del-fiscal-nisman\/#primaryimage"},"thumbnailUrl":"https:\/\/www.pressenza.com\/wp-content\/uploads\/2016\/08\/memoria-activa.jpg","datePublished":"2016-08-11T14:52:50+00:00","description":"Comunicado de Memoria Activa \u2013 10 de Agosto de 2016 AMIA: De un n\u00famero a un nombre Augusto Daniel Jes\u00fas ten\u00eda 20 a\u00f1os el 18 de julio de 1994, cuando junto","breadcrumb":{"@id":"https:\/\/www.pressenza.com\/es\/2016\/08\/malestar-las-victimas-del-atentado-la-amia-inoperancia-del-fiscal-nisman\/#breadcrumb"},"inLanguage":"es","potentialAction":[{"@type":"ReadAction","target":["https:\/\/www.pressenza.com\/es\/2016\/08\/malestar-las-victimas-del-atentado-la-amia-inoperancia-del-fiscal-nisman\/"]}]},{"@type":"ImageObject","inLanguage":"es","@id":"https:\/\/www.pressenza.com\/es\/2016\/08\/malestar-las-victimas-del-atentado-la-amia-inoperancia-del-fiscal-nisman\/#primaryimage","url":"https:\/\/www.pressenza.com\/wp-content\/uploads\/2016\/08\/memoria-activa.jpg","contentUrl":"https:\/\/www.pressenza.com\/wp-content\/uploads\/2016\/08\/memoria-activa.jpg","width":875,"height":377},{"@type":"BreadcrumbList","@id":"https:\/\/www.pressenza.com\/es\/2016\/08\/malestar-las-victimas-del-atentado-la-amia-inoperancia-del-fiscal-nisman\/#breadcrumb","itemListElement":[{"@type":"ListItem","position":1,"name":"Accueil","item":"https:\/\/www.pressenza.com\/es\/"},{"@type":"ListItem","position":2,"name":"Malestar entre las v\u00edctimas del atentado de la AMIA por inoperancia del fiscal Nisman"}]},{"@type":"WebSite","@id":"https:\/\/www.pressenza.com\/es\/#website","url":"https:\/\/www.pressenza.com\/es\/","name":"Pressenza","description":"International Press Agency","publisher":{"@id":"https:\/\/www.pressenza.com\/es\/#organization"},"potentialAction":[{"@type":"SearchAction","target":{"@type":"EntryPoint","urlTemplate":"https:\/\/www.pressenza.com\/es\/?s={search_term_string}"},"query-input":{"@type":"PropertyValueSpecification","valueRequired":true,"valueName":"search_term_string"}}],"inLanguage":"es"},{"@type":"Organization","@id":"https:\/\/www.pressenza.com\/es\/#organization","name":"Pressenza","url":"https:\/\/www.pressenza.com\/es\/","logo":{"@type":"ImageObject","inLanguage":"es","@id":"https:\/\/www.pressenza.com\/es\/#\/schema\/logo\/image\/","url":"https:\/\/www.pressenza.com\/wp-content\/uploads\/2022\/10\/pressenza_logo_200x200.jpg","contentUrl":"https:\/\/www.pressenza.com\/wp-content\/uploads\/2022\/10\/pressenza_logo_200x200.jpg","width":200,"height":200,"caption":"Pressenza"},"image":{"@id":"https:\/\/www.pressenza.com\/es\/#\/schema\/logo\/image\/"},"sameAs":["https:\/\/www.facebook.com\/PressenzaItalia","https:\/\/x.com\/PressenzaIPA"]},{"@type":"Person","@id":"https:\/\/www.pressenza.com\/es\/#\/schema\/person\/0dda7d1b68267ad95b1e1d83abc98c89","name":"Redacci\u00f3n Argentina","description":"News from the Pressenza Bureau in Argentina.","sameAs":["https:\/\/x.com\/pressenza"],"url":"https:\/\/www.pressenza.com\/es\/author\/redaccion-argentina\/"}]}},"place":"Ciudad de Buenos Aires, Argentina","original_article_url":"","_links":{"self":[{"href":"https:\/\/www.pressenza.com\/es\/wp-json\/wp\/v2\/posts\/351966","targetHints":{"allow":["GET"]}}],"collection":[{"href":"https:\/\/www.pressenza.com\/es\/wp-json\/wp\/v2\/posts"}],"about":[{"href":"https:\/\/www.pressenza.com\/es\/wp-json\/wp\/v2\/types\/post"}],"author":[{"embeddable":true,"href":"https:\/\/www.pressenza.com\/es\/wp-json\/wp\/v2\/users\/87"}],"replies":[{"embeddable":true,"href":"https:\/\/www.pressenza.com\/es\/wp-json\/wp\/v2\/comments?post=351966"}],"version-history":[{"count":0,"href":"https:\/\/www.pressenza.com\/es\/wp-json\/wp\/v2\/posts\/351966\/revisions"}],"wp:featuredmedia":[{"embeddable":true,"href":"https:\/\/www.pressenza.com\/es\/wp-json\/wp\/v2\/media\/351967"}],"wp:attachment":[{"href":"https:\/\/www.pressenza.com\/es\/wp-json\/wp\/v2\/media?parent=351966"}],"wp:term":[{"taxonomy":"category","embeddable":true,"href":"https:\/\/www.pressenza.com\/es\/wp-json\/wp\/v2\/categories?post=351966"},{"taxonomy":"post_tag","embeddable":true,"href":"https:\/\/www.pressenza.com\/es\/wp-json\/wp\/v2\/tags?post=351966"}],"curies":[{"name":"wp","href":"https:\/\/api.w.org\/{rel}","templated":true}]}}