{"id":351938,"date":"2016-08-11T17:09:10","date_gmt":"2016-08-11T16:09:10","guid":{"rendered":"http:\/\/www.pressenza.com\/es\/?p=351938"},"modified":"2016-08-11T17:09:10","modified_gmt":"2016-08-11T16:09:10","slug":"miembro-oculto-la-sociedad","status":"publish","type":"post","link":"https:\/\/www.pressenza.com\/es\/2016\/08\/miembro-oculto-la-sociedad\/","title":{"rendered":"Un miembro oculto de la sociedad"},"content":{"rendered":"<p><strong>Dominik Schlett resume sus impresiones sobre su estancia en Santiago de Chile a trav\u00e9s de una fotograf\u00eda de Domingo Fern\u00e1ndez K., la cual interpreta en el siguiente texto.<\/strong><\/p>\n<p><strong>Un miembro oculto de la sociedad<\/strong><\/p>\n<p>A primera vista el observador ve a un hombre de orejas grandes y una gran nariz. Ese hombre est\u00e1 limpiando zapatos en alg\u00fan lugar p\u00fablico de alguna ciudad que aparece desenfocada en el fondo de la foto.<\/p>\n<p>El limpiabotas ocupa todo el espacio y acapara la luz en exclusiva. Tiene el busto erguido y la espalda recta. La cabeza inclinada hacia adelante apuntando hacia la bota que est\u00e1 limpiando a su cliente.<\/p>\n<p>Las botas del cliente est\u00e1n ya resplandecientes, se trata de una escena que representa el acabado de un trabajo manual. Este acabado se lleva a cabo con un trapo de fibra especial que se desliza f\u00e1cil y h\u00e1bilmente por los dedos del limpiabotas. En la mu\u00f1eca izquierda, el limpiabotas lleva un reloj con una correa de cuero negra.<\/p>\n<p>Su ropa de trabajo destaca por el rojo intenso. El cuello del grueso su\u00e9ter lo lleva vuelto y las mangas arremangadas. Est\u00e1 sentado sobre una silla desgastada y lleva un delantal que le cubre el torso y las piernas. Los colores brillantes de su ropa de trabajo y su gesto ensimismado producen un fuerte contraste con el resto de elementos representados. Su rostro est\u00e1 presente, cautivando por as\u00ed decirlo la mirada del observador.<\/p>\n<p>En conjunto, su cabeza parece una cordillera, formada y moldeada durante d\u00e9cadas, desfigurada por las fuerzas tect\u00f3nicas. Es una cabeza que insin\u00faa un gran n\u00famero de experiencias vividas, innumerables historias que han contribuido a moldearla y a crear su extraordinaria forma.<\/p>\n<p><strong>Poder y prejuicio<\/strong><\/p>\n<p>Los limpiabotas se encuentran en todas las calles, en todas las plazas y mercados de Am\u00e9rica del Sur. En Chile, el pa\u00eds m\u00e1s rico del continente, tienden a desaparecer del espacio p\u00fablico.<br \/>\nPor el contrario, en Bolivia, el pa\u00eds m\u00e1s pobre, est\u00e1n presentes por todas partes. All\u00ed son en su mayor\u00eda ni\u00f1os los que contin\u00faan ejerciendo este trabajo para poder ayudar econ\u00f3micamente a su familia.<\/p>\n<p>Debido a la falta de reconocimiento social y por miedo al escarnio p\u00fablico en la escuela u otras instituciones, los limpiabotas de Bolivia suelen llevar pasamonta\u00f1as, ocultando su rostro y su identidad.<\/p>\n<p>En cambio, el limpiabotas de la fotograf\u00eda aparece en p\u00fablico sin ning\u00fan tipo de inhibici\u00f3n. Su frente se asemeja a los pliegues de una monta\u00f1a, mientras que sus escasos cabellos blancos parecen una cumbre nevada. Su reloj se\u00f1ala la estructura y el horario del trabajo seg\u00fan el cual se rige.<\/p>\n<p>En Europa pr\u00e1cticamente no quedan limpiabotas. De vez en cuando se puede ver a alguno en ferias y mercados como una atracci\u00f3n nost\u00e1lgica, una iron\u00eda. All\u00ed ya no se contempla el trabajo de limpiabotas como un oficio sino m\u00e1s bien como una ocupaci\u00f3n modesta y de bajo rango, que solo se puede entender de una manera simb\u00f3lica.<\/p>\n<p>S\u00edmbolo de servilismo al ponerse a los pies de la sociedad, el oficio de limpiar zapatos ha quedado en la memoria como algo indigno.<\/p>\n<p>De este modo, el trabajo en si desaparece detr\u00e1s de esta simbolog\u00eda. Por ejemplo, durante el Nacionalsocialismo, los presos de los campos de trabajo alemanes deb\u00edan limpiar los zapatos de sus torturadores como prueba de inferioridad.<\/p>\n<p>La posici\u00f3n de rodillas y encorvada deb\u00eda se\u00f1alar una relaci\u00f3n jer\u00e1rquica. Ya no se trataba \u00fanicamente de limpiar unos zapatos, si no que se hab\u00eda convertido en una demostraci\u00f3n de poder en las relaciones interpersonales.<\/p>\n<p><strong>Recuperar la dignidad<\/strong><\/p>\n<p>Pero esto no es as\u00ed en la fotograf\u00eda de Domingo Fern\u00e1ndez K. En sus im\u00e1genes, el fot\u00f3grafo chileno se interesa fundamentalmente por captar el momento preciso. Para ello, se funde con el ambiente y espera a que llegue ese momento de empat\u00eda. El momento en el que puede comprender y llegar a sentir el car\u00e1cter de la persona retratada. Esto es as\u00ed tambi\u00e9n en la fotograf\u00eda que nos ocupa. Aqu\u00ed el fot\u00f3grafo pudo sentir el orgullo y la dignidad de un trabajador. Una persona que sencillamente desempe\u00f1a su oficio, un oficio que aprendi\u00f3 de forma autodidacta.<\/p>\n<p>Con su equipamiento profesional y muy concentrado en la calidad de su trabajo, la poderosa madurez de su rostro domina sobre este acto de creaci\u00f3n.<\/p>\n<p>Tanto el entorno urbano como los clientes palidecen frente a esta presencia y con ellos la simbolog\u00eda interpersonal y las jerarqu\u00edas.<\/p>\n<p>El limpiabotas ya no encarna un papel en la sociedad. Ya no es el envoltorio de una funci\u00f3n social, no puede servir de excusa para la cr\u00edtica social. No cabe ninguna duda sobre su desempe\u00f1o.<br \/>\nDel mismo modo que las orejas grandes y la nariz grande simbolizan la sabidur\u00eda de Buda, esta imagen simboliza la dignidad y la experiencia de un hombre. Independientemente de la clase social y del trabajo del retratado, Fern\u00e1ndez muestra un gran respeto por el ser humano. Poderoso y hecho a s\u00ed mismo, el hombre permanece atento como una monta\u00f1a ante el valle.<\/p>\n<p>De esta manera conquista todo el ambiente y domina su espacio, en el que solo \u00e9l puede tener esa presencia f\u00edsica.<\/p>\n<p>Su semblante es la raz\u00f3n \u00faltima de la existencia y atestigua la humanidad liberada del sufrimiento social, enaltecida por la dignidad de la mera presencia. Fern\u00e1ndez consigue con ello un retrato ideal en el cual lo \u00fanico que queda en primer plano es la esencia del limpiabotas.<\/p>\n<p><em>Foto de Domingo Fernandez K. <a href=\"http:\/\/www.domingofernandez.cl\" target=\"_blank\">www.domingofernandez.cl<\/a>, al cual agradecemos que nos la cediera.<\/em><br \/>\n<em> Interpretaci\u00f3n de la foto por Dominik Schlett<\/em><br \/>\n<em> Traducido del alem\u00e1n por Natalia Rib\u00e9s<\/em><\/p>\n","protected":false},"excerpt":{"rendered":"<p>Dominik Schlett resume sus impresiones sobre su estancia en Santiago de Chile a trav\u00e9s de una fotograf\u00eda de Domingo Fern\u00e1ndez K., la cual interpreta en el siguiente texto. Un miembro oculto de la sociedad A primera vista el observador ve&hellip;<\/p>\n","protected":false},"author":1341,"featured_media":348686,"comment_status":"closed","ping_status":"closed","sticky":false,"template":"","format":"standard","meta":{"footnotes":""},"categories":[11389,75,161,67],"tags":[28962,29639,29640,6659,21273],"class_list":["post-351938","post","type-post","status-publish","format-standard","has-post-thumbnail","hentry","category-contenido-original","category-cultura-es","category-opiniones","category-sudamerica","tag-dignidad","tag-interpretacion-de-foto","tag-limpiabotas","tag-santiago-de-chile","tag-ser-humano"],"yoast_head":"<!-- This site is optimized with the Yoast SEO plugin v27.1.1 - https:\/\/yoast.com\/product\/yoast-seo-wordpress\/ -->\n<title>Un miembro oculto de la sociedad<\/title>\n<meta name=\"description\" content=\"Dominik Schlett resume sus impresiones sobre su estancia en Santiago de Chile a trav\u00e9s de una fotograf\u00eda de Domingo Fern\u00e1ndez K., la cual interpreta en el\" \/>\n<meta name=\"robots\" content=\"index, follow, max-snippet:-1, max-image-preview:large, max-video-preview:-1\" \/>\n<link rel=\"canonical\" href=\"https:\/\/www.pressenza.com\/es\/2016\/08\/miembro-oculto-la-sociedad\/\" \/>\n<meta property=\"og:locale\" content=\"es_ES\" \/>\n<meta property=\"og:type\" content=\"article\" \/>\n<meta property=\"og:title\" content=\"Un miembro oculto de la sociedad\" \/>\n<meta property=\"og:description\" content=\"Dominik Schlett resume sus impresiones sobre su estancia en Santiago de Chile a trav\u00e9s de una fotograf\u00eda de Domingo Fern\u00e1ndez K., la cual interpreta en el\" \/>\n<meta property=\"og:url\" content=\"https:\/\/www.pressenza.com\/es\/2016\/08\/miembro-oculto-la-sociedad\/\" \/>\n<meta property=\"og:site_name\" content=\"Pressenza\" \/>\n<meta property=\"article:publisher\" content=\"https:\/\/www.facebook.com\/PressenzaItalia\" \/>\n<meta property=\"article:published_time\" content=\"2016-08-11T16:09:10+00:00\" \/>\n<meta property=\"og:image\" content=\"https:\/\/www.pressenza.com\/wp-content\/uploads\/2016\/08\/F1000020.jpg\" \/>\n\t<meta property=\"og:image:width\" content=\"1840\" \/>\n\t<meta property=\"og:image:height\" content=\"1232\" \/>\n\t<meta property=\"og:image:type\" content=\"image\/jpeg\" \/>\n<meta name=\"author\" content=\"Dominik Schlett\" \/>\n<meta name=\"twitter:card\" content=\"summary_large_image\" \/>\n<meta name=\"twitter:creator\" content=\"@PressenzaIPA\" \/>\n<meta name=\"twitter:site\" content=\"@PressenzaIPA\" \/>\n<meta name=\"twitter:label1\" content=\"Escrito por\" \/>\n\t<meta name=\"twitter:data1\" content=\"Dominik Schlett\" \/>\n\t<meta name=\"twitter:label2\" content=\"Tiempo de lectura\" \/>\n\t<meta name=\"twitter:data2\" content=\"5 minutos\" \/>\n<script type=\"application\/ld+json\" class=\"yoast-schema-graph\">{\"@context\":\"https:\/\/schema.org\",\"@graph\":[{\"@type\":\"Article\",\"@id\":\"https:\/\/www.pressenza.com\/es\/2016\/08\/miembro-oculto-la-sociedad\/#article\",\"isPartOf\":{\"@id\":\"https:\/\/www.pressenza.com\/es\/2016\/08\/miembro-oculto-la-sociedad\/\"},\"author\":{\"name\":\"Dominik Schlett\",\"@id\":\"https:\/\/www.pressenza.com\/es\/#\/schema\/person\/4c75b4c5c95f9beb0812228931b8573b\"},\"headline\":\"Un miembro oculto de la sociedad\",\"datePublished\":\"2016-08-11T16:09:10+00:00\",\"mainEntityOfPage\":{\"@id\":\"https:\/\/www.pressenza.com\/es\/2016\/08\/miembro-oculto-la-sociedad\/\"},\"wordCount\":1001,\"publisher\":{\"@id\":\"https:\/\/www.pressenza.com\/es\/#organization\"},\"image\":{\"@id\":\"https:\/\/www.pressenza.com\/es\/2016\/08\/miembro-oculto-la-sociedad\/#primaryimage\"},\"thumbnailUrl\":\"https:\/\/www.pressenza.com\/wp-content\/uploads\/2016\/08\/F1000020.jpg\",\"keywords\":[\"dignidad\",\"Interpretaci\u00f3n de foto\",\"limpiabotas\",\"Santiago de Chile\",\"Ser humano\"],\"articleSection\":[\"Contenido Original\",\"Cultura y Medios\",\"Opiniones\",\"Sudam\u00e9rica\"],\"inLanguage\":\"es\"},{\"@type\":\"WebPage\",\"@id\":\"https:\/\/www.pressenza.com\/es\/2016\/08\/miembro-oculto-la-sociedad\/\",\"url\":\"https:\/\/www.pressenza.com\/es\/2016\/08\/miembro-oculto-la-sociedad\/\",\"name\":\"Un miembro oculto de la sociedad\",\"isPartOf\":{\"@id\":\"https:\/\/www.pressenza.com\/es\/#website\"},\"primaryImageOfPage\":{\"@id\":\"https:\/\/www.pressenza.com\/es\/2016\/08\/miembro-oculto-la-sociedad\/#primaryimage\"},\"image\":{\"@id\":\"https:\/\/www.pressenza.com\/es\/2016\/08\/miembro-oculto-la-sociedad\/#primaryimage\"},\"thumbnailUrl\":\"https:\/\/www.pressenza.com\/wp-content\/uploads\/2016\/08\/F1000020.jpg\",\"datePublished\":\"2016-08-11T16:09:10+00:00\",\"description\":\"Dominik Schlett resume sus impresiones sobre su estancia en Santiago de Chile a trav\u00e9s de una fotograf\u00eda de Domingo Fern\u00e1ndez K., la cual interpreta en el\",\"breadcrumb\":{\"@id\":\"https:\/\/www.pressenza.com\/es\/2016\/08\/miembro-oculto-la-sociedad\/#breadcrumb\"},\"inLanguage\":\"es\",\"potentialAction\":[{\"@type\":\"ReadAction\",\"target\":[\"https:\/\/www.pressenza.com\/es\/2016\/08\/miembro-oculto-la-sociedad\/\"]}]},{\"@type\":\"ImageObject\",\"inLanguage\":\"es\",\"@id\":\"https:\/\/www.pressenza.com\/es\/2016\/08\/miembro-oculto-la-sociedad\/#primaryimage\",\"url\":\"https:\/\/www.pressenza.com\/wp-content\/uploads\/2016\/08\/F1000020.jpg\",\"contentUrl\":\"https:\/\/www.pressenza.com\/wp-content\/uploads\/2016\/08\/F1000020.jpg\",\"width\":1840,\"height\":1232},{\"@type\":\"BreadcrumbList\",\"@id\":\"https:\/\/www.pressenza.com\/es\/2016\/08\/miembro-oculto-la-sociedad\/#breadcrumb\",\"itemListElement\":[{\"@type\":\"ListItem\",\"position\":1,\"name\":\"Accueil\",\"item\":\"https:\/\/www.pressenza.com\/es\/\"},{\"@type\":\"ListItem\",\"position\":2,\"name\":\"Un miembro oculto de la sociedad\"}]},{\"@type\":\"WebSite\",\"@id\":\"https:\/\/www.pressenza.com\/es\/#website\",\"url\":\"https:\/\/www.pressenza.com\/es\/\",\"name\":\"Pressenza\",\"description\":\"International Press Agency\",\"publisher\":{\"@id\":\"https:\/\/www.pressenza.com\/es\/#organization\"},\"potentialAction\":[{\"@type\":\"SearchAction\",\"target\":{\"@type\":\"EntryPoint\",\"urlTemplate\":\"https:\/\/www.pressenza.com\/es\/?s={search_term_string}\"},\"query-input\":{\"@type\":\"PropertyValueSpecification\",\"valueRequired\":true,\"valueName\":\"search_term_string\"}}],\"inLanguage\":\"es\"},{\"@type\":\"Organization\",\"@id\":\"https:\/\/www.pressenza.com\/es\/#organization\",\"name\":\"Pressenza\",\"url\":\"https:\/\/www.pressenza.com\/es\/\",\"logo\":{\"@type\":\"ImageObject\",\"inLanguage\":\"es\",\"@id\":\"https:\/\/www.pressenza.com\/es\/#\/schema\/logo\/image\/\",\"url\":\"https:\/\/www.pressenza.com\/wp-content\/uploads\/2022\/10\/pressenza_logo_200x200.jpg\",\"contentUrl\":\"https:\/\/www.pressenza.com\/wp-content\/uploads\/2022\/10\/pressenza_logo_200x200.jpg\",\"width\":200,\"height\":200,\"caption\":\"Pressenza\"},\"image\":{\"@id\":\"https:\/\/www.pressenza.com\/es\/#\/schema\/logo\/image\/\"},\"sameAs\":[\"https:\/\/www.facebook.com\/PressenzaItalia\",\"https:\/\/x.com\/PressenzaIPA\"]},{\"@type\":\"Person\",\"@id\":\"https:\/\/www.pressenza.com\/es\/#\/schema\/person\/4c75b4c5c95f9beb0812228931b8573b\",\"name\":\"Dominik Schlett\",\"description\":\"Lebt im europ\u00e4ischen Berlin. Als Sozialwissenschaftler interessieren ihn vor allem die Transition in das digitale Zeitalter und die damit verbundenen gesellschaftlichen Herausforderung. Politisch engagiert er sich f\u00fcr die europ\u00e4ische Zivilbewegung DiEM25.\",\"url\":\"https:\/\/www.pressenza.com\/es\/author\/dominik-schlett\/\"}]}<\/script>\n<!-- \/ Yoast SEO plugin. -->","yoast_head_json":{"title":"Un miembro oculto de la sociedad","description":"Dominik Schlett resume sus impresiones sobre su estancia en Santiago de Chile a trav\u00e9s de una fotograf\u00eda de Domingo Fern\u00e1ndez K., la cual interpreta en el","robots":{"index":"index","follow":"follow","max-snippet":"max-snippet:-1","max-image-preview":"max-image-preview:large","max-video-preview":"max-video-preview:-1"},"canonical":"https:\/\/www.pressenza.com\/es\/2016\/08\/miembro-oculto-la-sociedad\/","og_locale":"es_ES","og_type":"article","og_title":"Un miembro oculto de la sociedad","og_description":"Dominik Schlett resume sus impresiones sobre su estancia en Santiago de Chile a trav\u00e9s de una fotograf\u00eda de Domingo Fern\u00e1ndez K., la cual interpreta en el","og_url":"https:\/\/www.pressenza.com\/es\/2016\/08\/miembro-oculto-la-sociedad\/","og_site_name":"Pressenza","article_publisher":"https:\/\/www.facebook.com\/PressenzaItalia","article_published_time":"2016-08-11T16:09:10+00:00","og_image":[{"width":1840,"height":1232,"url":"https:\/\/www.pressenza.com\/wp-content\/uploads\/2016\/08\/F1000020.jpg","type":"image\/jpeg"}],"author":"Dominik Schlett","twitter_card":"summary_large_image","twitter_creator":"@PressenzaIPA","twitter_site":"@PressenzaIPA","twitter_misc":{"Escrito por":"Dominik Schlett","Tiempo de lectura":"5 minutos"},"schema":{"@context":"https:\/\/schema.org","@graph":[{"@type":"Article","@id":"https:\/\/www.pressenza.com\/es\/2016\/08\/miembro-oculto-la-sociedad\/#article","isPartOf":{"@id":"https:\/\/www.pressenza.com\/es\/2016\/08\/miembro-oculto-la-sociedad\/"},"author":{"name":"Dominik Schlett","@id":"https:\/\/www.pressenza.com\/es\/#\/schema\/person\/4c75b4c5c95f9beb0812228931b8573b"},"headline":"Un miembro oculto de la sociedad","datePublished":"2016-08-11T16:09:10+00:00","mainEntityOfPage":{"@id":"https:\/\/www.pressenza.com\/es\/2016\/08\/miembro-oculto-la-sociedad\/"},"wordCount":1001,"publisher":{"@id":"https:\/\/www.pressenza.com\/es\/#organization"},"image":{"@id":"https:\/\/www.pressenza.com\/es\/2016\/08\/miembro-oculto-la-sociedad\/#primaryimage"},"thumbnailUrl":"https:\/\/www.pressenza.com\/wp-content\/uploads\/2016\/08\/F1000020.jpg","keywords":["dignidad","Interpretaci\u00f3n de foto","limpiabotas","Santiago de Chile","Ser humano"],"articleSection":["Contenido Original","Cultura y Medios","Opiniones","Sudam\u00e9rica"],"inLanguage":"es"},{"@type":"WebPage","@id":"https:\/\/www.pressenza.com\/es\/2016\/08\/miembro-oculto-la-sociedad\/","url":"https:\/\/www.pressenza.com\/es\/2016\/08\/miembro-oculto-la-sociedad\/","name":"Un miembro oculto de la sociedad","isPartOf":{"@id":"https:\/\/www.pressenza.com\/es\/#website"},"primaryImageOfPage":{"@id":"https:\/\/www.pressenza.com\/es\/2016\/08\/miembro-oculto-la-sociedad\/#primaryimage"},"image":{"@id":"https:\/\/www.pressenza.com\/es\/2016\/08\/miembro-oculto-la-sociedad\/#primaryimage"},"thumbnailUrl":"https:\/\/www.pressenza.com\/wp-content\/uploads\/2016\/08\/F1000020.jpg","datePublished":"2016-08-11T16:09:10+00:00","description":"Dominik Schlett resume sus impresiones sobre su estancia en Santiago de Chile a trav\u00e9s de una fotograf\u00eda de Domingo Fern\u00e1ndez K., la cual interpreta en el","breadcrumb":{"@id":"https:\/\/www.pressenza.com\/es\/2016\/08\/miembro-oculto-la-sociedad\/#breadcrumb"},"inLanguage":"es","potentialAction":[{"@type":"ReadAction","target":["https:\/\/www.pressenza.com\/es\/2016\/08\/miembro-oculto-la-sociedad\/"]}]},{"@type":"ImageObject","inLanguage":"es","@id":"https:\/\/www.pressenza.com\/es\/2016\/08\/miembro-oculto-la-sociedad\/#primaryimage","url":"https:\/\/www.pressenza.com\/wp-content\/uploads\/2016\/08\/F1000020.jpg","contentUrl":"https:\/\/www.pressenza.com\/wp-content\/uploads\/2016\/08\/F1000020.jpg","width":1840,"height":1232},{"@type":"BreadcrumbList","@id":"https:\/\/www.pressenza.com\/es\/2016\/08\/miembro-oculto-la-sociedad\/#breadcrumb","itemListElement":[{"@type":"ListItem","position":1,"name":"Accueil","item":"https:\/\/www.pressenza.com\/es\/"},{"@type":"ListItem","position":2,"name":"Un miembro oculto de la sociedad"}]},{"@type":"WebSite","@id":"https:\/\/www.pressenza.com\/es\/#website","url":"https:\/\/www.pressenza.com\/es\/","name":"Pressenza","description":"International Press Agency","publisher":{"@id":"https:\/\/www.pressenza.com\/es\/#organization"},"potentialAction":[{"@type":"SearchAction","target":{"@type":"EntryPoint","urlTemplate":"https:\/\/www.pressenza.com\/es\/?s={search_term_string}"},"query-input":{"@type":"PropertyValueSpecification","valueRequired":true,"valueName":"search_term_string"}}],"inLanguage":"es"},{"@type":"Organization","@id":"https:\/\/www.pressenza.com\/es\/#organization","name":"Pressenza","url":"https:\/\/www.pressenza.com\/es\/","logo":{"@type":"ImageObject","inLanguage":"es","@id":"https:\/\/www.pressenza.com\/es\/#\/schema\/logo\/image\/","url":"https:\/\/www.pressenza.com\/wp-content\/uploads\/2022\/10\/pressenza_logo_200x200.jpg","contentUrl":"https:\/\/www.pressenza.com\/wp-content\/uploads\/2022\/10\/pressenza_logo_200x200.jpg","width":200,"height":200,"caption":"Pressenza"},"image":{"@id":"https:\/\/www.pressenza.com\/es\/#\/schema\/logo\/image\/"},"sameAs":["https:\/\/www.facebook.com\/PressenzaItalia","https:\/\/x.com\/PressenzaIPA"]},{"@type":"Person","@id":"https:\/\/www.pressenza.com\/es\/#\/schema\/person\/4c75b4c5c95f9beb0812228931b8573b","name":"Dominik Schlett","description":"Lebt im europ\u00e4ischen Berlin. Als Sozialwissenschaftler interessieren ihn vor allem die Transition in das digitale Zeitalter und die damit verbundenen gesellschaftlichen Herausforderung. Politisch engagiert er sich f\u00fcr die europ\u00e4ische Zivilbewegung DiEM25.","url":"https:\/\/www.pressenza.com\/es\/author\/dominik-schlett\/"}]}},"place":"Santiago de Chile","original_article_url":"","_links":{"self":[{"href":"https:\/\/www.pressenza.com\/es\/wp-json\/wp\/v2\/posts\/351938","targetHints":{"allow":["GET"]}}],"collection":[{"href":"https:\/\/www.pressenza.com\/es\/wp-json\/wp\/v2\/posts"}],"about":[{"href":"https:\/\/www.pressenza.com\/es\/wp-json\/wp\/v2\/types\/post"}],"author":[{"embeddable":true,"href":"https:\/\/www.pressenza.com\/es\/wp-json\/wp\/v2\/users\/1341"}],"replies":[{"embeddable":true,"href":"https:\/\/www.pressenza.com\/es\/wp-json\/wp\/v2\/comments?post=351938"}],"version-history":[{"count":0,"href":"https:\/\/www.pressenza.com\/es\/wp-json\/wp\/v2\/posts\/351938\/revisions"}],"wp:featuredmedia":[{"embeddable":true,"href":"https:\/\/www.pressenza.com\/es\/wp-json\/wp\/v2\/media\/348686"}],"wp:attachment":[{"href":"https:\/\/www.pressenza.com\/es\/wp-json\/wp\/v2\/media?parent=351938"}],"wp:term":[{"taxonomy":"category","embeddable":true,"href":"https:\/\/www.pressenza.com\/es\/wp-json\/wp\/v2\/categories?post=351938"},{"taxonomy":"post_tag","embeddable":true,"href":"https:\/\/www.pressenza.com\/es\/wp-json\/wp\/v2\/tags?post=351938"}],"curies":[{"name":"wp","href":"https:\/\/api.w.org\/{rel}","templated":true}]}}