{"id":351818,"date":"2016-08-11T03:44:42","date_gmt":"2016-08-11T02:44:42","guid":{"rendered":"http:\/\/www.pressenza.com\/es\/?p=351818"},"modified":"2016-08-11T03:47:23","modified_gmt":"2016-08-11T02:47:23","slug":"deporte-america-latina-caribe-lucro-exitismo-competencia-desarrollo-integral-las-personas","status":"publish","type":"post","link":"https:\/\/www.pressenza.com\/es\/2016\/08\/deporte-america-latina-caribe-lucro-exitismo-competencia-desarrollo-integral-las-personas\/","title":{"rendered":"Deporte en Am\u00e9rica Latina y el Caribe: \u00bfLucro, exitismo y competencia o desarrollo integral de las personas?"},"content":{"rendered":"<p>No hay dudas que los logros que exhiben los atletas en las pistas y canchas despiertan admiraci\u00f3n y denotan esfuerzo, vocaci\u00f3n plena, intensa aplicaci\u00f3n, capacidad de concentraci\u00f3n y superaci\u00f3n de l\u00edmites. Sin embargo, la foto del \u00e9xito muestra tambi\u00e9n la sombra del fracaso si es que no se logra alcanzar la c\u00faspide en esa feroz escalera de sacrificios.<\/p>\n<p>\u00bfEs que el deporte se reduce s\u00f3lo a puntuaciones, a competir y derrotar al otro? \u00bfEs que solamente sirve si trae luego jugosos contratos y consigue modelos sonrientes para promocionar marcas de calzado, indumentaria o perfume?<\/p>\n<p>En nuestro Regional y Popular de esta semana, te mostramos otra manera de entender el deporte en nuestra regi\u00f3n. Desde el juego, desde la recreaci\u00f3n, desde el trabajo en equipo, desde la organizaci\u00f3n popular. El deporte como veh\u00edculo de amistad, de paz, de inclusi\u00f3n, de solidaridad. \u00c9se es el que nos apasiona.<br \/>\n<iframe loading=\"lazy\" id=\"audio_12452662\" style=\"border: 1px solid #EEE; box-sizing: border-box; width: 100%;\" src=\"https:\/\/ar.ivoox.com\/es\/player_ej_12452662_4_1.html?c1=ff6600\" width=\"300\" height=\"200\" frameborder=\"0\" scrolling=\"no\" allowfullscreen=\"allowfullscreen\"><\/iframe><\/p>\n<p><em>\u201cRegional y Popular\u201d es un segmento radial semanal de quince minutos dedicado a temas relacionados con la integraci\u00f3n de Latinoam\u00e9rica y el Caribe. Es una producci\u00f3n de Pressenza realizada desde C\u00f3rdoba, Argentina, en colaboraci\u00f3n con radio comunitaria La Ranchada y est\u00e1 dise\u00f1ado para ser incluido con facilidad en cualquier programa o programaci\u00f3n radial. Si una emisora quiere difundir regularmente nuestros programas, puede conectarnos en nuestro correo de referencia y se lo enviaremos cada semana.<\/em><\/p>\n","protected":false},"excerpt":{"rendered":"<p>No hay dudas que los logros que exhiben los atletas en las pistas y canchas despiertan admiraci\u00f3n y denotan esfuerzo, vocaci\u00f3n plena, intensa aplicaci\u00f3n, capacidad de concentraci\u00f3n y superaci\u00f3n de l\u00edmites. Sin embargo, la foto del \u00e9xito muestra tambi\u00e9n la&hellip;<\/p>\n","protected":false},"author":87,"featured_media":351827,"comment_status":"closed","ping_status":"closed","sticky":false,"template":"","format":"standard","meta":{"footnotes":""},"categories":[11389,75,39,22754,1239],"tags":[26,11170,29625,14640,20866,4495,21254],"class_list":["post-351818","post","type-post","status-publish","format-standard","has-post-thumbnail","hentry","category-contenido-original","category-cultura-es","category-internacional","category-radio-es","category-salud","tag-argentina","tag-deporte","tag-exitismo","tag-integracion-latinoamericana","tag-la-ranchada","tag-radio-it","tag-regional-y-popular"],"yoast_head":"<!-- This site is optimized with the Yoast SEO plugin v27.1.1 - https:\/\/yoast.com\/product\/yoast-seo-wordpress\/ -->\n<title>Deporte en Am\u00e9rica Latina y el Caribe: \u00bfLucro, exitismo y competencia o desarrollo integral de las personas?<\/title>\n<meta name=\"description\" content=\"No hay dudas que los logros que exhiben los atletas en las pistas y canchas despiertan admiraci\u00f3n y denotan esfuerzo, vocaci\u00f3n plena, intensa aplicaci\u00f3n,\" \/>\n<meta name=\"robots\" content=\"index, follow, max-snippet:-1, max-image-preview:large, max-video-preview:-1\" \/>\n<link rel=\"canonical\" href=\"https:\/\/www.pressenza.com\/es\/2016\/08\/deporte-america-latina-caribe-lucro-exitismo-competencia-desarrollo-integral-las-personas\/\" \/>\n<meta property=\"og:locale\" content=\"es_ES\" \/>\n<meta property=\"og:type\" content=\"article\" \/>\n<meta property=\"og:title\" content=\"Deporte en Am\u00e9rica Latina y el Caribe: \u00bfLucro, exitismo y competencia o desarrollo integral de las personas?\" \/>\n<meta property=\"og:description\" content=\"No hay dudas que los logros que exhiben los atletas en las pistas y canchas despiertan admiraci\u00f3n y denotan esfuerzo, vocaci\u00f3n plena, intensa aplicaci\u00f3n,\" \/>\n<meta property=\"og:url\" content=\"https:\/\/www.pressenza.com\/es\/2016\/08\/deporte-america-latina-caribe-lucro-exitismo-competencia-desarrollo-integral-las-personas\/\" \/>\n<meta property=\"og:site_name\" content=\"Pressenza\" \/>\n<meta property=\"article:publisher\" content=\"https:\/\/www.facebook.com\/PressenzaItalia\" \/>\n<meta property=\"article:published_time\" content=\"2016-08-11T02:44:42+00:00\" \/>\n<meta property=\"article:modified_time\" content=\"2016-08-11T02:47:23+00:00\" \/>\n<meta property=\"og:image\" content=\"https:\/\/www.pressenza.com\/wp-content\/uploads\/2016\/08\/Iles-de-Paix-modular-polyhedra-by-fdecomite-17-01-2010-flickr.jpg\" \/>\n\t<meta property=\"og:image:width\" content=\"1024\" \/>\n\t<meta property=\"og:image:height\" content=\"812\" \/>\n\t<meta property=\"og:image:type\" content=\"image\/jpeg\" \/>\n<meta name=\"author\" content=\"Redacci\u00f3n Argentina\" \/>\n<meta name=\"twitter:card\" content=\"summary_large_image\" \/>\n<meta name=\"twitter:creator\" content=\"@pressenza\" \/>\n<meta name=\"twitter:site\" content=\"@PressenzaIPA\" \/>\n<meta name=\"twitter:label1\" content=\"Escrito por\" \/>\n\t<meta name=\"twitter:data1\" content=\"Redacci\u00f3n Argentina\" \/>\n\t<meta name=\"twitter:label2\" content=\"Tiempo de lectura\" \/>\n\t<meta name=\"twitter:data2\" content=\"1 minuto\" \/>\n<script type=\"application\/ld+json\" class=\"yoast-schema-graph\">{\"@context\":\"https:\/\/schema.org\",\"@graph\":[{\"@type\":\"Article\",\"@id\":\"https:\/\/www.pressenza.com\/es\/2016\/08\/deporte-america-latina-caribe-lucro-exitismo-competencia-desarrollo-integral-las-personas\/#article\",\"isPartOf\":{\"@id\":\"https:\/\/www.pressenza.com\/es\/2016\/08\/deporte-america-latina-caribe-lucro-exitismo-competencia-desarrollo-integral-las-personas\/\"},\"author\":{\"name\":\"Redacci\u00f3n Argentina\",\"@id\":\"https:\/\/www.pressenza.com\/es\/#\/schema\/person\/0dda7d1b68267ad95b1e1d83abc98c89\"},\"headline\":\"Deporte en Am\u00e9rica Latina y el Caribe: \u00bfLucro, exitismo y competencia o desarrollo integral de las personas?\",\"datePublished\":\"2016-08-11T02:44:42+00:00\",\"dateModified\":\"2016-08-11T02:47:23+00:00\",\"mainEntityOfPage\":{\"@id\":\"https:\/\/www.pressenza.com\/es\/2016\/08\/deporte-america-latina-caribe-lucro-exitismo-competencia-desarrollo-integral-las-personas\/\"},\"wordCount\":259,\"publisher\":{\"@id\":\"https:\/\/www.pressenza.com\/es\/#organization\"},\"image\":{\"@id\":\"https:\/\/www.pressenza.com\/es\/2016\/08\/deporte-america-latina-caribe-lucro-exitismo-competencia-desarrollo-integral-las-personas\/#primaryimage\"},\"thumbnailUrl\":\"https:\/\/www.pressenza.com\/wp-content\/uploads\/2016\/08\/Iles-de-Paix-modular-polyhedra-by-fdecomite-17-01-2010-flickr.jpg\",\"keywords\":[\"Argentina\",\"deporte\",\"exitismo\",\"Integraci\u00f3n latinoamericana\",\"La Ranchada\",\"radio\",\"Regional y Popular\"],\"articleSection\":[\"Contenido Original\",\"Cultura y Medios\",\"Internacional\",\"Radio\",\"Salud\"],\"inLanguage\":\"es\"},{\"@type\":\"WebPage\",\"@id\":\"https:\/\/www.pressenza.com\/es\/2016\/08\/deporte-america-latina-caribe-lucro-exitismo-competencia-desarrollo-integral-las-personas\/\",\"url\":\"https:\/\/www.pressenza.com\/es\/2016\/08\/deporte-america-latina-caribe-lucro-exitismo-competencia-desarrollo-integral-las-personas\/\",\"name\":\"Deporte en Am\u00e9rica Latina y el Caribe: \u00bfLucro, exitismo y competencia o desarrollo integral de las personas?\",\"isPartOf\":{\"@id\":\"https:\/\/www.pressenza.com\/es\/#website\"},\"primaryImageOfPage\":{\"@id\":\"https:\/\/www.pressenza.com\/es\/2016\/08\/deporte-america-latina-caribe-lucro-exitismo-competencia-desarrollo-integral-las-personas\/#primaryimage\"},\"image\":{\"@id\":\"https:\/\/www.pressenza.com\/es\/2016\/08\/deporte-america-latina-caribe-lucro-exitismo-competencia-desarrollo-integral-las-personas\/#primaryimage\"},\"thumbnailUrl\":\"https:\/\/www.pressenza.com\/wp-content\/uploads\/2016\/08\/Iles-de-Paix-modular-polyhedra-by-fdecomite-17-01-2010-flickr.jpg\",\"datePublished\":\"2016-08-11T02:44:42+00:00\",\"dateModified\":\"2016-08-11T02:47:23+00:00\",\"description\":\"No hay dudas que los logros que exhiben los atletas en las pistas y canchas despiertan admiraci\u00f3n y denotan esfuerzo, vocaci\u00f3n plena, intensa aplicaci\u00f3n,\",\"breadcrumb\":{\"@id\":\"https:\/\/www.pressenza.com\/es\/2016\/08\/deporte-america-latina-caribe-lucro-exitismo-competencia-desarrollo-integral-las-personas\/#breadcrumb\"},\"inLanguage\":\"es\",\"potentialAction\":[{\"@type\":\"ReadAction\",\"target\":[\"https:\/\/www.pressenza.com\/es\/2016\/08\/deporte-america-latina-caribe-lucro-exitismo-competencia-desarrollo-integral-las-personas\/\"]}]},{\"@type\":\"ImageObject\",\"inLanguage\":\"es\",\"@id\":\"https:\/\/www.pressenza.com\/es\/2016\/08\/deporte-america-latina-caribe-lucro-exitismo-competencia-desarrollo-integral-las-personas\/#primaryimage\",\"url\":\"https:\/\/www.pressenza.com\/wp-content\/uploads\/2016\/08\/Iles-de-Paix-modular-polyhedra-by-fdecomite-17-01-2010-flickr.jpg\",\"contentUrl\":\"https:\/\/www.pressenza.com\/wp-content\/uploads\/2016\/08\/Iles-de-Paix-modular-polyhedra-by-fdecomite-17-01-2010-flickr.jpg\",\"width\":1024,\"height\":812},{\"@type\":\"BreadcrumbList\",\"@id\":\"https:\/\/www.pressenza.com\/es\/2016\/08\/deporte-america-latina-caribe-lucro-exitismo-competencia-desarrollo-integral-las-personas\/#breadcrumb\",\"itemListElement\":[{\"@type\":\"ListItem\",\"position\":1,\"name\":\"Accueil\",\"item\":\"https:\/\/www.pressenza.com\/es\/\"},{\"@type\":\"ListItem\",\"position\":2,\"name\":\"Deporte en Am\u00e9rica Latina y el Caribe: \u00bfLucro, exitismo y competencia o desarrollo integral de las personas?\"}]},{\"@type\":\"WebSite\",\"@id\":\"https:\/\/www.pressenza.com\/es\/#website\",\"url\":\"https:\/\/www.pressenza.com\/es\/\",\"name\":\"Pressenza\",\"description\":\"International Press Agency\",\"publisher\":{\"@id\":\"https:\/\/www.pressenza.com\/es\/#organization\"},\"potentialAction\":[{\"@type\":\"SearchAction\",\"target\":{\"@type\":\"EntryPoint\",\"urlTemplate\":\"https:\/\/www.pressenza.com\/es\/?s={search_term_string}\"},\"query-input\":{\"@type\":\"PropertyValueSpecification\",\"valueRequired\":true,\"valueName\":\"search_term_string\"}}],\"inLanguage\":\"es\"},{\"@type\":\"Organization\",\"@id\":\"https:\/\/www.pressenza.com\/es\/#organization\",\"name\":\"Pressenza\",\"url\":\"https:\/\/www.pressenza.com\/es\/\",\"logo\":{\"@type\":\"ImageObject\",\"inLanguage\":\"es\",\"@id\":\"https:\/\/www.pressenza.com\/es\/#\/schema\/logo\/image\/\",\"url\":\"https:\/\/www.pressenza.com\/wp-content\/uploads\/2022\/10\/pressenza_logo_200x200.jpg\",\"contentUrl\":\"https:\/\/www.pressenza.com\/wp-content\/uploads\/2022\/10\/pressenza_logo_200x200.jpg\",\"width\":200,\"height\":200,\"caption\":\"Pressenza\"},\"image\":{\"@id\":\"https:\/\/www.pressenza.com\/es\/#\/schema\/logo\/image\/\"},\"sameAs\":[\"https:\/\/www.facebook.com\/PressenzaItalia\",\"https:\/\/x.com\/PressenzaIPA\"]},{\"@type\":\"Person\",\"@id\":\"https:\/\/www.pressenza.com\/es\/#\/schema\/person\/0dda7d1b68267ad95b1e1d83abc98c89\",\"name\":\"Redacci\u00f3n Argentina\",\"description\":\"News from the Pressenza Bureau in Argentina.\",\"sameAs\":[\"https:\/\/x.com\/pressenza\"],\"url\":\"https:\/\/www.pressenza.com\/es\/author\/redaccion-argentina\/\"}]}<\/script>\n<!-- \/ Yoast SEO plugin. -->","yoast_head_json":{"title":"Deporte en Am\u00e9rica Latina y el Caribe: \u00bfLucro, exitismo y competencia o desarrollo integral de las personas?","description":"No hay dudas que los logros que exhiben los atletas en las pistas y canchas despiertan admiraci\u00f3n y denotan esfuerzo, vocaci\u00f3n plena, intensa aplicaci\u00f3n,","robots":{"index":"index","follow":"follow","max-snippet":"max-snippet:-1","max-image-preview":"max-image-preview:large","max-video-preview":"max-video-preview:-1"},"canonical":"https:\/\/www.pressenza.com\/es\/2016\/08\/deporte-america-latina-caribe-lucro-exitismo-competencia-desarrollo-integral-las-personas\/","og_locale":"es_ES","og_type":"article","og_title":"Deporte en Am\u00e9rica Latina y el Caribe: \u00bfLucro, exitismo y competencia o desarrollo integral de las personas?","og_description":"No hay dudas que los logros que exhiben los atletas en las pistas y canchas despiertan admiraci\u00f3n y denotan esfuerzo, vocaci\u00f3n plena, intensa aplicaci\u00f3n,","og_url":"https:\/\/www.pressenza.com\/es\/2016\/08\/deporte-america-latina-caribe-lucro-exitismo-competencia-desarrollo-integral-las-personas\/","og_site_name":"Pressenza","article_publisher":"https:\/\/www.facebook.com\/PressenzaItalia","article_published_time":"2016-08-11T02:44:42+00:00","article_modified_time":"2016-08-11T02:47:23+00:00","og_image":[{"width":1024,"height":812,"url":"https:\/\/www.pressenza.com\/wp-content\/uploads\/2016\/08\/Iles-de-Paix-modular-polyhedra-by-fdecomite-17-01-2010-flickr.jpg","type":"image\/jpeg"}],"author":"Redacci\u00f3n Argentina","twitter_card":"summary_large_image","twitter_creator":"@pressenza","twitter_site":"@PressenzaIPA","twitter_misc":{"Escrito por":"Redacci\u00f3n Argentina","Tiempo de lectura":"1 minuto"},"schema":{"@context":"https:\/\/schema.org","@graph":[{"@type":"Article","@id":"https:\/\/www.pressenza.com\/es\/2016\/08\/deporte-america-latina-caribe-lucro-exitismo-competencia-desarrollo-integral-las-personas\/#article","isPartOf":{"@id":"https:\/\/www.pressenza.com\/es\/2016\/08\/deporte-america-latina-caribe-lucro-exitismo-competencia-desarrollo-integral-las-personas\/"},"author":{"name":"Redacci\u00f3n Argentina","@id":"https:\/\/www.pressenza.com\/es\/#\/schema\/person\/0dda7d1b68267ad95b1e1d83abc98c89"},"headline":"Deporte en Am\u00e9rica Latina y el Caribe: \u00bfLucro, exitismo y competencia o desarrollo integral de las personas?","datePublished":"2016-08-11T02:44:42+00:00","dateModified":"2016-08-11T02:47:23+00:00","mainEntityOfPage":{"@id":"https:\/\/www.pressenza.com\/es\/2016\/08\/deporte-america-latina-caribe-lucro-exitismo-competencia-desarrollo-integral-las-personas\/"},"wordCount":259,"publisher":{"@id":"https:\/\/www.pressenza.com\/es\/#organization"},"image":{"@id":"https:\/\/www.pressenza.com\/es\/2016\/08\/deporte-america-latina-caribe-lucro-exitismo-competencia-desarrollo-integral-las-personas\/#primaryimage"},"thumbnailUrl":"https:\/\/www.pressenza.com\/wp-content\/uploads\/2016\/08\/Iles-de-Paix-modular-polyhedra-by-fdecomite-17-01-2010-flickr.jpg","keywords":["Argentina","deporte","exitismo","Integraci\u00f3n latinoamericana","La Ranchada","radio","Regional y Popular"],"articleSection":["Contenido Original","Cultura y Medios","Internacional","Radio","Salud"],"inLanguage":"es"},{"@type":"WebPage","@id":"https:\/\/www.pressenza.com\/es\/2016\/08\/deporte-america-latina-caribe-lucro-exitismo-competencia-desarrollo-integral-las-personas\/","url":"https:\/\/www.pressenza.com\/es\/2016\/08\/deporte-america-latina-caribe-lucro-exitismo-competencia-desarrollo-integral-las-personas\/","name":"Deporte en Am\u00e9rica Latina y el Caribe: \u00bfLucro, exitismo y competencia o desarrollo integral de las personas?","isPartOf":{"@id":"https:\/\/www.pressenza.com\/es\/#website"},"primaryImageOfPage":{"@id":"https:\/\/www.pressenza.com\/es\/2016\/08\/deporte-america-latina-caribe-lucro-exitismo-competencia-desarrollo-integral-las-personas\/#primaryimage"},"image":{"@id":"https:\/\/www.pressenza.com\/es\/2016\/08\/deporte-america-latina-caribe-lucro-exitismo-competencia-desarrollo-integral-las-personas\/#primaryimage"},"thumbnailUrl":"https:\/\/www.pressenza.com\/wp-content\/uploads\/2016\/08\/Iles-de-Paix-modular-polyhedra-by-fdecomite-17-01-2010-flickr.jpg","datePublished":"2016-08-11T02:44:42+00:00","dateModified":"2016-08-11T02:47:23+00:00","description":"No hay dudas que los logros que exhiben los atletas en las pistas y canchas despiertan admiraci\u00f3n y denotan esfuerzo, vocaci\u00f3n plena, intensa aplicaci\u00f3n,","breadcrumb":{"@id":"https:\/\/www.pressenza.com\/es\/2016\/08\/deporte-america-latina-caribe-lucro-exitismo-competencia-desarrollo-integral-las-personas\/#breadcrumb"},"inLanguage":"es","potentialAction":[{"@type":"ReadAction","target":["https:\/\/www.pressenza.com\/es\/2016\/08\/deporte-america-latina-caribe-lucro-exitismo-competencia-desarrollo-integral-las-personas\/"]}]},{"@type":"ImageObject","inLanguage":"es","@id":"https:\/\/www.pressenza.com\/es\/2016\/08\/deporte-america-latina-caribe-lucro-exitismo-competencia-desarrollo-integral-las-personas\/#primaryimage","url":"https:\/\/www.pressenza.com\/wp-content\/uploads\/2016\/08\/Iles-de-Paix-modular-polyhedra-by-fdecomite-17-01-2010-flickr.jpg","contentUrl":"https:\/\/www.pressenza.com\/wp-content\/uploads\/2016\/08\/Iles-de-Paix-modular-polyhedra-by-fdecomite-17-01-2010-flickr.jpg","width":1024,"height":812},{"@type":"BreadcrumbList","@id":"https:\/\/www.pressenza.com\/es\/2016\/08\/deporte-america-latina-caribe-lucro-exitismo-competencia-desarrollo-integral-las-personas\/#breadcrumb","itemListElement":[{"@type":"ListItem","position":1,"name":"Accueil","item":"https:\/\/www.pressenza.com\/es\/"},{"@type":"ListItem","position":2,"name":"Deporte en Am\u00e9rica Latina y el Caribe: \u00bfLucro, exitismo y competencia o desarrollo integral de las personas?"}]},{"@type":"WebSite","@id":"https:\/\/www.pressenza.com\/es\/#website","url":"https:\/\/www.pressenza.com\/es\/","name":"Pressenza","description":"International Press Agency","publisher":{"@id":"https:\/\/www.pressenza.com\/es\/#organization"},"potentialAction":[{"@type":"SearchAction","target":{"@type":"EntryPoint","urlTemplate":"https:\/\/www.pressenza.com\/es\/?s={search_term_string}"},"query-input":{"@type":"PropertyValueSpecification","valueRequired":true,"valueName":"search_term_string"}}],"inLanguage":"es"},{"@type":"Organization","@id":"https:\/\/www.pressenza.com\/es\/#organization","name":"Pressenza","url":"https:\/\/www.pressenza.com\/es\/","logo":{"@type":"ImageObject","inLanguage":"es","@id":"https:\/\/www.pressenza.com\/es\/#\/schema\/logo\/image\/","url":"https:\/\/www.pressenza.com\/wp-content\/uploads\/2022\/10\/pressenza_logo_200x200.jpg","contentUrl":"https:\/\/www.pressenza.com\/wp-content\/uploads\/2022\/10\/pressenza_logo_200x200.jpg","width":200,"height":200,"caption":"Pressenza"},"image":{"@id":"https:\/\/www.pressenza.com\/es\/#\/schema\/logo\/image\/"},"sameAs":["https:\/\/www.facebook.com\/PressenzaItalia","https:\/\/x.com\/PressenzaIPA"]},{"@type":"Person","@id":"https:\/\/www.pressenza.com\/es\/#\/schema\/person\/0dda7d1b68267ad95b1e1d83abc98c89","name":"Redacci\u00f3n Argentina","description":"News from the Pressenza Bureau in Argentina.","sameAs":["https:\/\/x.com\/pressenza"],"url":"https:\/\/www.pressenza.com\/es\/author\/redaccion-argentina\/"}]}},"place":"C\u00f3rdoba, Argentina","original_article_url":"","_links":{"self":[{"href":"https:\/\/www.pressenza.com\/es\/wp-json\/wp\/v2\/posts\/351818","targetHints":{"allow":["GET"]}}],"collection":[{"href":"https:\/\/www.pressenza.com\/es\/wp-json\/wp\/v2\/posts"}],"about":[{"href":"https:\/\/www.pressenza.com\/es\/wp-json\/wp\/v2\/types\/post"}],"author":[{"embeddable":true,"href":"https:\/\/www.pressenza.com\/es\/wp-json\/wp\/v2\/users\/87"}],"replies":[{"embeddable":true,"href":"https:\/\/www.pressenza.com\/es\/wp-json\/wp\/v2\/comments?post=351818"}],"version-history":[{"count":0,"href":"https:\/\/www.pressenza.com\/es\/wp-json\/wp\/v2\/posts\/351818\/revisions"}],"wp:featuredmedia":[{"embeddable":true,"href":"https:\/\/www.pressenza.com\/es\/wp-json\/wp\/v2\/media\/351827"}],"wp:attachment":[{"href":"https:\/\/www.pressenza.com\/es\/wp-json\/wp\/v2\/media?parent=351818"}],"wp:term":[{"taxonomy":"category","embeddable":true,"href":"https:\/\/www.pressenza.com\/es\/wp-json\/wp\/v2\/categories?post=351818"},{"taxonomy":"post_tag","embeddable":true,"href":"https:\/\/www.pressenza.com\/es\/wp-json\/wp\/v2\/tags?post=351818"}],"curies":[{"name":"wp","href":"https:\/\/api.w.org\/{rel}","templated":true}]}}