{"id":350916,"date":"2016-08-08T12:57:52","date_gmt":"2016-08-08T11:57:52","guid":{"rendered":"http:\/\/www.pressenza.com\/es\/?p=350916"},"modified":"2016-08-08T18:05:59","modified_gmt":"2016-08-08T17:05:59","slug":"aumenta-la-represion-argentina","status":"publish","type":"post","link":"https:\/\/www.pressenza.com\/es\/2016\/08\/aumenta-la-represion-argentina\/","title":{"rendered":"Aumenta la represi\u00f3n en Argentina"},"content":{"rendered":"<p>El s\u00e1bado 6 de agosto fueron detenidos nueve ciudadanos cuando pintaban un mural por la libertad de Milagro Sala, Ra\u00fal Noro y otros nueve presos de la organizaci\u00f3n social T\u00fapac Amaru. El hecho se produjo en la ciudad de Carlos Paz, provincia de C\u00f3rdoba, que est\u00e1 gobernada por partidos de la derecha neoliberal. Entre los detenidos hay dos menores de 18 a\u00f1os y un hombre de 70 a\u00f1os, todos de la agrupaci\u00f3n peronista \u201cDescamisados\u201d.<\/p>\n<p>El Partido Humanista Internacional (PHI) denuncia la escalada represiva en Argentina, donde desde el 16 de enero de este a\u00f1o, al ser detenida Milagro Sala en la provincia de Jujuy, no cesan los encarcelamientos, procesamientos judiciales, allanamientos con robos y destrucci\u00f3n y amenazas, lleg\u00e1ndose a arrestar a abogados defensores de los presos.<\/p>\n<p>El PHI hace responsable de esta represi\u00f3n al gobierno del presidente Mauricio Macr\u00ed, al gobernador de la provincia de Jujuy, se\u00f1or Gerardo Morales y a otros gobiernos provinciales.<\/p>\n<p>Estos son los nombres de los 11 detenidos en Jujuy, por cuya libertad reclaman los partidos pol\u00edticos y organizaciones populares:<\/p>\n<p>Milagro Sala, Elba Jes\u00fas Galarza, Mar\u00eda Molina, Patricia Cabana, Alberto Cardozo, Iv\u00e1n Altamirano, Miguel Angel Sivila, Ra\u00fal Noro, Mirta Aizama, Gladys D\u00edaz y Mirta Guerrero.<\/p>\n<p>&nbsp;<\/p>\n<p><strong>Equipo Coordinador Internacional del PHI<\/strong><\/p>\n","protected":false},"excerpt":{"rendered":"<p>El s\u00e1bado 6 de agosto fueron detenidos nueve ciudadanos cuando pintaban un mural por la libertad de Milagro Sala, Ra\u00fal Noro y otros nueve presos de la organizaci\u00f3n social T\u00fapac Amaru. El hecho se produjo en la ciudad de Carlos&hellip;<\/p>\n","protected":false},"author":624,"featured_media":347640,"comment_status":"closed","ping_status":"closed","sticky":false,"template":"","format":"standard","meta":{"footnotes":""},"categories":[149,39,74],"tags":[29275,26426,1266,418,24175,702,1096],"class_list":["post-350916","post","type-post","status-publish","format-standard","has-post-thumbnail","hentry","category-comunicados-de-prensa","category-internacional","category-politica-es","tag-eduardo-morales","tag-gobierno-macri","tag-milagro-sala","tag-partido-humanista","tag-raul-noro","tag-represion","tag-tupac-amaru"],"yoast_head":"<!-- This site is optimized with the Yoast SEO plugin v27.1.1 - https:\/\/yoast.com\/product\/yoast-seo-wordpress\/ -->\n<title>Aumenta la represi\u00f3n en Argentina<\/title>\n<meta name=\"description\" content=\"El s\u00e1bado 6 de agosto fueron detenidos nueve ciudadanos cuando pintaban un mural por la libertad de Milagro Sala, Ra\u00fal Noro y otros nueve presos de la\" \/>\n<meta name=\"robots\" content=\"index, follow, max-snippet:-1, max-image-preview:large, max-video-preview:-1\" \/>\n<link rel=\"canonical\" href=\"https:\/\/www.pressenza.com\/es\/2016\/08\/aumenta-la-represion-argentina\/\" \/>\n<meta property=\"og:locale\" content=\"es_ES\" \/>\n<meta property=\"og:type\" content=\"article\" \/>\n<meta property=\"og:title\" content=\"Aumenta la represi\u00f3n en Argentina\" \/>\n<meta property=\"og:description\" content=\"El s\u00e1bado 6 de agosto fueron detenidos nueve ciudadanos cuando pintaban un mural por la libertad de Milagro Sala, Ra\u00fal Noro y otros nueve presos de la\" \/>\n<meta property=\"og:url\" content=\"https:\/\/www.pressenza.com\/es\/2016\/08\/aumenta-la-represion-argentina\/\" \/>\n<meta property=\"og:site_name\" content=\"Pressenza\" \/>\n<meta property=\"article:publisher\" content=\"https:\/\/www.facebook.com\/PressenzaItalia\" \/>\n<meta property=\"article:published_time\" content=\"2016-08-08T11:57:52+00:00\" \/>\n<meta property=\"article:modified_time\" content=\"2016-08-08T17:05:59+00:00\" \/>\n<meta property=\"og:image\" content=\"https:\/\/www.pressenza.com\/wp-content\/uploads\/2016\/07\/2-2.jpg\" \/>\n\t<meta property=\"og:image:width\" content=\"1040\" \/>\n\t<meta property=\"og:image:height\" content=\"585\" \/>\n\t<meta property=\"og:image:type\" content=\"image\/jpeg\" \/>\n<meta name=\"author\" content=\"Partido Humanista Internacional\" \/>\n<meta name=\"twitter:card\" content=\"summary_large_image\" \/>\n<meta name=\"twitter:creator\" content=\"@PressenzaIPA\" \/>\n<meta name=\"twitter:site\" content=\"@PressenzaIPA\" \/>\n<meta name=\"twitter:label1\" content=\"Escrito por\" \/>\n\t<meta name=\"twitter:data1\" content=\"Partido Humanista Internacional\" \/>\n\t<meta name=\"twitter:label2\" content=\"Tiempo de lectura\" \/>\n\t<meta name=\"twitter:data2\" content=\"1 minuto\" \/>\n<script type=\"application\/ld+json\" class=\"yoast-schema-graph\">{\"@context\":\"https:\/\/schema.org\",\"@graph\":[{\"@type\":\"Article\",\"@id\":\"https:\/\/www.pressenza.com\/es\/2016\/08\/aumenta-la-represion-argentina\/#article\",\"isPartOf\":{\"@id\":\"https:\/\/www.pressenza.com\/es\/2016\/08\/aumenta-la-represion-argentina\/\"},\"author\":{\"name\":\"Partido Humanista Internacional\",\"@id\":\"https:\/\/www.pressenza.com\/es\/#\/schema\/person\/f805ee4d4c0aa27aa176ccec26128d33\"},\"headline\":\"Aumenta la represi\u00f3n en Argentina\",\"datePublished\":\"2016-08-08T11:57:52+00:00\",\"dateModified\":\"2016-08-08T17:05:59+00:00\",\"mainEntityOfPage\":{\"@id\":\"https:\/\/www.pressenza.com\/es\/2016\/08\/aumenta-la-represion-argentina\/\"},\"wordCount\":225,\"publisher\":{\"@id\":\"https:\/\/www.pressenza.com\/es\/#organization\"},\"image\":{\"@id\":\"https:\/\/www.pressenza.com\/es\/2016\/08\/aumenta-la-represion-argentina\/#primaryimage\"},\"thumbnailUrl\":\"https:\/\/www.pressenza.com\/wp-content\/uploads\/2016\/07\/2-2.jpg\",\"keywords\":[\"Eduardo Morales\",\"gobierno Macri\",\"Milagro Sala\",\"Partido Humanista\",\"Raul Noro\",\"represi\u00f3n\",\"Tupac Amaru\"],\"articleSection\":[\"Comunicados de Prensa\",\"Internacional\",\"Pol\u00edtica\"],\"inLanguage\":\"es\"},{\"@type\":\"WebPage\",\"@id\":\"https:\/\/www.pressenza.com\/es\/2016\/08\/aumenta-la-represion-argentina\/\",\"url\":\"https:\/\/www.pressenza.com\/es\/2016\/08\/aumenta-la-represion-argentina\/\",\"name\":\"Aumenta la represi\u00f3n en Argentina\",\"isPartOf\":{\"@id\":\"https:\/\/www.pressenza.com\/es\/#website\"},\"primaryImageOfPage\":{\"@id\":\"https:\/\/www.pressenza.com\/es\/2016\/08\/aumenta-la-represion-argentina\/#primaryimage\"},\"image\":{\"@id\":\"https:\/\/www.pressenza.com\/es\/2016\/08\/aumenta-la-represion-argentina\/#primaryimage\"},\"thumbnailUrl\":\"https:\/\/www.pressenza.com\/wp-content\/uploads\/2016\/07\/2-2.jpg\",\"datePublished\":\"2016-08-08T11:57:52+00:00\",\"dateModified\":\"2016-08-08T17:05:59+00:00\",\"description\":\"El s\u00e1bado 6 de agosto fueron detenidos nueve ciudadanos cuando pintaban un mural por la libertad de Milagro Sala, Ra\u00fal Noro y otros nueve presos de la\",\"breadcrumb\":{\"@id\":\"https:\/\/www.pressenza.com\/es\/2016\/08\/aumenta-la-represion-argentina\/#breadcrumb\"},\"inLanguage\":\"es\",\"potentialAction\":[{\"@type\":\"ReadAction\",\"target\":[\"https:\/\/www.pressenza.com\/es\/2016\/08\/aumenta-la-represion-argentina\/\"]}]},{\"@type\":\"ImageObject\",\"inLanguage\":\"es\",\"@id\":\"https:\/\/www.pressenza.com\/es\/2016\/08\/aumenta-la-represion-argentina\/#primaryimage\",\"url\":\"https:\/\/www.pressenza.com\/wp-content\/uploads\/2016\/07\/2-2.jpg\",\"contentUrl\":\"https:\/\/www.pressenza.com\/wp-content\/uploads\/2016\/07\/2-2.jpg\",\"width\":1040,\"height\":585},{\"@type\":\"BreadcrumbList\",\"@id\":\"https:\/\/www.pressenza.com\/es\/2016\/08\/aumenta-la-represion-argentina\/#breadcrumb\",\"itemListElement\":[{\"@type\":\"ListItem\",\"position\":1,\"name\":\"Accueil\",\"item\":\"https:\/\/www.pressenza.com\/es\/\"},{\"@type\":\"ListItem\",\"position\":2,\"name\":\"Aumenta la represi\u00f3n en Argentina\"}]},{\"@type\":\"WebSite\",\"@id\":\"https:\/\/www.pressenza.com\/es\/#website\",\"url\":\"https:\/\/www.pressenza.com\/es\/\",\"name\":\"Pressenza\",\"description\":\"International Press Agency\",\"publisher\":{\"@id\":\"https:\/\/www.pressenza.com\/es\/#organization\"},\"potentialAction\":[{\"@type\":\"SearchAction\",\"target\":{\"@type\":\"EntryPoint\",\"urlTemplate\":\"https:\/\/www.pressenza.com\/es\/?s={search_term_string}\"},\"query-input\":{\"@type\":\"PropertyValueSpecification\",\"valueRequired\":true,\"valueName\":\"search_term_string\"}}],\"inLanguage\":\"es\"},{\"@type\":\"Organization\",\"@id\":\"https:\/\/www.pressenza.com\/es\/#organization\",\"name\":\"Pressenza\",\"url\":\"https:\/\/www.pressenza.com\/es\/\",\"logo\":{\"@type\":\"ImageObject\",\"inLanguage\":\"es\",\"@id\":\"https:\/\/www.pressenza.com\/es\/#\/schema\/logo\/image\/\",\"url\":\"https:\/\/www.pressenza.com\/wp-content\/uploads\/2022\/10\/pressenza_logo_200x200.jpg\",\"contentUrl\":\"https:\/\/www.pressenza.com\/wp-content\/uploads\/2022\/10\/pressenza_logo_200x200.jpg\",\"width\":200,\"height\":200,\"caption\":\"Pressenza\"},\"image\":{\"@id\":\"https:\/\/www.pressenza.com\/es\/#\/schema\/logo\/image\/\"},\"sameAs\":[\"https:\/\/www.facebook.com\/PressenzaItalia\",\"https:\/\/x.com\/PressenzaIPA\"]},{\"@type\":\"Person\",\"@id\":\"https:\/\/www.pressenza.com\/es\/#\/schema\/person\/f805ee4d4c0aa27aa176ccec26128d33\",\"name\":\"Partido Humanista Internacional\",\"description\":\"www.internationalhumanistparty.org\",\"url\":\"https:\/\/www.pressenza.com\/es\/author\/partido-humanista-internacional\/\"}]}<\/script>\n<!-- \/ Yoast SEO plugin. -->","yoast_head_json":{"title":"Aumenta la represi\u00f3n en Argentina","description":"El s\u00e1bado 6 de agosto fueron detenidos nueve ciudadanos cuando pintaban un mural por la libertad de Milagro Sala, Ra\u00fal Noro y otros nueve presos de la","robots":{"index":"index","follow":"follow","max-snippet":"max-snippet:-1","max-image-preview":"max-image-preview:large","max-video-preview":"max-video-preview:-1"},"canonical":"https:\/\/www.pressenza.com\/es\/2016\/08\/aumenta-la-represion-argentina\/","og_locale":"es_ES","og_type":"article","og_title":"Aumenta la represi\u00f3n en Argentina","og_description":"El s\u00e1bado 6 de agosto fueron detenidos nueve ciudadanos cuando pintaban un mural por la libertad de Milagro Sala, Ra\u00fal Noro y otros nueve presos de la","og_url":"https:\/\/www.pressenza.com\/es\/2016\/08\/aumenta-la-represion-argentina\/","og_site_name":"Pressenza","article_publisher":"https:\/\/www.facebook.com\/PressenzaItalia","article_published_time":"2016-08-08T11:57:52+00:00","article_modified_time":"2016-08-08T17:05:59+00:00","og_image":[{"width":1040,"height":585,"url":"https:\/\/www.pressenza.com\/wp-content\/uploads\/2016\/07\/2-2.jpg","type":"image\/jpeg"}],"author":"Partido Humanista Internacional","twitter_card":"summary_large_image","twitter_creator":"@PressenzaIPA","twitter_site":"@PressenzaIPA","twitter_misc":{"Escrito por":"Partido Humanista Internacional","Tiempo de lectura":"1 minuto"},"schema":{"@context":"https:\/\/schema.org","@graph":[{"@type":"Article","@id":"https:\/\/www.pressenza.com\/es\/2016\/08\/aumenta-la-represion-argentina\/#article","isPartOf":{"@id":"https:\/\/www.pressenza.com\/es\/2016\/08\/aumenta-la-represion-argentina\/"},"author":{"name":"Partido Humanista Internacional","@id":"https:\/\/www.pressenza.com\/es\/#\/schema\/person\/f805ee4d4c0aa27aa176ccec26128d33"},"headline":"Aumenta la represi\u00f3n en Argentina","datePublished":"2016-08-08T11:57:52+00:00","dateModified":"2016-08-08T17:05:59+00:00","mainEntityOfPage":{"@id":"https:\/\/www.pressenza.com\/es\/2016\/08\/aumenta-la-represion-argentina\/"},"wordCount":225,"publisher":{"@id":"https:\/\/www.pressenza.com\/es\/#organization"},"image":{"@id":"https:\/\/www.pressenza.com\/es\/2016\/08\/aumenta-la-represion-argentina\/#primaryimage"},"thumbnailUrl":"https:\/\/www.pressenza.com\/wp-content\/uploads\/2016\/07\/2-2.jpg","keywords":["Eduardo Morales","gobierno Macri","Milagro Sala","Partido Humanista","Raul Noro","represi\u00f3n","Tupac Amaru"],"articleSection":["Comunicados de Prensa","Internacional","Pol\u00edtica"],"inLanguage":"es"},{"@type":"WebPage","@id":"https:\/\/www.pressenza.com\/es\/2016\/08\/aumenta-la-represion-argentina\/","url":"https:\/\/www.pressenza.com\/es\/2016\/08\/aumenta-la-represion-argentina\/","name":"Aumenta la represi\u00f3n en Argentina","isPartOf":{"@id":"https:\/\/www.pressenza.com\/es\/#website"},"primaryImageOfPage":{"@id":"https:\/\/www.pressenza.com\/es\/2016\/08\/aumenta-la-represion-argentina\/#primaryimage"},"image":{"@id":"https:\/\/www.pressenza.com\/es\/2016\/08\/aumenta-la-represion-argentina\/#primaryimage"},"thumbnailUrl":"https:\/\/www.pressenza.com\/wp-content\/uploads\/2016\/07\/2-2.jpg","datePublished":"2016-08-08T11:57:52+00:00","dateModified":"2016-08-08T17:05:59+00:00","description":"El s\u00e1bado 6 de agosto fueron detenidos nueve ciudadanos cuando pintaban un mural por la libertad de Milagro Sala, Ra\u00fal Noro y otros nueve presos de la","breadcrumb":{"@id":"https:\/\/www.pressenza.com\/es\/2016\/08\/aumenta-la-represion-argentina\/#breadcrumb"},"inLanguage":"es","potentialAction":[{"@type":"ReadAction","target":["https:\/\/www.pressenza.com\/es\/2016\/08\/aumenta-la-represion-argentina\/"]}]},{"@type":"ImageObject","inLanguage":"es","@id":"https:\/\/www.pressenza.com\/es\/2016\/08\/aumenta-la-represion-argentina\/#primaryimage","url":"https:\/\/www.pressenza.com\/wp-content\/uploads\/2016\/07\/2-2.jpg","contentUrl":"https:\/\/www.pressenza.com\/wp-content\/uploads\/2016\/07\/2-2.jpg","width":1040,"height":585},{"@type":"BreadcrumbList","@id":"https:\/\/www.pressenza.com\/es\/2016\/08\/aumenta-la-represion-argentina\/#breadcrumb","itemListElement":[{"@type":"ListItem","position":1,"name":"Accueil","item":"https:\/\/www.pressenza.com\/es\/"},{"@type":"ListItem","position":2,"name":"Aumenta la represi\u00f3n en Argentina"}]},{"@type":"WebSite","@id":"https:\/\/www.pressenza.com\/es\/#website","url":"https:\/\/www.pressenza.com\/es\/","name":"Pressenza","description":"International Press Agency","publisher":{"@id":"https:\/\/www.pressenza.com\/es\/#organization"},"potentialAction":[{"@type":"SearchAction","target":{"@type":"EntryPoint","urlTemplate":"https:\/\/www.pressenza.com\/es\/?s={search_term_string}"},"query-input":{"@type":"PropertyValueSpecification","valueRequired":true,"valueName":"search_term_string"}}],"inLanguage":"es"},{"@type":"Organization","@id":"https:\/\/www.pressenza.com\/es\/#organization","name":"Pressenza","url":"https:\/\/www.pressenza.com\/es\/","logo":{"@type":"ImageObject","inLanguage":"es","@id":"https:\/\/www.pressenza.com\/es\/#\/schema\/logo\/image\/","url":"https:\/\/www.pressenza.com\/wp-content\/uploads\/2022\/10\/pressenza_logo_200x200.jpg","contentUrl":"https:\/\/www.pressenza.com\/wp-content\/uploads\/2022\/10\/pressenza_logo_200x200.jpg","width":200,"height":200,"caption":"Pressenza"},"image":{"@id":"https:\/\/www.pressenza.com\/es\/#\/schema\/logo\/image\/"},"sameAs":["https:\/\/www.facebook.com\/PressenzaItalia","https:\/\/x.com\/PressenzaIPA"]},{"@type":"Person","@id":"https:\/\/www.pressenza.com\/es\/#\/schema\/person\/f805ee4d4c0aa27aa176ccec26128d33","name":"Partido Humanista Internacional","description":"www.internationalhumanistparty.org","url":"https:\/\/www.pressenza.com\/es\/author\/partido-humanista-internacional\/"}]}},"place":"Buenos Aires","original_article_url":"","_links":{"self":[{"href":"https:\/\/www.pressenza.com\/es\/wp-json\/wp\/v2\/posts\/350916","targetHints":{"allow":["GET"]}}],"collection":[{"href":"https:\/\/www.pressenza.com\/es\/wp-json\/wp\/v2\/posts"}],"about":[{"href":"https:\/\/www.pressenza.com\/es\/wp-json\/wp\/v2\/types\/post"}],"author":[{"embeddable":true,"href":"https:\/\/www.pressenza.com\/es\/wp-json\/wp\/v2\/users\/624"}],"replies":[{"embeddable":true,"href":"https:\/\/www.pressenza.com\/es\/wp-json\/wp\/v2\/comments?post=350916"}],"version-history":[{"count":0,"href":"https:\/\/www.pressenza.com\/es\/wp-json\/wp\/v2\/posts\/350916\/revisions"}],"wp:featuredmedia":[{"embeddable":true,"href":"https:\/\/www.pressenza.com\/es\/wp-json\/wp\/v2\/media\/347640"}],"wp:attachment":[{"href":"https:\/\/www.pressenza.com\/es\/wp-json\/wp\/v2\/media?parent=350916"}],"wp:term":[{"taxonomy":"category","embeddable":true,"href":"https:\/\/www.pressenza.com\/es\/wp-json\/wp\/v2\/categories?post=350916"},{"taxonomy":"post_tag","embeddable":true,"href":"https:\/\/www.pressenza.com\/es\/wp-json\/wp\/v2\/tags?post=350916"}],"curies":[{"name":"wp","href":"https:\/\/api.w.org\/{rel}","templated":true}]}}