{"id":350735,"date":"2016-08-07T14:13:53","date_gmt":"2016-08-07T13:13:53","guid":{"rendered":"http:\/\/www.pressenza.com\/es\/?p=350735"},"modified":"2016-08-07T14:17:05","modified_gmt":"2016-08-07T13:17:05","slug":"esquel-refuerza-reclamo","status":"publish","type":"post","link":"https:\/\/www.pressenza.com\/es\/2016\/08\/esquel-refuerza-reclamo\/","title":{"rendered":"Esquel refuerza su reclamo contra la megaminer\u00eda"},"content":{"rendered":"<p><em>Por <strong>Asamblea de Vecinos Autoconvocados de Esquel por el NO A LA MINA<\/strong><\/em><\/p>\n<p>La lluvia no detuvo la marcha de los vecinos de Esquel que se movilizaron este jueves 4 en la habitual marcha contra la megaminer\u00eda. Tanto en esa ciudad \u00a0como en otros puntos de la provincia, hubo diversas actividades simult\u00e1neas ya que el conjunto de las asambleas de Chubut iniciaron ese d\u00eda una campa\u00f1a <strong>demandando el tratamiento y aprobaci\u00f3n del proyecto de ley presentado por Iniciativa Popular para prohibir la miner\u00eda metal\u00edfera y de radioactivos y que nunca fue tratado por la Legislatura.<\/strong><\/p>\n<p>El siguiente documento presentado el jueves,\u00a0resume la lucha y el reclamo que sostienen.<\/p>\n<p>\u00abComo todos los d\u00edas 4 desde hace 14 a\u00f1os, nos encontramos una vez m\u00e1s en esta plaza para manifestar el repudio a la megaminer\u00eda contaminante y saqueadora. Este 4 de agosto se cumplen, adem\u00e1s, 3 a\u00f1os de que se diera inicio a la campa\u00f1a de recolecci\u00f3n de las firmas necesarias para poder presentar un proyecto de ley, por Iniciativa Popular, para prohibir la megaminer\u00eda metal\u00edfera y de radiactivos en todo el territorio de la provincia del Chubut.<\/p>\n<p>Este proyecto de ley, fruto de m\u00e1s de 10 a\u00f1os de aprendizaje asambleario, hab\u00eda sido redactado, en los meses anteriores, por el conjunto de las Asambleas Ciudadanas de Chubut, asesoradas por prestigiosos abogados ambientalistas y otros expertos, con el fin de acabar, de una vez por todas, con la amenaza megaminera.<\/p>\n<p>Este inaudito esfuerzo colectivo fue bastardeado impunemente por nuestros mal llamados representantes, quienes, tras muchos meses de trabas y zancadillas para evitar el tratamiento de la ley, en una oprobiosa sesi\u00f3n legislativa se atrevieron a reformar el proyecto original, de tal manera que lo transformaron en pr\u00e1cticamente una aprobaci\u00f3n a la megaminer\u00eda, teniendo la desfachatez, adem\u00e1s, de dejarlo con el t\u00edtulo de \u201ciniciativa popular\u201d, como si los 13.007 ciudadanos hubiesen impulsado esa infame ley trucha.<\/p>\n<div id=\"attachment_350736\" class=\"wp-caption alignnone\"><img loading=\"lazy\" decoding=\"async\" aria-describedby=\"caption-attachment-350736\" class=\"size-large wp-image-350736\" src=\"http:\/\/www.pressenza.com\/wp-content\/uploads\/2016\/08\/juanortega-no-a-la-mina-720x329.jpg\" alt=\"Foto Juan Ortega\/Noalamina Esquel\" width=\"720\" height=\"329\" srcset=\"https:\/\/www.pressenza.com\/wp-content\/uploads\/2016\/08\/juanortega-no-a-la-mina-720x329.jpg 720w, https:\/\/www.pressenza.com\/wp-content\/uploads\/2016\/08\/juanortega-no-a-la-mina-300x137.jpg 300w, https:\/\/www.pressenza.com\/wp-content\/uploads\/2016\/08\/juanortega-no-a-la-mina-768x351.jpg 768w, https:\/\/www.pressenza.com\/wp-content\/uploads\/2016\/08\/juanortega-no-a-la-mina.jpg 1935w\" sizes=\"auto, (max-width: 720px) 100vw, 720px\" \/><p id=\"caption-attachment-350736\" class=\"wp-caption-text\">Foto Juan Ortega\/Noalamina Esquel<\/p><\/div>\n<p>Ese d\u00eda descubrimos que la participaci\u00f3n ciudadana era una farsa, letra muerta de la Constituci\u00f3n. Como grafic\u00f3 una compa\u00f1era: \u201cfue como si se hubiese ingresado por iniciativa popular un proyecto contra la trata de mujeres y lo que sali\u00f3 aprobado fue la apertura de prost\u00edbulos\u201d.<\/p>\n<p>Este esc\u00e1ndalo ocurri\u00f3 en una sesi\u00f3n donde un diputado fue fotografiado recibiendo instrucciones de un directivo de la transnacional minera Yamana Gold en plena sesi\u00f3n legislativa. El gerente minero le dec\u00eda por mensaje de texto c\u00f3mo deb\u00eda escribir la ley del fraude.<\/p>\n<p>Fue una foto que recorri\u00f3 todos los diarios del pa\u00eds y que era la prueba contundente de algo que dec\u00edamos y sab\u00edamos, pero que nunca hab\u00eda sido visto de manera tan expl\u00edcita: las transnacionales ESCRIBEN LAS LEYES QUE NOS SAQUEAN Y CONTAMINAN. Ahora tenemos la imagen de esa certeza.<\/p>\n<p>A partir de ese momento, las asambleas realizaron todo tipo de acciones legales, desde denuncias penales contra los diputados que votaron ese d\u00eda, hasta amparos y pedidos de nulidad de la sesi\u00f3n legislativa del esc\u00e1ndalo hasta que, en enero de este a\u00f1o, la ley trucha fue derogada por el actual gobernador.<\/p>\n<p>Tres a\u00f1os despu\u00e9s, los miles de chubutenses que impulsamos esa LEY DEL PUEBLO seguimos reclamando que se trate EL PROYECTO ORIGINAL presentado por las asambleas de la provincia, esa ley que nunca fue tratada y que, de aprobarse, har\u00eda que Chubut tuviera LA LEY M\u00c1S COMPLETA DEL PA\u00cdS DEFENDIENDO EL AGUA Y LOS ECOSISTEMAS.<\/p>\n<p>Por eso hoy, desde esta plaza y desde todos los rincones de la provincia, proclamamos que A\u00daN NOS DEBEN UNA LEY, esa ley emanada del pueblo y para la cual exigimos el TRATAMIENTO Y APROBACI\u00d3N.<\/p>\n<p>Conseguimos que esta Ley trucha aprobada vilmente sea derogada pero nos deben el TRATAMIENTO Y APROBACI\u00d3N DE NUESTRA LEY!\u00bb<\/p>\n","protected":false},"excerpt":{"rendered":"<p>Por Asamblea de Vecinos Autoconvocados de Esquel por el NO A LA MINA La lluvia no detuvo la marcha de los vecinos de Esquel que se movilizaron este jueves 4 en la habitual marcha contra la megaminer\u00eda. Tanto en esa&hellip;<\/p>\n","protected":false},"author":1254,"featured_media":350743,"comment_status":"closed","ping_status":"closed","sticky":false,"template":"","format":"standard","meta":{"footnotes":""},"categories":[149,79,78,67],"tags":[26,13589,29520,20348,24494],"class_list":["post-350735","post","type-post","status-publish","format-standard","has-post-thumbnail","hentry","category-comunicados-de-prensa","category-derechos-humanos","category-medio-ambiente-ecologia","category-sudamerica","tag-argentina","tag-chubut","tag-iniciativa-popular","tag-megamineria","tag-yamana-gold"],"yoast_head":"<!-- This site is optimized with the Yoast SEO plugin v27.1.1 - https:\/\/yoast.com\/product\/yoast-seo-wordpress\/ -->\n<title>Esquel refuerza su reclamo contra la megaminer\u00eda<\/title>\n<meta name=\"description\" content=\"Por Asamblea de Vecinos Autoconvocados de Esquel por el NO A LA MINA La lluvia no detuvo la marcha de los vecinos de Esquel que se movilizaron este jueves\" \/>\n<meta name=\"robots\" content=\"index, follow, max-snippet:-1, max-image-preview:large, max-video-preview:-1\" \/>\n<link rel=\"canonical\" href=\"https:\/\/www.pressenza.com\/es\/2016\/08\/esquel-refuerza-reclamo\/\" \/>\n<meta property=\"og:locale\" content=\"es_ES\" \/>\n<meta property=\"og:type\" content=\"article\" \/>\n<meta property=\"og:title\" content=\"Esquel refuerza su reclamo contra la megaminer\u00eda\" \/>\n<meta property=\"og:description\" content=\"Por Asamblea de Vecinos Autoconvocados de Esquel por el NO A LA MINA La lluvia no detuvo la marcha de los vecinos de Esquel que se movilizaron este jueves\" \/>\n<meta property=\"og:url\" content=\"https:\/\/www.pressenza.com\/es\/2016\/08\/esquel-refuerza-reclamo\/\" \/>\n<meta property=\"og:site_name\" content=\"Pressenza\" \/>\n<meta property=\"article:publisher\" content=\"https:\/\/www.facebook.com\/PressenzaItalia\" \/>\n<meta property=\"article:author\" content=\"https:\/\/www.facebook.com\/pressenza\" \/>\n<meta property=\"article:published_time\" content=\"2016-08-07T13:13:53+00:00\" \/>\n<meta property=\"article:modified_time\" content=\"2016-08-07T13:17:05+00:00\" \/>\n<meta property=\"og:image\" content=\"https:\/\/www.pressenza.com\/wp-content\/uploads\/2016\/08\/ley3.jpg\" \/>\n\t<meta property=\"og:image:width\" content=\"800\" \/>\n\t<meta property=\"og:image:height\" content=\"417\" \/>\n\t<meta property=\"og:image:type\" content=\"image\/jpeg\" \/>\n<meta name=\"author\" content=\"Redacci\u00f3n Mar del Plata\" \/>\n<meta name=\"twitter:card\" content=\"summary_large_image\" \/>\n<meta name=\"twitter:creator\" content=\"@Pressenza\" \/>\n<meta name=\"twitter:site\" content=\"@PressenzaIPA\" \/>\n<meta name=\"twitter:label1\" content=\"Escrito por\" \/>\n\t<meta name=\"twitter:data1\" content=\"Redacci\u00f3n Mar del Plata\" \/>\n\t<meta name=\"twitter:label2\" content=\"Tiempo de lectura\" \/>\n\t<meta name=\"twitter:data2\" content=\"3 minutos\" \/>\n<script type=\"application\/ld+json\" class=\"yoast-schema-graph\">{\"@context\":\"https:\/\/schema.org\",\"@graph\":[{\"@type\":\"Article\",\"@id\":\"https:\/\/www.pressenza.com\/es\/2016\/08\/esquel-refuerza-reclamo\/#article\",\"isPartOf\":{\"@id\":\"https:\/\/www.pressenza.com\/es\/2016\/08\/esquel-refuerza-reclamo\/\"},\"author\":{\"name\":\"Redacci\u00f3n Mar del Plata\",\"@id\":\"https:\/\/www.pressenza.com\/es\/#\/schema\/person\/738658b5125ecea661a8a0b96dba8b69\"},\"headline\":\"Esquel refuerza su reclamo contra la megaminer\u00eda\",\"datePublished\":\"2016-08-07T13:13:53+00:00\",\"dateModified\":\"2016-08-07T13:17:05+00:00\",\"mainEntityOfPage\":{\"@id\":\"https:\/\/www.pressenza.com\/es\/2016\/08\/esquel-refuerza-reclamo\/\"},\"wordCount\":674,\"publisher\":{\"@id\":\"https:\/\/www.pressenza.com\/es\/#organization\"},\"image\":{\"@id\":\"https:\/\/www.pressenza.com\/es\/2016\/08\/esquel-refuerza-reclamo\/#primaryimage\"},\"thumbnailUrl\":\"https:\/\/www.pressenza.com\/wp-content\/uploads\/2016\/08\/ley3.jpg\",\"keywords\":[\"Argentina\",\"Chubut\",\"iniciativa popular\",\"megaminer\u00eda\",\"Yamana Gold\"],\"articleSection\":[\"Comunicados de Prensa\",\"Derechos Humanos\",\"Ecolog\u00eda y Medio Ambiente\",\"Sudam\u00e9rica\"],\"inLanguage\":\"es\"},{\"@type\":\"WebPage\",\"@id\":\"https:\/\/www.pressenza.com\/es\/2016\/08\/esquel-refuerza-reclamo\/\",\"url\":\"https:\/\/www.pressenza.com\/es\/2016\/08\/esquel-refuerza-reclamo\/\",\"name\":\"Esquel refuerza su reclamo contra la megaminer\u00eda\",\"isPartOf\":{\"@id\":\"https:\/\/www.pressenza.com\/es\/#website\"},\"primaryImageOfPage\":{\"@id\":\"https:\/\/www.pressenza.com\/es\/2016\/08\/esquel-refuerza-reclamo\/#primaryimage\"},\"image\":{\"@id\":\"https:\/\/www.pressenza.com\/es\/2016\/08\/esquel-refuerza-reclamo\/#primaryimage\"},\"thumbnailUrl\":\"https:\/\/www.pressenza.com\/wp-content\/uploads\/2016\/08\/ley3.jpg\",\"datePublished\":\"2016-08-07T13:13:53+00:00\",\"dateModified\":\"2016-08-07T13:17:05+00:00\",\"description\":\"Por Asamblea de Vecinos Autoconvocados de Esquel por el NO A LA MINA La lluvia no detuvo la marcha de los vecinos de Esquel que se movilizaron este jueves\",\"breadcrumb\":{\"@id\":\"https:\/\/www.pressenza.com\/es\/2016\/08\/esquel-refuerza-reclamo\/#breadcrumb\"},\"inLanguage\":\"es\",\"potentialAction\":[{\"@type\":\"ReadAction\",\"target\":[\"https:\/\/www.pressenza.com\/es\/2016\/08\/esquel-refuerza-reclamo\/\"]}]},{\"@type\":\"ImageObject\",\"inLanguage\":\"es\",\"@id\":\"https:\/\/www.pressenza.com\/es\/2016\/08\/esquel-refuerza-reclamo\/#primaryimage\",\"url\":\"https:\/\/www.pressenza.com\/wp-content\/uploads\/2016\/08\/ley3.jpg\",\"contentUrl\":\"https:\/\/www.pressenza.com\/wp-content\/uploads\/2016\/08\/ley3.jpg\",\"width\":800,\"height\":417},{\"@type\":\"BreadcrumbList\",\"@id\":\"https:\/\/www.pressenza.com\/es\/2016\/08\/esquel-refuerza-reclamo\/#breadcrumb\",\"itemListElement\":[{\"@type\":\"ListItem\",\"position\":1,\"name\":\"Accueil\",\"item\":\"https:\/\/www.pressenza.com\/es\/\"},{\"@type\":\"ListItem\",\"position\":2,\"name\":\"Esquel refuerza su reclamo contra la megaminer\u00eda\"}]},{\"@type\":\"WebSite\",\"@id\":\"https:\/\/www.pressenza.com\/es\/#website\",\"url\":\"https:\/\/www.pressenza.com\/es\/\",\"name\":\"Pressenza\",\"description\":\"International Press Agency\",\"publisher\":{\"@id\":\"https:\/\/www.pressenza.com\/es\/#organization\"},\"potentialAction\":[{\"@type\":\"SearchAction\",\"target\":{\"@type\":\"EntryPoint\",\"urlTemplate\":\"https:\/\/www.pressenza.com\/es\/?s={search_term_string}\"},\"query-input\":{\"@type\":\"PropertyValueSpecification\",\"valueRequired\":true,\"valueName\":\"search_term_string\"}}],\"inLanguage\":\"es\"},{\"@type\":\"Organization\",\"@id\":\"https:\/\/www.pressenza.com\/es\/#organization\",\"name\":\"Pressenza\",\"url\":\"https:\/\/www.pressenza.com\/es\/\",\"logo\":{\"@type\":\"ImageObject\",\"inLanguage\":\"es\",\"@id\":\"https:\/\/www.pressenza.com\/es\/#\/schema\/logo\/image\/\",\"url\":\"https:\/\/www.pressenza.com\/wp-content\/uploads\/2022\/10\/pressenza_logo_200x200.jpg\",\"contentUrl\":\"https:\/\/www.pressenza.com\/wp-content\/uploads\/2022\/10\/pressenza_logo_200x200.jpg\",\"width\":200,\"height\":200,\"caption\":\"Pressenza\"},\"image\":{\"@id\":\"https:\/\/www.pressenza.com\/es\/#\/schema\/logo\/image\/\"},\"sameAs\":[\"https:\/\/www.facebook.com\/PressenzaItalia\",\"https:\/\/x.com\/PressenzaIPA\"]},{\"@type\":\"Person\",\"@id\":\"https:\/\/www.pressenza.com\/es\/#\/schema\/person\/738658b5125ecea661a8a0b96dba8b69\",\"name\":\"Redacci\u00f3n Mar del Plata\",\"description\":\"News published by the Pressenza bureau in Mar Del Plata, Argentina\",\"sameAs\":[\"https:\/\/www.facebook.com\/pressenza\",\"https:\/\/x.com\/Pressenza\"],\"url\":\"https:\/\/www.pressenza.com\/es\/author\/redaccion-mar-del-plata\/\"}]}<\/script>\n<!-- \/ Yoast SEO plugin. -->","yoast_head_json":{"title":"Esquel refuerza su reclamo contra la megaminer\u00eda","description":"Por Asamblea de Vecinos Autoconvocados de Esquel por el NO A LA MINA La lluvia no detuvo la marcha de los vecinos de Esquel que se movilizaron este jueves","robots":{"index":"index","follow":"follow","max-snippet":"max-snippet:-1","max-image-preview":"max-image-preview:large","max-video-preview":"max-video-preview:-1"},"canonical":"https:\/\/www.pressenza.com\/es\/2016\/08\/esquel-refuerza-reclamo\/","og_locale":"es_ES","og_type":"article","og_title":"Esquel refuerza su reclamo contra la megaminer\u00eda","og_description":"Por Asamblea de Vecinos Autoconvocados de Esquel por el NO A LA MINA La lluvia no detuvo la marcha de los vecinos de Esquel que se movilizaron este jueves","og_url":"https:\/\/www.pressenza.com\/es\/2016\/08\/esquel-refuerza-reclamo\/","og_site_name":"Pressenza","article_publisher":"https:\/\/www.facebook.com\/PressenzaItalia","article_author":"https:\/\/www.facebook.com\/pressenza","article_published_time":"2016-08-07T13:13:53+00:00","article_modified_time":"2016-08-07T13:17:05+00:00","og_image":[{"width":800,"height":417,"url":"https:\/\/www.pressenza.com\/wp-content\/uploads\/2016\/08\/ley3.jpg","type":"image\/jpeg"}],"author":"Redacci\u00f3n Mar del Plata","twitter_card":"summary_large_image","twitter_creator":"@Pressenza","twitter_site":"@PressenzaIPA","twitter_misc":{"Escrito por":"Redacci\u00f3n Mar del Plata","Tiempo de lectura":"3 minutos"},"schema":{"@context":"https:\/\/schema.org","@graph":[{"@type":"Article","@id":"https:\/\/www.pressenza.com\/es\/2016\/08\/esquel-refuerza-reclamo\/#article","isPartOf":{"@id":"https:\/\/www.pressenza.com\/es\/2016\/08\/esquel-refuerza-reclamo\/"},"author":{"name":"Redacci\u00f3n Mar del Plata","@id":"https:\/\/www.pressenza.com\/es\/#\/schema\/person\/738658b5125ecea661a8a0b96dba8b69"},"headline":"Esquel refuerza su reclamo contra la megaminer\u00eda","datePublished":"2016-08-07T13:13:53+00:00","dateModified":"2016-08-07T13:17:05+00:00","mainEntityOfPage":{"@id":"https:\/\/www.pressenza.com\/es\/2016\/08\/esquel-refuerza-reclamo\/"},"wordCount":674,"publisher":{"@id":"https:\/\/www.pressenza.com\/es\/#organization"},"image":{"@id":"https:\/\/www.pressenza.com\/es\/2016\/08\/esquel-refuerza-reclamo\/#primaryimage"},"thumbnailUrl":"https:\/\/www.pressenza.com\/wp-content\/uploads\/2016\/08\/ley3.jpg","keywords":["Argentina","Chubut","iniciativa popular","megaminer\u00eda","Yamana Gold"],"articleSection":["Comunicados de Prensa","Derechos Humanos","Ecolog\u00eda y Medio Ambiente","Sudam\u00e9rica"],"inLanguage":"es"},{"@type":"WebPage","@id":"https:\/\/www.pressenza.com\/es\/2016\/08\/esquel-refuerza-reclamo\/","url":"https:\/\/www.pressenza.com\/es\/2016\/08\/esquel-refuerza-reclamo\/","name":"Esquel refuerza su reclamo contra la megaminer\u00eda","isPartOf":{"@id":"https:\/\/www.pressenza.com\/es\/#website"},"primaryImageOfPage":{"@id":"https:\/\/www.pressenza.com\/es\/2016\/08\/esquel-refuerza-reclamo\/#primaryimage"},"image":{"@id":"https:\/\/www.pressenza.com\/es\/2016\/08\/esquel-refuerza-reclamo\/#primaryimage"},"thumbnailUrl":"https:\/\/www.pressenza.com\/wp-content\/uploads\/2016\/08\/ley3.jpg","datePublished":"2016-08-07T13:13:53+00:00","dateModified":"2016-08-07T13:17:05+00:00","description":"Por Asamblea de Vecinos Autoconvocados de Esquel por el NO A LA MINA La lluvia no detuvo la marcha de los vecinos de Esquel que se movilizaron este jueves","breadcrumb":{"@id":"https:\/\/www.pressenza.com\/es\/2016\/08\/esquel-refuerza-reclamo\/#breadcrumb"},"inLanguage":"es","potentialAction":[{"@type":"ReadAction","target":["https:\/\/www.pressenza.com\/es\/2016\/08\/esquel-refuerza-reclamo\/"]}]},{"@type":"ImageObject","inLanguage":"es","@id":"https:\/\/www.pressenza.com\/es\/2016\/08\/esquel-refuerza-reclamo\/#primaryimage","url":"https:\/\/www.pressenza.com\/wp-content\/uploads\/2016\/08\/ley3.jpg","contentUrl":"https:\/\/www.pressenza.com\/wp-content\/uploads\/2016\/08\/ley3.jpg","width":800,"height":417},{"@type":"BreadcrumbList","@id":"https:\/\/www.pressenza.com\/es\/2016\/08\/esquel-refuerza-reclamo\/#breadcrumb","itemListElement":[{"@type":"ListItem","position":1,"name":"Accueil","item":"https:\/\/www.pressenza.com\/es\/"},{"@type":"ListItem","position":2,"name":"Esquel refuerza su reclamo contra la megaminer\u00eda"}]},{"@type":"WebSite","@id":"https:\/\/www.pressenza.com\/es\/#website","url":"https:\/\/www.pressenza.com\/es\/","name":"Pressenza","description":"International Press Agency","publisher":{"@id":"https:\/\/www.pressenza.com\/es\/#organization"},"potentialAction":[{"@type":"SearchAction","target":{"@type":"EntryPoint","urlTemplate":"https:\/\/www.pressenza.com\/es\/?s={search_term_string}"},"query-input":{"@type":"PropertyValueSpecification","valueRequired":true,"valueName":"search_term_string"}}],"inLanguage":"es"},{"@type":"Organization","@id":"https:\/\/www.pressenza.com\/es\/#organization","name":"Pressenza","url":"https:\/\/www.pressenza.com\/es\/","logo":{"@type":"ImageObject","inLanguage":"es","@id":"https:\/\/www.pressenza.com\/es\/#\/schema\/logo\/image\/","url":"https:\/\/www.pressenza.com\/wp-content\/uploads\/2022\/10\/pressenza_logo_200x200.jpg","contentUrl":"https:\/\/www.pressenza.com\/wp-content\/uploads\/2022\/10\/pressenza_logo_200x200.jpg","width":200,"height":200,"caption":"Pressenza"},"image":{"@id":"https:\/\/www.pressenza.com\/es\/#\/schema\/logo\/image\/"},"sameAs":["https:\/\/www.facebook.com\/PressenzaItalia","https:\/\/x.com\/PressenzaIPA"]},{"@type":"Person","@id":"https:\/\/www.pressenza.com\/es\/#\/schema\/person\/738658b5125ecea661a8a0b96dba8b69","name":"Redacci\u00f3n Mar del Plata","description":"News published by the Pressenza bureau in Mar Del Plata, Argentina","sameAs":["https:\/\/www.facebook.com\/pressenza","https:\/\/x.com\/Pressenza"],"url":"https:\/\/www.pressenza.com\/es\/author\/redaccion-mar-del-plata\/"}]}},"place":"Esquel, Argentina","original_article_url":"http:\/\/www.noalamina.org\/esquel\/item\/16025-marcha-y-volanteada-informativa-bajo-la-lluvia-en-esquel-para-frenar-a-las-mineras-para-siempre","_links":{"self":[{"href":"https:\/\/www.pressenza.com\/es\/wp-json\/wp\/v2\/posts\/350735","targetHints":{"allow":["GET"]}}],"collection":[{"href":"https:\/\/www.pressenza.com\/es\/wp-json\/wp\/v2\/posts"}],"about":[{"href":"https:\/\/www.pressenza.com\/es\/wp-json\/wp\/v2\/types\/post"}],"author":[{"embeddable":true,"href":"https:\/\/www.pressenza.com\/es\/wp-json\/wp\/v2\/users\/1254"}],"replies":[{"embeddable":true,"href":"https:\/\/www.pressenza.com\/es\/wp-json\/wp\/v2\/comments?post=350735"}],"version-history":[{"count":0,"href":"https:\/\/www.pressenza.com\/es\/wp-json\/wp\/v2\/posts\/350735\/revisions"}],"wp:featuredmedia":[{"embeddable":true,"href":"https:\/\/www.pressenza.com\/es\/wp-json\/wp\/v2\/media\/350743"}],"wp:attachment":[{"href":"https:\/\/www.pressenza.com\/es\/wp-json\/wp\/v2\/media?parent=350735"}],"wp:term":[{"taxonomy":"category","embeddable":true,"href":"https:\/\/www.pressenza.com\/es\/wp-json\/wp\/v2\/categories?post=350735"},{"taxonomy":"post_tag","embeddable":true,"href":"https:\/\/www.pressenza.com\/es\/wp-json\/wp\/v2\/tags?post=350735"}],"curies":[{"name":"wp","href":"https:\/\/api.w.org\/{rel}","templated":true}]}}