{"id":346893,"date":"2016-07-27T23:34:54","date_gmt":"2016-07-27T22:34:54","guid":{"rendered":"http:\/\/www.pressenza.com\/es\/?p=346893"},"modified":"2016-07-27T23:34:54","modified_gmt":"2016-07-27T22:34:54","slug":"gobierno-griego-asalta-tesalonica-grecia-tres-edificios-ocupados-refugiados","status":"publish","type":"post","link":"https:\/\/www.pressenza.com\/es\/2016\/07\/gobierno-griego-asalta-tesalonica-grecia-tres-edificios-ocupados-refugiados\/","title":{"rendered":"El gobierno griego asalta en Tesal\u00f3nica (Grecia), tres edificios ocupados por refugiados."},"content":{"rendered":"<p>Por Theodoros Karyotis<\/p>\n<p>En un acto sin precedentes en la &#8216;democracia&#8217;,\u00a0 el Gobierno griego asalt\u00f3 y desaloj\u00f3 temprano en la ma\u00f1ana de hoy 27 de julio, tres casas ocupadas en Tesal\u00f3nica, que estaban siendo utilizadas como cobijo para personas refugiadas.<br \/>\nEl mensaje que el gobierno de izquierdas quiere transmitir con esto, es que no hay espacio para respuestas de solidaridad y autogesti\u00f3n frente a las duras experiencias de los refugiados, sino solamente caridad estatal y confinamiento, marginaci\u00f3n y deportaciones selectivas, llevadas a cabo por un gobierno que cumple al pie de la letra las criminales pol\u00edticas de inmigraci\u00f3n de la Uni\u00f3n Europea.<br \/>\nEl desalojo llega tan s\u00f3lo dos d\u00edas despu\u00e9s de la finalizaci\u00f3n del campamento No border en Tesal\u00f3nica, el cual uni\u00f3 a miles de activistas de todo el continente europeo para protestar contra estas pol\u00edticas.<br \/>\nUna de las casas ocupadas, Nikis, lo es desde hace bastante tiempo y fue abierta para refugiar familias tras la llegada de la crisis de refugiados. Otra casa, Orfanotrofeio fue (re)ocupada el pasado a\u00f1o con el prop\u00f3sito expreso de dar refugio a inmigrantes y refugiados, de forma autogestionada. La tercera de ellas fue ocupada tan s\u00f3lo unos pocos d\u00edas atr\u00e1s, en el mismo centro de la ciudad y con el mismo objetivo que la anterior.<br \/>\nOrfanotrofeio \u00a0ha sido desalojada e inmediatamente despu\u00e9s demolida. Bajo los escombros han quedado sepultadas toneladas de medicinas, comida, ropa y art\u00edculos de primera necesidad que estaban destinadas a familias refugiadas, as\u00ed como los objetos personales de los ocupantes. Cientos de personas fueron detenidas en las tres operaciones, entre ellas muchas refugiadas que han sido enviadas a campos de detenci\u00f3n, as\u00ed como militantes griegos europeos del movimiento \u00abin solidarity with the refugees\u00bb, \u00aben solidaridad con los refugiados\u00bb, que est\u00e1n a\u00fan (a medio d\u00eda del 27 de julio) bajo custodia policial.<\/p>\n<div id=\"attachment_346905\" class=\"wp-caption aligncenter\"><img loading=\"lazy\" decoding=\"async\" aria-describedby=\"caption-attachment-346905\" class=\"wp-image-346905 size-large\" src=\"http:\/\/www.pressenza.com\/wp-content\/uploads\/2016\/07\/grecia.refugiats.2-720x405.jpg\" alt=\"Asalto a edificios ocupados por refugiados\" width=\"720\" height=\"405\" srcset=\"https:\/\/www.pressenza.com\/wp-content\/uploads\/2016\/07\/grecia.refugiats.2-720x405.jpg 720w, https:\/\/www.pressenza.com\/wp-content\/uploads\/2016\/07\/grecia.refugiats.2-300x169.jpg 300w, https:\/\/www.pressenza.com\/wp-content\/uploads\/2016\/07\/grecia.refugiats.2-768x432.jpg 768w, https:\/\/www.pressenza.com\/wp-content\/uploads\/2016\/07\/grecia.refugiats.2-750x422.jpg 750w, https:\/\/www.pressenza.com\/wp-content\/uploads\/2016\/07\/grecia.refugiats.2.jpg 1600w\" sizes=\"auto, (max-width: 720px) 100vw, 720px\" \/><p id=\"caption-attachment-346905\" class=\"wp-caption-text\">Asalto a edificios ocupados por refugiados<\/p><\/div>\n<p>No es la primera vez que el gobierno de Syriza ha mostrado su cara autoritaria. Despu\u00e9s de imponer medidas desastrosas de austeridad que el Gobierno previo de derechas fue incapaz de llevar a cabo, adem\u00e1s compite con el gobierno de derechas en el campo de la represi\u00f3n con mano dura de quienes no dejan de protestar y luchar por la libertad y la dignidad humanas.<br \/>\nEn respuesta, una multitud de gente ha ocupado el cuartel general del partido pol\u00edtico Syriza en Tesal\u00f3nica. Gran cantidad de efectivos policiales rodean el edificio y hay muchas posibilidades de un enfrentamiento violento. Actos, protestas, y manifestaciones de solidaridad est\u00e1n siendo organizadas por toda Grecia.<\/p>\n","protected":false},"excerpt":{"rendered":"<p>Por Theodoros Karyotis En un acto sin precedentes en la &#8216;democracia&#8217;,\u00a0 el Gobierno griego asalt\u00f3 y desaloj\u00f3 temprano en la ma\u00f1ana de hoy 27 de julio, tres casas ocupadas en Tesal\u00f3nica, que estaban siendo utilizadas como cobijo para personas refugiadas.&hellip;<\/p>\n","protected":false},"author":1122,"featured_media":346898,"comment_status":"closed","ping_status":"closed","sticky":false,"template":"","format":"standard","meta":{"footnotes":""},"categories":[149,39,74,20607],"tags":[3022,15958],"class_list":["post-346893","post","type-post","status-publish","format-standard","has-post-thumbnail","hentry","category-comunicados-de-prensa","category-internacional","category-politica-es","category-sin-categorizar","tag-refugiados","tag-tesalonica"],"yoast_head":"<!-- This site is optimized with the Yoast SEO plugin v27.1.1 - https:\/\/yoast.com\/product\/yoast-seo-wordpress\/ -->\n<title>El gobierno griego asalta en Tesal\u00f3nica (Grecia), tres edificios ocupados por refugiados.<\/title>\n<meta name=\"description\" content=\"Por Theodoros Karyotis En un acto sin precedentes en la &#039;democracia&#039;,\u00a0 el Gobierno griego asalt\u00f3 y desaloj\u00f3 temprano en la ma\u00f1ana de hoy 27 de julio, tres\" \/>\n<meta name=\"robots\" content=\"index, follow, max-snippet:-1, max-image-preview:large, max-video-preview:-1\" \/>\n<link rel=\"canonical\" href=\"https:\/\/www.pressenza.com\/es\/2016\/07\/gobierno-griego-asalta-tesalonica-grecia-tres-edificios-ocupados-refugiados\/\" \/>\n<meta property=\"og:locale\" content=\"es_ES\" \/>\n<meta property=\"og:type\" content=\"article\" \/>\n<meta property=\"og:title\" content=\"El gobierno griego asalta en Tesal\u00f3nica (Grecia), tres edificios ocupados por refugiados.\" \/>\n<meta property=\"og:description\" content=\"Por Theodoros Karyotis En un acto sin precedentes en la &#039;democracia&#039;,\u00a0 el Gobierno griego asalt\u00f3 y desaloj\u00f3 temprano en la ma\u00f1ana de hoy 27 de julio, tres\" \/>\n<meta property=\"og:url\" content=\"https:\/\/www.pressenza.com\/es\/2016\/07\/gobierno-griego-asalta-tesalonica-grecia-tres-edificios-ocupados-refugiados\/\" \/>\n<meta property=\"og:site_name\" content=\"Pressenza\" \/>\n<meta property=\"article:publisher\" content=\"https:\/\/www.facebook.com\/PressenzaItalia\" \/>\n<meta property=\"article:author\" content=\"https:\/\/www.facebook.com\/Pressenza-Espaa-647854795301395\/timeline\/\" \/>\n<meta property=\"article:published_time\" content=\"2016-07-27T22:34:54+00:00\" \/>\n<meta property=\"og:image\" content=\"https:\/\/www.pressenza.com\/wp-content\/uploads\/2016\/07\/grecia.refugiats.jpg\" \/>\n\t<meta property=\"og:image:width\" content=\"600\" \/>\n\t<meta property=\"og:image:height\" content=\"450\" \/>\n\t<meta property=\"og:image:type\" content=\"image\/jpeg\" \/>\n<meta name=\"author\" content=\"Redacci\u00f3n Barcelona\" \/>\n<meta name=\"twitter:card\" content=\"summary_large_image\" \/>\n<meta name=\"twitter:creator\" content=\"@pressenza\" \/>\n<meta name=\"twitter:site\" content=\"@PressenzaIPA\" \/>\n<meta name=\"twitter:label1\" content=\"Escrito por\" \/>\n\t<meta name=\"twitter:data1\" content=\"Redacci\u00f3n Barcelona\" \/>\n\t<meta name=\"twitter:label2\" content=\"Tiempo de lectura\" \/>\n\t<meta name=\"twitter:data2\" content=\"2 minutos\" \/>\n<script type=\"application\/ld+json\" class=\"yoast-schema-graph\">{\"@context\":\"https:\/\/schema.org\",\"@graph\":[{\"@type\":\"Article\",\"@id\":\"https:\/\/www.pressenza.com\/es\/2016\/07\/gobierno-griego-asalta-tesalonica-grecia-tres-edificios-ocupados-refugiados\/#article\",\"isPartOf\":{\"@id\":\"https:\/\/www.pressenza.com\/es\/2016\/07\/gobierno-griego-asalta-tesalonica-grecia-tres-edificios-ocupados-refugiados\/\"},\"author\":{\"name\":\"Redacci\u00f3n Barcelona\",\"@id\":\"https:\/\/www.pressenza.com\/es\/#\/schema\/person\/8abc53b92f3264e0dad4300d54ac73ff\"},\"headline\":\"El gobierno griego asalta en Tesal\u00f3nica (Grecia), tres edificios ocupados por refugiados.\",\"datePublished\":\"2016-07-27T22:34:54+00:00\",\"mainEntityOfPage\":{\"@id\":\"https:\/\/www.pressenza.com\/es\/2016\/07\/gobierno-griego-asalta-tesalonica-grecia-tres-edificios-ocupados-refugiados\/\"},\"wordCount\":465,\"publisher\":{\"@id\":\"https:\/\/www.pressenza.com\/es\/#organization\"},\"image\":{\"@id\":\"https:\/\/www.pressenza.com\/es\/2016\/07\/gobierno-griego-asalta-tesalonica-grecia-tres-edificios-ocupados-refugiados\/#primaryimage\"},\"thumbnailUrl\":\"https:\/\/www.pressenza.com\/wp-content\/uploads\/2016\/07\/grecia.refugiats.jpg\",\"keywords\":[\"refugiados\",\"Tesal\u00f3nica\"],\"articleSection\":[\"Comunicados de Prensa\",\"Internacional\",\"Pol\u00edtica\",\"Sin categorizar\"],\"inLanguage\":\"es\"},{\"@type\":\"WebPage\",\"@id\":\"https:\/\/www.pressenza.com\/es\/2016\/07\/gobierno-griego-asalta-tesalonica-grecia-tres-edificios-ocupados-refugiados\/\",\"url\":\"https:\/\/www.pressenza.com\/es\/2016\/07\/gobierno-griego-asalta-tesalonica-grecia-tres-edificios-ocupados-refugiados\/\",\"name\":\"El gobierno griego asalta en Tesal\u00f3nica (Grecia), tres edificios ocupados por refugiados.\",\"isPartOf\":{\"@id\":\"https:\/\/www.pressenza.com\/es\/#website\"},\"primaryImageOfPage\":{\"@id\":\"https:\/\/www.pressenza.com\/es\/2016\/07\/gobierno-griego-asalta-tesalonica-grecia-tres-edificios-ocupados-refugiados\/#primaryimage\"},\"image\":{\"@id\":\"https:\/\/www.pressenza.com\/es\/2016\/07\/gobierno-griego-asalta-tesalonica-grecia-tres-edificios-ocupados-refugiados\/#primaryimage\"},\"thumbnailUrl\":\"https:\/\/www.pressenza.com\/wp-content\/uploads\/2016\/07\/grecia.refugiats.jpg\",\"datePublished\":\"2016-07-27T22:34:54+00:00\",\"description\":\"Por Theodoros Karyotis En un acto sin precedentes en la 'democracia',\u00a0 el Gobierno griego asalt\u00f3 y desaloj\u00f3 temprano en la ma\u00f1ana de hoy 27 de julio, tres\",\"breadcrumb\":{\"@id\":\"https:\/\/www.pressenza.com\/es\/2016\/07\/gobierno-griego-asalta-tesalonica-grecia-tres-edificios-ocupados-refugiados\/#breadcrumb\"},\"inLanguage\":\"es\",\"potentialAction\":[{\"@type\":\"ReadAction\",\"target\":[\"https:\/\/www.pressenza.com\/es\/2016\/07\/gobierno-griego-asalta-tesalonica-grecia-tres-edificios-ocupados-refugiados\/\"]}]},{\"@type\":\"ImageObject\",\"inLanguage\":\"es\",\"@id\":\"https:\/\/www.pressenza.com\/es\/2016\/07\/gobierno-griego-asalta-tesalonica-grecia-tres-edificios-ocupados-refugiados\/#primaryimage\",\"url\":\"https:\/\/www.pressenza.com\/wp-content\/uploads\/2016\/07\/grecia.refugiats.jpg\",\"contentUrl\":\"https:\/\/www.pressenza.com\/wp-content\/uploads\/2016\/07\/grecia.refugiats.jpg\",\"width\":600,\"height\":450,\"caption\":\"El gobierno de Syriza asalta tres dificios ocupados por refugiados\"},{\"@type\":\"BreadcrumbList\",\"@id\":\"https:\/\/www.pressenza.com\/es\/2016\/07\/gobierno-griego-asalta-tesalonica-grecia-tres-edificios-ocupados-refugiados\/#breadcrumb\",\"itemListElement\":[{\"@type\":\"ListItem\",\"position\":1,\"name\":\"Accueil\",\"item\":\"https:\/\/www.pressenza.com\/es\/\"},{\"@type\":\"ListItem\",\"position\":2,\"name\":\"El gobierno griego asalta en Tesal\u00f3nica (Grecia), tres edificios ocupados por refugiados.\"}]},{\"@type\":\"WebSite\",\"@id\":\"https:\/\/www.pressenza.com\/es\/#website\",\"url\":\"https:\/\/www.pressenza.com\/es\/\",\"name\":\"Pressenza\",\"description\":\"International Press Agency\",\"publisher\":{\"@id\":\"https:\/\/www.pressenza.com\/es\/#organization\"},\"potentialAction\":[{\"@type\":\"SearchAction\",\"target\":{\"@type\":\"EntryPoint\",\"urlTemplate\":\"https:\/\/www.pressenza.com\/es\/?s={search_term_string}\"},\"query-input\":{\"@type\":\"PropertyValueSpecification\",\"valueRequired\":true,\"valueName\":\"search_term_string\"}}],\"inLanguage\":\"es\"},{\"@type\":\"Organization\",\"@id\":\"https:\/\/www.pressenza.com\/es\/#organization\",\"name\":\"Pressenza\",\"url\":\"https:\/\/www.pressenza.com\/es\/\",\"logo\":{\"@type\":\"ImageObject\",\"inLanguage\":\"es\",\"@id\":\"https:\/\/www.pressenza.com\/es\/#\/schema\/logo\/image\/\",\"url\":\"https:\/\/www.pressenza.com\/wp-content\/uploads\/2022\/10\/pressenza_logo_200x200.jpg\",\"contentUrl\":\"https:\/\/www.pressenza.com\/wp-content\/uploads\/2022\/10\/pressenza_logo_200x200.jpg\",\"width\":200,\"height\":200,\"caption\":\"Pressenza\"},\"image\":{\"@id\":\"https:\/\/www.pressenza.com\/es\/#\/schema\/logo\/image\/\"},\"sameAs\":[\"https:\/\/www.facebook.com\/PressenzaItalia\",\"https:\/\/x.com\/PressenzaIPA\"]},{\"@type\":\"Person\",\"@id\":\"https:\/\/www.pressenza.com\/es\/#\/schema\/person\/8abc53b92f3264e0dad4300d54ac73ff\",\"name\":\"Redacci\u00f3n Barcelona\",\"description\":\"News published by the Pressenza bureau in Barcelona, Spain\",\"sameAs\":[\"https:\/\/www.facebook.com\/Pressenza-Espaa-647854795301395\/timeline\/\",\"https:\/\/x.com\/pressenza\"],\"url\":\"https:\/\/www.pressenza.com\/es\/author\/redaccion-barcelona\/\"}]}<\/script>\n<!-- \/ Yoast SEO plugin. -->","yoast_head_json":{"title":"El gobierno griego asalta en Tesal\u00f3nica (Grecia), tres edificios ocupados por refugiados.","description":"Por Theodoros Karyotis En un acto sin precedentes en la 'democracia',\u00a0 el Gobierno griego asalt\u00f3 y desaloj\u00f3 temprano en la ma\u00f1ana de hoy 27 de julio, tres","robots":{"index":"index","follow":"follow","max-snippet":"max-snippet:-1","max-image-preview":"max-image-preview:large","max-video-preview":"max-video-preview:-1"},"canonical":"https:\/\/www.pressenza.com\/es\/2016\/07\/gobierno-griego-asalta-tesalonica-grecia-tres-edificios-ocupados-refugiados\/","og_locale":"es_ES","og_type":"article","og_title":"El gobierno griego asalta en Tesal\u00f3nica (Grecia), tres edificios ocupados por refugiados.","og_description":"Por Theodoros Karyotis En un acto sin precedentes en la 'democracia',\u00a0 el Gobierno griego asalt\u00f3 y desaloj\u00f3 temprano en la ma\u00f1ana de hoy 27 de julio, tres","og_url":"https:\/\/www.pressenza.com\/es\/2016\/07\/gobierno-griego-asalta-tesalonica-grecia-tres-edificios-ocupados-refugiados\/","og_site_name":"Pressenza","article_publisher":"https:\/\/www.facebook.com\/PressenzaItalia","article_author":"https:\/\/www.facebook.com\/Pressenza-Espaa-647854795301395\/timeline\/","article_published_time":"2016-07-27T22:34:54+00:00","og_image":[{"width":600,"height":450,"url":"https:\/\/www.pressenza.com\/wp-content\/uploads\/2016\/07\/grecia.refugiats.jpg","type":"image\/jpeg"}],"author":"Redacci\u00f3n Barcelona","twitter_card":"summary_large_image","twitter_creator":"@pressenza","twitter_site":"@PressenzaIPA","twitter_misc":{"Escrito por":"Redacci\u00f3n Barcelona","Tiempo de lectura":"2 minutos"},"schema":{"@context":"https:\/\/schema.org","@graph":[{"@type":"Article","@id":"https:\/\/www.pressenza.com\/es\/2016\/07\/gobierno-griego-asalta-tesalonica-grecia-tres-edificios-ocupados-refugiados\/#article","isPartOf":{"@id":"https:\/\/www.pressenza.com\/es\/2016\/07\/gobierno-griego-asalta-tesalonica-grecia-tres-edificios-ocupados-refugiados\/"},"author":{"name":"Redacci\u00f3n Barcelona","@id":"https:\/\/www.pressenza.com\/es\/#\/schema\/person\/8abc53b92f3264e0dad4300d54ac73ff"},"headline":"El gobierno griego asalta en Tesal\u00f3nica (Grecia), tres edificios ocupados por refugiados.","datePublished":"2016-07-27T22:34:54+00:00","mainEntityOfPage":{"@id":"https:\/\/www.pressenza.com\/es\/2016\/07\/gobierno-griego-asalta-tesalonica-grecia-tres-edificios-ocupados-refugiados\/"},"wordCount":465,"publisher":{"@id":"https:\/\/www.pressenza.com\/es\/#organization"},"image":{"@id":"https:\/\/www.pressenza.com\/es\/2016\/07\/gobierno-griego-asalta-tesalonica-grecia-tres-edificios-ocupados-refugiados\/#primaryimage"},"thumbnailUrl":"https:\/\/www.pressenza.com\/wp-content\/uploads\/2016\/07\/grecia.refugiats.jpg","keywords":["refugiados","Tesal\u00f3nica"],"articleSection":["Comunicados de Prensa","Internacional","Pol\u00edtica","Sin categorizar"],"inLanguage":"es"},{"@type":"WebPage","@id":"https:\/\/www.pressenza.com\/es\/2016\/07\/gobierno-griego-asalta-tesalonica-grecia-tres-edificios-ocupados-refugiados\/","url":"https:\/\/www.pressenza.com\/es\/2016\/07\/gobierno-griego-asalta-tesalonica-grecia-tres-edificios-ocupados-refugiados\/","name":"El gobierno griego asalta en Tesal\u00f3nica (Grecia), tres edificios ocupados por refugiados.","isPartOf":{"@id":"https:\/\/www.pressenza.com\/es\/#website"},"primaryImageOfPage":{"@id":"https:\/\/www.pressenza.com\/es\/2016\/07\/gobierno-griego-asalta-tesalonica-grecia-tres-edificios-ocupados-refugiados\/#primaryimage"},"image":{"@id":"https:\/\/www.pressenza.com\/es\/2016\/07\/gobierno-griego-asalta-tesalonica-grecia-tres-edificios-ocupados-refugiados\/#primaryimage"},"thumbnailUrl":"https:\/\/www.pressenza.com\/wp-content\/uploads\/2016\/07\/grecia.refugiats.jpg","datePublished":"2016-07-27T22:34:54+00:00","description":"Por Theodoros Karyotis En un acto sin precedentes en la 'democracia',\u00a0 el Gobierno griego asalt\u00f3 y desaloj\u00f3 temprano en la ma\u00f1ana de hoy 27 de julio, tres","breadcrumb":{"@id":"https:\/\/www.pressenza.com\/es\/2016\/07\/gobierno-griego-asalta-tesalonica-grecia-tres-edificios-ocupados-refugiados\/#breadcrumb"},"inLanguage":"es","potentialAction":[{"@type":"ReadAction","target":["https:\/\/www.pressenza.com\/es\/2016\/07\/gobierno-griego-asalta-tesalonica-grecia-tres-edificios-ocupados-refugiados\/"]}]},{"@type":"ImageObject","inLanguage":"es","@id":"https:\/\/www.pressenza.com\/es\/2016\/07\/gobierno-griego-asalta-tesalonica-grecia-tres-edificios-ocupados-refugiados\/#primaryimage","url":"https:\/\/www.pressenza.com\/wp-content\/uploads\/2016\/07\/grecia.refugiats.jpg","contentUrl":"https:\/\/www.pressenza.com\/wp-content\/uploads\/2016\/07\/grecia.refugiats.jpg","width":600,"height":450,"caption":"El gobierno de Syriza asalta tres dificios ocupados por refugiados"},{"@type":"BreadcrumbList","@id":"https:\/\/www.pressenza.com\/es\/2016\/07\/gobierno-griego-asalta-tesalonica-grecia-tres-edificios-ocupados-refugiados\/#breadcrumb","itemListElement":[{"@type":"ListItem","position":1,"name":"Accueil","item":"https:\/\/www.pressenza.com\/es\/"},{"@type":"ListItem","position":2,"name":"El gobierno griego asalta en Tesal\u00f3nica (Grecia), tres edificios ocupados por refugiados."}]},{"@type":"WebSite","@id":"https:\/\/www.pressenza.com\/es\/#website","url":"https:\/\/www.pressenza.com\/es\/","name":"Pressenza","description":"International Press Agency","publisher":{"@id":"https:\/\/www.pressenza.com\/es\/#organization"},"potentialAction":[{"@type":"SearchAction","target":{"@type":"EntryPoint","urlTemplate":"https:\/\/www.pressenza.com\/es\/?s={search_term_string}"},"query-input":{"@type":"PropertyValueSpecification","valueRequired":true,"valueName":"search_term_string"}}],"inLanguage":"es"},{"@type":"Organization","@id":"https:\/\/www.pressenza.com\/es\/#organization","name":"Pressenza","url":"https:\/\/www.pressenza.com\/es\/","logo":{"@type":"ImageObject","inLanguage":"es","@id":"https:\/\/www.pressenza.com\/es\/#\/schema\/logo\/image\/","url":"https:\/\/www.pressenza.com\/wp-content\/uploads\/2022\/10\/pressenza_logo_200x200.jpg","contentUrl":"https:\/\/www.pressenza.com\/wp-content\/uploads\/2022\/10\/pressenza_logo_200x200.jpg","width":200,"height":200,"caption":"Pressenza"},"image":{"@id":"https:\/\/www.pressenza.com\/es\/#\/schema\/logo\/image\/"},"sameAs":["https:\/\/www.facebook.com\/PressenzaItalia","https:\/\/x.com\/PressenzaIPA"]},{"@type":"Person","@id":"https:\/\/www.pressenza.com\/es\/#\/schema\/person\/8abc53b92f3264e0dad4300d54ac73ff","name":"Redacci\u00f3n Barcelona","description":"News published by the Pressenza bureau in Barcelona, Spain","sameAs":["https:\/\/www.facebook.com\/Pressenza-Espaa-647854795301395\/timeline\/","https:\/\/x.com\/pressenza"],"url":"https:\/\/www.pressenza.com\/es\/author\/redaccion-barcelona\/"}]}},"place":"","original_article_url":"","_links":{"self":[{"href":"https:\/\/www.pressenza.com\/es\/wp-json\/wp\/v2\/posts\/346893","targetHints":{"allow":["GET"]}}],"collection":[{"href":"https:\/\/www.pressenza.com\/es\/wp-json\/wp\/v2\/posts"}],"about":[{"href":"https:\/\/www.pressenza.com\/es\/wp-json\/wp\/v2\/types\/post"}],"author":[{"embeddable":true,"href":"https:\/\/www.pressenza.com\/es\/wp-json\/wp\/v2\/users\/1122"}],"replies":[{"embeddable":true,"href":"https:\/\/www.pressenza.com\/es\/wp-json\/wp\/v2\/comments?post=346893"}],"version-history":[{"count":0,"href":"https:\/\/www.pressenza.com\/es\/wp-json\/wp\/v2\/posts\/346893\/revisions"}],"wp:featuredmedia":[{"embeddable":true,"href":"https:\/\/www.pressenza.com\/es\/wp-json\/wp\/v2\/media\/346898"}],"wp:attachment":[{"href":"https:\/\/www.pressenza.com\/es\/wp-json\/wp\/v2\/media?parent=346893"}],"wp:term":[{"taxonomy":"category","embeddable":true,"href":"https:\/\/www.pressenza.com\/es\/wp-json\/wp\/v2\/categories?post=346893"},{"taxonomy":"post_tag","embeddable":true,"href":"https:\/\/www.pressenza.com\/es\/wp-json\/wp\/v2\/tags?post=346893"}],"curies":[{"name":"wp","href":"https:\/\/api.w.org\/{rel}","templated":true}]}}