{"id":344338,"date":"2016-07-29T03:43:39","date_gmt":"2016-07-29T02:43:39","guid":{"rendered":"http:\/\/www.pressenza.com\/es\/?p=344338"},"modified":"2016-07-29T04:07:56","modified_gmt":"2016-07-29T03:07:56","slug":"charlas-clic-espacios-comunicacion-iniciativas-e-ideas-innovadoras","status":"publish","type":"post","link":"https:\/\/www.pressenza.com\/es\/2016\/07\/charlas-clic-espacios-comunicacion-iniciativas-e-ideas-innovadoras\/","title":{"rendered":"Charlas Clic: espacios de comunicaci\u00f3n para iniciativas e ideas innovadoras"},"content":{"rendered":"<p><a href=\"https:\/\/www.facebook.com\/fundacion.esquel\/videos\/1612859302358328\/\">CHARLAS CLIC<\/a>, es una iniciativa de ESQUEL CLIC y nace como un espacio de comunicaci\u00f3n plural en el cual se narran iniciativas e ideas innovadoras (en torno a la justicia, la equidad, la\u00a0 igualdad, los derechos, la cultura, la paz) en contraposici\u00f3n a los paradigmas establecidos.\u00a0 En este espacio participan diversos actores de la sociedad civil: pensadores y emprendedores con una \u00fanica finalidad, la de incidir positivamente en la sociedad para la transformaci\u00f3n de actitudes y h\u00e1bitos de vida\u00a0 que nos permitan cambiar nuestras realidades.<\/p>\n<p>Utilizamos como instrumento de incidencia videos cortos de 10 minutos para generar aprendizajes. Estos videos se encontraran alojados en nuestros canales electr\u00f3nicos (p\u00e1ginas web) \u201cESQUEL CLIC\u201d y \u201cHACEMOS CLIC<strong>\u201d<\/strong> y ser\u00e1n socializados a trav\u00e9s de nuestra lista de suscriptores y redes sociales.<\/p>\n<p><strong>10 principios para expositores<\/strong><\/p>\n<ol>\n<li>Siempre presentar\u00e1s algo nuevo e innovador, evita caer en t\u00fa presentaci\u00f3n habitual.<\/li>\n<li>So\u00f1aras en grande, compartir\u00e1s algo que nunca hab\u00edas compartido hasta ahora.<\/li>\n<li>Manifestar\u00e1s t\u00fa pasi\u00f3n y tus motivaciones en la presentaci\u00f3n.<\/li>\n<li>Deber\u00e1s ser muy expresivo utilizando el lenguaje corporal al momento de manifestar tus ideas.<\/li>\n<li>Narrar\u00e1s una historia.<\/li>\n<li>Generar\u00e1s controversia para deslegitimar lo establecido, si fuera necesario.<\/li>\n<li>Te mostrar\u00e1s con la predisposici\u00f3n de seguir aprendiendo, evitando caer en el ego, visibilizando solo tus aciertos.<\/li>\n<li>No vender\u00e1s en este espacio ni tu empresa u organizaci\u00f3n, ni tus productos o servicios, tampoco tu necesidad de fondos.<\/li>\n<li>Mu\u00e9strate amigable siempre mant\u00e9n una sonrisa.<\/li>\n<\/ol>\n<p>Buscar\u00e1s contar tu historia con la audiencia, evitar\u00e1s caer en una historia lineal, construir\u00e1s tu historia de la siguiente manera: empezar\u00e1s con un planteamiento, continuar\u00e1s con un cl\u00edmax y finalizar\u00e1s siempre con un desenlace.<\/p>\n<p>Una de estas historias est\u00e1 reflejada en un video realizado a <a href=\"https:\/\/www.facebook.com\/fundacion.esquel\/videos\/1615198232124435\/\">Lia M\u00e9ndez<\/a>, una activa militante del Partido Humanista de Argentina que se\u00f1ala que \u00abla violencia f\u00edsica es una forma de violencia porque se ve, mientras la que no se ve nadie la advierte\u00bb.<\/p>\n<p>Otra historia en video es la de\u00a0<a href=\"https:\/\/www.facebook.com\/fundacion.esquel\/videos\/1608341456143446\/\">Sandra \u00c1lvarez<\/a>, activista lesbiana, que explica que \u00abla lucha sensible no es solamente para las personas con diversidad sexual gen\u00e9rica\u00bb.<\/p>\n<p>Le invitamos a visitar los enlaces y escuchar \u00abnuestras voces en positivo\u00bb:<\/p>\n<p>&nbsp;<\/p>\n","protected":false},"excerpt":{"rendered":"<p>CHARLAS CLIC, es una iniciativa de ESQUEL CLIC y nace como un espacio de comunicaci\u00f3n plural en el cual se narran iniciativas e ideas innovadoras (en torno a la justicia, la equidad, la\u00a0 igualdad, los derechos, la cultura, la paz)&hellip;<\/p>\n","protected":false},"author":1011,"featured_media":347343,"comment_status":"closed","ping_status":"closed","sticky":false,"template":"","format":"standard","meta":{"footnotes":""},"categories":[149,11389,75,79,1241,1240,1242,67],"tags":[29013,4581,29014,523],"class_list":["post-344338","post","type-post","status-publish","format-standard","has-post-thumbnail","hentry","category-comunicados-de-prensa","category-contenido-original","category-cultura-es","category-derechos-humanos","category-diversidad","category-humanismo-espiritualidad","category-noviolencia-tema","category-sudamerica","tag-charlas-clic","tag-comunicacion","tag-esquel","tag-medios-de-comunicacion"],"yoast_head":"<!-- This site is optimized with the Yoast SEO plugin v27.1.1 - https:\/\/yoast.com\/product\/yoast-seo-wordpress\/ -->\n<title>Charlas Clic: espacios de comunicaci\u00f3n para iniciativas e ideas innovadoras<\/title>\n<meta name=\"description\" content=\"CHARLAS CLIC, es una iniciativa de ESQUEL CLIC y nace como un espacio de comunicaci\u00f3n plural en el cual se narran iniciativas e ideas innovadoras (en\" \/>\n<meta name=\"robots\" content=\"index, follow, max-snippet:-1, max-image-preview:large, max-video-preview:-1\" \/>\n<link rel=\"canonical\" href=\"https:\/\/www.pressenza.com\/es\/2016\/07\/charlas-clic-espacios-comunicacion-iniciativas-e-ideas-innovadoras\/\" \/>\n<meta property=\"og:locale\" content=\"es_ES\" \/>\n<meta property=\"og:type\" content=\"article\" \/>\n<meta property=\"og:title\" content=\"Charlas Clic: espacios de comunicaci\u00f3n para iniciativas e ideas innovadoras\" \/>\n<meta property=\"og:description\" content=\"CHARLAS CLIC, es una iniciativa de ESQUEL CLIC y nace como un espacio de comunicaci\u00f3n plural en el cual se narran iniciativas e ideas innovadoras (en\" \/>\n<meta property=\"og:url\" content=\"https:\/\/www.pressenza.com\/es\/2016\/07\/charlas-clic-espacios-comunicacion-iniciativas-e-ideas-innovadoras\/\" \/>\n<meta property=\"og:site_name\" content=\"Pressenza\" \/>\n<meta property=\"article:publisher\" content=\"https:\/\/www.facebook.com\/PressenzaItalia\" \/>\n<meta property=\"article:published_time\" content=\"2016-07-29T02:43:39+00:00\" \/>\n<meta property=\"article:modified_time\" content=\"2016-07-29T03:07:56+00:00\" \/>\n<meta property=\"og:image\" content=\"https:\/\/www.pressenza.com\/wp-content\/uploads\/2016\/07\/logo-Esquel-clic-fondo-verde.png\" \/>\n\t<meta property=\"og:image:width\" content=\"1000\" \/>\n\t<meta property=\"og:image:height\" content=\"680\" \/>\n\t<meta property=\"og:image:type\" content=\"image\/png\" \/>\n<meta name=\"author\" content=\"Redacci\u00f3n Ecuador\" \/>\n<meta name=\"twitter:card\" content=\"summary_large_image\" \/>\n<meta name=\"twitter:creator\" content=\"@PressenzaIPA\" \/>\n<meta name=\"twitter:site\" content=\"@PressenzaIPA\" \/>\n<meta name=\"twitter:label1\" content=\"Escrito por\" \/>\n\t<meta name=\"twitter:data1\" content=\"Redacci\u00f3n Ecuador\" \/>\n\t<meta name=\"twitter:label2\" content=\"Tiempo de lectura\" \/>\n\t<meta name=\"twitter:data2\" content=\"2 minutos\" \/>\n<script type=\"application\/ld+json\" class=\"yoast-schema-graph\">{\"@context\":\"https:\/\/schema.org\",\"@graph\":[{\"@type\":\"Article\",\"@id\":\"https:\/\/www.pressenza.com\/es\/2016\/07\/charlas-clic-espacios-comunicacion-iniciativas-e-ideas-innovadoras\/#article\",\"isPartOf\":{\"@id\":\"https:\/\/www.pressenza.com\/es\/2016\/07\/charlas-clic-espacios-comunicacion-iniciativas-e-ideas-innovadoras\/\"},\"author\":{\"name\":\"Redacci\u00f3n Ecuador\",\"@id\":\"https:\/\/www.pressenza.com\/es\/#\/schema\/person\/883a735c40665759bcc6fe0c26bcb46f\"},\"headline\":\"Charlas Clic: espacios de comunicaci\u00f3n para iniciativas e ideas innovadoras\",\"datePublished\":\"2016-07-29T02:43:39+00:00\",\"dateModified\":\"2016-07-29T03:07:56+00:00\",\"mainEntityOfPage\":{\"@id\":\"https:\/\/www.pressenza.com\/es\/2016\/07\/charlas-clic-espacios-comunicacion-iniciativas-e-ideas-innovadoras\/\"},\"wordCount\":395,\"publisher\":{\"@id\":\"https:\/\/www.pressenza.com\/es\/#organization\"},\"image\":{\"@id\":\"https:\/\/www.pressenza.com\/es\/2016\/07\/charlas-clic-espacios-comunicacion-iniciativas-e-ideas-innovadoras\/#primaryimage\"},\"thumbnailUrl\":\"https:\/\/www.pressenza.com\/wp-content\/uploads\/2016\/07\/logo-Esquel-clic-fondo-verde.png\",\"keywords\":[\"Charlas Clic\",\"comunicaci\u00f3n\",\"Esquel\",\"medios de comunicaci\u00f3n\"],\"articleSection\":[\"Comunicados de Prensa\",\"Contenido Original\",\"Cultura y Medios\",\"Derechos Humanos\",\"Diversidad\",\"Humanismo y Espiritualidad\",\"Noviolencia\",\"Sudam\u00e9rica\"],\"inLanguage\":\"es\"},{\"@type\":\"WebPage\",\"@id\":\"https:\/\/www.pressenza.com\/es\/2016\/07\/charlas-clic-espacios-comunicacion-iniciativas-e-ideas-innovadoras\/\",\"url\":\"https:\/\/www.pressenza.com\/es\/2016\/07\/charlas-clic-espacios-comunicacion-iniciativas-e-ideas-innovadoras\/\",\"name\":\"Charlas Clic: espacios de comunicaci\u00f3n para iniciativas e ideas innovadoras\",\"isPartOf\":{\"@id\":\"https:\/\/www.pressenza.com\/es\/#website\"},\"primaryImageOfPage\":{\"@id\":\"https:\/\/www.pressenza.com\/es\/2016\/07\/charlas-clic-espacios-comunicacion-iniciativas-e-ideas-innovadoras\/#primaryimage\"},\"image\":{\"@id\":\"https:\/\/www.pressenza.com\/es\/2016\/07\/charlas-clic-espacios-comunicacion-iniciativas-e-ideas-innovadoras\/#primaryimage\"},\"thumbnailUrl\":\"https:\/\/www.pressenza.com\/wp-content\/uploads\/2016\/07\/logo-Esquel-clic-fondo-verde.png\",\"datePublished\":\"2016-07-29T02:43:39+00:00\",\"dateModified\":\"2016-07-29T03:07:56+00:00\",\"description\":\"CHARLAS CLIC, es una iniciativa de ESQUEL CLIC y nace como un espacio de comunicaci\u00f3n plural en el cual se narran iniciativas e ideas innovadoras (en\",\"breadcrumb\":{\"@id\":\"https:\/\/www.pressenza.com\/es\/2016\/07\/charlas-clic-espacios-comunicacion-iniciativas-e-ideas-innovadoras\/#breadcrumb\"},\"inLanguage\":\"es\",\"potentialAction\":[{\"@type\":\"ReadAction\",\"target\":[\"https:\/\/www.pressenza.com\/es\/2016\/07\/charlas-clic-espacios-comunicacion-iniciativas-e-ideas-innovadoras\/\"]}]},{\"@type\":\"ImageObject\",\"inLanguage\":\"es\",\"@id\":\"https:\/\/www.pressenza.com\/es\/2016\/07\/charlas-clic-espacios-comunicacion-iniciativas-e-ideas-innovadoras\/#primaryimage\",\"url\":\"https:\/\/www.pressenza.com\/wp-content\/uploads\/2016\/07\/logo-Esquel-clic-fondo-verde.png\",\"contentUrl\":\"https:\/\/www.pressenza.com\/wp-content\/uploads\/2016\/07\/logo-Esquel-clic-fondo-verde.png\",\"width\":1000,\"height\":680},{\"@type\":\"BreadcrumbList\",\"@id\":\"https:\/\/www.pressenza.com\/es\/2016\/07\/charlas-clic-espacios-comunicacion-iniciativas-e-ideas-innovadoras\/#breadcrumb\",\"itemListElement\":[{\"@type\":\"ListItem\",\"position\":1,\"name\":\"Accueil\",\"item\":\"https:\/\/www.pressenza.com\/es\/\"},{\"@type\":\"ListItem\",\"position\":2,\"name\":\"Charlas Clic: espacios de comunicaci\u00f3n para iniciativas e ideas innovadoras\"}]},{\"@type\":\"WebSite\",\"@id\":\"https:\/\/www.pressenza.com\/es\/#website\",\"url\":\"https:\/\/www.pressenza.com\/es\/\",\"name\":\"Pressenza\",\"description\":\"International Press Agency\",\"publisher\":{\"@id\":\"https:\/\/www.pressenza.com\/es\/#organization\"},\"potentialAction\":[{\"@type\":\"SearchAction\",\"target\":{\"@type\":\"EntryPoint\",\"urlTemplate\":\"https:\/\/www.pressenza.com\/es\/?s={search_term_string}\"},\"query-input\":{\"@type\":\"PropertyValueSpecification\",\"valueRequired\":true,\"valueName\":\"search_term_string\"}}],\"inLanguage\":\"es\"},{\"@type\":\"Organization\",\"@id\":\"https:\/\/www.pressenza.com\/es\/#organization\",\"name\":\"Pressenza\",\"url\":\"https:\/\/www.pressenza.com\/es\/\",\"logo\":{\"@type\":\"ImageObject\",\"inLanguage\":\"es\",\"@id\":\"https:\/\/www.pressenza.com\/es\/#\/schema\/logo\/image\/\",\"url\":\"https:\/\/www.pressenza.com\/wp-content\/uploads\/2022\/10\/pressenza_logo_200x200.jpg\",\"contentUrl\":\"https:\/\/www.pressenza.com\/wp-content\/uploads\/2022\/10\/pressenza_logo_200x200.jpg\",\"width\":200,\"height\":200,\"caption\":\"Pressenza\"},\"image\":{\"@id\":\"https:\/\/www.pressenza.com\/es\/#\/schema\/logo\/image\/\"},\"sameAs\":[\"https:\/\/www.facebook.com\/PressenzaItalia\",\"https:\/\/x.com\/PressenzaIPA\"]},{\"@type\":\"Person\",\"@id\":\"https:\/\/www.pressenza.com\/es\/#\/schema\/person\/883a735c40665759bcc6fe0c26bcb46f\",\"name\":\"Redacci\u00f3n Ecuador\",\"description\":\"News published by the Pressenza bureau in Quito, Ecuador\",\"url\":\"https:\/\/www.pressenza.com\/es\/author\/redaccion-ecuador\/\"}]}<\/script>\n<!-- \/ Yoast SEO plugin. -->","yoast_head_json":{"title":"Charlas Clic: espacios de comunicaci\u00f3n para iniciativas e ideas innovadoras","description":"CHARLAS CLIC, es una iniciativa de ESQUEL CLIC y nace como un espacio de comunicaci\u00f3n plural en el cual se narran iniciativas e ideas innovadoras (en","robots":{"index":"index","follow":"follow","max-snippet":"max-snippet:-1","max-image-preview":"max-image-preview:large","max-video-preview":"max-video-preview:-1"},"canonical":"https:\/\/www.pressenza.com\/es\/2016\/07\/charlas-clic-espacios-comunicacion-iniciativas-e-ideas-innovadoras\/","og_locale":"es_ES","og_type":"article","og_title":"Charlas Clic: espacios de comunicaci\u00f3n para iniciativas e ideas innovadoras","og_description":"CHARLAS CLIC, es una iniciativa de ESQUEL CLIC y nace como un espacio de comunicaci\u00f3n plural en el cual se narran iniciativas e ideas innovadoras (en","og_url":"https:\/\/www.pressenza.com\/es\/2016\/07\/charlas-clic-espacios-comunicacion-iniciativas-e-ideas-innovadoras\/","og_site_name":"Pressenza","article_publisher":"https:\/\/www.facebook.com\/PressenzaItalia","article_published_time":"2016-07-29T02:43:39+00:00","article_modified_time":"2016-07-29T03:07:56+00:00","og_image":[{"width":1000,"height":680,"url":"https:\/\/www.pressenza.com\/wp-content\/uploads\/2016\/07\/logo-Esquel-clic-fondo-verde.png","type":"image\/png"}],"author":"Redacci\u00f3n Ecuador","twitter_card":"summary_large_image","twitter_creator":"@PressenzaIPA","twitter_site":"@PressenzaIPA","twitter_misc":{"Escrito por":"Redacci\u00f3n Ecuador","Tiempo de lectura":"2 minutos"},"schema":{"@context":"https:\/\/schema.org","@graph":[{"@type":"Article","@id":"https:\/\/www.pressenza.com\/es\/2016\/07\/charlas-clic-espacios-comunicacion-iniciativas-e-ideas-innovadoras\/#article","isPartOf":{"@id":"https:\/\/www.pressenza.com\/es\/2016\/07\/charlas-clic-espacios-comunicacion-iniciativas-e-ideas-innovadoras\/"},"author":{"name":"Redacci\u00f3n Ecuador","@id":"https:\/\/www.pressenza.com\/es\/#\/schema\/person\/883a735c40665759bcc6fe0c26bcb46f"},"headline":"Charlas Clic: espacios de comunicaci\u00f3n para iniciativas e ideas innovadoras","datePublished":"2016-07-29T02:43:39+00:00","dateModified":"2016-07-29T03:07:56+00:00","mainEntityOfPage":{"@id":"https:\/\/www.pressenza.com\/es\/2016\/07\/charlas-clic-espacios-comunicacion-iniciativas-e-ideas-innovadoras\/"},"wordCount":395,"publisher":{"@id":"https:\/\/www.pressenza.com\/es\/#organization"},"image":{"@id":"https:\/\/www.pressenza.com\/es\/2016\/07\/charlas-clic-espacios-comunicacion-iniciativas-e-ideas-innovadoras\/#primaryimage"},"thumbnailUrl":"https:\/\/www.pressenza.com\/wp-content\/uploads\/2016\/07\/logo-Esquel-clic-fondo-verde.png","keywords":["Charlas Clic","comunicaci\u00f3n","Esquel","medios de comunicaci\u00f3n"],"articleSection":["Comunicados de Prensa","Contenido Original","Cultura y Medios","Derechos Humanos","Diversidad","Humanismo y Espiritualidad","Noviolencia","Sudam\u00e9rica"],"inLanguage":"es"},{"@type":"WebPage","@id":"https:\/\/www.pressenza.com\/es\/2016\/07\/charlas-clic-espacios-comunicacion-iniciativas-e-ideas-innovadoras\/","url":"https:\/\/www.pressenza.com\/es\/2016\/07\/charlas-clic-espacios-comunicacion-iniciativas-e-ideas-innovadoras\/","name":"Charlas Clic: espacios de comunicaci\u00f3n para iniciativas e ideas innovadoras","isPartOf":{"@id":"https:\/\/www.pressenza.com\/es\/#website"},"primaryImageOfPage":{"@id":"https:\/\/www.pressenza.com\/es\/2016\/07\/charlas-clic-espacios-comunicacion-iniciativas-e-ideas-innovadoras\/#primaryimage"},"image":{"@id":"https:\/\/www.pressenza.com\/es\/2016\/07\/charlas-clic-espacios-comunicacion-iniciativas-e-ideas-innovadoras\/#primaryimage"},"thumbnailUrl":"https:\/\/www.pressenza.com\/wp-content\/uploads\/2016\/07\/logo-Esquel-clic-fondo-verde.png","datePublished":"2016-07-29T02:43:39+00:00","dateModified":"2016-07-29T03:07:56+00:00","description":"CHARLAS CLIC, es una iniciativa de ESQUEL CLIC y nace como un espacio de comunicaci\u00f3n plural en el cual se narran iniciativas e ideas innovadoras (en","breadcrumb":{"@id":"https:\/\/www.pressenza.com\/es\/2016\/07\/charlas-clic-espacios-comunicacion-iniciativas-e-ideas-innovadoras\/#breadcrumb"},"inLanguage":"es","potentialAction":[{"@type":"ReadAction","target":["https:\/\/www.pressenza.com\/es\/2016\/07\/charlas-clic-espacios-comunicacion-iniciativas-e-ideas-innovadoras\/"]}]},{"@type":"ImageObject","inLanguage":"es","@id":"https:\/\/www.pressenza.com\/es\/2016\/07\/charlas-clic-espacios-comunicacion-iniciativas-e-ideas-innovadoras\/#primaryimage","url":"https:\/\/www.pressenza.com\/wp-content\/uploads\/2016\/07\/logo-Esquel-clic-fondo-verde.png","contentUrl":"https:\/\/www.pressenza.com\/wp-content\/uploads\/2016\/07\/logo-Esquel-clic-fondo-verde.png","width":1000,"height":680},{"@type":"BreadcrumbList","@id":"https:\/\/www.pressenza.com\/es\/2016\/07\/charlas-clic-espacios-comunicacion-iniciativas-e-ideas-innovadoras\/#breadcrumb","itemListElement":[{"@type":"ListItem","position":1,"name":"Accueil","item":"https:\/\/www.pressenza.com\/es\/"},{"@type":"ListItem","position":2,"name":"Charlas Clic: espacios de comunicaci\u00f3n para iniciativas e ideas innovadoras"}]},{"@type":"WebSite","@id":"https:\/\/www.pressenza.com\/es\/#website","url":"https:\/\/www.pressenza.com\/es\/","name":"Pressenza","description":"International Press Agency","publisher":{"@id":"https:\/\/www.pressenza.com\/es\/#organization"},"potentialAction":[{"@type":"SearchAction","target":{"@type":"EntryPoint","urlTemplate":"https:\/\/www.pressenza.com\/es\/?s={search_term_string}"},"query-input":{"@type":"PropertyValueSpecification","valueRequired":true,"valueName":"search_term_string"}}],"inLanguage":"es"},{"@type":"Organization","@id":"https:\/\/www.pressenza.com\/es\/#organization","name":"Pressenza","url":"https:\/\/www.pressenza.com\/es\/","logo":{"@type":"ImageObject","inLanguage":"es","@id":"https:\/\/www.pressenza.com\/es\/#\/schema\/logo\/image\/","url":"https:\/\/www.pressenza.com\/wp-content\/uploads\/2022\/10\/pressenza_logo_200x200.jpg","contentUrl":"https:\/\/www.pressenza.com\/wp-content\/uploads\/2022\/10\/pressenza_logo_200x200.jpg","width":200,"height":200,"caption":"Pressenza"},"image":{"@id":"https:\/\/www.pressenza.com\/es\/#\/schema\/logo\/image\/"},"sameAs":["https:\/\/www.facebook.com\/PressenzaItalia","https:\/\/x.com\/PressenzaIPA"]},{"@type":"Person","@id":"https:\/\/www.pressenza.com\/es\/#\/schema\/person\/883a735c40665759bcc6fe0c26bcb46f","name":"Redacci\u00f3n Ecuador","description":"News published by the Pressenza bureau in Quito, Ecuador","url":"https:\/\/www.pressenza.com\/es\/author\/redaccion-ecuador\/"}]}},"place":"Quito, Ecuador","original_article_url":"","_links":{"self":[{"href":"https:\/\/www.pressenza.com\/es\/wp-json\/wp\/v2\/posts\/344338","targetHints":{"allow":["GET"]}}],"collection":[{"href":"https:\/\/www.pressenza.com\/es\/wp-json\/wp\/v2\/posts"}],"about":[{"href":"https:\/\/www.pressenza.com\/es\/wp-json\/wp\/v2\/types\/post"}],"author":[{"embeddable":true,"href":"https:\/\/www.pressenza.com\/es\/wp-json\/wp\/v2\/users\/1011"}],"replies":[{"embeddable":true,"href":"https:\/\/www.pressenza.com\/es\/wp-json\/wp\/v2\/comments?post=344338"}],"version-history":[{"count":0,"href":"https:\/\/www.pressenza.com\/es\/wp-json\/wp\/v2\/posts\/344338\/revisions"}],"wp:featuredmedia":[{"embeddable":true,"href":"https:\/\/www.pressenza.com\/es\/wp-json\/wp\/v2\/media\/347343"}],"wp:attachment":[{"href":"https:\/\/www.pressenza.com\/es\/wp-json\/wp\/v2\/media?parent=344338"}],"wp:term":[{"taxonomy":"category","embeddable":true,"href":"https:\/\/www.pressenza.com\/es\/wp-json\/wp\/v2\/categories?post=344338"},{"taxonomy":"post_tag","embeddable":true,"href":"https:\/\/www.pressenza.com\/es\/wp-json\/wp\/v2\/tags?post=344338"}],"curies":[{"name":"wp","href":"https:\/\/api.w.org\/{rel}","templated":true}]}}