{"id":343706,"date":"2016-07-20T16:58:43","date_gmt":"2016-07-20T15:58:43","guid":{"rendered":"http:\/\/www.pressenza.com\/es\/?p=343706"},"modified":"2016-07-20T16:58:43","modified_gmt":"2016-07-20T15:58:43","slug":"parlamentarios-la-asean-piden-amparo-la-minoria-musulmana-birmania","status":"publish","type":"post","link":"https:\/\/www.pressenza.com\/es\/2016\/07\/parlamentarios-la-asean-piden-amparo-la-minoria-musulmana-birmania\/","title":{"rendered":"Parlamentarios de la ASEAN piden amparo para la minor\u00eda musulmana en Birmania"},"content":{"rendered":"<p>El grupo Parlamentarios de la ASEAN por los Derechos Humanos (APHR, sigla en ingl\u00e9s) reclam\u00f3 hoy al Gobierno de la premio nobel birmana, Aung San Suu Kyi, que acabe con la discriminaci\u00f3n que sufre la minor\u00eda musulmana en Birmania (Myanmar).<\/p>\n<p>\u00abEl Gobierno, dirigido por la Asesora del Estado, Aung San Suu Kyi, ha venido diciendo a la comunidad internacional que conf\u00eden en ellos para arreglar la situaci\u00f3n en el estado Rak\u00e1in (oeste) y la discriminaci\u00f3n contra los rohiny\u00e1s y otras comunidades musulmanas\u00bb, dijo la presidenta de APHR, Charles Santiago, en un comunicado.<\/p>\n<p>\u00abLos hechos ocurridos demuestran que tienen que hacer mucho m\u00e1s para ganarse nuestra confianza\u00bb, la diputada malasia Santiago. Ayer, miles de budistas, incluidos monjes, protagonizaron una manifestaci\u00f3n antimusulmana en Rak\u00e1in (oeste), informa Efe.<\/p>\n<p>El mismo llamamiento que el APHR emiti\u00f3 la relatora especial de la ONU para Birmania, Yanghee Lee, el viernes pasado, al final de una visita de doce d\u00edas al pa\u00eds asi\u00e1tico.<\/p>\n<p>\u00abEl Gobierno debe demostrar que en Myanmar no hay sitio para quienes instigan y cometen actos violentos contra las minor\u00edas \u00e9tnicas y religiosas\u00bb, dijo la profesora surcoreana, experta en derechos humanos, en una rueda de prensa celebrada en Rang\u00fan.<\/p>\n","protected":false},"excerpt":{"rendered":"<p>El grupo Parlamentarios de la ASEAN por los Derechos Humanos (APHR, sigla en ingl\u00e9s) reclam\u00f3 hoy al Gobierno de la premio nobel birmana, Aung San Suu Kyi, que acabe con la discriminaci\u00f3n que sufre la minor\u00eda musulmana en Birmania (Myanmar).&hellip;<\/p>\n","protected":false},"author":521,"featured_media":343707,"comment_status":"closed","ping_status":"closed","sticky":false,"template":"","format":"standard","meta":{"footnotes":""},"categories":[65,76,79,1241],"tags":[28985,13148,1092,15928,16104,3111],"class_list":["post-343706","post","type-post","status-publish","format-standard","has-post-thumbnail","hentry","category-asia-es","category-relaciones-exteriores","category-derechos-humanos","category-diversidad","tag-asean","tag-birmania-es","tag-discriminacion","tag-musulmanes","tag-myanmar-es","tag-violencia-religiosa"],"yoast_head":"<!-- This site is optimized with the Yoast SEO plugin v27.1.1 - https:\/\/yoast.com\/product\/yoast-seo-wordpress\/ -->\n<title>Parlamentarios de la ASEAN piden amparo para la minor\u00eda musulmana en Birmania<\/title>\n<meta name=\"description\" content=\"El grupo Parlamentarios de la ASEAN por los Derechos Humanos (APHR, sigla en ingl\u00e9s) reclam\u00f3 hoy al Gobierno de la premio nobel birmana, Aung San Suu Kyi,\" \/>\n<meta name=\"robots\" content=\"index, follow, max-snippet:-1, max-image-preview:large, max-video-preview:-1\" \/>\n<link rel=\"canonical\" href=\"https:\/\/www.pressenza.com\/es\/2016\/07\/parlamentarios-la-asean-piden-amparo-la-minoria-musulmana-birmania\/\" \/>\n<meta property=\"og:locale\" content=\"es_ES\" \/>\n<meta property=\"og:type\" content=\"article\" \/>\n<meta property=\"og:title\" content=\"Parlamentarios de la ASEAN piden amparo para la minor\u00eda musulmana en Birmania\" \/>\n<meta property=\"og:description\" content=\"El grupo Parlamentarios de la ASEAN por los Derechos Humanos (APHR, sigla en ingl\u00e9s) reclam\u00f3 hoy al Gobierno de la premio nobel birmana, Aung San Suu Kyi,\" \/>\n<meta property=\"og:url\" content=\"https:\/\/www.pressenza.com\/es\/2016\/07\/parlamentarios-la-asean-piden-amparo-la-minoria-musulmana-birmania\/\" \/>\n<meta property=\"og:site_name\" content=\"Pressenza\" \/>\n<meta property=\"article:publisher\" content=\"https:\/\/www.facebook.com\/PressenzaItalia\" \/>\n<meta property=\"article:published_time\" content=\"2016-07-20T15:58:43+00:00\" \/>\n<meta property=\"og:image\" content=\"https:\/\/www.pressenza.com\/wp-content\/uploads\/2016\/07\/asean.jpg\" \/>\n\t<meta property=\"og:image:width\" content=\"425\" \/>\n\t<meta property=\"og:image:height\" content=\"425\" \/>\n\t<meta property=\"og:image:type\" content=\"image\/jpeg\" \/>\n<meta name=\"author\" content=\"Agencia Isl\u00e1mica de Noticias AIN\" \/>\n<meta name=\"twitter:card\" content=\"summary_large_image\" \/>\n<meta name=\"twitter:creator\" content=\"@PressenzaIPA\" \/>\n<meta name=\"twitter:site\" content=\"@PressenzaIPA\" \/>\n<meta name=\"twitter:label1\" content=\"Escrito por\" \/>\n\t<meta name=\"twitter:data1\" content=\"Agencia Isl\u00e1mica de Noticias AIN\" \/>\n\t<meta name=\"twitter:label2\" content=\"Tiempo de lectura\" \/>\n\t<meta name=\"twitter:data2\" content=\"1 minuto\" \/>\n<script type=\"application\/ld+json\" class=\"yoast-schema-graph\">{\"@context\":\"https:\/\/schema.org\",\"@graph\":[{\"@type\":\"Article\",\"@id\":\"https:\/\/www.pressenza.com\/es\/2016\/07\/parlamentarios-la-asean-piden-amparo-la-minoria-musulmana-birmania\/#article\",\"isPartOf\":{\"@id\":\"https:\/\/www.pressenza.com\/es\/2016\/07\/parlamentarios-la-asean-piden-amparo-la-minoria-musulmana-birmania\/\"},\"author\":{\"name\":\"Agencia Isl\u00e1mica de Noticias AIN\",\"@id\":\"https:\/\/www.pressenza.com\/es\/#\/schema\/person\/b8087a9cc5d0ddddea28146bdac21c70\"},\"headline\":\"Parlamentarios de la ASEAN piden amparo para la minor\u00eda musulmana en Birmania\",\"datePublished\":\"2016-07-20T15:58:43+00:00\",\"mainEntityOfPage\":{\"@id\":\"https:\/\/www.pressenza.com\/es\/2016\/07\/parlamentarios-la-asean-piden-amparo-la-minoria-musulmana-birmania\/\"},\"wordCount\":224,\"publisher\":{\"@id\":\"https:\/\/www.pressenza.com\/es\/#organization\"},\"image\":{\"@id\":\"https:\/\/www.pressenza.com\/es\/2016\/07\/parlamentarios-la-asean-piden-amparo-la-minoria-musulmana-birmania\/#primaryimage\"},\"thumbnailUrl\":\"https:\/\/www.pressenza.com\/wp-content\/uploads\/2016\/07\/asean.jpg\",\"keywords\":[\"ASEAN\",\"Birmania\",\"discriminaci\u00f3n\",\"musulmanes\",\"Myanmar\",\"Violencia religiosa\"],\"articleSection\":[\"Asia\",\"Asuntos internacionales\",\"Derechos Humanos\",\"Diversidad\"],\"inLanguage\":\"es\"},{\"@type\":\"WebPage\",\"@id\":\"https:\/\/www.pressenza.com\/es\/2016\/07\/parlamentarios-la-asean-piden-amparo-la-minoria-musulmana-birmania\/\",\"url\":\"https:\/\/www.pressenza.com\/es\/2016\/07\/parlamentarios-la-asean-piden-amparo-la-minoria-musulmana-birmania\/\",\"name\":\"Parlamentarios de la ASEAN piden amparo para la minor\u00eda musulmana en Birmania\",\"isPartOf\":{\"@id\":\"https:\/\/www.pressenza.com\/es\/#website\"},\"primaryImageOfPage\":{\"@id\":\"https:\/\/www.pressenza.com\/es\/2016\/07\/parlamentarios-la-asean-piden-amparo-la-minoria-musulmana-birmania\/#primaryimage\"},\"image\":{\"@id\":\"https:\/\/www.pressenza.com\/es\/2016\/07\/parlamentarios-la-asean-piden-amparo-la-minoria-musulmana-birmania\/#primaryimage\"},\"thumbnailUrl\":\"https:\/\/www.pressenza.com\/wp-content\/uploads\/2016\/07\/asean.jpg\",\"datePublished\":\"2016-07-20T15:58:43+00:00\",\"description\":\"El grupo Parlamentarios de la ASEAN por los Derechos Humanos (APHR, sigla en ingl\u00e9s) reclam\u00f3 hoy al Gobierno de la premio nobel birmana, Aung San Suu Kyi,\",\"breadcrumb\":{\"@id\":\"https:\/\/www.pressenza.com\/es\/2016\/07\/parlamentarios-la-asean-piden-amparo-la-minoria-musulmana-birmania\/#breadcrumb\"},\"inLanguage\":\"es\",\"potentialAction\":[{\"@type\":\"ReadAction\",\"target\":[\"https:\/\/www.pressenza.com\/es\/2016\/07\/parlamentarios-la-asean-piden-amparo-la-minoria-musulmana-birmania\/\"]}]},{\"@type\":\"ImageObject\",\"inLanguage\":\"es\",\"@id\":\"https:\/\/www.pressenza.com\/es\/2016\/07\/parlamentarios-la-asean-piden-amparo-la-minoria-musulmana-birmania\/#primaryimage\",\"url\":\"https:\/\/www.pressenza.com\/wp-content\/uploads\/2016\/07\/asean.jpg\",\"contentUrl\":\"https:\/\/www.pressenza.com\/wp-content\/uploads\/2016\/07\/asean.jpg\",\"width\":425,\"height\":425},{\"@type\":\"BreadcrumbList\",\"@id\":\"https:\/\/www.pressenza.com\/es\/2016\/07\/parlamentarios-la-asean-piden-amparo-la-minoria-musulmana-birmania\/#breadcrumb\",\"itemListElement\":[{\"@type\":\"ListItem\",\"position\":1,\"name\":\"Accueil\",\"item\":\"https:\/\/www.pressenza.com\/es\/\"},{\"@type\":\"ListItem\",\"position\":2,\"name\":\"Parlamentarios de la ASEAN piden amparo para la minor\u00eda musulmana en Birmania\"}]},{\"@type\":\"WebSite\",\"@id\":\"https:\/\/www.pressenza.com\/es\/#website\",\"url\":\"https:\/\/www.pressenza.com\/es\/\",\"name\":\"Pressenza\",\"description\":\"International Press Agency\",\"publisher\":{\"@id\":\"https:\/\/www.pressenza.com\/es\/#organization\"},\"potentialAction\":[{\"@type\":\"SearchAction\",\"target\":{\"@type\":\"EntryPoint\",\"urlTemplate\":\"https:\/\/www.pressenza.com\/es\/?s={search_term_string}\"},\"query-input\":{\"@type\":\"PropertyValueSpecification\",\"valueRequired\":true,\"valueName\":\"search_term_string\"}}],\"inLanguage\":\"es\"},{\"@type\":\"Organization\",\"@id\":\"https:\/\/www.pressenza.com\/es\/#organization\",\"name\":\"Pressenza\",\"url\":\"https:\/\/www.pressenza.com\/es\/\",\"logo\":{\"@type\":\"ImageObject\",\"inLanguage\":\"es\",\"@id\":\"https:\/\/www.pressenza.com\/es\/#\/schema\/logo\/image\/\",\"url\":\"https:\/\/www.pressenza.com\/wp-content\/uploads\/2022\/10\/pressenza_logo_200x200.jpg\",\"contentUrl\":\"https:\/\/www.pressenza.com\/wp-content\/uploads\/2022\/10\/pressenza_logo_200x200.jpg\",\"width\":200,\"height\":200,\"caption\":\"Pressenza\"},\"image\":{\"@id\":\"https:\/\/www.pressenza.com\/es\/#\/schema\/logo\/image\/\"},\"sameAs\":[\"https:\/\/www.facebook.com\/PressenzaItalia\",\"https:\/\/x.com\/PressenzaIPA\"]},{\"@type\":\"Person\",\"@id\":\"https:\/\/www.pressenza.com\/es\/#\/schema\/person\/b8087a9cc5d0ddddea28146bdac21c70\",\"name\":\"Agencia Isl\u00e1mica de Noticias AIN\",\"description\":\"Con la idea de sumar una mirada m\u00e1s al gran universo de los medios de comunicaci\u00f3n y la tecnolog\u00eda creamos la Agencia Isl\u00e1mica de Noticias (AIN). Somos un grupo de profesionales, musulmanes y no musulmanes, que nos propusimos acercarles informaci\u00f3n a todas aquellas personas, no s\u00f3lo de Argentina sino tambi\u00e9n del resto del mundo, que est\u00e9n interesadas en los acontecimientos relacionados con el Mundo Isl\u00e1mico que suceden a diario en cualquier regi\u00f3n del planeta. www.ain.com.ar\",\"url\":\"https:\/\/www.pressenza.com\/es\/author\/agencia-islamica-de-noticias-ain\/\"}]}<\/script>\n<!-- \/ Yoast SEO plugin. -->","yoast_head_json":{"title":"Parlamentarios de la ASEAN piden amparo para la minor\u00eda musulmana en Birmania","description":"El grupo Parlamentarios de la ASEAN por los Derechos Humanos (APHR, sigla en ingl\u00e9s) reclam\u00f3 hoy al Gobierno de la premio nobel birmana, Aung San Suu Kyi,","robots":{"index":"index","follow":"follow","max-snippet":"max-snippet:-1","max-image-preview":"max-image-preview:large","max-video-preview":"max-video-preview:-1"},"canonical":"https:\/\/www.pressenza.com\/es\/2016\/07\/parlamentarios-la-asean-piden-amparo-la-minoria-musulmana-birmania\/","og_locale":"es_ES","og_type":"article","og_title":"Parlamentarios de la ASEAN piden amparo para la minor\u00eda musulmana en Birmania","og_description":"El grupo Parlamentarios de la ASEAN por los Derechos Humanos (APHR, sigla en ingl\u00e9s) reclam\u00f3 hoy al Gobierno de la premio nobel birmana, Aung San Suu Kyi,","og_url":"https:\/\/www.pressenza.com\/es\/2016\/07\/parlamentarios-la-asean-piden-amparo-la-minoria-musulmana-birmania\/","og_site_name":"Pressenza","article_publisher":"https:\/\/www.facebook.com\/PressenzaItalia","article_published_time":"2016-07-20T15:58:43+00:00","og_image":[{"width":425,"height":425,"url":"https:\/\/www.pressenza.com\/wp-content\/uploads\/2016\/07\/asean.jpg","type":"image\/jpeg"}],"author":"Agencia Isl\u00e1mica de Noticias AIN","twitter_card":"summary_large_image","twitter_creator":"@PressenzaIPA","twitter_site":"@PressenzaIPA","twitter_misc":{"Escrito por":"Agencia Isl\u00e1mica de Noticias AIN","Tiempo de lectura":"1 minuto"},"schema":{"@context":"https:\/\/schema.org","@graph":[{"@type":"Article","@id":"https:\/\/www.pressenza.com\/es\/2016\/07\/parlamentarios-la-asean-piden-amparo-la-minoria-musulmana-birmania\/#article","isPartOf":{"@id":"https:\/\/www.pressenza.com\/es\/2016\/07\/parlamentarios-la-asean-piden-amparo-la-minoria-musulmana-birmania\/"},"author":{"name":"Agencia Isl\u00e1mica de Noticias AIN","@id":"https:\/\/www.pressenza.com\/es\/#\/schema\/person\/b8087a9cc5d0ddddea28146bdac21c70"},"headline":"Parlamentarios de la ASEAN piden amparo para la minor\u00eda musulmana en Birmania","datePublished":"2016-07-20T15:58:43+00:00","mainEntityOfPage":{"@id":"https:\/\/www.pressenza.com\/es\/2016\/07\/parlamentarios-la-asean-piden-amparo-la-minoria-musulmana-birmania\/"},"wordCount":224,"publisher":{"@id":"https:\/\/www.pressenza.com\/es\/#organization"},"image":{"@id":"https:\/\/www.pressenza.com\/es\/2016\/07\/parlamentarios-la-asean-piden-amparo-la-minoria-musulmana-birmania\/#primaryimage"},"thumbnailUrl":"https:\/\/www.pressenza.com\/wp-content\/uploads\/2016\/07\/asean.jpg","keywords":["ASEAN","Birmania","discriminaci\u00f3n","musulmanes","Myanmar","Violencia religiosa"],"articleSection":["Asia","Asuntos internacionales","Derechos Humanos","Diversidad"],"inLanguage":"es"},{"@type":"WebPage","@id":"https:\/\/www.pressenza.com\/es\/2016\/07\/parlamentarios-la-asean-piden-amparo-la-minoria-musulmana-birmania\/","url":"https:\/\/www.pressenza.com\/es\/2016\/07\/parlamentarios-la-asean-piden-amparo-la-minoria-musulmana-birmania\/","name":"Parlamentarios de la ASEAN piden amparo para la minor\u00eda musulmana en Birmania","isPartOf":{"@id":"https:\/\/www.pressenza.com\/es\/#website"},"primaryImageOfPage":{"@id":"https:\/\/www.pressenza.com\/es\/2016\/07\/parlamentarios-la-asean-piden-amparo-la-minoria-musulmana-birmania\/#primaryimage"},"image":{"@id":"https:\/\/www.pressenza.com\/es\/2016\/07\/parlamentarios-la-asean-piden-amparo-la-minoria-musulmana-birmania\/#primaryimage"},"thumbnailUrl":"https:\/\/www.pressenza.com\/wp-content\/uploads\/2016\/07\/asean.jpg","datePublished":"2016-07-20T15:58:43+00:00","description":"El grupo Parlamentarios de la ASEAN por los Derechos Humanos (APHR, sigla en ingl\u00e9s) reclam\u00f3 hoy al Gobierno de la premio nobel birmana, Aung San Suu Kyi,","breadcrumb":{"@id":"https:\/\/www.pressenza.com\/es\/2016\/07\/parlamentarios-la-asean-piden-amparo-la-minoria-musulmana-birmania\/#breadcrumb"},"inLanguage":"es","potentialAction":[{"@type":"ReadAction","target":["https:\/\/www.pressenza.com\/es\/2016\/07\/parlamentarios-la-asean-piden-amparo-la-minoria-musulmana-birmania\/"]}]},{"@type":"ImageObject","inLanguage":"es","@id":"https:\/\/www.pressenza.com\/es\/2016\/07\/parlamentarios-la-asean-piden-amparo-la-minoria-musulmana-birmania\/#primaryimage","url":"https:\/\/www.pressenza.com\/wp-content\/uploads\/2016\/07\/asean.jpg","contentUrl":"https:\/\/www.pressenza.com\/wp-content\/uploads\/2016\/07\/asean.jpg","width":425,"height":425},{"@type":"BreadcrumbList","@id":"https:\/\/www.pressenza.com\/es\/2016\/07\/parlamentarios-la-asean-piden-amparo-la-minoria-musulmana-birmania\/#breadcrumb","itemListElement":[{"@type":"ListItem","position":1,"name":"Accueil","item":"https:\/\/www.pressenza.com\/es\/"},{"@type":"ListItem","position":2,"name":"Parlamentarios de la ASEAN piden amparo para la minor\u00eda musulmana en Birmania"}]},{"@type":"WebSite","@id":"https:\/\/www.pressenza.com\/es\/#website","url":"https:\/\/www.pressenza.com\/es\/","name":"Pressenza","description":"International Press Agency","publisher":{"@id":"https:\/\/www.pressenza.com\/es\/#organization"},"potentialAction":[{"@type":"SearchAction","target":{"@type":"EntryPoint","urlTemplate":"https:\/\/www.pressenza.com\/es\/?s={search_term_string}"},"query-input":{"@type":"PropertyValueSpecification","valueRequired":true,"valueName":"search_term_string"}}],"inLanguage":"es"},{"@type":"Organization","@id":"https:\/\/www.pressenza.com\/es\/#organization","name":"Pressenza","url":"https:\/\/www.pressenza.com\/es\/","logo":{"@type":"ImageObject","inLanguage":"es","@id":"https:\/\/www.pressenza.com\/es\/#\/schema\/logo\/image\/","url":"https:\/\/www.pressenza.com\/wp-content\/uploads\/2022\/10\/pressenza_logo_200x200.jpg","contentUrl":"https:\/\/www.pressenza.com\/wp-content\/uploads\/2022\/10\/pressenza_logo_200x200.jpg","width":200,"height":200,"caption":"Pressenza"},"image":{"@id":"https:\/\/www.pressenza.com\/es\/#\/schema\/logo\/image\/"},"sameAs":["https:\/\/www.facebook.com\/PressenzaItalia","https:\/\/x.com\/PressenzaIPA"]},{"@type":"Person","@id":"https:\/\/www.pressenza.com\/es\/#\/schema\/person\/b8087a9cc5d0ddddea28146bdac21c70","name":"Agencia Isl\u00e1mica de Noticias AIN","description":"Con la idea de sumar una mirada m\u00e1s al gran universo de los medios de comunicaci\u00f3n y la tecnolog\u00eda creamos la Agencia Isl\u00e1mica de Noticias (AIN). Somos un grupo de profesionales, musulmanes y no musulmanes, que nos propusimos acercarles informaci\u00f3n a todas aquellas personas, no s\u00f3lo de Argentina sino tambi\u00e9n del resto del mundo, que est\u00e9n interesadas en los acontecimientos relacionados con el Mundo Isl\u00e1mico que suceden a diario en cualquier regi\u00f3n del planeta. www.ain.com.ar","url":"https:\/\/www.pressenza.com\/es\/author\/agencia-islamica-de-noticias-ain\/"}]}},"place":"Rang\u00fan, Myanmar","original_article_url":"http:\/\/www.ain.com.ar\/nota.php?nota=13658","_links":{"self":[{"href":"https:\/\/www.pressenza.com\/es\/wp-json\/wp\/v2\/posts\/343706","targetHints":{"allow":["GET"]}}],"collection":[{"href":"https:\/\/www.pressenza.com\/es\/wp-json\/wp\/v2\/posts"}],"about":[{"href":"https:\/\/www.pressenza.com\/es\/wp-json\/wp\/v2\/types\/post"}],"author":[{"embeddable":true,"href":"https:\/\/www.pressenza.com\/es\/wp-json\/wp\/v2\/users\/521"}],"replies":[{"embeddable":true,"href":"https:\/\/www.pressenza.com\/es\/wp-json\/wp\/v2\/comments?post=343706"}],"version-history":[{"count":0,"href":"https:\/\/www.pressenza.com\/es\/wp-json\/wp\/v2\/posts\/343706\/revisions"}],"wp:featuredmedia":[{"embeddable":true,"href":"https:\/\/www.pressenza.com\/es\/wp-json\/wp\/v2\/media\/343707"}],"wp:attachment":[{"href":"https:\/\/www.pressenza.com\/es\/wp-json\/wp\/v2\/media?parent=343706"}],"wp:term":[{"taxonomy":"category","embeddable":true,"href":"https:\/\/www.pressenza.com\/es\/wp-json\/wp\/v2\/categories?post=343706"},{"taxonomy":"post_tag","embeddable":true,"href":"https:\/\/www.pressenza.com\/es\/wp-json\/wp\/v2\/tags?post=343706"}],"curies":[{"name":"wp","href":"https:\/\/api.w.org\/{rel}","templated":true}]}}