{"id":343670,"date":"2016-07-20T16:36:34","date_gmt":"2016-07-20T15:36:34","guid":{"rendered":"http:\/\/www.pressenza.com\/es\/?p=343670"},"modified":"2016-07-20T16:36:34","modified_gmt":"2016-07-20T15:36:34","slug":"lenin-moreno-lidera-preferencias-eleccion-presidencial-ecuador","status":"publish","type":"post","link":"https:\/\/www.pressenza.com\/es\/2016\/07\/lenin-moreno-lidera-preferencias-eleccion-presidencial-ecuador\/","title":{"rendered":"Len\u00edn Moreno lidera preferencias de elecci\u00f3n presidencial en Ecuador"},"content":{"rendered":"<p>El exvicepresidente de Ecuador, Len\u00edn Moreno, encabeza la intenci\u00f3n de voto dentro de este pa\u00eds suramericano de cara a la pr\u00f3xima elecci\u00f3n presidencial, revel\u00f3 hoy la encuestadora Perfiles de Opini\u00f3n.<\/p>\n<p>Pese a que a\u00fan no ha sido nominado como candidato, este fue el resultado de una investigaci\u00f3n realizada en tres de las ciudades m\u00e1s pobladas del pa\u00eds: Quito, Guayaquil y Cuenca.<\/p>\n<p>Moreno es miembro de la gobernante Alianza Pa\u00eds (AP) que efectuar\u00e1 el venidero 1 de octubre una convenci\u00f3n nacional en la cual planea escoger el binomio que aspirar\u00e1 a la presidencia y vicepresidencia ecuatoriana durante las elecciones de 2017, previstas para febrero de ese a\u00f1o.<\/p>\n<p>De acuerdo con un reporte del sitio ecuatoriano Ecuador Inmediato, la primera pregunta formulada a 918 encuestados fue si tienen decidido o no por qui\u00e9n votar.<\/p>\n<p>Muy lejos del favorito, se ubic\u00f3 Cynthia Viteri -del Partido Social Cristiano- con el 16 por ciento, Guillermo Lasso -del partido pol\u00edtico Creando Oportunidades (CREO)- con el 13 por ciento, y \u00c1lvaro Noboa -del partido Adelante Ecuatoriano Adelante- con el cuatro por ciento.<\/p>\n<p>Por debajo del dos por ciento se ubicaron Dalo Bucaram -del partido Fuerza Ecuador (FE), Enrique Ayala -del Acuerdo Nacional por el Cambio- y Washington Pes\u00e1ntez -del movimiento Uni\u00f3n Ecuatoriana.<\/p>\n<p>Un cuatro por ciento de los consultados no sabe a\u00fan por qui\u00e9n votar y la directora de Perfiles de Opini\u00f3n, Paulina Recalde, explic\u00f3 que en una ciudad como Cuenca existe un desencanto o distanciamiento con AP pero la ciudadan\u00eda no quiere votar por candidaturas de oposici\u00f3n.<\/p>\n<p>Con un 65 por ciento, en Cuenca la intenci\u00f3n de voto fue mayor que en las otras ciudades.<\/p>\n<p>Sobre la gesti\u00f3n del actual presidente Rafael Correa, la directora de la encuestadora cont\u00f3 que a nivel de Quito, Guayaquil y Cuenca el 60 por ciento califica positivamente su trabajo.<\/p>\n<p>Tambi\u00e9n, explic\u00f3 que no se ha incluido la figura del actual mandatario como una posible candidatura en las encuestas pues esto depender\u00e1 del \u00e9xito o no del colectivo que impulsa el hecho y en la actualidad recolecta firmas para solicitar la derogatoria de la disposici\u00f3n transitoria que lo impide.<\/p>\n<p>Por iniciativa propia, Correa propuso al Parlamento a fines del a\u00f1o pasado una reforma constitucional transitoria con la cual se autoexcluye de buscar un tercer periodo de gobierno consecutivo en los comicios previstos para 2017.<\/p>\n<p>Correa ha manifestado en m\u00e1s de una ocasi\u00f3n que la gobernante AP tiene varios cuadros capacitados para asumir su lugar en la Presidencia y defiende que no importa el nombre del candidato al puesto sino el proyecto social a defender, en funci\u00f3n de servir al pueblo y especialmente a los m\u00e1s necesitados.<\/p>\n","protected":false},"excerpt":{"rendered":"<p>El exvicepresidente de Ecuador, Len\u00edn Moreno, encabeza la intenci\u00f3n de voto dentro de este pa\u00eds suramericano de cara a la pr\u00f3xima elecci\u00f3n presidencial, revel\u00f3 hoy la encuestadora Perfiles de Opini\u00f3n. Pese a que a\u00fan no ha sido nominado como candidato,&hellip;<\/p>\n","protected":false},"author":90,"featured_media":343671,"comment_status":"closed","ping_status":"closed","sticky":false,"template":"","format":"standard","meta":{"footnotes":""},"categories":[74,67],"tags":[783,28982,2973,403],"class_list":["post-343670","post","type-post","status-publish","format-standard","has-post-thumbnail","hentry","category-politica-es","category-sudamerica","tag-candidatos","tag-candidatura-presidencial","tag-ecuador-es","tag-elecciones"],"yoast_head":"<!-- This site is optimized with the Yoast SEO plugin v27.1.1 - https:\/\/yoast.com\/product\/yoast-seo-wordpress\/ -->\n<title>Len\u00edn Moreno lidera preferencias de elecci\u00f3n presidencial en Ecuador<\/title>\n<meta name=\"description\" content=\"El exvicepresidente de Ecuador, Len\u00edn Moreno, encabeza la intenci\u00f3n de voto dentro de este pa\u00eds suramericano de cara a la pr\u00f3xima elecci\u00f3n presidencial,\" \/>\n<meta name=\"robots\" content=\"index, follow, max-snippet:-1, max-image-preview:large, max-video-preview:-1\" \/>\n<link rel=\"canonical\" href=\"https:\/\/www.pressenza.com\/es\/2016\/07\/lenin-moreno-lidera-preferencias-eleccion-presidencial-ecuador\/\" \/>\n<meta property=\"og:locale\" content=\"es_ES\" \/>\n<meta property=\"og:type\" content=\"article\" \/>\n<meta property=\"og:title\" content=\"Len\u00edn Moreno lidera preferencias de elecci\u00f3n presidencial en Ecuador\" \/>\n<meta property=\"og:description\" content=\"El exvicepresidente de Ecuador, Len\u00edn Moreno, encabeza la intenci\u00f3n de voto dentro de este pa\u00eds suramericano de cara a la pr\u00f3xima elecci\u00f3n presidencial,\" \/>\n<meta property=\"og:url\" content=\"https:\/\/www.pressenza.com\/es\/2016\/07\/lenin-moreno-lidera-preferencias-eleccion-presidencial-ecuador\/\" \/>\n<meta property=\"og:site_name\" content=\"Pressenza\" \/>\n<meta property=\"article:publisher\" content=\"https:\/\/www.facebook.com\/PressenzaItalia\" \/>\n<meta property=\"article:author\" content=\"https:\/\/www.facebook.com\/AgenciaPrensaLatina\" \/>\n<meta property=\"article:published_time\" content=\"2016-07-20T15:36:34+00:00\" \/>\n<meta property=\"og:image\" content=\"https:\/\/www.pressenza.com\/wp-content\/uploads\/2016\/07\/ecaudor_lenin_moreno.jpg\" \/>\n\t<meta property=\"og:image:width\" content=\"320\" \/>\n\t<meta property=\"og:image:height\" content=\"212\" \/>\n\t<meta property=\"og:image:type\" content=\"image\/jpeg\" \/>\n<meta name=\"author\" content=\"Prensa Latina\" \/>\n<meta name=\"twitter:card\" content=\"summary_large_image\" \/>\n<meta name=\"twitter:creator\" content=\"@prensalatina_cu\" \/>\n<meta name=\"twitter:site\" content=\"@PressenzaIPA\" \/>\n<meta name=\"twitter:label1\" content=\"Escrito por\" \/>\n\t<meta name=\"twitter:data1\" content=\"Prensa Latina\" \/>\n\t<meta name=\"twitter:label2\" content=\"Tiempo de lectura\" \/>\n\t<meta name=\"twitter:data2\" content=\"2 minutos\" \/>\n<script type=\"application\/ld+json\" class=\"yoast-schema-graph\">{\"@context\":\"https:\/\/schema.org\",\"@graph\":[{\"@type\":\"Article\",\"@id\":\"https:\/\/www.pressenza.com\/es\/2016\/07\/lenin-moreno-lidera-preferencias-eleccion-presidencial-ecuador\/#article\",\"isPartOf\":{\"@id\":\"https:\/\/www.pressenza.com\/es\/2016\/07\/lenin-moreno-lidera-preferencias-eleccion-presidencial-ecuador\/\"},\"author\":{\"name\":\"Prensa Latina\",\"@id\":\"https:\/\/www.pressenza.com\/es\/#\/schema\/person\/e35c78ffa242d98f4f49ccb18c8631de\"},\"headline\":\"Len\u00edn Moreno lidera preferencias de elecci\u00f3n presidencial en Ecuador\",\"datePublished\":\"2016-07-20T15:36:34+00:00\",\"mainEntityOfPage\":{\"@id\":\"https:\/\/www.pressenza.com\/es\/2016\/07\/lenin-moreno-lidera-preferencias-eleccion-presidencial-ecuador\/\"},\"wordCount\":470,\"publisher\":{\"@id\":\"https:\/\/www.pressenza.com\/es\/#organization\"},\"image\":{\"@id\":\"https:\/\/www.pressenza.com\/es\/2016\/07\/lenin-moreno-lidera-preferencias-eleccion-presidencial-ecuador\/#primaryimage\"},\"thumbnailUrl\":\"https:\/\/www.pressenza.com\/wp-content\/uploads\/2016\/07\/ecaudor_lenin_moreno.jpg\",\"keywords\":[\"candidatos\",\"candidatura presidencial\",\"Ecuador\",\"elecciones\"],\"articleSection\":[\"Pol\u00edtica\",\"Sudam\u00e9rica\"],\"inLanguage\":\"es\"},{\"@type\":\"WebPage\",\"@id\":\"https:\/\/www.pressenza.com\/es\/2016\/07\/lenin-moreno-lidera-preferencias-eleccion-presidencial-ecuador\/\",\"url\":\"https:\/\/www.pressenza.com\/es\/2016\/07\/lenin-moreno-lidera-preferencias-eleccion-presidencial-ecuador\/\",\"name\":\"Len\u00edn Moreno lidera preferencias de elecci\u00f3n presidencial en Ecuador\",\"isPartOf\":{\"@id\":\"https:\/\/www.pressenza.com\/es\/#website\"},\"primaryImageOfPage\":{\"@id\":\"https:\/\/www.pressenza.com\/es\/2016\/07\/lenin-moreno-lidera-preferencias-eleccion-presidencial-ecuador\/#primaryimage\"},\"image\":{\"@id\":\"https:\/\/www.pressenza.com\/es\/2016\/07\/lenin-moreno-lidera-preferencias-eleccion-presidencial-ecuador\/#primaryimage\"},\"thumbnailUrl\":\"https:\/\/www.pressenza.com\/wp-content\/uploads\/2016\/07\/ecaudor_lenin_moreno.jpg\",\"datePublished\":\"2016-07-20T15:36:34+00:00\",\"description\":\"El exvicepresidente de Ecuador, Len\u00edn Moreno, encabeza la intenci\u00f3n de voto dentro de este pa\u00eds suramericano de cara a la pr\u00f3xima elecci\u00f3n presidencial,\",\"breadcrumb\":{\"@id\":\"https:\/\/www.pressenza.com\/es\/2016\/07\/lenin-moreno-lidera-preferencias-eleccion-presidencial-ecuador\/#breadcrumb\"},\"inLanguage\":\"es\",\"potentialAction\":[{\"@type\":\"ReadAction\",\"target\":[\"https:\/\/www.pressenza.com\/es\/2016\/07\/lenin-moreno-lidera-preferencias-eleccion-presidencial-ecuador\/\"]}]},{\"@type\":\"ImageObject\",\"inLanguage\":\"es\",\"@id\":\"https:\/\/www.pressenza.com\/es\/2016\/07\/lenin-moreno-lidera-preferencias-eleccion-presidencial-ecuador\/#primaryimage\",\"url\":\"https:\/\/www.pressenza.com\/wp-content\/uploads\/2016\/07\/ecaudor_lenin_moreno.jpg\",\"contentUrl\":\"https:\/\/www.pressenza.com\/wp-content\/uploads\/2016\/07\/ecaudor_lenin_moreno.jpg\",\"width\":320,\"height\":212},{\"@type\":\"BreadcrumbList\",\"@id\":\"https:\/\/www.pressenza.com\/es\/2016\/07\/lenin-moreno-lidera-preferencias-eleccion-presidencial-ecuador\/#breadcrumb\",\"itemListElement\":[{\"@type\":\"ListItem\",\"position\":1,\"name\":\"Accueil\",\"item\":\"https:\/\/www.pressenza.com\/es\/\"},{\"@type\":\"ListItem\",\"position\":2,\"name\":\"Len\u00edn Moreno lidera preferencias de elecci\u00f3n presidencial en Ecuador\"}]},{\"@type\":\"WebSite\",\"@id\":\"https:\/\/www.pressenza.com\/es\/#website\",\"url\":\"https:\/\/www.pressenza.com\/es\/\",\"name\":\"Pressenza\",\"description\":\"International Press Agency\",\"publisher\":{\"@id\":\"https:\/\/www.pressenza.com\/es\/#organization\"},\"potentialAction\":[{\"@type\":\"SearchAction\",\"target\":{\"@type\":\"EntryPoint\",\"urlTemplate\":\"https:\/\/www.pressenza.com\/es\/?s={search_term_string}\"},\"query-input\":{\"@type\":\"PropertyValueSpecification\",\"valueRequired\":true,\"valueName\":\"search_term_string\"}}],\"inLanguage\":\"es\"},{\"@type\":\"Organization\",\"@id\":\"https:\/\/www.pressenza.com\/es\/#organization\",\"name\":\"Pressenza\",\"url\":\"https:\/\/www.pressenza.com\/es\/\",\"logo\":{\"@type\":\"ImageObject\",\"inLanguage\":\"es\",\"@id\":\"https:\/\/www.pressenza.com\/es\/#\/schema\/logo\/image\/\",\"url\":\"https:\/\/www.pressenza.com\/wp-content\/uploads\/2022\/10\/pressenza_logo_200x200.jpg\",\"contentUrl\":\"https:\/\/www.pressenza.com\/wp-content\/uploads\/2022\/10\/pressenza_logo_200x200.jpg\",\"width\":200,\"height\":200,\"caption\":\"Pressenza\"},\"image\":{\"@id\":\"https:\/\/www.pressenza.com\/es\/#\/schema\/logo\/image\/\"},\"sameAs\":[\"https:\/\/www.facebook.com\/PressenzaItalia\",\"https:\/\/x.com\/PressenzaIPA\"]},{\"@type\":\"Person\",\"@id\":\"https:\/\/www.pressenza.com\/es\/#\/schema\/person\/e35c78ffa242d98f4f49ccb18c8631de\",\"name\":\"Prensa Latina\",\"description\":\"www.prensa-latina.cu\",\"sameAs\":[\"https:\/\/www.facebook.com\/AgenciaPrensaLatina\",\"https:\/\/x.com\/prensalatina_cu\"],\"url\":\"https:\/\/www.pressenza.com\/es\/author\/prensa-latina\/\"}]}<\/script>\n<!-- \/ Yoast SEO plugin. -->","yoast_head_json":{"title":"Len\u00edn Moreno lidera preferencias de elecci\u00f3n presidencial en Ecuador","description":"El exvicepresidente de Ecuador, Len\u00edn Moreno, encabeza la intenci\u00f3n de voto dentro de este pa\u00eds suramericano de cara a la pr\u00f3xima elecci\u00f3n presidencial,","robots":{"index":"index","follow":"follow","max-snippet":"max-snippet:-1","max-image-preview":"max-image-preview:large","max-video-preview":"max-video-preview:-1"},"canonical":"https:\/\/www.pressenza.com\/es\/2016\/07\/lenin-moreno-lidera-preferencias-eleccion-presidencial-ecuador\/","og_locale":"es_ES","og_type":"article","og_title":"Len\u00edn Moreno lidera preferencias de elecci\u00f3n presidencial en Ecuador","og_description":"El exvicepresidente de Ecuador, Len\u00edn Moreno, encabeza la intenci\u00f3n de voto dentro de este pa\u00eds suramericano de cara a la pr\u00f3xima elecci\u00f3n presidencial,","og_url":"https:\/\/www.pressenza.com\/es\/2016\/07\/lenin-moreno-lidera-preferencias-eleccion-presidencial-ecuador\/","og_site_name":"Pressenza","article_publisher":"https:\/\/www.facebook.com\/PressenzaItalia","article_author":"https:\/\/www.facebook.com\/AgenciaPrensaLatina","article_published_time":"2016-07-20T15:36:34+00:00","og_image":[{"width":320,"height":212,"url":"https:\/\/www.pressenza.com\/wp-content\/uploads\/2016\/07\/ecaudor_lenin_moreno.jpg","type":"image\/jpeg"}],"author":"Prensa Latina","twitter_card":"summary_large_image","twitter_creator":"@prensalatina_cu","twitter_site":"@PressenzaIPA","twitter_misc":{"Escrito por":"Prensa Latina","Tiempo de lectura":"2 minutos"},"schema":{"@context":"https:\/\/schema.org","@graph":[{"@type":"Article","@id":"https:\/\/www.pressenza.com\/es\/2016\/07\/lenin-moreno-lidera-preferencias-eleccion-presidencial-ecuador\/#article","isPartOf":{"@id":"https:\/\/www.pressenza.com\/es\/2016\/07\/lenin-moreno-lidera-preferencias-eleccion-presidencial-ecuador\/"},"author":{"name":"Prensa Latina","@id":"https:\/\/www.pressenza.com\/es\/#\/schema\/person\/e35c78ffa242d98f4f49ccb18c8631de"},"headline":"Len\u00edn Moreno lidera preferencias de elecci\u00f3n presidencial en Ecuador","datePublished":"2016-07-20T15:36:34+00:00","mainEntityOfPage":{"@id":"https:\/\/www.pressenza.com\/es\/2016\/07\/lenin-moreno-lidera-preferencias-eleccion-presidencial-ecuador\/"},"wordCount":470,"publisher":{"@id":"https:\/\/www.pressenza.com\/es\/#organization"},"image":{"@id":"https:\/\/www.pressenza.com\/es\/2016\/07\/lenin-moreno-lidera-preferencias-eleccion-presidencial-ecuador\/#primaryimage"},"thumbnailUrl":"https:\/\/www.pressenza.com\/wp-content\/uploads\/2016\/07\/ecaudor_lenin_moreno.jpg","keywords":["candidatos","candidatura presidencial","Ecuador","elecciones"],"articleSection":["Pol\u00edtica","Sudam\u00e9rica"],"inLanguage":"es"},{"@type":"WebPage","@id":"https:\/\/www.pressenza.com\/es\/2016\/07\/lenin-moreno-lidera-preferencias-eleccion-presidencial-ecuador\/","url":"https:\/\/www.pressenza.com\/es\/2016\/07\/lenin-moreno-lidera-preferencias-eleccion-presidencial-ecuador\/","name":"Len\u00edn Moreno lidera preferencias de elecci\u00f3n presidencial en Ecuador","isPartOf":{"@id":"https:\/\/www.pressenza.com\/es\/#website"},"primaryImageOfPage":{"@id":"https:\/\/www.pressenza.com\/es\/2016\/07\/lenin-moreno-lidera-preferencias-eleccion-presidencial-ecuador\/#primaryimage"},"image":{"@id":"https:\/\/www.pressenza.com\/es\/2016\/07\/lenin-moreno-lidera-preferencias-eleccion-presidencial-ecuador\/#primaryimage"},"thumbnailUrl":"https:\/\/www.pressenza.com\/wp-content\/uploads\/2016\/07\/ecaudor_lenin_moreno.jpg","datePublished":"2016-07-20T15:36:34+00:00","description":"El exvicepresidente de Ecuador, Len\u00edn Moreno, encabeza la intenci\u00f3n de voto dentro de este pa\u00eds suramericano de cara a la pr\u00f3xima elecci\u00f3n presidencial,","breadcrumb":{"@id":"https:\/\/www.pressenza.com\/es\/2016\/07\/lenin-moreno-lidera-preferencias-eleccion-presidencial-ecuador\/#breadcrumb"},"inLanguage":"es","potentialAction":[{"@type":"ReadAction","target":["https:\/\/www.pressenza.com\/es\/2016\/07\/lenin-moreno-lidera-preferencias-eleccion-presidencial-ecuador\/"]}]},{"@type":"ImageObject","inLanguage":"es","@id":"https:\/\/www.pressenza.com\/es\/2016\/07\/lenin-moreno-lidera-preferencias-eleccion-presidencial-ecuador\/#primaryimage","url":"https:\/\/www.pressenza.com\/wp-content\/uploads\/2016\/07\/ecaudor_lenin_moreno.jpg","contentUrl":"https:\/\/www.pressenza.com\/wp-content\/uploads\/2016\/07\/ecaudor_lenin_moreno.jpg","width":320,"height":212},{"@type":"BreadcrumbList","@id":"https:\/\/www.pressenza.com\/es\/2016\/07\/lenin-moreno-lidera-preferencias-eleccion-presidencial-ecuador\/#breadcrumb","itemListElement":[{"@type":"ListItem","position":1,"name":"Accueil","item":"https:\/\/www.pressenza.com\/es\/"},{"@type":"ListItem","position":2,"name":"Len\u00edn Moreno lidera preferencias de elecci\u00f3n presidencial en Ecuador"}]},{"@type":"WebSite","@id":"https:\/\/www.pressenza.com\/es\/#website","url":"https:\/\/www.pressenza.com\/es\/","name":"Pressenza","description":"International Press Agency","publisher":{"@id":"https:\/\/www.pressenza.com\/es\/#organization"},"potentialAction":[{"@type":"SearchAction","target":{"@type":"EntryPoint","urlTemplate":"https:\/\/www.pressenza.com\/es\/?s={search_term_string}"},"query-input":{"@type":"PropertyValueSpecification","valueRequired":true,"valueName":"search_term_string"}}],"inLanguage":"es"},{"@type":"Organization","@id":"https:\/\/www.pressenza.com\/es\/#organization","name":"Pressenza","url":"https:\/\/www.pressenza.com\/es\/","logo":{"@type":"ImageObject","inLanguage":"es","@id":"https:\/\/www.pressenza.com\/es\/#\/schema\/logo\/image\/","url":"https:\/\/www.pressenza.com\/wp-content\/uploads\/2022\/10\/pressenza_logo_200x200.jpg","contentUrl":"https:\/\/www.pressenza.com\/wp-content\/uploads\/2022\/10\/pressenza_logo_200x200.jpg","width":200,"height":200,"caption":"Pressenza"},"image":{"@id":"https:\/\/www.pressenza.com\/es\/#\/schema\/logo\/image\/"},"sameAs":["https:\/\/www.facebook.com\/PressenzaItalia","https:\/\/x.com\/PressenzaIPA"]},{"@type":"Person","@id":"https:\/\/www.pressenza.com\/es\/#\/schema\/person\/e35c78ffa242d98f4f49ccb18c8631de","name":"Prensa Latina","description":"www.prensa-latina.cu","sameAs":["https:\/\/www.facebook.com\/AgenciaPrensaLatina","https:\/\/x.com\/prensalatina_cu"],"url":"https:\/\/www.pressenza.com\/es\/author\/prensa-latina\/"}]}},"place":"Quito, Ecuador","original_article_url":"http:\/\/prensa-latina.cu\/index.php?option=com_content&task=view&idioma=1&id=5078271&Itemid=1","_links":{"self":[{"href":"https:\/\/www.pressenza.com\/es\/wp-json\/wp\/v2\/posts\/343670","targetHints":{"allow":["GET"]}}],"collection":[{"href":"https:\/\/www.pressenza.com\/es\/wp-json\/wp\/v2\/posts"}],"about":[{"href":"https:\/\/www.pressenza.com\/es\/wp-json\/wp\/v2\/types\/post"}],"author":[{"embeddable":true,"href":"https:\/\/www.pressenza.com\/es\/wp-json\/wp\/v2\/users\/90"}],"replies":[{"embeddable":true,"href":"https:\/\/www.pressenza.com\/es\/wp-json\/wp\/v2\/comments?post=343670"}],"version-history":[{"count":0,"href":"https:\/\/www.pressenza.com\/es\/wp-json\/wp\/v2\/posts\/343670\/revisions"}],"wp:featuredmedia":[{"embeddable":true,"href":"https:\/\/www.pressenza.com\/es\/wp-json\/wp\/v2\/media\/343671"}],"wp:attachment":[{"href":"https:\/\/www.pressenza.com\/es\/wp-json\/wp\/v2\/media?parent=343670"}],"wp:term":[{"taxonomy":"category","embeddable":true,"href":"https:\/\/www.pressenza.com\/es\/wp-json\/wp\/v2\/categories?post=343670"},{"taxonomy":"post_tag","embeddable":true,"href":"https:\/\/www.pressenza.com\/es\/wp-json\/wp\/v2\/tags?post=343670"}],"curies":[{"name":"wp","href":"https:\/\/api.w.org\/{rel}","templated":true}]}}