{"id":336639,"date":"2016-07-04T02:39:49","date_gmt":"2016-07-04T01:39:49","guid":{"rendered":"http:\/\/www.pressenza.com\/es\/?p=336639"},"modified":"2016-07-04T02:44:16","modified_gmt":"2016-07-04T01:44:16","slug":"9-julio-bicentenario-los-pueblos","status":"publish","type":"post","link":"https:\/\/www.pressenza.com\/es\/2016\/07\/9-julio-bicentenario-los-pueblos\/","title":{"rendered":"9 de julio. El otro bicentenario, el de los pueblos"},"content":{"rendered":"<p>A 6 A\u00f1os y\u00a0 9 meses del asesinato de Javier Chocobar, miembro de la Comunidad de Chuschagasta.\u00a0Movilizamos para exigir justicia por Chocobar.<\/p>\n<p><strong>Lunes 4 de julio \u2013 8.30hs \u2013 Concentraci\u00f3n en Plaza Urquiza (25 de Mayo y Sarmiento)\u00a0Movilizamos a Tribunales de Av Sarmiento y a Plaza Independencia.<\/strong><\/p>\n<p>Desde Tucum\u00e1n, donde el 9 de julio de 1816 se hizo la \u201cdeclaraci\u00f3n de independencia\u201d de Espa\u00f1a, nos preguntamos \u00bfqu\u00e9 tenemos para festejar? Se cumplen 523 a\u00f1os de resistencia ind\u00edgena y popular y de 200 a\u00f1os de la constituci\u00f3n de un estado represor y genocida.<\/p>\n<p>Nuestra lucha es el resultado de un proceso de siglos de sostenimiento de instituciones desde donde nuestros abuelos resistieron la instalaci\u00f3n paulatina del estado en territorio diaguita del Valle Calchaqu\u00ed, de Taf\u00ed y Trancas, luego de la invasi\u00f3n de encomenderos devenidos en terratenientes. As\u00ed se consolid\u00f3 la ocupaci\u00f3n del territorio para el desarrollo de la econom\u00eda impulsada por el estado en la que la funci\u00f3n asignada las familias originarias era la servidumbre en las estancias, el pago de pastajes y medier\u00edas a \u201clos due\u00f1os\u201d para su enriquecimiento, en otros casos la ocupaci\u00f3n territorial fue directamente realizada por el estado.<\/p>\n<p>Hoy frente al gobierno nacional y provincial que presentan el discurso patrio de la \u201cunidad nacional\u201d y el patriotismo, salimos a las calles a recordarles que nos falta Javier Chocobar, asesinado por un usurpador y dos ex polic\u00edas. Y tambi\u00e9n que en Tucum\u00e1n en los \u00faltimos 10 a\u00f1os podemos contabilizar m\u00e1s de 11 detenidos de las comunidades ind\u00edgenas, m\u00e1s de 30 heridos por defender su territorio, m\u00e1s de 100 causas judiciales y unos 15 desalojos, por parte de la justicia o de fuerzas parapoliciales.<\/p>\n<p>Exigimos:<br \/>\n\u2013\u00a0Territorio y autodeterminaci\u00f3n para los pueblos originarios, movimientos campesinos y organizaciones barriales.<br \/>\n\u2013\u00a0No al gatillo f\u00e1cil y la criminalizaci\u00f3n de la pobreza.<br \/>\n\u2013\u00a0Basta de judicializaci\u00f3n de los luchadores sociales.<br \/>\n\u2013\u00a0Urgente juicio y castigo a Dar\u00edo Am\u00edn, Humberto G\u00f3mez y Jos\u00e9 Valdivieso, imputados por el asesinato de Don Javier Chocobar, que esperan libres el juicio.<br \/>\n\u2013\u00a0Respeto y aplicaci\u00f3n efectiva de los derechos humanos de los pueblos originarios.<\/p>\n<p><strong>Javier Chocobar \u00a1Presente!\u00a0<\/strong><\/p>\n<p>Convocan:<br \/>\n<strong>Comunidad Ind\u00edgena de Chuschagasta,\u00a0Uni\u00f3n de los Pueblos de la Naci\u00f3n Diaguita de Tucum\u00e1n,\u00a0Espacio Justicia por Chocobar<\/strong>: Familiares de Ismael Lucena \/ Andhes \u2013 Abogadas y Abogados del NOA en DDHH y Estudios Sociales \/ H.I.J.O.S. \u2013 Hijos e Hijas por la Identidad y la Justicia contra el Olvido y el Silencio \/ Corriente de Organizaciones de Base La Brecha \/ Acoplase \/ Warmikun Quillamanta \/ La Palta Comunicaci\u00f3n Popular \/ APA \u2013 Agencia de Prensa Alternativa \/ APDH \u2013 Asamblea Permanente por los Derechos Humanos \/ La Poderosa \/ Agrupacion Taypi \u00d1am.<\/p>\n<div id=\"attachment_336640\" class=\"wp-caption alignnone\"><img loading=\"lazy\" decoding=\"async\" aria-describedby=\"caption-attachment-336640\" class=\"size-large wp-image-336640\" src=\"http:\/\/www.pressenza.com\/wp-content\/uploads\/2016\/07\/justicia-chocobar-720x480.jpg\" alt=\"Foto juicioporchocobar.com.ar\" width=\"720\" height=\"480\" srcset=\"https:\/\/www.pressenza.com\/wp-content\/uploads\/2016\/07\/justicia-chocobar-720x480.jpg 720w, https:\/\/www.pressenza.com\/wp-content\/uploads\/2016\/07\/justicia-chocobar-300x200.jpg 300w, https:\/\/www.pressenza.com\/wp-content\/uploads\/2016\/07\/justicia-chocobar-768x512.jpg 768w, https:\/\/www.pressenza.com\/wp-content\/uploads\/2016\/07\/justicia-chocobar.jpg 1024w\" sizes=\"auto, (max-width: 720px) 100vw, 720px\" \/><p id=\"caption-attachment-336640\" class=\"wp-caption-text\">Foto juicioporchocobar.com.ar<\/p><\/div>\n<p><strong>\u201cNo hay excusas jur\u00eddicas para que el juicio no tenga fecha de inicio\u201d<\/strong><\/p>\n<p>Ya pasaron m\u00e1s de 6 a\u00f1os y medio desde el asesinato de Don Javier Chocobar, ocurrido en 2009 en la Comunidad Ind\u00edgena de Chuschagasta en Trancas, Tucum\u00e1n. Con los tres imputados por el asesinato libres, un tendal de recursos jur\u00eddicos y demoras injustificadas siguen demostrando que lo sobra es voluntad pol\u00edtica de garantizar impunidad. Exigimos se fije en forma urgente fecha para inicio del juicio oral y se condene a prisi\u00f3n perpetua a los asesinos Dario Am\u00edn, Jose Valdivieso y \u201cel ni\u00f1o\u201d G\u00f3mez.<\/p>\n<p>El 12 de octubre de 2009 es asesinado el comunero Javier Chocobar (68 a\u00f1os) en laComunidad Ind\u00edgena Los Chuschagasta (Trancas, Tucum\u00e1n). En el mismo hecho 3 personas m\u00e1s son heridas, entre ellas Andr\u00e9s Maman\u00ed de gravedad. Javier, Andr\u00e9s y toda la comunidad fueron v\u00edctimas de un ataque realizado por el terrateniente Dar\u00edo Am\u00edn junto con dos ex polic\u00edas: Humberto \u201cel ni\u00f1o\u201d G\u00f3mez (vinculado al comando parapolicial Atila del malevo Ferreyra) y Jos\u00e9 Valdivieso. Llegaron al lugar -que Am\u00edn reclama que ser\u00eda propiedad de su familia- e hicieron disparos de armas de fuego contra la gente que defend\u00eda su territorio en forma pac\u00edfica.<\/p>\n<p>Con los asesinos libres a la espera del inicio del juicio, todav\u00eda no se fij\u00f3 fecha para el debate oral, a pesar de que ya est\u00e1 constituido el tribunal y ya se hizo la citaci\u00f3n a juicio en el mes de octubre de 2014. Ante lo cual, para la abogada Bel\u00e9n Leguizam\u00f3n <em>\u201cya no hay excusas para la demora, ya se respondieron y se desestimaron todos los recursos de nulidad que hab\u00eda presentado la defensa, con claros fines dilatorios, como lo venimos sosteniendo\u201d<\/em>. El juicio est\u00e1 en la C\u00e1mara Penal sala IV, y los jueces definidos para entender son: Wendy Kassar, Emilio Paez de la Torre y N\u00e9stor Rafael Macoritto.<\/p>\n<p><em>\u201cEstamos hablando de que el poder judicial ya no tiene razones para seguir dilatando el proceso\u201d<\/em>, manifest\u00f3 Leguizam\u00f3n, abogada de andhes que forma parte de la querella.<\/p>\n<p>Para Delf\u00edn Ger\u00f3nimo, Secretario de la Uni\u00f3n de Pueblos de la Naci\u00f3n Diaguita de Tucum\u00e1n, <em>\u201cel asesinato de nuestro hermano Chocobar no fue una simple rencilla como se quiso hacer ver desde algunos sectores, hoy hay m\u00e1s de 100 causas contra comunidades y referentes ind\u00edgenas con causas abiertas por defender su territorio\u201d.<\/em><\/p>\n<p><em>\u201cEsta causa sentar\u00e1 un precedente importante que marcar\u00e1 un antes y un despu\u00e9s para la lucha por la identidad y el territorio para los Pueblos Originarios de Tucum\u00e1n. Convocamos a organismos de DDHH, organizaciones sociales, partidos pol\u00edticos, agrupaciones estudiantiles, culturales, etc. a sumarse y exigir el inmediato juicio y castigo a los culpables\u201d<\/em>, concluy\u00f3 Ger\u00f3nimo.<\/p>\n<p><em>Espacio Justicia por Chocobar<\/em><\/p>\n<p><strong>Contactos:<\/strong><br \/>\nP\u00e1gina web: www.juicioporchocobar.com.ar<br \/>\ne-mail: juicioporchocobar@gmail.com<br \/>\nFacebook: Juicio Por Chocobar<br \/>\nTwitter: @JuicioxChocobar<br \/>\nDelf\u00edn Ger\u00f3nimo \u2013 Uni\u00f3n Diaguita (0381) 155397842<br \/>\nBel\u00e9n Leguizam\u00f3n \u2013 Abogada querellante (0381) 156382792<br \/>\nAndr\u00e9s Maman\u00ed \u2013 Cacique Comunidad Ind\u00edgena Los Chuschagasta (0381) 154099090<br \/>\nPrensa: (0381) 156-050-077 \/\/\/ (0381) 155-043-853 \/\/\/ (0381) 154-637-900<\/p>\n","protected":false},"excerpt":{"rendered":"<p>A 6 A\u00f1os y\u00a0 9 meses del asesinato de Javier Chocobar, miembro de la Comunidad de Chuschagasta.\u00a0Movilizamos para exigir justicia por Chocobar. Lunes 4 de julio \u2013 8.30hs \u2013 Concentraci\u00f3n en Plaza Urquiza (25 de Mayo y Sarmiento)\u00a0Movilizamos a Tribunales&hellip;<\/p>\n","protected":false},"author":1254,"featured_media":336647,"comment_status":"closed","ping_status":"closed","sticky":false,"template":"","format":"standard","meta":{"footnotes":""},"categories":[149,80],"tags":[25753,26,21537,28443,441,5323,5422,22210,14926],"class_list":["post-336639","post","type-post","status-publish","format-standard","has-post-thumbnail","hentry","category-comunicados-de-prensa","category-pueblos-originarios","tag-andhes","tag-argentina","tag-asesinato","tag-chocobar","tag-derechos-humanos","tag-indigenas","tag-juicio","tag-pueblos-originarios","tag-tucuman"],"yoast_head":"<!-- This site is optimized with the Yoast SEO plugin v27.1.1 - https:\/\/yoast.com\/product\/yoast-seo-wordpress\/ -->\n<title>9 de julio. El otro bicentenario, el de los pueblos<\/title>\n<meta name=\"description\" content=\"A 6 A\u00f1os y\u00a0 9 meses del asesinato de Javier Chocobar, miembro de la Comunidad de Chuschagasta.\u00a0Movilizamos para exigir justicia por Chocobar. Lunes 4 de\" \/>\n<meta name=\"robots\" content=\"index, follow, max-snippet:-1, max-image-preview:large, max-video-preview:-1\" \/>\n<link rel=\"canonical\" href=\"https:\/\/www.pressenza.com\/es\/2016\/07\/9-julio-bicentenario-los-pueblos\/\" \/>\n<meta property=\"og:locale\" content=\"es_ES\" \/>\n<meta property=\"og:type\" content=\"article\" \/>\n<meta property=\"og:title\" content=\"9 de julio. El otro bicentenario, el de los pueblos\" \/>\n<meta property=\"og:description\" content=\"A 6 A\u00f1os y\u00a0 9 meses del asesinato de Javier Chocobar, miembro de la Comunidad de Chuschagasta.\u00a0Movilizamos para exigir justicia por Chocobar. Lunes 4 de\" \/>\n<meta property=\"og:url\" content=\"https:\/\/www.pressenza.com\/es\/2016\/07\/9-julio-bicentenario-los-pueblos\/\" \/>\n<meta property=\"og:site_name\" content=\"Pressenza\" \/>\n<meta property=\"article:publisher\" content=\"https:\/\/www.facebook.com\/PressenzaItalia\" \/>\n<meta property=\"article:author\" content=\"https:\/\/www.facebook.com\/pressenza\" \/>\n<meta property=\"article:published_time\" content=\"2016-07-04T01:39:49+00:00\" \/>\n<meta property=\"article:modified_time\" content=\"2016-07-04T01:44:16+00:00\" \/>\n<meta property=\"og:image\" content=\"https:\/\/www.pressenza.com\/wp-content\/uploads\/2016\/07\/chocobar-Andhes.jpg\" \/>\n\t<meta property=\"og:image:width\" content=\"1024\" \/>\n\t<meta property=\"og:image:height\" content=\"576\" \/>\n\t<meta property=\"og:image:type\" content=\"image\/jpeg\" \/>\n<meta name=\"author\" content=\"Redacci\u00f3n Mar del Plata\" \/>\n<meta name=\"twitter:card\" content=\"summary_large_image\" \/>\n<meta name=\"twitter:creator\" content=\"@Pressenza\" \/>\n<meta name=\"twitter:site\" content=\"@PressenzaIPA\" \/>\n<meta name=\"twitter:label1\" content=\"Escrito por\" \/>\n\t<meta name=\"twitter:data1\" content=\"Redacci\u00f3n Mar del Plata\" \/>\n\t<meta name=\"twitter:label2\" content=\"Tiempo de lectura\" \/>\n\t<meta name=\"twitter:data2\" content=\"5 minutos\" \/>\n<script type=\"application\/ld+json\" class=\"yoast-schema-graph\">{\"@context\":\"https:\/\/schema.org\",\"@graph\":[{\"@type\":\"Article\",\"@id\":\"https:\/\/www.pressenza.com\/es\/2016\/07\/9-julio-bicentenario-los-pueblos\/#article\",\"isPartOf\":{\"@id\":\"https:\/\/www.pressenza.com\/es\/2016\/07\/9-julio-bicentenario-los-pueblos\/\"},\"author\":{\"name\":\"Redacci\u00f3n Mar del Plata\",\"@id\":\"https:\/\/www.pressenza.com\/es\/#\/schema\/person\/738658b5125ecea661a8a0b96dba8b69\"},\"headline\":\"9 de julio. El otro bicentenario, el de los pueblos\",\"datePublished\":\"2016-07-04T01:39:49+00:00\",\"dateModified\":\"2016-07-04T01:44:16+00:00\",\"mainEntityOfPage\":{\"@id\":\"https:\/\/www.pressenza.com\/es\/2016\/07\/9-julio-bicentenario-los-pueblos\/\"},\"wordCount\":1006,\"publisher\":{\"@id\":\"https:\/\/www.pressenza.com\/es\/#organization\"},\"image\":{\"@id\":\"https:\/\/www.pressenza.com\/es\/2016\/07\/9-julio-bicentenario-los-pueblos\/#primaryimage\"},\"thumbnailUrl\":\"https:\/\/www.pressenza.com\/wp-content\/uploads\/2016\/07\/chocobar-Andhes.jpg\",\"keywords\":[\"Andhes\",\"Argentina\",\"asesinato\",\"Chocobar\",\"Derechos humanos\",\"indigenas\",\"juicio\",\"Pueblos Originarios\",\"Tucum\u00e1n\"],\"articleSection\":[\"Comunicados de Prensa\",\"Pueblos Originarios\"],\"inLanguage\":\"es\"},{\"@type\":\"WebPage\",\"@id\":\"https:\/\/www.pressenza.com\/es\/2016\/07\/9-julio-bicentenario-los-pueblos\/\",\"url\":\"https:\/\/www.pressenza.com\/es\/2016\/07\/9-julio-bicentenario-los-pueblos\/\",\"name\":\"9 de julio. El otro bicentenario, el de los pueblos\",\"isPartOf\":{\"@id\":\"https:\/\/www.pressenza.com\/es\/#website\"},\"primaryImageOfPage\":{\"@id\":\"https:\/\/www.pressenza.com\/es\/2016\/07\/9-julio-bicentenario-los-pueblos\/#primaryimage\"},\"image\":{\"@id\":\"https:\/\/www.pressenza.com\/es\/2016\/07\/9-julio-bicentenario-los-pueblos\/#primaryimage\"},\"thumbnailUrl\":\"https:\/\/www.pressenza.com\/wp-content\/uploads\/2016\/07\/chocobar-Andhes.jpg\",\"datePublished\":\"2016-07-04T01:39:49+00:00\",\"dateModified\":\"2016-07-04T01:44:16+00:00\",\"description\":\"A 6 A\u00f1os y\u00a0 9 meses del asesinato de Javier Chocobar, miembro de la Comunidad de Chuschagasta.\u00a0Movilizamos para exigir justicia por Chocobar. Lunes 4 de\",\"breadcrumb\":{\"@id\":\"https:\/\/www.pressenza.com\/es\/2016\/07\/9-julio-bicentenario-los-pueblos\/#breadcrumb\"},\"inLanguage\":\"es\",\"potentialAction\":[{\"@type\":\"ReadAction\",\"target\":[\"https:\/\/www.pressenza.com\/es\/2016\/07\/9-julio-bicentenario-los-pueblos\/\"]}]},{\"@type\":\"ImageObject\",\"inLanguage\":\"es\",\"@id\":\"https:\/\/www.pressenza.com\/es\/2016\/07\/9-julio-bicentenario-los-pueblos\/#primaryimage\",\"url\":\"https:\/\/www.pressenza.com\/wp-content\/uploads\/2016\/07\/chocobar-Andhes.jpg\",\"contentUrl\":\"https:\/\/www.pressenza.com\/wp-content\/uploads\/2016\/07\/chocobar-Andhes.jpg\",\"width\":1024,\"height\":576},{\"@type\":\"BreadcrumbList\",\"@id\":\"https:\/\/www.pressenza.com\/es\/2016\/07\/9-julio-bicentenario-los-pueblos\/#breadcrumb\",\"itemListElement\":[{\"@type\":\"ListItem\",\"position\":1,\"name\":\"Accueil\",\"item\":\"https:\/\/www.pressenza.com\/es\/\"},{\"@type\":\"ListItem\",\"position\":2,\"name\":\"9 de julio. El otro bicentenario, el de los pueblos\"}]},{\"@type\":\"WebSite\",\"@id\":\"https:\/\/www.pressenza.com\/es\/#website\",\"url\":\"https:\/\/www.pressenza.com\/es\/\",\"name\":\"Pressenza\",\"description\":\"International Press Agency\",\"publisher\":{\"@id\":\"https:\/\/www.pressenza.com\/es\/#organization\"},\"potentialAction\":[{\"@type\":\"SearchAction\",\"target\":{\"@type\":\"EntryPoint\",\"urlTemplate\":\"https:\/\/www.pressenza.com\/es\/?s={search_term_string}\"},\"query-input\":{\"@type\":\"PropertyValueSpecification\",\"valueRequired\":true,\"valueName\":\"search_term_string\"}}],\"inLanguage\":\"es\"},{\"@type\":\"Organization\",\"@id\":\"https:\/\/www.pressenza.com\/es\/#organization\",\"name\":\"Pressenza\",\"url\":\"https:\/\/www.pressenza.com\/es\/\",\"logo\":{\"@type\":\"ImageObject\",\"inLanguage\":\"es\",\"@id\":\"https:\/\/www.pressenza.com\/es\/#\/schema\/logo\/image\/\",\"url\":\"https:\/\/www.pressenza.com\/wp-content\/uploads\/2022\/10\/pressenza_logo_200x200.jpg\",\"contentUrl\":\"https:\/\/www.pressenza.com\/wp-content\/uploads\/2022\/10\/pressenza_logo_200x200.jpg\",\"width\":200,\"height\":200,\"caption\":\"Pressenza\"},\"image\":{\"@id\":\"https:\/\/www.pressenza.com\/es\/#\/schema\/logo\/image\/\"},\"sameAs\":[\"https:\/\/www.facebook.com\/PressenzaItalia\",\"https:\/\/x.com\/PressenzaIPA\"]},{\"@type\":\"Person\",\"@id\":\"https:\/\/www.pressenza.com\/es\/#\/schema\/person\/738658b5125ecea661a8a0b96dba8b69\",\"name\":\"Redacci\u00f3n Mar del Plata\",\"description\":\"News published by the Pressenza bureau in Mar Del Plata, Argentina\",\"sameAs\":[\"https:\/\/www.facebook.com\/pressenza\",\"https:\/\/x.com\/Pressenza\"],\"url\":\"https:\/\/www.pressenza.com\/es\/author\/redaccion-mar-del-plata\/\"}]}<\/script>\n<!-- \/ Yoast SEO plugin. -->","yoast_head_json":{"title":"9 de julio. El otro bicentenario, el de los pueblos","description":"A 6 A\u00f1os y\u00a0 9 meses del asesinato de Javier Chocobar, miembro de la Comunidad de Chuschagasta.\u00a0Movilizamos para exigir justicia por Chocobar. Lunes 4 de","robots":{"index":"index","follow":"follow","max-snippet":"max-snippet:-1","max-image-preview":"max-image-preview:large","max-video-preview":"max-video-preview:-1"},"canonical":"https:\/\/www.pressenza.com\/es\/2016\/07\/9-julio-bicentenario-los-pueblos\/","og_locale":"es_ES","og_type":"article","og_title":"9 de julio. El otro bicentenario, el de los pueblos","og_description":"A 6 A\u00f1os y\u00a0 9 meses del asesinato de Javier Chocobar, miembro de la Comunidad de Chuschagasta.\u00a0Movilizamos para exigir justicia por Chocobar. Lunes 4 de","og_url":"https:\/\/www.pressenza.com\/es\/2016\/07\/9-julio-bicentenario-los-pueblos\/","og_site_name":"Pressenza","article_publisher":"https:\/\/www.facebook.com\/PressenzaItalia","article_author":"https:\/\/www.facebook.com\/pressenza","article_published_time":"2016-07-04T01:39:49+00:00","article_modified_time":"2016-07-04T01:44:16+00:00","og_image":[{"width":1024,"height":576,"url":"https:\/\/www.pressenza.com\/wp-content\/uploads\/2016\/07\/chocobar-Andhes.jpg","type":"image\/jpeg"}],"author":"Redacci\u00f3n Mar del Plata","twitter_card":"summary_large_image","twitter_creator":"@Pressenza","twitter_site":"@PressenzaIPA","twitter_misc":{"Escrito por":"Redacci\u00f3n Mar del Plata","Tiempo de lectura":"5 minutos"},"schema":{"@context":"https:\/\/schema.org","@graph":[{"@type":"Article","@id":"https:\/\/www.pressenza.com\/es\/2016\/07\/9-julio-bicentenario-los-pueblos\/#article","isPartOf":{"@id":"https:\/\/www.pressenza.com\/es\/2016\/07\/9-julio-bicentenario-los-pueblos\/"},"author":{"name":"Redacci\u00f3n Mar del Plata","@id":"https:\/\/www.pressenza.com\/es\/#\/schema\/person\/738658b5125ecea661a8a0b96dba8b69"},"headline":"9 de julio. El otro bicentenario, el de los pueblos","datePublished":"2016-07-04T01:39:49+00:00","dateModified":"2016-07-04T01:44:16+00:00","mainEntityOfPage":{"@id":"https:\/\/www.pressenza.com\/es\/2016\/07\/9-julio-bicentenario-los-pueblos\/"},"wordCount":1006,"publisher":{"@id":"https:\/\/www.pressenza.com\/es\/#organization"},"image":{"@id":"https:\/\/www.pressenza.com\/es\/2016\/07\/9-julio-bicentenario-los-pueblos\/#primaryimage"},"thumbnailUrl":"https:\/\/www.pressenza.com\/wp-content\/uploads\/2016\/07\/chocobar-Andhes.jpg","keywords":["Andhes","Argentina","asesinato","Chocobar","Derechos humanos","indigenas","juicio","Pueblos Originarios","Tucum\u00e1n"],"articleSection":["Comunicados de Prensa","Pueblos Originarios"],"inLanguage":"es"},{"@type":"WebPage","@id":"https:\/\/www.pressenza.com\/es\/2016\/07\/9-julio-bicentenario-los-pueblos\/","url":"https:\/\/www.pressenza.com\/es\/2016\/07\/9-julio-bicentenario-los-pueblos\/","name":"9 de julio. El otro bicentenario, el de los pueblos","isPartOf":{"@id":"https:\/\/www.pressenza.com\/es\/#website"},"primaryImageOfPage":{"@id":"https:\/\/www.pressenza.com\/es\/2016\/07\/9-julio-bicentenario-los-pueblos\/#primaryimage"},"image":{"@id":"https:\/\/www.pressenza.com\/es\/2016\/07\/9-julio-bicentenario-los-pueblos\/#primaryimage"},"thumbnailUrl":"https:\/\/www.pressenza.com\/wp-content\/uploads\/2016\/07\/chocobar-Andhes.jpg","datePublished":"2016-07-04T01:39:49+00:00","dateModified":"2016-07-04T01:44:16+00:00","description":"A 6 A\u00f1os y\u00a0 9 meses del asesinato de Javier Chocobar, miembro de la Comunidad de Chuschagasta.\u00a0Movilizamos para exigir justicia por Chocobar. Lunes 4 de","breadcrumb":{"@id":"https:\/\/www.pressenza.com\/es\/2016\/07\/9-julio-bicentenario-los-pueblos\/#breadcrumb"},"inLanguage":"es","potentialAction":[{"@type":"ReadAction","target":["https:\/\/www.pressenza.com\/es\/2016\/07\/9-julio-bicentenario-los-pueblos\/"]}]},{"@type":"ImageObject","inLanguage":"es","@id":"https:\/\/www.pressenza.com\/es\/2016\/07\/9-julio-bicentenario-los-pueblos\/#primaryimage","url":"https:\/\/www.pressenza.com\/wp-content\/uploads\/2016\/07\/chocobar-Andhes.jpg","contentUrl":"https:\/\/www.pressenza.com\/wp-content\/uploads\/2016\/07\/chocobar-Andhes.jpg","width":1024,"height":576},{"@type":"BreadcrumbList","@id":"https:\/\/www.pressenza.com\/es\/2016\/07\/9-julio-bicentenario-los-pueblos\/#breadcrumb","itemListElement":[{"@type":"ListItem","position":1,"name":"Accueil","item":"https:\/\/www.pressenza.com\/es\/"},{"@type":"ListItem","position":2,"name":"9 de julio. El otro bicentenario, el de los pueblos"}]},{"@type":"WebSite","@id":"https:\/\/www.pressenza.com\/es\/#website","url":"https:\/\/www.pressenza.com\/es\/","name":"Pressenza","description":"International Press Agency","publisher":{"@id":"https:\/\/www.pressenza.com\/es\/#organization"},"potentialAction":[{"@type":"SearchAction","target":{"@type":"EntryPoint","urlTemplate":"https:\/\/www.pressenza.com\/es\/?s={search_term_string}"},"query-input":{"@type":"PropertyValueSpecification","valueRequired":true,"valueName":"search_term_string"}}],"inLanguage":"es"},{"@type":"Organization","@id":"https:\/\/www.pressenza.com\/es\/#organization","name":"Pressenza","url":"https:\/\/www.pressenza.com\/es\/","logo":{"@type":"ImageObject","inLanguage":"es","@id":"https:\/\/www.pressenza.com\/es\/#\/schema\/logo\/image\/","url":"https:\/\/www.pressenza.com\/wp-content\/uploads\/2022\/10\/pressenza_logo_200x200.jpg","contentUrl":"https:\/\/www.pressenza.com\/wp-content\/uploads\/2022\/10\/pressenza_logo_200x200.jpg","width":200,"height":200,"caption":"Pressenza"},"image":{"@id":"https:\/\/www.pressenza.com\/es\/#\/schema\/logo\/image\/"},"sameAs":["https:\/\/www.facebook.com\/PressenzaItalia","https:\/\/x.com\/PressenzaIPA"]},{"@type":"Person","@id":"https:\/\/www.pressenza.com\/es\/#\/schema\/person\/738658b5125ecea661a8a0b96dba8b69","name":"Redacci\u00f3n Mar del Plata","description":"News published by the Pressenza bureau in Mar Del Plata, Argentina","sameAs":["https:\/\/www.facebook.com\/pressenza","https:\/\/x.com\/Pressenza"],"url":"https:\/\/www.pressenza.com\/es\/author\/redaccion-mar-del-plata\/"}]}},"place":"Tucum\u00e1n, Argentina","original_article_url":"http:\/\/juicioporchocobar.com.ar\/","_links":{"self":[{"href":"https:\/\/www.pressenza.com\/es\/wp-json\/wp\/v2\/posts\/336639","targetHints":{"allow":["GET"]}}],"collection":[{"href":"https:\/\/www.pressenza.com\/es\/wp-json\/wp\/v2\/posts"}],"about":[{"href":"https:\/\/www.pressenza.com\/es\/wp-json\/wp\/v2\/types\/post"}],"author":[{"embeddable":true,"href":"https:\/\/www.pressenza.com\/es\/wp-json\/wp\/v2\/users\/1254"}],"replies":[{"embeddable":true,"href":"https:\/\/www.pressenza.com\/es\/wp-json\/wp\/v2\/comments?post=336639"}],"version-history":[{"count":0,"href":"https:\/\/www.pressenza.com\/es\/wp-json\/wp\/v2\/posts\/336639\/revisions"}],"wp:featuredmedia":[{"embeddable":true,"href":"https:\/\/www.pressenza.com\/es\/wp-json\/wp\/v2\/media\/336647"}],"wp:attachment":[{"href":"https:\/\/www.pressenza.com\/es\/wp-json\/wp\/v2\/media?parent=336639"}],"wp:term":[{"taxonomy":"category","embeddable":true,"href":"https:\/\/www.pressenza.com\/es\/wp-json\/wp\/v2\/categories?post=336639"},{"taxonomy":"post_tag","embeddable":true,"href":"https:\/\/www.pressenza.com\/es\/wp-json\/wp\/v2\/tags?post=336639"}],"curies":[{"name":"wp","href":"https:\/\/api.w.org\/{rel}","templated":true}]}}