{"id":336013,"date":"2016-07-02T23:16:09","date_gmt":"2016-07-02T22:16:09","guid":{"rendered":"http:\/\/www.pressenza.com\/es\/?p=336013"},"modified":"2016-07-02T23:16:09","modified_gmt":"2016-07-02T22:16:09","slug":"erdogan-sultan-herido","status":"publish","type":"post","link":"https:\/\/www.pressenza.com\/es\/2016\/07\/erdogan-sultan-herido\/","title":{"rendered":"Erdogan, el sult\u00e1n herido"},"content":{"rendered":"<p style=\"text-align: justify;\"><em><strong>Por Federico Larsen<\/strong><\/em>. Turqu\u00eda sufri\u00f3 un brutal atentado justo cuando comenzaba a hacer caminar su proyecto de consolidaci\u00f3n como potencia de frontera entre Europa y Oriente, lo que choca con los planes de todos los dem\u00e1s actores de la regi\u00f3n.<\/p>\n<p style=\"text-align: justify;\">El <a href=\"http:\/\/notas.org.ar\/2016\/06\/29\/erdogan-turquia-sultan-herido\/notas.org.ar\/2016\/06\/28\/36-muertos-atentado-estambul\/\" target=\"_blank\">atentado en el aeropuerto de Estambul<\/a> lleg\u00f3 en un momento muy delicado y de fuertes cambios. Turqu\u00eda, \u00faltima frontera entre Europa y el Oriente en conflicto, y principal potencia de la OTAN en la regi\u00f3n, emprendi\u00f3 en los \u00faltimos meses un lento pero sensible cambio de su inserci\u00f3n estrat\u00e9gica internacional, intentado mostrar una cara m\u00e1s amigable para Occidente.<\/p>\n<p style=\"text-align: justify;\">Las explosiones llegaron al d\u00eda siguiente del anuncio por parte del primer ministro turco, Binali Yildirim desde Suiza, y su par israel\u00ed Benjamin Netanyahu desde Roma, del restablecimiento formal de las relaciones entre ambos pa\u00edses tras seis a\u00f1os de crisis diplom\u00e1tica. Los contactos se hab\u00edan cortado luego de que en mayo de 2010 soldados israel\u00edes asaltaran al carguero turco Mavi Marmara que se dirig\u00eda con ayuda humanitaria a las costas de Gaza. En el ataque los israel\u00edes mataron a diez pacifistas turcos e hirieron a otros 60, hecho por el cual Ankara cort\u00f3 relaciones con Tel Aviv hasta 2013, cuando bajo petici\u00f3n de EEUU el gobierno de Israel pidi\u00f3 disculpas oficialmente y comenzaron las negociaciones que terminaron con el restablecimiento diplom\u00e1tico reci\u00e9n anunciado.<\/p>\n<p style=\"text-align: justify;\">Turqu\u00eda es un aliado clave para Netanyahu en la regi\u00f3n. Fue, en 1949, el primer pa\u00eds de mayor\u00eda musulmana en reconocer a Israel, y durante a\u00f1os la cooperaci\u00f3n econ\u00f3mica y militar se mantuvo s\u00f3lida. La llegada de Recep Tayyip Erdogan al poder en 2005 no fue bien vista en Tel Aviv. Con un perfil m\u00e1s pro-\u00e1rabe, Erdogan lider\u00f3 la ruptura diplom\u00e1tica de 2010 en su rol de primer ministro. Hoy, como presidente, entendi\u00f3 que el clima cambi\u00f3.<\/p>\n<p style=\"text-align: justify;\">Al giro de la relaci\u00f3n con Israel le antecedi\u00f3 un reposicionamiento turco frente a la Uni\u00f3n Europea. Erdogan supo aprovechar -no sin cierto cinismo- la crisis de los refugiados para negociar con la UE la revisi\u00f3n de su postulaci\u00f3n para integrar el grupo. En lo que ha pasado a conocerse internacionalmente como \u201c<a href=\"http:\/\/notas.org.ar\/2016\/03\/09\/refugiados-acnur-cuestiono-acuerdo-union-europea-turquia\/\" target=\"_blank\">el pacto de la verg\u00fcenza<\/a>\u201d, Turqu\u00eda se comprometi\u00f3 en marzo pasado a recibir y mantener en su territorio a los refugiados expulsados de territorio europeo y evitar que nuevos migrantes salgan de sus fronteras hacia las costas griegas. A cambio, recibir\u00e1 6.000 millones de euros en dos tramos en concepto de ayuda, ver\u00e1 suprimido el pedido de visa para ciudadanos turcos que quieran ingresar a la Uni\u00f3n, se acelerar\u00e1 la resoluci\u00f3n del conflicto con Chipre y se examinar\u00e1 su caso para evaluar un futuro ingreso a la UE.<\/p>\n<p style=\"text-align: justify;\">Un negocio redondo, si no fuera que Bruselas mantiene un control estricto del cumplimiento por parte de los turcos, pero no cumpli\u00f3 a\u00fan con nada de lo que prometi\u00f3. La semana pasada, el gobierno de Erdogan volvi\u00f3 a amenazar con cancelar el acuerdo, despu\u00e9s de que Bruselas le exigiera modificar su definici\u00f3n legal de terrorismo -entre otras 70 exigencias- para empezar a negociar el levantamiento de las visas.<\/p>\n<p style=\"text-align: justify;\">El gobierno de Erdogan es claramente un gobierno autoritario, basado en un poder patriarcal y paternalista, centrado en representar los intereses de un sector ligado a las finanzas, las empresas y el poder pol\u00edtico local. Una forma de gobernar que choca con la pulcra imagen del funcionario neoliberal europeo y que est\u00e1 en la base de la desconfianza mutua.<\/p>\n<p style=\"text-align: justify;\">Hubo, sin embargo, otra ocasi\u00f3n en que la UE logr\u00f3 modificar la visi\u00f3n de Turqu\u00eda sobre sus problemas internos, a cambio de activar negociaciones para analizar su ingreso en el club. Fue hace m\u00e1s de 15 a\u00f1os, cuando Europa exigi\u00f3 el reconocimiento de la naci\u00f3n kurda como tal, que hasta ese entonces eran denominados oficialmente como \u201cturcos de la monta\u00f1a\u201d. Y a pesar del cambio en la nomenclatura, el conflicto con los kurdos sigue intacto.<\/p>\n<p style=\"text-align: justify;\">En septiembre de 2015 Ankara anunci\u00f3 su intervenci\u00f3n en el conflicto en Siria. Oficialmente se trataba de un apoyo a las operaciones occidentales contra el Estado Isl\u00e1mico. Pero en la pr\u00e1ctica, nueve de cada diez bombardeos fueron contra las milicias kurdas en el norte de Siria.<\/p>\n<p style=\"text-align: justify;\">Los kurdos resistieron el avance del EI, se desligaron de las dem\u00e1s fuerzas yihadistas en combate (el frente Al-nusra y Al-Qaeda) y mostraron total desinter\u00e9s en la continuidad del gobierno de Bashar Al-Assad, a tal punto que anunciaron la formaci\u00f3n de una federaci\u00f3n independiente en una zona fronteriza justamente con Turqu\u00eda. Esta coherencia de las fuerzas pol\u00edticas y militares kurdas les vali\u00f3 el apoyo de EEUU y las principales fuerzas occidentales empantanadas en Siria, e irrit\u00f3 sobremanera al gobierno de Erdogan. El 40% de la poblaci\u00f3n kurda reside en Turqu\u00eda, y la posibilidad de que all\u00ed se intente seguir el ejemplo de sus pares en Siria desvela al gobierno turco.<\/p>\n<p style=\"text-align: justify;\">Pero para Occidente los kurdos son un aliado necesario en la lucha contra el EI -aunque ideol\u00f3gicamente se encuentran en las ant\u00edpodas-. Y quienes mandan en Occidente son tambi\u00e9n quienes ocupan tres de los cinco lugares del Consejo de Seguridad de la ONU, organismo cuyo apoyo se vuelve indispensable para el proyecto pol\u00edtico turco de convertirse en una moderna potencia en las puertas de Oriente. Para ello, Erdogan ha retomado inlcuso las relaciones con Rusia, rotas luego del derribo de un avi\u00f3n de guerra ruso en noviembre pasado por las fuerzas antia\u00e9reas turcas.<\/p>\n<p style=\"text-align: justify;\">La Turqu\u00eda de Erdog\u00e1n busca revitalizar su rol internacional. El reciente cambio de primer ministro, el restablecimiento de relaciones diplom\u00e1ticas con Israel, las negociaciones con la UE y la intervenci\u00f3n en Siria lo ubican como pa\u00eds codiciado y necesario para quienes quieran influir en la regi\u00f3n. Esto tambi\u00e9n lo expone a situaciones extremas, como la de los atentados del martes por la tarde.<\/p>\n<p style=\"text-align: justify;\">El rol que hoy cumple Ankara en todo esto es, entonces, por dem\u00e1s peligroso. Su proyecto no coincide con el de ninguna de las fuerzas en pugna en la regi\u00f3n (UE, yihadistas, Estado Isl\u00e1mico, Israel-EEUU, por no hablar de Ir\u00e1n y Arabia Saudita, las dos principales potencias regionales enfrentadas), y la pol\u00edtica emprendida por su hosca y autoritaria dirigencia pol\u00edtica, la expone al hostigamiento -diplom\u00e1tico, financiero o militar- de cada uno de ellos. S\u00f3lo resta ver, tras la declaraci\u00f3n de solidaridad por parte del resto del mundo hacia Turqu\u00eda, cu\u00e1l ser\u00e1 la estrategia de cara al futuro y, especialmente si este tipo de hechos ser\u00e1 manipulado por parte del gobierno turco para seguir cometiendo todo tipo cr\u00edmenes contra kurdos y opositores.<\/p>\n","protected":false},"excerpt":{"rendered":"<p>Por Federico Larsen. Turqu\u00eda sufri\u00f3 un brutal atentado justo cuando comenzaba a hacer caminar su proyecto de consolidaci\u00f3n como potencia de frontera entre Europa y Oriente, lo que choca con los planes de todos los dem\u00e1s actores de la regi\u00f3n.&hellip;<\/p>\n","protected":false},"author":831,"featured_media":336014,"comment_status":"closed","ping_status":"closed","sticky":false,"template":"","format":"standard","meta":{"footnotes":""},"categories":[66,161,74],"tags":[12415,1609,19357,6397,3021,4817],"class_list":["post-336013","post","type-post","status-publish","format-standard","has-post-thumbnail","hentry","category-europa-es","category-opiniones","category-politica-es","tag-estado-islamico","tag-kurdos","tag-recep-tayyip-erdogan","tag-siria","tag-turquia","tag-union-europea"],"yoast_head":"<!-- This site is optimized with the Yoast SEO plugin v27.1.1 - https:\/\/yoast.com\/product\/yoast-seo-wordpress\/ -->\n<title>Erdogan, el sult\u00e1n herido<\/title>\n<meta name=\"description\" content=\"Por Federico Larsen. Turqu\u00eda sufri\u00f3 un brutal atentado justo cuando comenzaba a hacer caminar su proyecto de consolidaci\u00f3n como potencia de frontera entre\" \/>\n<meta name=\"robots\" content=\"index, follow, max-snippet:-1, max-image-preview:large, max-video-preview:-1\" \/>\n<link rel=\"canonical\" href=\"https:\/\/www.pressenza.com\/es\/2016\/07\/erdogan-sultan-herido\/\" \/>\n<meta property=\"og:locale\" content=\"es_ES\" \/>\n<meta property=\"og:type\" content=\"article\" \/>\n<meta property=\"og:title\" content=\"Erdogan, el sult\u00e1n herido\" \/>\n<meta property=\"og:description\" content=\"Por Federico Larsen. Turqu\u00eda sufri\u00f3 un brutal atentado justo cuando comenzaba a hacer caminar su proyecto de consolidaci\u00f3n como potencia de frontera entre\" \/>\n<meta property=\"og:url\" content=\"https:\/\/www.pressenza.com\/es\/2016\/07\/erdogan-sultan-herido\/\" \/>\n<meta property=\"og:site_name\" content=\"Pressenza\" \/>\n<meta property=\"article:publisher\" content=\"https:\/\/www.facebook.com\/PressenzaItalia\" \/>\n<meta property=\"article:published_time\" content=\"2016-07-02T22:16:09+00:00\" \/>\n<meta property=\"og:image\" content=\"https:\/\/www.pressenza.com\/wp-content\/uploads\/2016\/07\/notas.jpg\" \/>\n\t<meta property=\"og:image:width\" content=\"800\" \/>\n\t<meta property=\"og:image:height\" content=\"430\" \/>\n\t<meta property=\"og:image:type\" content=\"image\/jpeg\" \/>\n<meta name=\"author\" content=\"Redacci\u00f3n Per\u00fa\" \/>\n<meta name=\"twitter:card\" content=\"summary_large_image\" \/>\n<meta name=\"twitter:creator\" content=\"@PressenzaIPA\" \/>\n<meta name=\"twitter:site\" content=\"@PressenzaIPA\" \/>\n<meta name=\"twitter:label1\" content=\"Escrito por\" \/>\n\t<meta name=\"twitter:data1\" content=\"Redacci\u00f3n Per\u00fa\" \/>\n\t<meta name=\"twitter:label2\" content=\"Tiempo de lectura\" \/>\n\t<meta name=\"twitter:data2\" content=\"6 minutos\" \/>\n<script type=\"application\/ld+json\" class=\"yoast-schema-graph\">{\"@context\":\"https:\/\/schema.org\",\"@graph\":[{\"@type\":\"Article\",\"@id\":\"https:\/\/www.pressenza.com\/es\/2016\/07\/erdogan-sultan-herido\/#article\",\"isPartOf\":{\"@id\":\"https:\/\/www.pressenza.com\/es\/2016\/07\/erdogan-sultan-herido\/\"},\"author\":{\"name\":\"Redacci\u00f3n Per\u00fa\",\"@id\":\"https:\/\/www.pressenza.com\/es\/#\/schema\/person\/e86c29a41185b85084a478822f5de81b\"},\"headline\":\"Erdogan, el sult\u00e1n herido\",\"datePublished\":\"2016-07-02T22:16:09+00:00\",\"mainEntityOfPage\":{\"@id\":\"https:\/\/www.pressenza.com\/es\/2016\/07\/erdogan-sultan-herido\/\"},\"wordCount\":1154,\"publisher\":{\"@id\":\"https:\/\/www.pressenza.com\/es\/#organization\"},\"image\":{\"@id\":\"https:\/\/www.pressenza.com\/es\/2016\/07\/erdogan-sultan-herido\/#primaryimage\"},\"thumbnailUrl\":\"https:\/\/www.pressenza.com\/wp-content\/uploads\/2016\/07\/notas.jpg\",\"keywords\":[\"Estado Isl\u00e1mico\",\"kurdos\",\"Recep Tayyip Erdogan\",\"Siria\",\"Turqu\u00eda\",\"Uni\u00f3n Europea\"],\"articleSection\":[\"Europa\",\"Opiniones\",\"Pol\u00edtica\"],\"inLanguage\":\"es\"},{\"@type\":\"WebPage\",\"@id\":\"https:\/\/www.pressenza.com\/es\/2016\/07\/erdogan-sultan-herido\/\",\"url\":\"https:\/\/www.pressenza.com\/es\/2016\/07\/erdogan-sultan-herido\/\",\"name\":\"Erdogan, el sult\u00e1n herido\",\"isPartOf\":{\"@id\":\"https:\/\/www.pressenza.com\/es\/#website\"},\"primaryImageOfPage\":{\"@id\":\"https:\/\/www.pressenza.com\/es\/2016\/07\/erdogan-sultan-herido\/#primaryimage\"},\"image\":{\"@id\":\"https:\/\/www.pressenza.com\/es\/2016\/07\/erdogan-sultan-herido\/#primaryimage\"},\"thumbnailUrl\":\"https:\/\/www.pressenza.com\/wp-content\/uploads\/2016\/07\/notas.jpg\",\"datePublished\":\"2016-07-02T22:16:09+00:00\",\"description\":\"Por Federico Larsen. Turqu\u00eda sufri\u00f3 un brutal atentado justo cuando comenzaba a hacer caminar su proyecto de consolidaci\u00f3n como potencia de frontera entre\",\"breadcrumb\":{\"@id\":\"https:\/\/www.pressenza.com\/es\/2016\/07\/erdogan-sultan-herido\/#breadcrumb\"},\"inLanguage\":\"es\",\"potentialAction\":[{\"@type\":\"ReadAction\",\"target\":[\"https:\/\/www.pressenza.com\/es\/2016\/07\/erdogan-sultan-herido\/\"]}]},{\"@type\":\"ImageObject\",\"inLanguage\":\"es\",\"@id\":\"https:\/\/www.pressenza.com\/es\/2016\/07\/erdogan-sultan-herido\/#primaryimage\",\"url\":\"https:\/\/www.pressenza.com\/wp-content\/uploads\/2016\/07\/notas.jpg\",\"contentUrl\":\"https:\/\/www.pressenza.com\/wp-content\/uploads\/2016\/07\/notas.jpg\",\"width\":800,\"height\":430},{\"@type\":\"BreadcrumbList\",\"@id\":\"https:\/\/www.pressenza.com\/es\/2016\/07\/erdogan-sultan-herido\/#breadcrumb\",\"itemListElement\":[{\"@type\":\"ListItem\",\"position\":1,\"name\":\"Accueil\",\"item\":\"https:\/\/www.pressenza.com\/es\/\"},{\"@type\":\"ListItem\",\"position\":2,\"name\":\"Erdogan, el sult\u00e1n herido\"}]},{\"@type\":\"WebSite\",\"@id\":\"https:\/\/www.pressenza.com\/es\/#website\",\"url\":\"https:\/\/www.pressenza.com\/es\/\",\"name\":\"Pressenza\",\"description\":\"International Press Agency\",\"publisher\":{\"@id\":\"https:\/\/www.pressenza.com\/es\/#organization\"},\"potentialAction\":[{\"@type\":\"SearchAction\",\"target\":{\"@type\":\"EntryPoint\",\"urlTemplate\":\"https:\/\/www.pressenza.com\/es\/?s={search_term_string}\"},\"query-input\":{\"@type\":\"PropertyValueSpecification\",\"valueRequired\":true,\"valueName\":\"search_term_string\"}}],\"inLanguage\":\"es\"},{\"@type\":\"Organization\",\"@id\":\"https:\/\/www.pressenza.com\/es\/#organization\",\"name\":\"Pressenza\",\"url\":\"https:\/\/www.pressenza.com\/es\/\",\"logo\":{\"@type\":\"ImageObject\",\"inLanguage\":\"es\",\"@id\":\"https:\/\/www.pressenza.com\/es\/#\/schema\/logo\/image\/\",\"url\":\"https:\/\/www.pressenza.com\/wp-content\/uploads\/2022\/10\/pressenza_logo_200x200.jpg\",\"contentUrl\":\"https:\/\/www.pressenza.com\/wp-content\/uploads\/2022\/10\/pressenza_logo_200x200.jpg\",\"width\":200,\"height\":200,\"caption\":\"Pressenza\"},\"image\":{\"@id\":\"https:\/\/www.pressenza.com\/es\/#\/schema\/logo\/image\/\"},\"sameAs\":[\"https:\/\/www.facebook.com\/PressenzaItalia\",\"https:\/\/x.com\/PressenzaIPA\"]},{\"@type\":\"Person\",\"@id\":\"https:\/\/www.pressenza.com\/es\/#\/schema\/person\/e86c29a41185b85084a478822f5de81b\",\"name\":\"Redacci\u00f3n Per\u00fa\",\"description\":\"News published by the Pressenza bureau in Peru\",\"url\":\"https:\/\/www.pressenza.com\/es\/author\/redaccion-peru\/\"}]}<\/script>\n<!-- \/ Yoast SEO plugin. -->","yoast_head_json":{"title":"Erdogan, el sult\u00e1n herido","description":"Por Federico Larsen. Turqu\u00eda sufri\u00f3 un brutal atentado justo cuando comenzaba a hacer caminar su proyecto de consolidaci\u00f3n como potencia de frontera entre","robots":{"index":"index","follow":"follow","max-snippet":"max-snippet:-1","max-image-preview":"max-image-preview:large","max-video-preview":"max-video-preview:-1"},"canonical":"https:\/\/www.pressenza.com\/es\/2016\/07\/erdogan-sultan-herido\/","og_locale":"es_ES","og_type":"article","og_title":"Erdogan, el sult\u00e1n herido","og_description":"Por Federico Larsen. Turqu\u00eda sufri\u00f3 un brutal atentado justo cuando comenzaba a hacer caminar su proyecto de consolidaci\u00f3n como potencia de frontera entre","og_url":"https:\/\/www.pressenza.com\/es\/2016\/07\/erdogan-sultan-herido\/","og_site_name":"Pressenza","article_publisher":"https:\/\/www.facebook.com\/PressenzaItalia","article_published_time":"2016-07-02T22:16:09+00:00","og_image":[{"width":800,"height":430,"url":"https:\/\/www.pressenza.com\/wp-content\/uploads\/2016\/07\/notas.jpg","type":"image\/jpeg"}],"author":"Redacci\u00f3n Per\u00fa","twitter_card":"summary_large_image","twitter_creator":"@PressenzaIPA","twitter_site":"@PressenzaIPA","twitter_misc":{"Escrito por":"Redacci\u00f3n Per\u00fa","Tiempo de lectura":"6 minutos"},"schema":{"@context":"https:\/\/schema.org","@graph":[{"@type":"Article","@id":"https:\/\/www.pressenza.com\/es\/2016\/07\/erdogan-sultan-herido\/#article","isPartOf":{"@id":"https:\/\/www.pressenza.com\/es\/2016\/07\/erdogan-sultan-herido\/"},"author":{"name":"Redacci\u00f3n Per\u00fa","@id":"https:\/\/www.pressenza.com\/es\/#\/schema\/person\/e86c29a41185b85084a478822f5de81b"},"headline":"Erdogan, el sult\u00e1n herido","datePublished":"2016-07-02T22:16:09+00:00","mainEntityOfPage":{"@id":"https:\/\/www.pressenza.com\/es\/2016\/07\/erdogan-sultan-herido\/"},"wordCount":1154,"publisher":{"@id":"https:\/\/www.pressenza.com\/es\/#organization"},"image":{"@id":"https:\/\/www.pressenza.com\/es\/2016\/07\/erdogan-sultan-herido\/#primaryimage"},"thumbnailUrl":"https:\/\/www.pressenza.com\/wp-content\/uploads\/2016\/07\/notas.jpg","keywords":["Estado Isl\u00e1mico","kurdos","Recep Tayyip Erdogan","Siria","Turqu\u00eda","Uni\u00f3n Europea"],"articleSection":["Europa","Opiniones","Pol\u00edtica"],"inLanguage":"es"},{"@type":"WebPage","@id":"https:\/\/www.pressenza.com\/es\/2016\/07\/erdogan-sultan-herido\/","url":"https:\/\/www.pressenza.com\/es\/2016\/07\/erdogan-sultan-herido\/","name":"Erdogan, el sult\u00e1n herido","isPartOf":{"@id":"https:\/\/www.pressenza.com\/es\/#website"},"primaryImageOfPage":{"@id":"https:\/\/www.pressenza.com\/es\/2016\/07\/erdogan-sultan-herido\/#primaryimage"},"image":{"@id":"https:\/\/www.pressenza.com\/es\/2016\/07\/erdogan-sultan-herido\/#primaryimage"},"thumbnailUrl":"https:\/\/www.pressenza.com\/wp-content\/uploads\/2016\/07\/notas.jpg","datePublished":"2016-07-02T22:16:09+00:00","description":"Por Federico Larsen. Turqu\u00eda sufri\u00f3 un brutal atentado justo cuando comenzaba a hacer caminar su proyecto de consolidaci\u00f3n como potencia de frontera entre","breadcrumb":{"@id":"https:\/\/www.pressenza.com\/es\/2016\/07\/erdogan-sultan-herido\/#breadcrumb"},"inLanguage":"es","potentialAction":[{"@type":"ReadAction","target":["https:\/\/www.pressenza.com\/es\/2016\/07\/erdogan-sultan-herido\/"]}]},{"@type":"ImageObject","inLanguage":"es","@id":"https:\/\/www.pressenza.com\/es\/2016\/07\/erdogan-sultan-herido\/#primaryimage","url":"https:\/\/www.pressenza.com\/wp-content\/uploads\/2016\/07\/notas.jpg","contentUrl":"https:\/\/www.pressenza.com\/wp-content\/uploads\/2016\/07\/notas.jpg","width":800,"height":430},{"@type":"BreadcrumbList","@id":"https:\/\/www.pressenza.com\/es\/2016\/07\/erdogan-sultan-herido\/#breadcrumb","itemListElement":[{"@type":"ListItem","position":1,"name":"Accueil","item":"https:\/\/www.pressenza.com\/es\/"},{"@type":"ListItem","position":2,"name":"Erdogan, el sult\u00e1n herido"}]},{"@type":"WebSite","@id":"https:\/\/www.pressenza.com\/es\/#website","url":"https:\/\/www.pressenza.com\/es\/","name":"Pressenza","description":"International Press Agency","publisher":{"@id":"https:\/\/www.pressenza.com\/es\/#organization"},"potentialAction":[{"@type":"SearchAction","target":{"@type":"EntryPoint","urlTemplate":"https:\/\/www.pressenza.com\/es\/?s={search_term_string}"},"query-input":{"@type":"PropertyValueSpecification","valueRequired":true,"valueName":"search_term_string"}}],"inLanguage":"es"},{"@type":"Organization","@id":"https:\/\/www.pressenza.com\/es\/#organization","name":"Pressenza","url":"https:\/\/www.pressenza.com\/es\/","logo":{"@type":"ImageObject","inLanguage":"es","@id":"https:\/\/www.pressenza.com\/es\/#\/schema\/logo\/image\/","url":"https:\/\/www.pressenza.com\/wp-content\/uploads\/2022\/10\/pressenza_logo_200x200.jpg","contentUrl":"https:\/\/www.pressenza.com\/wp-content\/uploads\/2022\/10\/pressenza_logo_200x200.jpg","width":200,"height":200,"caption":"Pressenza"},"image":{"@id":"https:\/\/www.pressenza.com\/es\/#\/schema\/logo\/image\/"},"sameAs":["https:\/\/www.facebook.com\/PressenzaItalia","https:\/\/x.com\/PressenzaIPA"]},{"@type":"Person","@id":"https:\/\/www.pressenza.com\/es\/#\/schema\/person\/e86c29a41185b85084a478822f5de81b","name":"Redacci\u00f3n Per\u00fa","description":"News published by the Pressenza bureau in Peru","url":"https:\/\/www.pressenza.com\/es\/author\/redaccion-peru\/"}]}},"place":"Buenos Aires, Argentina","original_article_url":"http:\/\/notas.org.ar\/2016\/06\/29\/erdogan-turquia-sultan-herido\/","_links":{"self":[{"href":"https:\/\/www.pressenza.com\/es\/wp-json\/wp\/v2\/posts\/336013","targetHints":{"allow":["GET"]}}],"collection":[{"href":"https:\/\/www.pressenza.com\/es\/wp-json\/wp\/v2\/posts"}],"about":[{"href":"https:\/\/www.pressenza.com\/es\/wp-json\/wp\/v2\/types\/post"}],"author":[{"embeddable":true,"href":"https:\/\/www.pressenza.com\/es\/wp-json\/wp\/v2\/users\/831"}],"replies":[{"embeddable":true,"href":"https:\/\/www.pressenza.com\/es\/wp-json\/wp\/v2\/comments?post=336013"}],"version-history":[{"count":0,"href":"https:\/\/www.pressenza.com\/es\/wp-json\/wp\/v2\/posts\/336013\/revisions"}],"wp:featuredmedia":[{"embeddable":true,"href":"https:\/\/www.pressenza.com\/es\/wp-json\/wp\/v2\/media\/336014"}],"wp:attachment":[{"href":"https:\/\/www.pressenza.com\/es\/wp-json\/wp\/v2\/media?parent=336013"}],"wp:term":[{"taxonomy":"category","embeddable":true,"href":"https:\/\/www.pressenza.com\/es\/wp-json\/wp\/v2\/categories?post=336013"},{"taxonomy":"post_tag","embeddable":true,"href":"https:\/\/www.pressenza.com\/es\/wp-json\/wp\/v2\/tags?post=336013"}],"curies":[{"name":"wp","href":"https:\/\/api.w.org\/{rel}","templated":true}]}}