{"id":335237,"date":"2016-06-30T13:31:48","date_gmt":"2016-06-30T12:31:48","guid":{"rendered":"http:\/\/www.pressenza.com\/es\/?p=335237"},"modified":"2016-06-30T15:00:44","modified_gmt":"2016-06-30T14:00:44","slug":"carta-al-presidente-italiano-para-la-liberacion-de-milagro-sala","status":"publish","type":"post","link":"https:\/\/www.pressenza.com\/es\/2016\/06\/carta-al-presidente-italiano-para-la-liberacion-de-milagro-sala\/","title":{"rendered":"Carta al Presidente italiano para la liberaci\u00f3n de Milagro Sala"},"content":{"rendered":"<div>\n<div>El Comit\u00e9 por la Liberacion de Milagro Sala en Italia envi\u00f3 ayer una carta al Presidente de la Rep\u00fablica italiana, Sergio Mattarella, quien el 7 de Julio visitar\u00e1 Argentina. La carta fue firmada por destacadas personalidades italianans de la cultura, pol\u00edtica, periodismo y asociaciones.<\/div>\n<p>A continuaci\u00f3n publicamos el texto \u00edntegro de la carta.<\/p>\n<p>&#8212;&#8212;&#8212;<\/p>\n<div dir=\"ltr\">\n<p>Estimado Presidente:<\/p>\n<p>El 7 de julio usted visitar\u00e1 Argentina con motivo de la celebraci\u00f3n de los 200 a\u00f1os de la independencia del pa\u00eds.<\/p>\n<p>I<span lang=\"es\">talia y Argentina est\u00e1n hist\u00f3ricamente unidas por un fuerte v\u00ednculo; m\u00e1s de la mitad de la poblaci\u00f3n de Argentina es de origen italiano.<\/span><\/p>\n<p><span lang=\"es\">Nos dirigimos a usted en vista de la grave crisis que vive el pa\u00eds.<\/span><\/p>\n<p><span lang=\"es\">Desde que asumi\u00f3 el nuevo gobierno, encabezado por el presidente Macri, Argentina enfrenta un dr\u00e1stico giro neoliberal.<br \/>\n<\/span><\/p>\n<p><span lang=\"es\">Los efectos de estas pol\u00edticas han sido repentinos y dram\u00e1ticos, por un lado provocando un fuerte aumento de la pobreza y la desocupaci\u00f3n, y <\/span><span lang=\"es\">por otro lado, una intensa espiral inflacionaria ha producido un aumento sin control de los precios de los servicios b\u00e1sicos.<\/span><\/p>\n<p>El nuevo gobierno, adem\u00e1s,\u00a0 viene haciendo una profunda revisi\u00f3n de la pol\u00edtica de derechos humanos, que en los \u00faltimos a\u00f1os hab\u00eda permitido que en Argentina se reanudaran\u00a0los juicios a aquellos que durante la \u00faltima dictadura militar hab\u00edan cometido\u00a0cr\u00edmenes de lesa humanidad.<\/p>\n<p>Por \u00faltimo, las pol\u00edticas neoliberales han sido acompa\u00f1adas con represi\u00f3n y autoritarismo.<\/p>\n<p>Un ejemplo de esto \u00faltimo es la situaci\u00f3n de Milagro Sala, diputada en el Parlasur, l\u00edder social y dirigente de la organizaci\u00f3n Tupac Amaru, detenida el 16 de enero tras una serie de protestas por parte de las organizaciones sociales en la Provincia de Jujuy.<\/p>\n<p>La detenci\u00f3n de Milagro Sala es totalmente arbitraria y una clara violacion de los derechos constitucionales, resultado de una decisi\u00f3n pol\u00edtica del gobernador Gerardo Morales, aliado de la coalici\u00f3n conservadora de Maurcio Macri.<\/p>\n<p>A favor de la inmediata libertad de Milagro Sala se han expresado las principales organizaciones de derechos humanos que garantizan las libertades individuales, como Amnesty International. Tambi\u00e9n en Italia se ha constituido recientemente el Comitato per la Liberazione di Milagro Sala, del que forman parte organizaciones, partidos, asociaciones y ciudadanos.<\/p>\n<p>Por lo tanto, le pedimos que interceda ante el presidente Mauricio Macri, pidiendo la liberaci\u00f3n de Milagro Sala y sus compa\u00f1eros, y hacerle recordar que la comunidad internacional sigue con atenci\u00f3n este caso, que es un ejemplo inaceptable de autoritarismo y de pr\u00e1ctica ilegal.<\/p>\n<p>Milagro Sala deber\u00eda poder defenderse como mujer libre, como sucede en todos los grandes pa\u00edses.<\/p>\n<p>La liberaci\u00f3n de Milagro Sala es el \u00fanico acto que puede transformar una \u00abdetenci\u00f3n por motivos pol\u00edticos\u00bb en un juicio justo, como sucede en todas las naciones democr\u00e1ticas.<\/p>\n<\/div>\n<p>Con sincero respeto.<\/p>\n<\/div>\n<p>Mas info: <a href=\"http:\/\/comitatoliberazionemilagrosala.wordpress.com\" target=\"_blank\" data-saferedirecturl=\"https:\/\/www.google.com\/url?hl=it&amp;q=http:\/\/comitatoliberazionemilagrosala.wordpress.com&amp;source=gmail&amp;ust=1467375640206000&amp;usg=AFQjCNHt-JX7CQFZwRSQz9SSWglZeQioYQ\">comitatoliberazionemilagrosala<wbr \/>.wordpress.com<\/a><\/p>\n","protected":false},"excerpt":{"rendered":"<p>El Comit\u00e9 por la Liberacion de Milagro Sala en Italia envi\u00f3 ayer una carta al Presidente de la Rep\u00fablica italiana, Sergio Mattarella, quien el 7 de Julio visitar\u00e1 Argentina. La carta fue firmada por destacadas personalidades italianans de la cultura,&hellip;<\/p>\n","protected":false},"author":594,"featured_media":160564,"comment_status":"closed","ping_status":"closed","sticky":false,"template":"","format":"standard","meta":{"footnotes":""},"categories":[149,79,66,67],"tags":[27691,3672,4862,1266,15776,1096],"class_list":["post-335237","post","type-post","status-publish","format-standard","has-post-thumbnail","hentry","category-comunicados-de-prensa","category-derechos-humanos","category-europa-es","category-sudamerica","tag-liberenamilagro","tag-italia-es","tag-mauricio-macri","tag-milagro-sala","tag-sergio-mattarella-es","tag-tupac-amaru"],"yoast_head":"<!-- This site is optimized with the Yoast SEO plugin v27.1.1 - https:\/\/yoast.com\/product\/yoast-seo-wordpress\/ -->\n<title>Carta al Presidente italiano para la liberaci\u00f3n de Milagro Sala<\/title>\n<meta name=\"description\" content=\"El Comit\u00e9 por la Liberacion de Milagro Sala en Italia envi\u00f3 ayer una carta al Presidente de la Rep\u00fablica italiana, Sergio Mattarella, quien el 7 de Julio\" \/>\n<meta name=\"robots\" content=\"index, follow, max-snippet:-1, max-image-preview:large, max-video-preview:-1\" \/>\n<link rel=\"canonical\" href=\"https:\/\/www.pressenza.com\/es\/2016\/06\/carta-al-presidente-italiano-para-la-liberacion-de-milagro-sala\/\" \/>\n<meta property=\"og:locale\" content=\"es_ES\" \/>\n<meta property=\"og:type\" content=\"article\" \/>\n<meta property=\"og:title\" content=\"Carta al Presidente italiano para la liberaci\u00f3n de Milagro Sala\" \/>\n<meta property=\"og:description\" content=\"El Comit\u00e9 por la Liberacion de Milagro Sala en Italia envi\u00f3 ayer una carta al Presidente de la Rep\u00fablica italiana, Sergio Mattarella, quien el 7 de Julio\" \/>\n<meta property=\"og:url\" content=\"https:\/\/www.pressenza.com\/es\/2016\/06\/carta-al-presidente-italiano-para-la-liberacion-de-milagro-sala\/\" \/>\n<meta property=\"og:site_name\" content=\"Pressenza\" \/>\n<meta property=\"article:publisher\" content=\"https:\/\/www.facebook.com\/PressenzaItalia\" \/>\n<meta property=\"article:author\" content=\"https:\/\/www.facebook.com\/PressenzaItalia\" \/>\n<meta property=\"article:published_time\" content=\"2016-06-30T12:31:48+00:00\" \/>\n<meta property=\"article:modified_time\" content=\"2016-06-30T14:00:44+00:00\" \/>\n<meta property=\"og:image\" content=\"https:\/\/www.pressenza.com\/wp-content\/uploads\/2015\/02\/mattarella1.jpg\" \/>\n\t<meta property=\"og:image:width\" content=\"550\" \/>\n\t<meta property=\"og:image:height\" content=\"350\" \/>\n\t<meta property=\"og:image:type\" content=\"image\/jpeg\" \/>\n<meta name=\"author\" content=\"Redazione Italia\" \/>\n<meta name=\"twitter:card\" content=\"summary_large_image\" \/>\n<meta name=\"twitter:creator\" content=\"@pressenza_it\" \/>\n<meta name=\"twitter:site\" content=\"@PressenzaIPA\" \/>\n<meta name=\"twitter:label1\" content=\"Escrito por\" \/>\n\t<meta name=\"twitter:data1\" content=\"Redazione Italia\" \/>\n\t<meta name=\"twitter:label2\" content=\"Tiempo de lectura\" \/>\n\t<meta name=\"twitter:data2\" content=\"2 minutos\" \/>\n<script type=\"application\/ld+json\" class=\"yoast-schema-graph\">{\"@context\":\"https:\/\/schema.org\",\"@graph\":[{\"@type\":\"Article\",\"@id\":\"https:\/\/www.pressenza.com\/es\/2016\/06\/carta-al-presidente-italiano-para-la-liberacion-de-milagro-sala\/#article\",\"isPartOf\":{\"@id\":\"https:\/\/www.pressenza.com\/es\/2016\/06\/carta-al-presidente-italiano-para-la-liberacion-de-milagro-sala\/\"},\"author\":{\"name\":\"Redazione Italia\",\"@id\":\"https:\/\/www.pressenza.com\/es\/#\/schema\/person\/d983e81827ae24f2c7b1a2123d197f8d\"},\"headline\":\"Carta al Presidente italiano para la liberaci\u00f3n de Milagro Sala\",\"datePublished\":\"2016-06-30T12:31:48+00:00\",\"dateModified\":\"2016-06-30T14:00:44+00:00\",\"mainEntityOfPage\":{\"@id\":\"https:\/\/www.pressenza.com\/es\/2016\/06\/carta-al-presidente-italiano-para-la-liberacion-de-milagro-sala\/\"},\"wordCount\":505,\"publisher\":{\"@id\":\"https:\/\/www.pressenza.com\/es\/#organization\"},\"image\":{\"@id\":\"https:\/\/www.pressenza.com\/es\/2016\/06\/carta-al-presidente-italiano-para-la-liberacion-de-milagro-sala\/#primaryimage\"},\"thumbnailUrl\":\"https:\/\/www.pressenza.com\/wp-content\/uploads\/2015\/02\/mattarella1.jpg\",\"keywords\":[\"#LiberenAMIlagro\",\"Italia\",\"Mauricio Macri\",\"Milagro Sala\",\"Sergio Mattarella\",\"Tupac Amaru\"],\"articleSection\":[\"Comunicados de Prensa\",\"Derechos Humanos\",\"Europa\",\"Sudam\u00e9rica\"],\"inLanguage\":\"es\"},{\"@type\":\"WebPage\",\"@id\":\"https:\/\/www.pressenza.com\/es\/2016\/06\/carta-al-presidente-italiano-para-la-liberacion-de-milagro-sala\/\",\"url\":\"https:\/\/www.pressenza.com\/es\/2016\/06\/carta-al-presidente-italiano-para-la-liberacion-de-milagro-sala\/\",\"name\":\"Carta al Presidente italiano para la liberaci\u00f3n de Milagro Sala\",\"isPartOf\":{\"@id\":\"https:\/\/www.pressenza.com\/es\/#website\"},\"primaryImageOfPage\":{\"@id\":\"https:\/\/www.pressenza.com\/es\/2016\/06\/carta-al-presidente-italiano-para-la-liberacion-de-milagro-sala\/#primaryimage\"},\"image\":{\"@id\":\"https:\/\/www.pressenza.com\/es\/2016\/06\/carta-al-presidente-italiano-para-la-liberacion-de-milagro-sala\/#primaryimage\"},\"thumbnailUrl\":\"https:\/\/www.pressenza.com\/wp-content\/uploads\/2015\/02\/mattarella1.jpg\",\"datePublished\":\"2016-06-30T12:31:48+00:00\",\"dateModified\":\"2016-06-30T14:00:44+00:00\",\"description\":\"El Comit\u00e9 por la Liberacion de Milagro Sala en Italia envi\u00f3 ayer una carta al Presidente de la Rep\u00fablica italiana, Sergio Mattarella, quien el 7 de Julio\",\"breadcrumb\":{\"@id\":\"https:\/\/www.pressenza.com\/es\/2016\/06\/carta-al-presidente-italiano-para-la-liberacion-de-milagro-sala\/#breadcrumb\"},\"inLanguage\":\"es\",\"potentialAction\":[{\"@type\":\"ReadAction\",\"target\":[\"https:\/\/www.pressenza.com\/es\/2016\/06\/carta-al-presidente-italiano-para-la-liberacion-de-milagro-sala\/\"]}]},{\"@type\":\"ImageObject\",\"inLanguage\":\"es\",\"@id\":\"https:\/\/www.pressenza.com\/es\/2016\/06\/carta-al-presidente-italiano-para-la-liberacion-de-milagro-sala\/#primaryimage\",\"url\":\"https:\/\/www.pressenza.com\/wp-content\/uploads\/2015\/02\/mattarella1.jpg\",\"contentUrl\":\"https:\/\/www.pressenza.com\/wp-content\/uploads\/2015\/02\/mattarella1.jpg\",\"width\":550,\"height\":350},{\"@type\":\"BreadcrumbList\",\"@id\":\"https:\/\/www.pressenza.com\/es\/2016\/06\/carta-al-presidente-italiano-para-la-liberacion-de-milagro-sala\/#breadcrumb\",\"itemListElement\":[{\"@type\":\"ListItem\",\"position\":1,\"name\":\"Accueil\",\"item\":\"https:\/\/www.pressenza.com\/es\/\"},{\"@type\":\"ListItem\",\"position\":2,\"name\":\"Carta al Presidente italiano para la liberaci\u00f3n de Milagro Sala\"}]},{\"@type\":\"WebSite\",\"@id\":\"https:\/\/www.pressenza.com\/es\/#website\",\"url\":\"https:\/\/www.pressenza.com\/es\/\",\"name\":\"Pressenza\",\"description\":\"International Press Agency\",\"publisher\":{\"@id\":\"https:\/\/www.pressenza.com\/es\/#organization\"},\"potentialAction\":[{\"@type\":\"SearchAction\",\"target\":{\"@type\":\"EntryPoint\",\"urlTemplate\":\"https:\/\/www.pressenza.com\/es\/?s={search_term_string}\"},\"query-input\":{\"@type\":\"PropertyValueSpecification\",\"valueRequired\":true,\"valueName\":\"search_term_string\"}}],\"inLanguage\":\"es\"},{\"@type\":\"Organization\",\"@id\":\"https:\/\/www.pressenza.com\/es\/#organization\",\"name\":\"Pressenza\",\"url\":\"https:\/\/www.pressenza.com\/es\/\",\"logo\":{\"@type\":\"ImageObject\",\"inLanguage\":\"es\",\"@id\":\"https:\/\/www.pressenza.com\/es\/#\/schema\/logo\/image\/\",\"url\":\"https:\/\/www.pressenza.com\/wp-content\/uploads\/2022\/10\/pressenza_logo_200x200.jpg\",\"contentUrl\":\"https:\/\/www.pressenza.com\/wp-content\/uploads\/2022\/10\/pressenza_logo_200x200.jpg\",\"width\":200,\"height\":200,\"caption\":\"Pressenza\"},\"image\":{\"@id\":\"https:\/\/www.pressenza.com\/es\/#\/schema\/logo\/image\/\"},\"sameAs\":[\"https:\/\/www.facebook.com\/PressenzaItalia\",\"https:\/\/x.com\/PressenzaIPA\"]},{\"@type\":\"Person\",\"@id\":\"https:\/\/www.pressenza.com\/es\/#\/schema\/person\/d983e81827ae24f2c7b1a2123d197f8d\",\"name\":\"Redazione Italia\",\"description\":\"News from the Pressenza Bureau in Italy\",\"sameAs\":[\"https:\/\/www.pressenza.com\/it\/author\/redazione-italia\/\",\"https:\/\/www.facebook.com\/PressenzaItalia\",\"https:\/\/www.instagram.com\/pressenza_italia\/\",\"https:\/\/x.com\/pressenza_it\",\"https:\/\/www.youtube.com\/channel\/UCSalEIWjE1RSxkwjfftFuqg\"],\"url\":\"https:\/\/www.pressenza.com\/es\/author\/redazione-italia\/\"}]}<\/script>\n<!-- \/ Yoast SEO plugin. -->","yoast_head_json":{"title":"Carta al Presidente italiano para la liberaci\u00f3n de Milagro Sala","description":"El Comit\u00e9 por la Liberacion de Milagro Sala en Italia envi\u00f3 ayer una carta al Presidente de la Rep\u00fablica italiana, Sergio Mattarella, quien el 7 de Julio","robots":{"index":"index","follow":"follow","max-snippet":"max-snippet:-1","max-image-preview":"max-image-preview:large","max-video-preview":"max-video-preview:-1"},"canonical":"https:\/\/www.pressenza.com\/es\/2016\/06\/carta-al-presidente-italiano-para-la-liberacion-de-milagro-sala\/","og_locale":"es_ES","og_type":"article","og_title":"Carta al Presidente italiano para la liberaci\u00f3n de Milagro Sala","og_description":"El Comit\u00e9 por la Liberacion de Milagro Sala en Italia envi\u00f3 ayer una carta al Presidente de la Rep\u00fablica italiana, Sergio Mattarella, quien el 7 de Julio","og_url":"https:\/\/www.pressenza.com\/es\/2016\/06\/carta-al-presidente-italiano-para-la-liberacion-de-milagro-sala\/","og_site_name":"Pressenza","article_publisher":"https:\/\/www.facebook.com\/PressenzaItalia","article_author":"https:\/\/www.facebook.com\/PressenzaItalia","article_published_time":"2016-06-30T12:31:48+00:00","article_modified_time":"2016-06-30T14:00:44+00:00","og_image":[{"width":550,"height":350,"url":"https:\/\/www.pressenza.com\/wp-content\/uploads\/2015\/02\/mattarella1.jpg","type":"image\/jpeg"}],"author":"Redazione Italia","twitter_card":"summary_large_image","twitter_creator":"@pressenza_it","twitter_site":"@PressenzaIPA","twitter_misc":{"Escrito por":"Redazione Italia","Tiempo de lectura":"2 minutos"},"schema":{"@context":"https:\/\/schema.org","@graph":[{"@type":"Article","@id":"https:\/\/www.pressenza.com\/es\/2016\/06\/carta-al-presidente-italiano-para-la-liberacion-de-milagro-sala\/#article","isPartOf":{"@id":"https:\/\/www.pressenza.com\/es\/2016\/06\/carta-al-presidente-italiano-para-la-liberacion-de-milagro-sala\/"},"author":{"name":"Redazione Italia","@id":"https:\/\/www.pressenza.com\/es\/#\/schema\/person\/d983e81827ae24f2c7b1a2123d197f8d"},"headline":"Carta al Presidente italiano para la liberaci\u00f3n de Milagro Sala","datePublished":"2016-06-30T12:31:48+00:00","dateModified":"2016-06-30T14:00:44+00:00","mainEntityOfPage":{"@id":"https:\/\/www.pressenza.com\/es\/2016\/06\/carta-al-presidente-italiano-para-la-liberacion-de-milagro-sala\/"},"wordCount":505,"publisher":{"@id":"https:\/\/www.pressenza.com\/es\/#organization"},"image":{"@id":"https:\/\/www.pressenza.com\/es\/2016\/06\/carta-al-presidente-italiano-para-la-liberacion-de-milagro-sala\/#primaryimage"},"thumbnailUrl":"https:\/\/www.pressenza.com\/wp-content\/uploads\/2015\/02\/mattarella1.jpg","keywords":["#LiberenAMIlagro","Italia","Mauricio Macri","Milagro Sala","Sergio Mattarella","Tupac Amaru"],"articleSection":["Comunicados de Prensa","Derechos Humanos","Europa","Sudam\u00e9rica"],"inLanguage":"es"},{"@type":"WebPage","@id":"https:\/\/www.pressenza.com\/es\/2016\/06\/carta-al-presidente-italiano-para-la-liberacion-de-milagro-sala\/","url":"https:\/\/www.pressenza.com\/es\/2016\/06\/carta-al-presidente-italiano-para-la-liberacion-de-milagro-sala\/","name":"Carta al Presidente italiano para la liberaci\u00f3n de Milagro Sala","isPartOf":{"@id":"https:\/\/www.pressenza.com\/es\/#website"},"primaryImageOfPage":{"@id":"https:\/\/www.pressenza.com\/es\/2016\/06\/carta-al-presidente-italiano-para-la-liberacion-de-milagro-sala\/#primaryimage"},"image":{"@id":"https:\/\/www.pressenza.com\/es\/2016\/06\/carta-al-presidente-italiano-para-la-liberacion-de-milagro-sala\/#primaryimage"},"thumbnailUrl":"https:\/\/www.pressenza.com\/wp-content\/uploads\/2015\/02\/mattarella1.jpg","datePublished":"2016-06-30T12:31:48+00:00","dateModified":"2016-06-30T14:00:44+00:00","description":"El Comit\u00e9 por la Liberacion de Milagro Sala en Italia envi\u00f3 ayer una carta al Presidente de la Rep\u00fablica italiana, Sergio Mattarella, quien el 7 de Julio","breadcrumb":{"@id":"https:\/\/www.pressenza.com\/es\/2016\/06\/carta-al-presidente-italiano-para-la-liberacion-de-milagro-sala\/#breadcrumb"},"inLanguage":"es","potentialAction":[{"@type":"ReadAction","target":["https:\/\/www.pressenza.com\/es\/2016\/06\/carta-al-presidente-italiano-para-la-liberacion-de-milagro-sala\/"]}]},{"@type":"ImageObject","inLanguage":"es","@id":"https:\/\/www.pressenza.com\/es\/2016\/06\/carta-al-presidente-italiano-para-la-liberacion-de-milagro-sala\/#primaryimage","url":"https:\/\/www.pressenza.com\/wp-content\/uploads\/2015\/02\/mattarella1.jpg","contentUrl":"https:\/\/www.pressenza.com\/wp-content\/uploads\/2015\/02\/mattarella1.jpg","width":550,"height":350},{"@type":"BreadcrumbList","@id":"https:\/\/www.pressenza.com\/es\/2016\/06\/carta-al-presidente-italiano-para-la-liberacion-de-milagro-sala\/#breadcrumb","itemListElement":[{"@type":"ListItem","position":1,"name":"Accueil","item":"https:\/\/www.pressenza.com\/es\/"},{"@type":"ListItem","position":2,"name":"Carta al Presidente italiano para la liberaci\u00f3n de Milagro Sala"}]},{"@type":"WebSite","@id":"https:\/\/www.pressenza.com\/es\/#website","url":"https:\/\/www.pressenza.com\/es\/","name":"Pressenza","description":"International Press Agency","publisher":{"@id":"https:\/\/www.pressenza.com\/es\/#organization"},"potentialAction":[{"@type":"SearchAction","target":{"@type":"EntryPoint","urlTemplate":"https:\/\/www.pressenza.com\/es\/?s={search_term_string}"},"query-input":{"@type":"PropertyValueSpecification","valueRequired":true,"valueName":"search_term_string"}}],"inLanguage":"es"},{"@type":"Organization","@id":"https:\/\/www.pressenza.com\/es\/#organization","name":"Pressenza","url":"https:\/\/www.pressenza.com\/es\/","logo":{"@type":"ImageObject","inLanguage":"es","@id":"https:\/\/www.pressenza.com\/es\/#\/schema\/logo\/image\/","url":"https:\/\/www.pressenza.com\/wp-content\/uploads\/2022\/10\/pressenza_logo_200x200.jpg","contentUrl":"https:\/\/www.pressenza.com\/wp-content\/uploads\/2022\/10\/pressenza_logo_200x200.jpg","width":200,"height":200,"caption":"Pressenza"},"image":{"@id":"https:\/\/www.pressenza.com\/es\/#\/schema\/logo\/image\/"},"sameAs":["https:\/\/www.facebook.com\/PressenzaItalia","https:\/\/x.com\/PressenzaIPA"]},{"@type":"Person","@id":"https:\/\/www.pressenza.com\/es\/#\/schema\/person\/d983e81827ae24f2c7b1a2123d197f8d","name":"Redazione Italia","description":"News from the Pressenza Bureau in Italy","sameAs":["https:\/\/www.pressenza.com\/it\/author\/redazione-italia\/","https:\/\/www.facebook.com\/PressenzaItalia","https:\/\/www.instagram.com\/pressenza_italia\/","https:\/\/x.com\/pressenza_it","https:\/\/www.youtube.com\/channel\/UCSalEIWjE1RSxkwjfftFuqg"],"url":"https:\/\/www.pressenza.com\/es\/author\/redazione-italia\/"}]}},"place":"Italia","original_article_url":"","_links":{"self":[{"href":"https:\/\/www.pressenza.com\/es\/wp-json\/wp\/v2\/posts\/335237","targetHints":{"allow":["GET"]}}],"collection":[{"href":"https:\/\/www.pressenza.com\/es\/wp-json\/wp\/v2\/posts"}],"about":[{"href":"https:\/\/www.pressenza.com\/es\/wp-json\/wp\/v2\/types\/post"}],"author":[{"embeddable":true,"href":"https:\/\/www.pressenza.com\/es\/wp-json\/wp\/v2\/users\/594"}],"replies":[{"embeddable":true,"href":"https:\/\/www.pressenza.com\/es\/wp-json\/wp\/v2\/comments?post=335237"}],"version-history":[{"count":0,"href":"https:\/\/www.pressenza.com\/es\/wp-json\/wp\/v2\/posts\/335237\/revisions"}],"wp:featuredmedia":[{"embeddable":true,"href":"https:\/\/www.pressenza.com\/es\/wp-json\/wp\/v2\/media\/160564"}],"wp:attachment":[{"href":"https:\/\/www.pressenza.com\/es\/wp-json\/wp\/v2\/media?parent=335237"}],"wp:term":[{"taxonomy":"category","embeddable":true,"href":"https:\/\/www.pressenza.com\/es\/wp-json\/wp\/v2\/categories?post=335237"},{"taxonomy":"post_tag","embeddable":true,"href":"https:\/\/www.pressenza.com\/es\/wp-json\/wp\/v2\/tags?post=335237"}],"curies":[{"name":"wp","href":"https:\/\/api.w.org\/{rel}","templated":true}]}}