{"id":335106,"date":"2016-06-30T02:12:51","date_gmt":"2016-06-30T01:12:51","guid":{"rendered":"http:\/\/www.pressenza.com\/es\/?p=335106"},"modified":"2016-07-01T00:33:25","modified_gmt":"2016-06-30T23:33:25","slug":"taller-comunicar-desde-no-violencia-activa-practicas-comunicativas-para-fortalecer-el-tejido-social","status":"publish","type":"post","link":"https:\/\/www.pressenza.com\/es\/2016\/06\/taller-comunicar-desde-no-violencia-activa-practicas-comunicativas-para-fortalecer-el-tejido-social\/","title":{"rendered":"Taller Comunicar desde la no violencia activa: Pr\u00e1cticas comunicativas para fortalecer el tejido social"},"content":{"rendered":"<p>Dentro de las diversas actividades que se desarrollan en el Foro Latinoamericano y Caribe\u00f1o de Comunicaci\u00f3n Popular y Comunitaria, en CIESPAL (Centro Internacional de Estudios Superiores de Comunicaci\u00f3n para Am\u00e9rica Latina), ayer martes 28 de junio se realiz\u00f3 el taller Comunicar desde la no violencia activa: Pr\u00e1cticas comunicativas para fortalecer el tejido social, dictado por Pressenza.<\/p>\n<p>Los participantes desarrollaron con entusiasmo las diversas actividades propuestas alrededor del esquema del Tejido Social:<\/p>\n<p><strong>El tejido social que so\u00f1amos, <\/strong>se destac\u00f3 el enfoque un\u00e1nime que tuvieron los asistentes, de trabajar por el bienestar del planeta y la manera de lograrlo es consiguiendo la paz a trav\u00e9s de la equidad, solidaridad, inclusi\u00f3n, el rescate del conocimiento ancestral y el enfoque en la parte emocional de los seres humanos.<\/p>\n<p><strong>El tejido social que tenemos, <\/strong>se toma conciencia de que vivimos en un mundo fr\u00e1gil que se mantiene con la fuerza de quienes lo sue\u00f1an mejor, quiere decir que vivimos un momento complejo en que los grupos sociales buscan entretejer los hilos que logran la igualdad de condiciones, mismas que se ven afectadas por las instituciones que aplican l\u00f3gicas de poder como el miedo y la inequidad, que derivan en violencia.<\/p>\n<p><strong>\u00bfCon qu\u00e9 relatos sostienen los medios de comunicaci\u00f3n, el tejido que tenemos?\u00a0 Un relato que <\/strong>naturaliza situaciones como el consumismo, la violencia de g\u00e9nero, abuso infantil, etc, como si fueran incuestionables.<\/p>\n<p>Detr\u00e1s de estos relatos se movilizan emociones que nos paralizan, que nos quitan posibilidades de transformaci\u00f3n. Los medios son altavoces de sectores poderosos.<\/p>\n<p><strong>\u00bfCu\u00e1l es la comunicaci\u00f3n y cu\u00e1les los relatos que necesitamos para sostener el tejido social que so\u00f1amos?\u00a0<\/strong><\/p>\n<p>Una comunicaci\u00f3n sostenida en nuestra condici\u00f3n de seres humanos, de sujetos de derechos. Que afirme identidades pero que promueva el di\u00e1logo. Una comunicaci\u00f3n que visibiliza las iniciativas transformadoras, los cambios en direcci\u00f3n hacia un mundo m\u00e1s humano. Una comunicaci\u00f3n, en suma, con enfoque de paz y no violencia.<\/p>\n","protected":false},"excerpt":{"rendered":"<p>Dentro de las diversas actividades que se desarrollan en el Foro Latinoamericano y Caribe\u00f1o de Comunicaci\u00f3n Popular y Comunitaria, en CIESPAL (Centro Internacional de Estudios Superiores de Comunicaci\u00f3n para Am\u00e9rica Latina), ayer martes 28 de junio se realiz\u00f3 el taller&hellip;<\/p>\n","protected":false},"author":1319,"featured_media":335474,"comment_status":"closed","ping_status":"closed","sticky":false,"template":"","format":"standard","meta":{"footnotes":""},"categories":[11389,75,1240,1242,67],"tags":[13966,26093,22482,28346,14640,523,383],"class_list":["post-335106","post","type-post","status-publish","format-standard","has-post-thumbnail","hentry","category-contenido-original","category-cultura-es","category-humanismo-espiritualidad","category-noviolencia-tema","category-sudamerica","tag-ciespal","tag-comunicacion-comunitaria","tag-comunicacion-popular","tag-foro-de-comunicacion-popular-y-comunitaria","tag-integracion-latinoamericana","tag-medios-de-comunicacion","tag-noviolencia"],"yoast_head":"<!-- This site is optimized with the Yoast SEO plugin v27.1.1 - https:\/\/yoast.com\/product\/yoast-seo-wordpress\/ -->\n<title>Taller Comunicar desde la no violencia activa: Pr\u00e1cticas comunicativas para fortalecer el tejido social<\/title>\n<meta name=\"description\" content=\"Dentro de las diversas actividades que se desarrollan en el Foro Latinoamericano y Caribe\u00f1o de Comunicaci\u00f3n Popular y Comunitaria, en CIESPAL (Centro\" \/>\n<meta name=\"robots\" content=\"index, follow, max-snippet:-1, max-image-preview:large, max-video-preview:-1\" \/>\n<link rel=\"canonical\" href=\"https:\/\/www.pressenza.com\/es\/2016\/06\/taller-comunicar-desde-no-violencia-activa-practicas-comunicativas-para-fortalecer-el-tejido-social\/\" \/>\n<meta property=\"og:locale\" content=\"es_ES\" \/>\n<meta property=\"og:type\" content=\"article\" \/>\n<meta property=\"og:title\" content=\"Taller Comunicar desde la no violencia activa: Pr\u00e1cticas comunicativas para fortalecer el tejido social\" \/>\n<meta property=\"og:description\" content=\"Dentro de las diversas actividades que se desarrollan en el Foro Latinoamericano y Caribe\u00f1o de Comunicaci\u00f3n Popular y Comunitaria, en CIESPAL (Centro\" \/>\n<meta property=\"og:url\" content=\"https:\/\/www.pressenza.com\/es\/2016\/06\/taller-comunicar-desde-no-violencia-activa-practicas-comunicativas-para-fortalecer-el-tejido-social\/\" \/>\n<meta property=\"og:site_name\" content=\"Pressenza\" \/>\n<meta property=\"article:publisher\" content=\"https:\/\/www.facebook.com\/PressenzaItalia\" \/>\n<meta property=\"article:published_time\" content=\"2016-06-30T01:12:51+00:00\" \/>\n<meta property=\"article:modified_time\" content=\"2016-06-30T23:33:25+00:00\" \/>\n<meta property=\"og:image\" content=\"https:\/\/www.pressenza.com\/wp-content\/uploads\/2016\/06\/DSC0149-720x478.jpg\" \/>\n\t<meta property=\"og:image:width\" content=\"720\" \/>\n\t<meta property=\"og:image:height\" content=\"478\" \/>\n\t<meta property=\"og:image:type\" content=\"image\/jpeg\" \/>\n<meta name=\"author\" content=\"Rossana A. Cede\u00f1o\" \/>\n<meta name=\"twitter:card\" content=\"summary_large_image\" \/>\n<meta name=\"twitter:creator\" content=\"@Rossan82\" \/>\n<meta name=\"twitter:site\" content=\"@PressenzaIPA\" \/>\n<meta name=\"twitter:label1\" content=\"Escrito por\" \/>\n\t<meta name=\"twitter:data1\" content=\"Rossana A. Cede\u00f1o\" \/>\n\t<meta name=\"twitter:label2\" content=\"Tiempo de lectura\" \/>\n\t<meta name=\"twitter:data2\" content=\"2 minutos\" \/>\n<script type=\"application\/ld+json\" class=\"yoast-schema-graph\">{\"@context\":\"https:\/\/schema.org\",\"@graph\":[{\"@type\":\"Article\",\"@id\":\"https:\/\/www.pressenza.com\/es\/2016\/06\/taller-comunicar-desde-no-violencia-activa-practicas-comunicativas-para-fortalecer-el-tejido-social\/#article\",\"isPartOf\":{\"@id\":\"https:\/\/www.pressenza.com\/es\/2016\/06\/taller-comunicar-desde-no-violencia-activa-practicas-comunicativas-para-fortalecer-el-tejido-social\/\"},\"author\":{\"name\":\"Rossana A. Cede\u00f1o\",\"@id\":\"https:\/\/www.pressenza.com\/es\/#\/schema\/person\/31cae0e550f3778fecef9502073e2e88\"},\"headline\":\"Taller Comunicar desde la no violencia activa: Pr\u00e1cticas comunicativas para fortalecer el tejido social\",\"datePublished\":\"2016-06-30T01:12:51+00:00\",\"dateModified\":\"2016-06-30T23:33:25+00:00\",\"mainEntityOfPage\":{\"@id\":\"https:\/\/www.pressenza.com\/es\/2016\/06\/taller-comunicar-desde-no-violencia-activa-practicas-comunicativas-para-fortalecer-el-tejido-social\/\"},\"wordCount\":355,\"publisher\":{\"@id\":\"https:\/\/www.pressenza.com\/es\/#organization\"},\"image\":{\"@id\":\"https:\/\/www.pressenza.com\/es\/2016\/06\/taller-comunicar-desde-no-violencia-activa-practicas-comunicativas-para-fortalecer-el-tejido-social\/#primaryimage\"},\"thumbnailUrl\":\"https:\/\/www.pressenza.com\/wp-content\/uploads\/2016\/06\/DSC0149.jpg\",\"keywords\":[\"CIESPAL\",\"comunicaci\u00f3n comunitaria\",\"comunicaci\u00f3n popular\",\"Foro de Comunicaci\u00f3n Popular y Comunitaria\",\"Integraci\u00f3n latinoamericana\",\"medios de comunicaci\u00f3n\",\"Noviolencia\"],\"articleSection\":[\"Contenido Original\",\"Cultura y Medios\",\"Humanismo y Espiritualidad\",\"Noviolencia\",\"Sudam\u00e9rica\"],\"inLanguage\":\"es\"},{\"@type\":\"WebPage\",\"@id\":\"https:\/\/www.pressenza.com\/es\/2016\/06\/taller-comunicar-desde-no-violencia-activa-practicas-comunicativas-para-fortalecer-el-tejido-social\/\",\"url\":\"https:\/\/www.pressenza.com\/es\/2016\/06\/taller-comunicar-desde-no-violencia-activa-practicas-comunicativas-para-fortalecer-el-tejido-social\/\",\"name\":\"Taller Comunicar desde la no violencia activa: Pr\u00e1cticas comunicativas para fortalecer el tejido social\",\"isPartOf\":{\"@id\":\"https:\/\/www.pressenza.com\/es\/#website\"},\"primaryImageOfPage\":{\"@id\":\"https:\/\/www.pressenza.com\/es\/2016\/06\/taller-comunicar-desde-no-violencia-activa-practicas-comunicativas-para-fortalecer-el-tejido-social\/#primaryimage\"},\"image\":{\"@id\":\"https:\/\/www.pressenza.com\/es\/2016\/06\/taller-comunicar-desde-no-violencia-activa-practicas-comunicativas-para-fortalecer-el-tejido-social\/#primaryimage\"},\"thumbnailUrl\":\"https:\/\/www.pressenza.com\/wp-content\/uploads\/2016\/06\/DSC0149.jpg\",\"datePublished\":\"2016-06-30T01:12:51+00:00\",\"dateModified\":\"2016-06-30T23:33:25+00:00\",\"description\":\"Dentro de las diversas actividades que se desarrollan en el Foro Latinoamericano y Caribe\u00f1o de Comunicaci\u00f3n Popular y Comunitaria, en CIESPAL (Centro\",\"breadcrumb\":{\"@id\":\"https:\/\/www.pressenza.com\/es\/2016\/06\/taller-comunicar-desde-no-violencia-activa-practicas-comunicativas-para-fortalecer-el-tejido-social\/#breadcrumb\"},\"inLanguage\":\"es\",\"potentialAction\":[{\"@type\":\"ReadAction\",\"target\":[\"https:\/\/www.pressenza.com\/es\/2016\/06\/taller-comunicar-desde-no-violencia-activa-practicas-comunicativas-para-fortalecer-el-tejido-social\/\"]}]},{\"@type\":\"ImageObject\",\"inLanguage\":\"es\",\"@id\":\"https:\/\/www.pressenza.com\/es\/2016\/06\/taller-comunicar-desde-no-violencia-activa-practicas-comunicativas-para-fortalecer-el-tejido-social\/#primaryimage\",\"url\":\"https:\/\/www.pressenza.com\/wp-content\/uploads\/2016\/06\/DSC0149.jpg\",\"contentUrl\":\"https:\/\/www.pressenza.com\/wp-content\/uploads\/2016\/06\/DSC0149.jpg\",\"width\":3216,\"height\":2136},{\"@type\":\"BreadcrumbList\",\"@id\":\"https:\/\/www.pressenza.com\/es\/2016\/06\/taller-comunicar-desde-no-violencia-activa-practicas-comunicativas-para-fortalecer-el-tejido-social\/#breadcrumb\",\"itemListElement\":[{\"@type\":\"ListItem\",\"position\":1,\"name\":\"Accueil\",\"item\":\"https:\/\/www.pressenza.com\/es\/\"},{\"@type\":\"ListItem\",\"position\":2,\"name\":\"Taller Comunicar desde la no violencia activa: Pr\u00e1cticas comunicativas para fortalecer el tejido social\"}]},{\"@type\":\"WebSite\",\"@id\":\"https:\/\/www.pressenza.com\/es\/#website\",\"url\":\"https:\/\/www.pressenza.com\/es\/\",\"name\":\"Pressenza\",\"description\":\"International Press Agency\",\"publisher\":{\"@id\":\"https:\/\/www.pressenza.com\/es\/#organization\"},\"potentialAction\":[{\"@type\":\"SearchAction\",\"target\":{\"@type\":\"EntryPoint\",\"urlTemplate\":\"https:\/\/www.pressenza.com\/es\/?s={search_term_string}\"},\"query-input\":{\"@type\":\"PropertyValueSpecification\",\"valueRequired\":true,\"valueName\":\"search_term_string\"}}],\"inLanguage\":\"es\"},{\"@type\":\"Organization\",\"@id\":\"https:\/\/www.pressenza.com\/es\/#organization\",\"name\":\"Pressenza\",\"url\":\"https:\/\/www.pressenza.com\/es\/\",\"logo\":{\"@type\":\"ImageObject\",\"inLanguage\":\"es\",\"@id\":\"https:\/\/www.pressenza.com\/es\/#\/schema\/logo\/image\/\",\"url\":\"https:\/\/www.pressenza.com\/wp-content\/uploads\/2022\/10\/pressenza_logo_200x200.jpg\",\"contentUrl\":\"https:\/\/www.pressenza.com\/wp-content\/uploads\/2022\/10\/pressenza_logo_200x200.jpg\",\"width\":200,\"height\":200,\"caption\":\"Pressenza\"},\"image\":{\"@id\":\"https:\/\/www.pressenza.com\/es\/#\/schema\/logo\/image\/\"},\"sameAs\":[\"https:\/\/www.facebook.com\/PressenzaItalia\",\"https:\/\/x.com\/PressenzaIPA\"]},{\"@type\":\"Person\",\"@id\":\"https:\/\/www.pressenza.com\/es\/#\/schema\/person\/31cae0e550f3778fecef9502073e2e88\",\"name\":\"Rossana A. Cede\u00f1o\",\"description\":\"Ecuatoriana, estudiante de Comunicaci\u00f3n Social, locutora de Latitud Noviolenta, redactora, autodidacta, en el camino del humanismo y activista por la noviolencia.\",\"sameAs\":[\"https:\/\/x.com\/Rossan82\"],\"url\":\"https:\/\/www.pressenza.com\/es\/author\/rossana-ayabaca\/\"}]}<\/script>\n<!-- \/ Yoast SEO plugin. -->","yoast_head_json":{"title":"Taller Comunicar desde la no violencia activa: Pr\u00e1cticas comunicativas para fortalecer el tejido social","description":"Dentro de las diversas actividades que se desarrollan en el Foro Latinoamericano y Caribe\u00f1o de Comunicaci\u00f3n Popular y Comunitaria, en CIESPAL (Centro","robots":{"index":"index","follow":"follow","max-snippet":"max-snippet:-1","max-image-preview":"max-image-preview:large","max-video-preview":"max-video-preview:-1"},"canonical":"https:\/\/www.pressenza.com\/es\/2016\/06\/taller-comunicar-desde-no-violencia-activa-practicas-comunicativas-para-fortalecer-el-tejido-social\/","og_locale":"es_ES","og_type":"article","og_title":"Taller Comunicar desde la no violencia activa: Pr\u00e1cticas comunicativas para fortalecer el tejido social","og_description":"Dentro de las diversas actividades que se desarrollan en el Foro Latinoamericano y Caribe\u00f1o de Comunicaci\u00f3n Popular y Comunitaria, en CIESPAL (Centro","og_url":"https:\/\/www.pressenza.com\/es\/2016\/06\/taller-comunicar-desde-no-violencia-activa-practicas-comunicativas-para-fortalecer-el-tejido-social\/","og_site_name":"Pressenza","article_publisher":"https:\/\/www.facebook.com\/PressenzaItalia","article_published_time":"2016-06-30T01:12:51+00:00","article_modified_time":"2016-06-30T23:33:25+00:00","og_image":[{"width":720,"height":478,"url":"https:\/\/www.pressenza.com\/wp-content\/uploads\/2016\/06\/DSC0149-720x478.jpg","type":"image\/jpeg"}],"author":"Rossana A. Cede\u00f1o","twitter_card":"summary_large_image","twitter_creator":"@Rossan82","twitter_site":"@PressenzaIPA","twitter_misc":{"Escrito por":"Rossana A. Cede\u00f1o","Tiempo de lectura":"2 minutos"},"schema":{"@context":"https:\/\/schema.org","@graph":[{"@type":"Article","@id":"https:\/\/www.pressenza.com\/es\/2016\/06\/taller-comunicar-desde-no-violencia-activa-practicas-comunicativas-para-fortalecer-el-tejido-social\/#article","isPartOf":{"@id":"https:\/\/www.pressenza.com\/es\/2016\/06\/taller-comunicar-desde-no-violencia-activa-practicas-comunicativas-para-fortalecer-el-tejido-social\/"},"author":{"name":"Rossana A. Cede\u00f1o","@id":"https:\/\/www.pressenza.com\/es\/#\/schema\/person\/31cae0e550f3778fecef9502073e2e88"},"headline":"Taller Comunicar desde la no violencia activa: Pr\u00e1cticas comunicativas para fortalecer el tejido social","datePublished":"2016-06-30T01:12:51+00:00","dateModified":"2016-06-30T23:33:25+00:00","mainEntityOfPage":{"@id":"https:\/\/www.pressenza.com\/es\/2016\/06\/taller-comunicar-desde-no-violencia-activa-practicas-comunicativas-para-fortalecer-el-tejido-social\/"},"wordCount":355,"publisher":{"@id":"https:\/\/www.pressenza.com\/es\/#organization"},"image":{"@id":"https:\/\/www.pressenza.com\/es\/2016\/06\/taller-comunicar-desde-no-violencia-activa-practicas-comunicativas-para-fortalecer-el-tejido-social\/#primaryimage"},"thumbnailUrl":"https:\/\/www.pressenza.com\/wp-content\/uploads\/2016\/06\/DSC0149.jpg","keywords":["CIESPAL","comunicaci\u00f3n comunitaria","comunicaci\u00f3n popular","Foro de Comunicaci\u00f3n Popular y Comunitaria","Integraci\u00f3n latinoamericana","medios de comunicaci\u00f3n","Noviolencia"],"articleSection":["Contenido Original","Cultura y Medios","Humanismo y Espiritualidad","Noviolencia","Sudam\u00e9rica"],"inLanguage":"es"},{"@type":"WebPage","@id":"https:\/\/www.pressenza.com\/es\/2016\/06\/taller-comunicar-desde-no-violencia-activa-practicas-comunicativas-para-fortalecer-el-tejido-social\/","url":"https:\/\/www.pressenza.com\/es\/2016\/06\/taller-comunicar-desde-no-violencia-activa-practicas-comunicativas-para-fortalecer-el-tejido-social\/","name":"Taller Comunicar desde la no violencia activa: Pr\u00e1cticas comunicativas para fortalecer el tejido social","isPartOf":{"@id":"https:\/\/www.pressenza.com\/es\/#website"},"primaryImageOfPage":{"@id":"https:\/\/www.pressenza.com\/es\/2016\/06\/taller-comunicar-desde-no-violencia-activa-practicas-comunicativas-para-fortalecer-el-tejido-social\/#primaryimage"},"image":{"@id":"https:\/\/www.pressenza.com\/es\/2016\/06\/taller-comunicar-desde-no-violencia-activa-practicas-comunicativas-para-fortalecer-el-tejido-social\/#primaryimage"},"thumbnailUrl":"https:\/\/www.pressenza.com\/wp-content\/uploads\/2016\/06\/DSC0149.jpg","datePublished":"2016-06-30T01:12:51+00:00","dateModified":"2016-06-30T23:33:25+00:00","description":"Dentro de las diversas actividades que se desarrollan en el Foro Latinoamericano y Caribe\u00f1o de Comunicaci\u00f3n Popular y Comunitaria, en CIESPAL (Centro","breadcrumb":{"@id":"https:\/\/www.pressenza.com\/es\/2016\/06\/taller-comunicar-desde-no-violencia-activa-practicas-comunicativas-para-fortalecer-el-tejido-social\/#breadcrumb"},"inLanguage":"es","potentialAction":[{"@type":"ReadAction","target":["https:\/\/www.pressenza.com\/es\/2016\/06\/taller-comunicar-desde-no-violencia-activa-practicas-comunicativas-para-fortalecer-el-tejido-social\/"]}]},{"@type":"ImageObject","inLanguage":"es","@id":"https:\/\/www.pressenza.com\/es\/2016\/06\/taller-comunicar-desde-no-violencia-activa-practicas-comunicativas-para-fortalecer-el-tejido-social\/#primaryimage","url":"https:\/\/www.pressenza.com\/wp-content\/uploads\/2016\/06\/DSC0149.jpg","contentUrl":"https:\/\/www.pressenza.com\/wp-content\/uploads\/2016\/06\/DSC0149.jpg","width":3216,"height":2136},{"@type":"BreadcrumbList","@id":"https:\/\/www.pressenza.com\/es\/2016\/06\/taller-comunicar-desde-no-violencia-activa-practicas-comunicativas-para-fortalecer-el-tejido-social\/#breadcrumb","itemListElement":[{"@type":"ListItem","position":1,"name":"Accueil","item":"https:\/\/www.pressenza.com\/es\/"},{"@type":"ListItem","position":2,"name":"Taller Comunicar desde la no violencia activa: Pr\u00e1cticas comunicativas para fortalecer el tejido social"}]},{"@type":"WebSite","@id":"https:\/\/www.pressenza.com\/es\/#website","url":"https:\/\/www.pressenza.com\/es\/","name":"Pressenza","description":"International Press Agency","publisher":{"@id":"https:\/\/www.pressenza.com\/es\/#organization"},"potentialAction":[{"@type":"SearchAction","target":{"@type":"EntryPoint","urlTemplate":"https:\/\/www.pressenza.com\/es\/?s={search_term_string}"},"query-input":{"@type":"PropertyValueSpecification","valueRequired":true,"valueName":"search_term_string"}}],"inLanguage":"es"},{"@type":"Organization","@id":"https:\/\/www.pressenza.com\/es\/#organization","name":"Pressenza","url":"https:\/\/www.pressenza.com\/es\/","logo":{"@type":"ImageObject","inLanguage":"es","@id":"https:\/\/www.pressenza.com\/es\/#\/schema\/logo\/image\/","url":"https:\/\/www.pressenza.com\/wp-content\/uploads\/2022\/10\/pressenza_logo_200x200.jpg","contentUrl":"https:\/\/www.pressenza.com\/wp-content\/uploads\/2022\/10\/pressenza_logo_200x200.jpg","width":200,"height":200,"caption":"Pressenza"},"image":{"@id":"https:\/\/www.pressenza.com\/es\/#\/schema\/logo\/image\/"},"sameAs":["https:\/\/www.facebook.com\/PressenzaItalia","https:\/\/x.com\/PressenzaIPA"]},{"@type":"Person","@id":"https:\/\/www.pressenza.com\/es\/#\/schema\/person\/31cae0e550f3778fecef9502073e2e88","name":"Rossana A. Cede\u00f1o","description":"Ecuatoriana, estudiante de Comunicaci\u00f3n Social, locutora de Latitud Noviolenta, redactora, autodidacta, en el camino del humanismo y activista por la noviolencia.","sameAs":["https:\/\/x.com\/Rossan82"],"url":"https:\/\/www.pressenza.com\/es\/author\/rossana-ayabaca\/"}]}},"place":"Quito, Ecuador","original_article_url":"","_links":{"self":[{"href":"https:\/\/www.pressenza.com\/es\/wp-json\/wp\/v2\/posts\/335106","targetHints":{"allow":["GET"]}}],"collection":[{"href":"https:\/\/www.pressenza.com\/es\/wp-json\/wp\/v2\/posts"}],"about":[{"href":"https:\/\/www.pressenza.com\/es\/wp-json\/wp\/v2\/types\/post"}],"author":[{"embeddable":true,"href":"https:\/\/www.pressenza.com\/es\/wp-json\/wp\/v2\/users\/1319"}],"replies":[{"embeddable":true,"href":"https:\/\/www.pressenza.com\/es\/wp-json\/wp\/v2\/comments?post=335106"}],"version-history":[{"count":0,"href":"https:\/\/www.pressenza.com\/es\/wp-json\/wp\/v2\/posts\/335106\/revisions"}],"wp:featuredmedia":[{"embeddable":true,"href":"https:\/\/www.pressenza.com\/es\/wp-json\/wp\/v2\/media\/335474"}],"wp:attachment":[{"href":"https:\/\/www.pressenza.com\/es\/wp-json\/wp\/v2\/media?parent=335106"}],"wp:term":[{"taxonomy":"category","embeddable":true,"href":"https:\/\/www.pressenza.com\/es\/wp-json\/wp\/v2\/categories?post=335106"},{"taxonomy":"post_tag","embeddable":true,"href":"https:\/\/www.pressenza.com\/es\/wp-json\/wp\/v2\/tags?post=335106"}],"curies":[{"name":"wp","href":"https:\/\/api.w.org\/{rel}","templated":true}]}}