{"id":334280,"date":"2016-06-28T04:00:25","date_gmt":"2016-06-28T03:00:25","guid":{"rendered":"http:\/\/www.pressenza.com\/es\/?p=334280"},"modified":"2016-06-28T04:00:25","modified_gmt":"2016-06-28T03:00:25","slug":"assange-acusa-se-hecho-publicos-menos-del-0002-los-panama-papers","status":"publish","type":"post","link":"https:\/\/www.pressenza.com\/es\/2016\/06\/assange-acusa-se-hecho-publicos-menos-del-0002-los-panama-papers\/","title":{"rendered":"Assange acusa que se han hecho p\u00fablicos menos del 0,002% de los Panama Papers"},"content":{"rendered":"<p style=\"text-align: justify;\">Julian Assange, muy emocionado y agradecido, habl\u00f3 hoy a una audiencia de Quito, Ecuador, a trav\u00e9s de una video-conferencia en la sede principal del Centro Internacional de Estudios Superiores para Am\u00e9rica Latina, CIESPAL, en el contexto del evento \u201cJulian Assage: 4 a\u00f1os de libertad negada\u201d, que dur\u00f3 una semana.<\/p>\n<p style=\"text-align: justify;\">Antes de comenzar su charla, Assange expres\u00f3 su gratitud hacia el presidente y el pueblo de Ecuador por haber corrido el riesgo de darle asilo en la embajada ecuatoriana. Hoy sabemos que la confianza que Ecuador tuvo en su caso estuvo plenamente justificada, pues el grupo de trabajo de la ONU dedicado a las detenciones arbitrarias recientemente lleg\u00f3 a la conclusi\u00f3n de que el Reino Unido lo estaba reteniendo arbitrariamente tras las rejas. La operaci\u00f3n policial para encarcelarlo cost\u00f3 cerca de 20 millones de d\u00f3lares.<\/p>\n<p style=\"text-align: justify;\">El tema de su charla fue \u201cDe Wikileaks a los Panama Papers\u201d. Assange critic\u00f3 duramente el encubrimiento que ha hecho el International Consortium of Investigative Journalists (ICIJ) de los Panama Papers al negarse a hacerlos p\u00fablicos. De hecho, han hecho p\u00fablica una parte insignificante de los documentos: 200, de los 11,5 millones.<\/p>\n<p style=\"text-align: justify;\">Assange comenz\u00f3 el ataque comparando al ICIJ con el modo de funcionamiento de Wikileaks. En el modelo de Wikileaks se publica todo, sin censura, seg\u00fan el australiano. Luego afirm\u00f3, con orgullo, que ninguno de los 11 millones de documentos publicados en la p\u00e1gina web ha sido denunciado de no ser aut\u00e9ntico.<\/p>\n<p style=\"text-align: justify;\">Por otro lado, el caso de los Panama Papers muestra que la elite de los EE.UU. se apropi\u00f3 de los materiales filtrados, y que han impedido efectivamente que se realice cualquier investigaci\u00f3n de los contenidos de los documentos, con la excepci\u00f3n de aquellos periodistas que est\u00e1n dispuestos a seguir las reglas del ICIJ.<\/p>\n<p style=\"text-align: justify;\">Assange explic\u00f3 que el problema con el ICIJ es que est\u00e1 ubicado en Washington D.C. y que fue fundado por tipos como George Soros y la fundaci\u00f3n Rockefeller; los titulares publicados, cuando se atac\u00f3 a Vladimir Putin y al grupo dirigente de Rusia fueron, pagados por la USAID (Agencia por el Desarrollo Internacional de Estados Unidos), que administra la ayuda a los civiles de otros pa\u00edses.<\/p>\n<p style=\"text-align: justify;\">Tambi\u00e9n analiz\u00f3 los ataques que ha hecho el ICIJ a Wikileaks, y cit\u00f3 a Gerard Ryle, el cabecilla del ICIJ: \u201cWikileaks se rob\u00f3 el periodismo y nosotros lo vamos a recuperar\u201d, y \u201cel ICIJ es una organizaci\u00f3n responsable. No somos Wikileaks\u201d.<\/p>\n<p style=\"text-align: justify;\">Pero Assange arremeti\u00f3 r\u00e1pidamente con la pregunta \u201c\u00bfresponsables ante qui\u00e9n?\u201d.<\/p>\n<p style=\"text-align: justify;\">Assange indic\u00f3 que, sin duda, si el ICIJ publicara la base de datos completa, se quedar\u00edan sin financiamiento, dado que muchas figuras l\u00edderes de los EE.UU., personas de la CIA y muchos otros usan las cuentas en el extranjero para ocultar detalles de sus tratos financieros.<\/p>\n<p style=\"text-align: justify;\">Argument\u00f3 que estos archivos le pertenecen a la humanidad entera, para que todos puedan examinarlos: defensores p\u00fablicos, agencias de inteligencia, organismos de impuestos y, sobretodo, la poblaci\u00f3n en general.<\/p>\n<p style=\"text-align: justify;\">Cuando se le pregunt\u00f3 por qu\u00e9 cree que se ha publicado un porcentaje tan peque\u00f1o de la informaci\u00f3n, Assange dijo que probablemente el Suddeutsche Zeitung (la primera agencia que tuvo la informaci\u00f3n antes de que la obtuviera el ICIJ) sinti\u00f3 temor ante las leyes de Alemania, y temi\u00f3 ser demandado por los que tienen cuentas en el extranjero.<\/p>\n<p style=\"text-align: justify;\">Tambi\u00e9n critic\u00f3 al peri\u00f3dico del Reino Unido, The Guardian, por mostrar principalmente la arista rusa de los Panama Papers, siendo que, para los lectores del Reino Unido, era mucho m\u00e1s cercana la participaci\u00f3n de la familia del primer ministro, David Cameron, en cuentas en el extranjero. Este hecho fue llevado a la luz por Wikileaks, que inform\u00f3 acerca de la informaci\u00f3n que se hab\u00eda abierto al p\u00fablico, antes de que The Guardian tomara la historia.<\/p>\n<p style=\"text-align: justify;\">Assange dio la teor\u00eda de que el ICIJ probablemente haya restringido quienes pueden acceder a la informaci\u00f3n, y que le ha permitido a periodistas de distintos pa\u00edses acceder solamente a algunos documentos que son relevantes para sus propios pa\u00edses. Otro punto importante es que los periodistas serios de Am\u00e9rica Latina que no est\u00e1n a favor de los grupos dirigentes probablemente no tengan buenas relaciones con las instituciones ubicadas en Washington, como el ICIJ.<\/p>\n<p style=\"text-align: justify;\">\u201cWikileaks es la Biblioteca de Alejandr\u00eda rebelde\u201d, afirm\u00f3. \u201cLa base de datos de Wikileaks ha sido utilizada para hacer justicia e influir en el debate pol\u00edtico. La informaci\u00f3n de Wikileaks muestra d\u00f3nde est\u00e1 realmente la lealtad de las personas\u201d, agreg\u00f3.<\/p>\n<p style=\"text-align: justify;\">Como dijo Assange al finalizar su charla, \u201cel periodismo es importante, pero que toda la sociedad pueda acceder (a esta informaci\u00f3n) es a\u00fan m\u00e1s importante\u201d.<\/p>\n<p style=\"text-align: justify;\"><em>Traducci\u00f3n al espa\u00f1ol por: Emilio Stanton<\/em><\/p>\n","protected":false},"excerpt":{"rendered":"<p>Julian Assange, muy emocionado y agradecido, habl\u00f3 hoy a una audiencia de Quito, Ecuador, a trav\u00e9s de una video-conferencia en la sede principal del Centro Internacional de Estudios Superiores para Am\u00e9rica Latina, CIESPAL, en el contexto del evento \u201cJulian Assage:&hellip;<\/p>\n","protected":false},"author":6,"featured_media":333033,"comment_status":"closed","ping_status":"closed","sticky":false,"template":"","format":"standard","meta":{"footnotes":""},"categories":[11389,75,67],"tags":[13966,2973,25697,15962,28237,5283,26176,14247],"class_list":["post-334280","post","type-post","status-publish","format-standard","has-post-thumbnail","hentry","category-contenido-original","category-cultura-es","category-sudamerica","tag-ciespal","tag-ecuador-es","tag-el-consorcio-internacional-de-periodistas-de-investigacion","tag-icij","tag-international-consortium-of-investigative-journalists","tag-julian-assange-es","tag-panama-papers-es","tag-wikileaks-es"],"yoast_head":"<!-- This site is optimized with the Yoast SEO plugin v27.1.1 - https:\/\/yoast.com\/product\/yoast-seo-wordpress\/ -->\n<title>Assange acusa que se han hecho p\u00fablicos menos del 0,002% de los Panama Papers<\/title>\n<meta name=\"description\" content=\"Julian Assange, muy emocionado y agradecido, habl\u00f3 hoy a una audiencia de Quito, Ecuador, a trav\u00e9s de una video-conferencia en la sede principal del\" \/>\n<meta name=\"robots\" content=\"index, follow, max-snippet:-1, max-image-preview:large, max-video-preview:-1\" \/>\n<link rel=\"canonical\" href=\"https:\/\/www.pressenza.com\/es\/2016\/06\/assange-acusa-se-hecho-publicos-menos-del-0002-los-panama-papers\/\" \/>\n<meta property=\"og:locale\" content=\"es_ES\" \/>\n<meta property=\"og:type\" content=\"article\" \/>\n<meta property=\"og:title\" content=\"Assange acusa que se han hecho p\u00fablicos menos del 0,002% de los Panama Papers\" \/>\n<meta property=\"og:description\" content=\"Julian Assange, muy emocionado y agradecido, habl\u00f3 hoy a una audiencia de Quito, Ecuador, a trav\u00e9s de una video-conferencia en la sede principal del\" \/>\n<meta property=\"og:url\" content=\"https:\/\/www.pressenza.com\/es\/2016\/06\/assange-acusa-se-hecho-publicos-menos-del-0002-los-panama-papers\/\" \/>\n<meta property=\"og:site_name\" content=\"Pressenza\" \/>\n<meta property=\"article:publisher\" content=\"https:\/\/www.facebook.com\/PressenzaItalia\" \/>\n<meta property=\"article:published_time\" content=\"2016-06-28T03:00:25+00:00\" \/>\n<meta property=\"og:image\" content=\"https:\/\/www.pressenza.com\/wp-content\/uploads\/2016\/06\/Assange-CIESPAL-02.jpg\" \/>\n\t<meta property=\"og:image:width\" content=\"2048\" \/>\n\t<meta property=\"og:image:height\" content=\"1367\" \/>\n\t<meta property=\"og:image:type\" content=\"image\/jpeg\" \/>\n<meta name=\"author\" content=\"Tony Robinson\" \/>\n<meta name=\"twitter:card\" content=\"summary_large_image\" \/>\n<meta name=\"twitter:creator\" content=\"@TonyRobinson6\" \/>\n<meta name=\"twitter:site\" content=\"@PressenzaIPA\" \/>\n<meta name=\"twitter:label1\" content=\"Escrito por\" \/>\n\t<meta name=\"twitter:data1\" content=\"Tony Robinson\" \/>\n\t<meta name=\"twitter:label2\" content=\"Tiempo de lectura\" \/>\n\t<meta name=\"twitter:data2\" content=\"4 minutos\" \/>\n<script type=\"application\/ld+json\" class=\"yoast-schema-graph\">{\"@context\":\"https:\/\/schema.org\",\"@graph\":[{\"@type\":\"Article\",\"@id\":\"https:\/\/www.pressenza.com\/es\/2016\/06\/assange-acusa-se-hecho-publicos-menos-del-0002-los-panama-papers\/#article\",\"isPartOf\":{\"@id\":\"https:\/\/www.pressenza.com\/es\/2016\/06\/assange-acusa-se-hecho-publicos-menos-del-0002-los-panama-papers\/\"},\"author\":{\"name\":\"Tony Robinson\",\"@id\":\"https:\/\/www.pressenza.com\/es\/#\/schema\/person\/a96a2ff6530dbb8bcf9ec001febc4af4\"},\"headline\":\"Assange acusa que se han hecho p\u00fablicos menos del 0,002% de los Panama Papers\",\"datePublished\":\"2016-06-28T03:00:25+00:00\",\"mainEntityOfPage\":{\"@id\":\"https:\/\/www.pressenza.com\/es\/2016\/06\/assange-acusa-se-hecho-publicos-menos-del-0002-los-panama-papers\/\"},\"wordCount\":820,\"publisher\":{\"@id\":\"https:\/\/www.pressenza.com\/es\/#organization\"},\"image\":{\"@id\":\"https:\/\/www.pressenza.com\/es\/2016\/06\/assange-acusa-se-hecho-publicos-menos-del-0002-los-panama-papers\/#primaryimage\"},\"thumbnailUrl\":\"https:\/\/www.pressenza.com\/wp-content\/uploads\/2016\/06\/Assange-CIESPAL-02.jpg\",\"keywords\":[\"CIESPAL\",\"Ecuador\",\"El Consorcio Internacional de Periodistas de Investigaci\u00f3n\",\"ICIJ\",\"International Consortium of Investigative Journalists\",\"Julian Assange\",\"Panama Papers\",\"Wikileaks\"],\"articleSection\":[\"Contenido Original\",\"Cultura y Medios\",\"Sudam\u00e9rica\"],\"inLanguage\":\"es\"},{\"@type\":\"WebPage\",\"@id\":\"https:\/\/www.pressenza.com\/es\/2016\/06\/assange-acusa-se-hecho-publicos-menos-del-0002-los-panama-papers\/\",\"url\":\"https:\/\/www.pressenza.com\/es\/2016\/06\/assange-acusa-se-hecho-publicos-menos-del-0002-los-panama-papers\/\",\"name\":\"Assange acusa que se han hecho p\u00fablicos menos del 0,002% de los Panama Papers\",\"isPartOf\":{\"@id\":\"https:\/\/www.pressenza.com\/es\/#website\"},\"primaryImageOfPage\":{\"@id\":\"https:\/\/www.pressenza.com\/es\/2016\/06\/assange-acusa-se-hecho-publicos-menos-del-0002-los-panama-papers\/#primaryimage\"},\"image\":{\"@id\":\"https:\/\/www.pressenza.com\/es\/2016\/06\/assange-acusa-se-hecho-publicos-menos-del-0002-los-panama-papers\/#primaryimage\"},\"thumbnailUrl\":\"https:\/\/www.pressenza.com\/wp-content\/uploads\/2016\/06\/Assange-CIESPAL-02.jpg\",\"datePublished\":\"2016-06-28T03:00:25+00:00\",\"description\":\"Julian Assange, muy emocionado y agradecido, habl\u00f3 hoy a una audiencia de Quito, Ecuador, a trav\u00e9s de una video-conferencia en la sede principal del\",\"breadcrumb\":{\"@id\":\"https:\/\/www.pressenza.com\/es\/2016\/06\/assange-acusa-se-hecho-publicos-menos-del-0002-los-panama-papers\/#breadcrumb\"},\"inLanguage\":\"es\",\"potentialAction\":[{\"@type\":\"ReadAction\",\"target\":[\"https:\/\/www.pressenza.com\/es\/2016\/06\/assange-acusa-se-hecho-publicos-menos-del-0002-los-panama-papers\/\"]}]},{\"@type\":\"ImageObject\",\"inLanguage\":\"es\",\"@id\":\"https:\/\/www.pressenza.com\/es\/2016\/06\/assange-acusa-se-hecho-publicos-menos-del-0002-los-panama-papers\/#primaryimage\",\"url\":\"https:\/\/www.pressenza.com\/wp-content\/uploads\/2016\/06\/Assange-CIESPAL-02.jpg\",\"contentUrl\":\"https:\/\/www.pressenza.com\/wp-content\/uploads\/2016\/06\/Assange-CIESPAL-02.jpg\",\"width\":2048,\"height\":1367},{\"@type\":\"BreadcrumbList\",\"@id\":\"https:\/\/www.pressenza.com\/es\/2016\/06\/assange-acusa-se-hecho-publicos-menos-del-0002-los-panama-papers\/#breadcrumb\",\"itemListElement\":[{\"@type\":\"ListItem\",\"position\":1,\"name\":\"Accueil\",\"item\":\"https:\/\/www.pressenza.com\/es\/\"},{\"@type\":\"ListItem\",\"position\":2,\"name\":\"Assange acusa que se han hecho p\u00fablicos menos del 0,002% de los Panama Papers\"}]},{\"@type\":\"WebSite\",\"@id\":\"https:\/\/www.pressenza.com\/es\/#website\",\"url\":\"https:\/\/www.pressenza.com\/es\/\",\"name\":\"Pressenza\",\"description\":\"International Press Agency\",\"publisher\":{\"@id\":\"https:\/\/www.pressenza.com\/es\/#organization\"},\"potentialAction\":[{\"@type\":\"SearchAction\",\"target\":{\"@type\":\"EntryPoint\",\"urlTemplate\":\"https:\/\/www.pressenza.com\/es\/?s={search_term_string}\"},\"query-input\":{\"@type\":\"PropertyValueSpecification\",\"valueRequired\":true,\"valueName\":\"search_term_string\"}}],\"inLanguage\":\"es\"},{\"@type\":\"Organization\",\"@id\":\"https:\/\/www.pressenza.com\/es\/#organization\",\"name\":\"Pressenza\",\"url\":\"https:\/\/www.pressenza.com\/es\/\",\"logo\":{\"@type\":\"ImageObject\",\"inLanguage\":\"es\",\"@id\":\"https:\/\/www.pressenza.com\/es\/#\/schema\/logo\/image\/\",\"url\":\"https:\/\/www.pressenza.com\/wp-content\/uploads\/2022\/10\/pressenza_logo_200x200.jpg\",\"contentUrl\":\"https:\/\/www.pressenza.com\/wp-content\/uploads\/2022\/10\/pressenza_logo_200x200.jpg\",\"width\":200,\"height\":200,\"caption\":\"Pressenza\"},\"image\":{\"@id\":\"https:\/\/www.pressenza.com\/es\/#\/schema\/logo\/image\/\"},\"sameAs\":[\"https:\/\/www.facebook.com\/PressenzaItalia\",\"https:\/\/x.com\/PressenzaIPA\"]},{\"@type\":\"Person\",\"@id\":\"https:\/\/www.pressenza.com\/es\/#\/schema\/person\/a96a2ff6530dbb8bcf9ec001febc4af4\",\"name\":\"Tony Robinson\",\"description\":\"Humanist Movement Activist, ex-Director of the Middle East Treaty Organization and coordinating committee member of Abolition 2000 - Global Network to Eliminate Nuclear Weapons, author of the book \\\"Coffee with Silo and the quest for meaning in life\\\" and producer of the film \\\"The Beginning of the End of Nuclear Weapons\\\".\",\"sameAs\":[\"https:\/\/x.com\/TonyRobinson6\"],\"url\":\"https:\/\/www.pressenza.com\/es\/author\/tony-robinson\/\"}]}<\/script>\n<!-- \/ Yoast SEO plugin. -->","yoast_head_json":{"title":"Assange acusa que se han hecho p\u00fablicos menos del 0,002% de los Panama Papers","description":"Julian Assange, muy emocionado y agradecido, habl\u00f3 hoy a una audiencia de Quito, Ecuador, a trav\u00e9s de una video-conferencia en la sede principal del","robots":{"index":"index","follow":"follow","max-snippet":"max-snippet:-1","max-image-preview":"max-image-preview:large","max-video-preview":"max-video-preview:-1"},"canonical":"https:\/\/www.pressenza.com\/es\/2016\/06\/assange-acusa-se-hecho-publicos-menos-del-0002-los-panama-papers\/","og_locale":"es_ES","og_type":"article","og_title":"Assange acusa que se han hecho p\u00fablicos menos del 0,002% de los Panama Papers","og_description":"Julian Assange, muy emocionado y agradecido, habl\u00f3 hoy a una audiencia de Quito, Ecuador, a trav\u00e9s de una video-conferencia en la sede principal del","og_url":"https:\/\/www.pressenza.com\/es\/2016\/06\/assange-acusa-se-hecho-publicos-menos-del-0002-los-panama-papers\/","og_site_name":"Pressenza","article_publisher":"https:\/\/www.facebook.com\/PressenzaItalia","article_published_time":"2016-06-28T03:00:25+00:00","og_image":[{"width":2048,"height":1367,"url":"https:\/\/www.pressenza.com\/wp-content\/uploads\/2016\/06\/Assange-CIESPAL-02.jpg","type":"image\/jpeg"}],"author":"Tony Robinson","twitter_card":"summary_large_image","twitter_creator":"@TonyRobinson6","twitter_site":"@PressenzaIPA","twitter_misc":{"Escrito por":"Tony Robinson","Tiempo de lectura":"4 minutos"},"schema":{"@context":"https:\/\/schema.org","@graph":[{"@type":"Article","@id":"https:\/\/www.pressenza.com\/es\/2016\/06\/assange-acusa-se-hecho-publicos-menos-del-0002-los-panama-papers\/#article","isPartOf":{"@id":"https:\/\/www.pressenza.com\/es\/2016\/06\/assange-acusa-se-hecho-publicos-menos-del-0002-los-panama-papers\/"},"author":{"name":"Tony Robinson","@id":"https:\/\/www.pressenza.com\/es\/#\/schema\/person\/a96a2ff6530dbb8bcf9ec001febc4af4"},"headline":"Assange acusa que se han hecho p\u00fablicos menos del 0,002% de los Panama Papers","datePublished":"2016-06-28T03:00:25+00:00","mainEntityOfPage":{"@id":"https:\/\/www.pressenza.com\/es\/2016\/06\/assange-acusa-se-hecho-publicos-menos-del-0002-los-panama-papers\/"},"wordCount":820,"publisher":{"@id":"https:\/\/www.pressenza.com\/es\/#organization"},"image":{"@id":"https:\/\/www.pressenza.com\/es\/2016\/06\/assange-acusa-se-hecho-publicos-menos-del-0002-los-panama-papers\/#primaryimage"},"thumbnailUrl":"https:\/\/www.pressenza.com\/wp-content\/uploads\/2016\/06\/Assange-CIESPAL-02.jpg","keywords":["CIESPAL","Ecuador","El Consorcio Internacional de Periodistas de Investigaci\u00f3n","ICIJ","International Consortium of Investigative Journalists","Julian Assange","Panama Papers","Wikileaks"],"articleSection":["Contenido Original","Cultura y Medios","Sudam\u00e9rica"],"inLanguage":"es"},{"@type":"WebPage","@id":"https:\/\/www.pressenza.com\/es\/2016\/06\/assange-acusa-se-hecho-publicos-menos-del-0002-los-panama-papers\/","url":"https:\/\/www.pressenza.com\/es\/2016\/06\/assange-acusa-se-hecho-publicos-menos-del-0002-los-panama-papers\/","name":"Assange acusa que se han hecho p\u00fablicos menos del 0,002% de los Panama Papers","isPartOf":{"@id":"https:\/\/www.pressenza.com\/es\/#website"},"primaryImageOfPage":{"@id":"https:\/\/www.pressenza.com\/es\/2016\/06\/assange-acusa-se-hecho-publicos-menos-del-0002-los-panama-papers\/#primaryimage"},"image":{"@id":"https:\/\/www.pressenza.com\/es\/2016\/06\/assange-acusa-se-hecho-publicos-menos-del-0002-los-panama-papers\/#primaryimage"},"thumbnailUrl":"https:\/\/www.pressenza.com\/wp-content\/uploads\/2016\/06\/Assange-CIESPAL-02.jpg","datePublished":"2016-06-28T03:00:25+00:00","description":"Julian Assange, muy emocionado y agradecido, habl\u00f3 hoy a una audiencia de Quito, Ecuador, a trav\u00e9s de una video-conferencia en la sede principal del","breadcrumb":{"@id":"https:\/\/www.pressenza.com\/es\/2016\/06\/assange-acusa-se-hecho-publicos-menos-del-0002-los-panama-papers\/#breadcrumb"},"inLanguage":"es","potentialAction":[{"@type":"ReadAction","target":["https:\/\/www.pressenza.com\/es\/2016\/06\/assange-acusa-se-hecho-publicos-menos-del-0002-los-panama-papers\/"]}]},{"@type":"ImageObject","inLanguage":"es","@id":"https:\/\/www.pressenza.com\/es\/2016\/06\/assange-acusa-se-hecho-publicos-menos-del-0002-los-panama-papers\/#primaryimage","url":"https:\/\/www.pressenza.com\/wp-content\/uploads\/2016\/06\/Assange-CIESPAL-02.jpg","contentUrl":"https:\/\/www.pressenza.com\/wp-content\/uploads\/2016\/06\/Assange-CIESPAL-02.jpg","width":2048,"height":1367},{"@type":"BreadcrumbList","@id":"https:\/\/www.pressenza.com\/es\/2016\/06\/assange-acusa-se-hecho-publicos-menos-del-0002-los-panama-papers\/#breadcrumb","itemListElement":[{"@type":"ListItem","position":1,"name":"Accueil","item":"https:\/\/www.pressenza.com\/es\/"},{"@type":"ListItem","position":2,"name":"Assange acusa que se han hecho p\u00fablicos menos del 0,002% de los Panama Papers"}]},{"@type":"WebSite","@id":"https:\/\/www.pressenza.com\/es\/#website","url":"https:\/\/www.pressenza.com\/es\/","name":"Pressenza","description":"International Press Agency","publisher":{"@id":"https:\/\/www.pressenza.com\/es\/#organization"},"potentialAction":[{"@type":"SearchAction","target":{"@type":"EntryPoint","urlTemplate":"https:\/\/www.pressenza.com\/es\/?s={search_term_string}"},"query-input":{"@type":"PropertyValueSpecification","valueRequired":true,"valueName":"search_term_string"}}],"inLanguage":"es"},{"@type":"Organization","@id":"https:\/\/www.pressenza.com\/es\/#organization","name":"Pressenza","url":"https:\/\/www.pressenza.com\/es\/","logo":{"@type":"ImageObject","inLanguage":"es","@id":"https:\/\/www.pressenza.com\/es\/#\/schema\/logo\/image\/","url":"https:\/\/www.pressenza.com\/wp-content\/uploads\/2022\/10\/pressenza_logo_200x200.jpg","contentUrl":"https:\/\/www.pressenza.com\/wp-content\/uploads\/2022\/10\/pressenza_logo_200x200.jpg","width":200,"height":200,"caption":"Pressenza"},"image":{"@id":"https:\/\/www.pressenza.com\/es\/#\/schema\/logo\/image\/"},"sameAs":["https:\/\/www.facebook.com\/PressenzaItalia","https:\/\/x.com\/PressenzaIPA"]},{"@type":"Person","@id":"https:\/\/www.pressenza.com\/es\/#\/schema\/person\/a96a2ff6530dbb8bcf9ec001febc4af4","name":"Tony Robinson","description":"Humanist Movement Activist, ex-Director of the Middle East Treaty Organization and coordinating committee member of Abolition 2000 - Global Network to Eliminate Nuclear Weapons, author of the book \"Coffee with Silo and the quest for meaning in life\" and producer of the film \"The Beginning of the End of Nuclear Weapons\".","sameAs":["https:\/\/x.com\/TonyRobinson6"],"url":"https:\/\/www.pressenza.com\/es\/author\/tony-robinson\/"}]}},"place":"Quito, Ecuador","original_article_url":"","_links":{"self":[{"href":"https:\/\/www.pressenza.com\/es\/wp-json\/wp\/v2\/posts\/334280","targetHints":{"allow":["GET"]}}],"collection":[{"href":"https:\/\/www.pressenza.com\/es\/wp-json\/wp\/v2\/posts"}],"about":[{"href":"https:\/\/www.pressenza.com\/es\/wp-json\/wp\/v2\/types\/post"}],"author":[{"embeddable":true,"href":"https:\/\/www.pressenza.com\/es\/wp-json\/wp\/v2\/users\/6"}],"replies":[{"embeddable":true,"href":"https:\/\/www.pressenza.com\/es\/wp-json\/wp\/v2\/comments?post=334280"}],"version-history":[{"count":0,"href":"https:\/\/www.pressenza.com\/es\/wp-json\/wp\/v2\/posts\/334280\/revisions"}],"wp:featuredmedia":[{"embeddable":true,"href":"https:\/\/www.pressenza.com\/es\/wp-json\/wp\/v2\/media\/333033"}],"wp:attachment":[{"href":"https:\/\/www.pressenza.com\/es\/wp-json\/wp\/v2\/media?parent=334280"}],"wp:term":[{"taxonomy":"category","embeddable":true,"href":"https:\/\/www.pressenza.com\/es\/wp-json\/wp\/v2\/categories?post=334280"},{"taxonomy":"post_tag","embeddable":true,"href":"https:\/\/www.pressenza.com\/es\/wp-json\/wp\/v2\/tags?post=334280"}],"curies":[{"name":"wp","href":"https:\/\/api.w.org\/{rel}","templated":true}]}}